{"id":64762,"date":"2023-06-22T07:15:07","date_gmt":"2023-06-22T05:15:07","guid":{"rendered":"https:\/\/www.almega.se\/?p=64762"},"modified":"2023-12-12T15:28:05","modified_gmt":"2023-12-12T14:28:05","slug":"almegas-tjansteindikator-andra-kvartalet-2023","status":"publish","type":"post","link":"https:\/\/www.almega.se\/2023\/06\/almegas-tjansteindikator-andra-kvartalet-2023\/","title":{"rendered":"Almegas tj\u00e4nsteindikator andra kvartalet 2023"},"content":{"rendered":"<p class=\"intro\">L\u00e4get n\u00e5got b\u00e4ttre \u00e4n v\u00e4ntat<\/p>\n<a class='Share__link Share__link--url copy-text' href='#' rel='nofollow' data-text='ladda-ner-rapporten' title='Dela url' data-confirmation='L\u00e4nken kopierades till urklipp'><svg class='icon icon--link'  width='18' height='18' viewBox='0 0 18 18' fill='none' xmlns='http:\/\/www.w3.org\/2000\/svg'>\n            <path d='M10.4142 0.514721L6.87868 4.05025L8.29289 5.46447L11.1213 2.63604L15.364 6.87868L12.5355 9.70711L13.9497 11.1213L17.4853 7.58579C17.8763 7.19476 17.8763 6.5626 17.4853 6.17158L11.8284 0.514721C11.4374 0.123691 10.8052 0.123691 10.4142 0.514721Z' fill='black'\/>\n            <path d='M9.7071 12.5355L6.87868 15.364L2.63604 11.1213L5.46446 8.2929L4.05025 6.87868L0.514716 10.4142C0.123686 10.8052 0.123686 11.4374 0.514716 11.8284L6.17157 17.4853C6.5626 17.8763 7.19475 17.8763 7.58578 17.4853L11.1213 13.9497L9.7071 12.5355Z' fill='black'\/>\n            <path d='M6.17157 11.8284C6.5626 12.2195 7.19475 12.2195 7.58578 11.8284L11.8284 7.58579C12.2195 7.19476 12.2195 6.56261 11.8284 6.17158C11.4374 5.78055 10.8052 5.78055 10.4142 6.17158L6.17157 10.4142C5.78054 10.8052 5.78054 11.4374 6.17157 11.8284Z' fill='black'\/>\n            <\/svg> <\/a>\n<h2 class=\"wp-block-heading\">Ladda ner rapporten<\/h2>\n\n\n\n<p>Rapporten finns i sin helhet p\u00e5 denna sida men kan ocks\u00e5 h\u00e4mtas som pdf-fil.<\/p>\n\n\n\n      <a href=\"https:\/\/www.almega.se\/app\/uploads\/2023\/06\/Tjansteindikatorn-Kvartal-tva-2023.pdf\" target=\"_blank\" class=\"Button is-button is-style-fill has-black-background-color has-black-border-color has-white-color Button--arrow-tip\">\n      \n        Ladda ner rapporten h\u00e4r (pdf)\n      \n      \n                \n                <svg class='icon icon--arrow-tip'  width=\"11\" height=\"16\" viewBox=\"0 0 11 16\" fill=\"none\" xmlns=\"http:\/\/www.w3.org\/2000\/svg\">\n<path d=\"M0.858398 15L9.2304 7.99664L0.967732 1.00001\" stroke=\"black\" stroke-width=\"2\" stroke-miterlimit=\"10\"\/>\n<\/svg>\n\n        \n    <\/a>\n  \n\n\n<a class='Share__link Share__link--url copy-text' href='#' rel='nofollow' data-text='1.-sammanfattning' title='Dela url' data-confirmation='L\u00e4nken kopierades till urklipp'><svg class='icon icon--link'  width='18' height='18' viewBox='0 0 18 18' fill='none' xmlns='http:\/\/www.w3.org\/2000\/svg'>\n            <path d='M10.4142 0.514721L6.87868 4.05025L8.29289 5.46447L11.1213 2.63604L15.364 6.87868L12.5355 9.70711L13.9497 11.1213L17.4853 7.58579C17.8763 7.19476 17.8763 6.5626 17.4853 6.17158L11.8284 0.514721C11.4374 0.123691 10.8052 0.123691 10.4142 0.514721Z' fill='black'\/>\n            <path d='M9.7071 12.5355L6.87868 15.364L2.63604 11.1213L5.46446 8.2929L4.05025 6.87868L0.514716 10.4142C0.123686 10.8052 0.123686 11.4374 0.514716 11.8284L6.17157 17.4853C6.5626 17.8763 7.19475 17.8763 7.58578 17.4853L11.1213 13.9497L9.7071 12.5355Z' fill='black'\/>\n            <path d='M6.17157 11.8284C6.5626 12.2195 7.19475 12.2195 7.58578 11.8284L11.8284 7.58579C12.2195 7.19476 12.2195 6.56261 11.8284 6.17158C11.4374 5.78055 10.8052 5.78055 10.4142 6.17158L6.17157 10.4142C5.78054 10.8052 5.78054 11.4374 6.17157 11.8284Z' fill='black'\/>\n            <\/svg> <\/a>\n<h2 class=\"wp-block-heading\">1. Sammanfattning<\/h2>\n\n\n\n<h3 class=\"wp-block-heading\">Tj\u00e4nsteproduktionen faller i v\u00e5r<\/h3>\n\n\n\n<p>Efter en god period bromsade tillv\u00e4xten i den privata tj\u00e4nstesektorn in under 2022 f\u00f6r att stanna av helt under b\u00f6rjan av detta \u00e5r. Det f\u00f6rsta kvartalet i \u00e5r var produktionen i tj\u00e4nstesektorn 0,1 procent l\u00e4gre \u00e4n samma kvartal 2022. Nedg\u00e5ngen var mindre \u00e4n v\u00e4ntad men Almegas tj\u00e4nsteindikator f\u00f6rutsp\u00e5r att produktionen kommer att falla \u00e4ven det andra kvartalet.<\/p>\n\n\n\n<p>Tillv\u00e4xten f\u00f6r f\u00f6retagstj\u00e4nster inom juridik, ekonomi, vetenskap och teknik d\u00e4mpades snabbt under 2022 och var vid slutet av \u00e5ret nere under noll. D\u00e4refter har det skett en viss uppryckning och det f\u00f6rsta kvartalet i \u00e5r var produktionen i branschen i fasta priser 1,8 procent h\u00f6gre \u00e4n det f\u00f6rsta kvartalet 2022. Branschen b\u00e4rs delvis av en fortsatt \u00f6kande tj\u00e4nsteexport.<\/p>\n\n\n\n<p>Produktionen inom bemanning, fastighetsservice, resor och andra st\u00f6dtj\u00e4nster till f\u00f6retag, forts\u00e4tter att \u00f6ka snabbt. Det f\u00f6rsta kvartalet i \u00e5r var produktionen i branschen 11,6 procent h\u00f6gre \u00e4n samma kvartal 2022. Bemanningsbranschen utvecklas fortfarande bra, vilket till stor del beror p\u00e5 den stora bristen p\u00e5 arbetskraft. Uthyrningen till industri samt lager och logistik, som st\u00e5r f\u00f6r h\u00e4lften av branschens oms\u00e4ttning, har dock slutat att \u00f6ka.<\/p>\n\n\n\n<p>Tillv\u00e4xten inom informations- och kommunikatikonssektorn lyfte markant under det f\u00f6rsta kvartalet i \u00e5r till en \u00e5rstakt p\u00e5 9,9 procent j\u00e4mf\u00f6rt med 0,9 procent f\u00f6reg\u00e5ende kvartal. Det \u00e4r den h\u00f6gsta tillv\u00e4xten i sektorn p\u00e5 fem kvartal.<\/p>\n\n\n\n<p>Det stora lyftet f\u00f6rklaras fr\u00e4mst av en kraftig \u00f6kning av tillv\u00e4xten bland datakonsulter och programmeringstj\u00e4nster som st\u00e5r f\u00f6r n\u00e4stan 60 procent av sektorns produktion.<\/p>\n\n\n\n<h3 class=\"wp-block-heading\">Arbetsmarknaden h\u00e5ller fortfarande emot<\/h3>\n\n\n\n<p>Trots att tillv\u00e4xten bromsat in forts\u00e4tter jobben att bli fler inom den privata tj\u00e4nstesektorn. Det f\u00f6rsta kvartalet i \u00e5r var antalet anst\u00e4llda 45 500 fler \u00e4n under samma kvartal 2022.<\/p>\n\n\n\n<p>Almegas arbetsmarknadsindikator f\u00f6rutsp\u00e5r att jobben i tj\u00e4nstesektorn kommer att bli fler \u00e4ven under det andra kvartalet men att \u00f6kningen blir mindre \u00e4n tidigare.<\/p>\n\n\n\n<p>Antalet anst\u00e4llda i konsulttj\u00e4nster inom juridik, ekonomi, vetenskap och teknik har \u00f6kat med 12 400 personer under det senaste \u00e5ret. \u00d6kningen \u00e4r st\u00f6rst bland tekniska konsulter medan arkitektbyr\u00e5er har slutat att nyanst\u00e4lla.<\/p>\n\n\n\n<p>Personaluthyrning, fastighetsservice och andra st\u00f6dtj\u00e4nster till f\u00f6retag hade det f\u00f6rsta kvartalet i \u00e5r 15 700 fler \u00e4n anst\u00e4llda \u00e4n ett \u00e5r tidigare. Bemanningsbranschen stod f\u00f6r h\u00e4lften av de nya jobben. En nedg\u00e5ng i konjunkturen brukar vanligen drabba bemanningsf\u00f6retagen tidigt. Detta verkar inte vara fallet denna g\u00e5ng. F\u00f6rklaringen \u00e4r sannolikt att det \u00e4nnu \u00e4r brist p\u00e5 arbetskraft inom m\u00e5nga yrken.<\/p>\n\n\n\n<p>Fortfarande r\u00e4knar n\u00e5got fler tj\u00e4nstef\u00f6retag med att \u00f6ka sin personalstyrka \u00e4n att minska den. Tekniska konsulter och konsulter inom juridik och ekonomi har de mest optimistiska anst\u00e4llningsplanerna medan en stor andel av arkitektbyr\u00e5erna planerar neddragningar. Anst\u00e4llningsplanerna bland datakonsulter har d\u00e4mpats n\u00e5got, p\u00e5 kort sikt i alla fall.<\/p>\n\n\n\n<p>Antalet varsel om upps\u00e4gning \u00f6kar. Under \u00e5rets f\u00f6rsta fem m\u00e5nader varslades mer \u00e4n dubbelt s\u00e5 m\u00e5nga personer i den privata tj\u00e4nstesektorn om upps\u00e4gning \u00e4n under samma period f\u00f6rra \u00e5ret.<\/p>\n\n\n\n<h3 class=\"wp-block-heading\">Pris\u00f6kningen p\u00e5 tj\u00e4nster avtar snabbt<\/h3>\n\n\n\n<p>Tj\u00e4nstef\u00f6retagens f\u00f6rs\u00e4ljningspriser \u00f6kade snabbt under 2022 men pris\u00f6kningstakten avtar nu. Under det f\u00f6rsta kvartalet i \u00e5r \u00f6kade tj\u00e4nstepriserna med 5,9 procent i \u00e5rstakt j\u00e4mf\u00f6rt med \u00e5tta procent under h\u00f6sten. J\u00e4mf\u00f6rt med f\u00f6reg\u00e5ende kvartal \u00f6kade bara tj\u00e4nstepriserna med 1,2 procent.<\/p>\n\n\n\n<p>Almegas prisindikator f\u00f6r tj\u00e4nstesektorn f\u00f6rutsp\u00e5r att tj\u00e4nstef\u00f6retagens f\u00f6rs\u00e4ljningspriser kommer att \u00f6ka \u00e4nnu l\u00e5ngsammare under det andra kvartalet i \u00e5r. Det \u00e4r ett tydligt tecken p\u00e5 att inflationen \u00e4r p\u00e5 v\u00e4g ned.<\/p>\n\n\n<a class='Share__link Share__link--url copy-text' href='#' rel='nofollow' data-text='2.-nolltillvaxt-i-tjanstesektorn-i-borjan-av-aret' title='Dela url' data-confirmation='L\u00e4nken kopierades till urklipp'><svg class='icon icon--link'  width='18' height='18' viewBox='0 0 18 18' fill='none' xmlns='http:\/\/www.w3.org\/2000\/svg'>\n            <path d='M10.4142 0.514721L6.87868 4.05025L8.29289 5.46447L11.1213 2.63604L15.364 6.87868L12.5355 9.70711L13.9497 11.1213L17.4853 7.58579C17.8763 7.19476 17.8763 6.5626 17.4853 6.17158L11.8284 0.514721C11.4374 0.123691 10.8052 0.123691 10.4142 0.514721Z' fill='black'\/>\n            <path d='M9.7071 12.5355L6.87868 15.364L2.63604 11.1213L5.46446 8.2929L4.05025 6.87868L0.514716 10.4142C0.123686 10.8052 0.123686 11.4374 0.514716 11.8284L6.17157 17.4853C6.5626 17.8763 7.19475 17.8763 7.58578 17.4853L11.1213 13.9497L9.7071 12.5355Z' fill='black'\/>\n            <path d='M6.17157 11.8284C6.5626 12.2195 7.19475 12.2195 7.58578 11.8284L11.8284 7.58579C12.2195 7.19476 12.2195 6.56261 11.8284 6.17158C11.4374 5.78055 10.8052 5.78055 10.4142 6.17158L6.17157 10.4142C5.78054 10.8052 5.78054 11.4374 6.17157 11.8284Z' fill='black'\/>\n            <\/svg> <\/a>\n<h2 class=\"wp-block-heading\">2. Nolltillv\u00e4xt i tj\u00e4nstesektorn i b\u00f6rjan av \u00e5ret<\/h2>\n\n\n\n<h3 class=\"wp-block-heading\">Minskad tj\u00e4nsteproduktion v\u00e4ntas<\/h3>\n\n\n\n<p>2022 var ett bra \u00e5r f\u00f6r den privata tj\u00e4nstesektorn.<sup>1<\/sup> Hel\u00e5ret 2022 var produktionen 5,5 procent h\u00f6gre \u00e4n hel\u00e5ret 2021. Tillv\u00e4xten bromsade dock in under \u00e5ret. Det fj\u00e4rde kvartalet 2022 var tj\u00e4nsteproduktionen 2,9 procent h\u00f6gre \u00e4n samma kvartal 2021. I b\u00f6rjan av detta \u00e5r bromsade tillv\u00e4xten ytterligare. Produktionen i den privata tj\u00e4nstesektorn var det f\u00f6rsta kvartalet i \u00e5r 0,1 procent l\u00e4gre \u00e4n samma kvartal 2022.<sup>2<\/sup><\/p>\n\n\n\n<p>Almegas tj\u00e4nsteindikator f\u00f6rutsp\u00e5dde i mars att produktionen skulle minska p\u00e5 \u00e5rsbasis det f\u00f6rsta kvartalet. S\u00e5 blev fallet men nedg\u00e5ngen var mindre \u00e4n v\u00e4ntad. Tj\u00e4nsteindikatorn f\u00f6rutsp\u00e5r dock att produktionen kommer att minska p\u00e5 \u00e5rsbasis \u00e4ven det andra kvartalet.<\/p>\n\n\n\n<h4 class=\"wp-block-heading\"><strong><mark style=\"background-color:rgba(0, 0, 0, 0)\" class=\"has-inline-color has-primary-color\">Diagram 1:<\/mark> Almegas tj\u00e4nsteindikator f\u00f6r produktionstillv\u00e4xten i den privata tj\u00e4nstesektorn kvartal ett 2023 samt \u00e5rlig produktions tillv\u00e4xt<\/strong><\/h4>\n\n\n\n<figure class=\"wp-block-image size-medium\"><img loading=\"lazy\" decoding=\"async\" width=\"580\" height=\"375\" src=\"https:\/\/www.almega.se\/app\/uploads\/2023\/06\/Skarmavbild-2023-06-21-kl.-10.39.22-580x375.png\" alt=\"Diagram 1: Almegas tj\u00e4nsteindikator f\u00f6r produktionstillv\u00e4xten i den privata tj\u00e4nstesektorn kvartal ett 2023 samt \u00e5rlig produktionstillv\u00e4xt\" class=\"wp-image-64767\" srcset=\"https:\/\/www.almega.se\/app\/uploads\/2023\/06\/Skarmavbild-2023-06-21-kl.-10.39.22-580x375.png 580w, https:\/\/www.almega.se\/app\/uploads\/2023\/06\/Skarmavbild-2023-06-21-kl.-10.39.22-380x245.png 380w, https:\/\/www.almega.se\/app\/uploads\/2023\/06\/Skarmavbild-2023-06-21-kl.-10.39.22-768x496.png 768w, https:\/\/www.almega.se\/app\/uploads\/2023\/06\/Skarmavbild-2023-06-21-kl.-10.39.22.png 808w\" sizes=\"auto, (max-width: 580px) 100vw, 580px\" \/><figcaption class=\"wp-element-caption\">K\u00e4lla: Almega, Konjunkturinstitutet, SCB, Macrobond. <br>Anm: Fr\u00e5n 2015 r\u00e4knas Ericsson som tj\u00e4nstef\u00f6retag, vilket innebar ett tidsseriebrott mellan 2014 och 2015.<\/figcaption><\/figure>\n\n\n\n<p>Tillv\u00e4xten inom den privata tj\u00e4nstesektorn bromsade tydligt in under 2022 medan industriproduktionen fortsatte att v\u00e4xa \u00e4ven under det andra halv\u00e5ret. F\u00f6rsvagningen av kronan bidrog sannolikt till att h\u00e5lla uppe exporten fr\u00e5n b\u00e5de industri- och tj\u00e4nstesektor. Industrin \u00e4r dock mer export intensiv \u00e4n tj\u00e4nstesektorn.<\/p>\n\n\n\n<h4 class=\"wp-block-heading\"><strong><mark style=\"background-color:rgba(0, 0, 0, 0)\" class=\"has-inline-color has-primary-color\">Diagram 2:<\/mark> Produktionen i industrin och privata tj\u00e4nstesektorn januari 2019 till april 2023<\/strong><\/h4>\n\n\n\n<figure class=\"wp-block-image size-medium\"><img loading=\"lazy\" decoding=\"async\" width=\"580\" height=\"364\" src=\"https:\/\/www.almega.se\/app\/uploads\/2023\/06\/Skarmavbild-2023-06-21-kl.-10.43.48-580x364.png\" alt=\"Diagram 2: Produktionen i industrin och privata tj\u00e4nstesektorn januari 2019 till april 2023\" class=\"wp-image-64770\" srcset=\"https:\/\/www.almega.se\/app\/uploads\/2023\/06\/Skarmavbild-2023-06-21-kl.-10.43.48-580x364.png 580w, https:\/\/www.almega.se\/app\/uploads\/2023\/06\/Skarmavbild-2023-06-21-kl.-10.43.48-380x239.png 380w, https:\/\/www.almega.se\/app\/uploads\/2023\/06\/Skarmavbild-2023-06-21-kl.-10.43.48-768x482.png 768w, https:\/\/www.almega.se\/app\/uploads\/2023\/06\/Skarmavbild-2023-06-21-kl.-10.43.48.png 807w\" sizes=\"auto, (max-width: 580px) 100vw, 580px\" \/><figcaption class=\"wp-element-caption\">K\u00e4lla: SCB K\u00e4lla: SCB, Produktionsv\u00e4rdeindex<br>Anm: Tillverkningsindustri (B+C) samt privat tj\u00e4nstesektor (G45-T98) exkl. finansiell sektor (K64-66).<br><\/figcaption><\/figure>\n\n\n\n<p>Ink\u00f6pschefsindex (PMI) f\u00f6r privata tj\u00e4nster \u2013 som m\u00e4ter f\u00f6retagens f\u00f6rv\u00e4ntningar p\u00e5 framtiden \u2013 f\u00f6rsvagades under hela f\u00f6rra \u00e5ret. I b\u00f6rjan av detta \u00e5r sj\u00f6nk index f\u00f6r tj\u00e4nstesektorn under tillv\u00e4xtzonen f\u00f6r f\u00f6rsta g\u00e5ngen p\u00e5 tv\u00e5 och ett halvt \u00e5r. D\u00e4refter har dock f\u00f6rv\u00e4ntningarna f\u00f6rb\u00e4ttrats n\u00e5got \u00e4ven om index f\u00f6ll igen i maj (se diagram 3).<sup>3<\/sup><\/p>\n\n\n\n<p>P\u00e5 l\u00e4ngre sikt \u00e4r tj\u00e4nstef\u00f6retagen n\u00e5got mer optimistiska. I maj r\u00e4knade 45 procent av tj\u00e4nstef\u00f6retagen med att deras f\u00f6rs\u00e4ljning skulle \u00f6ka det n\u00e4rmaste \u00e5ret medan 16 procent r\u00e4knade med att den skulle minska.<sup>4<\/sup><\/p>\n\n\n\n<h4 class=\"wp-block-heading\"><strong><mark style=\"background-color:rgba(0, 0, 0, 0)\" class=\"has-inline-color has-primary-color\">Diagram 3:<\/mark> Ink\u00f6pschefsindex f\u00f6r privata tj\u00e4nster och industri, januari 2019 till maj 2023<\/strong><\/h4>\n\n\n\n<figure class=\"wp-block-image size-medium\"><img loading=\"lazy\" decoding=\"async\" width=\"580\" height=\"417\" src=\"https:\/\/www.almega.se\/app\/uploads\/2023\/06\/Skarmavbild-2023-06-21-kl.-10.47.34-580x417.png\" alt=\"Diagram 3: Ink\u00f6pschefsindex f\u00f6r privata tj\u00e4nster och industri, januari 2019 till maj 2023\" class=\"wp-image-64772\" srcset=\"https:\/\/www.almega.se\/app\/uploads\/2023\/06\/Skarmavbild-2023-06-21-kl.-10.47.34-580x417.png 580w, https:\/\/www.almega.se\/app\/uploads\/2023\/06\/Skarmavbild-2023-06-21-kl.-10.47.34-380x274.png 380w, https:\/\/www.almega.se\/app\/uploads\/2023\/06\/Skarmavbild-2023-06-21-kl.-10.47.34-768x553.png 768w, https:\/\/www.almega.se\/app\/uploads\/2023\/06\/Skarmavbild-2023-06-21-kl.-10.47.34.png 785w\" sizes=\"auto, (max-width: 580px) 100vw, 580px\" \/><figcaption class=\"wp-element-caption\">K\u00e4lla: Swedbank\/Silf<\/figcaption><\/figure>\n\n\n\n<h3 class=\"wp-block-heading\">F\u00f6retagstj\u00e4nster h\u00e5lls fortfarande uppe<\/h3>\n\n\n\n<p>Produktionen inom f\u00f6retagstj\u00e4nster v\u00e4xte \u00e4ven under 2022 men i avtagande takt.<sup>5<\/sup> F\u00f6rsvagningen var tydligast f\u00f6r transporttj\u00e4nster som drabbades h\u00e5rt av de stigande br\u00e4nslepriserna under b\u00f6rjan av 2022. Tillv\u00e4xten f\u00f6ll \u00e4ven markant f\u00f6r information och kommunikationsbranschen medan bemanningsbranschen fortsatte att v\u00e4xa buren av den fortsatta bristen p\u00e5 arbetskraft.<\/p>\n\n\n\n<p>Produktionen av f\u00f6retagstj\u00e4nster inom juridik, ekonomi, vetenskap och teknik d\u00e4mpades snabbt under 2022. I b\u00f6rjan av 2022 v\u00e4xte produktionen med n\u00e4rmare 15 procent i \u00e5rstakt. Vid slutet av \u00e5ret var tillv\u00e4xten nere i noll p\u00e5 \u00e5rsbasis. D\u00e4refter har det skett en viss uppryckning och det f\u00f6rsta kvartalet i \u00e5r var produktionen i branschen i fasta priser 1,8 procent h\u00f6gre an det f\u00f6rsta kvartalet 2022 (se diagram 4).<\/p>\n\n\n\n<p>Branschens f\u00f6rv\u00e4ntningar p\u00e5 framtiden \u00e4r n\u00e5got mer optimistiska \u00e4n tidigare i v\u00e5r. I maj r\u00e4knade var fj\u00e4rde teknisk konsult och konsult inom f\u00f6retagsledning med \u00f6kad efterfr\u00e5gan det n\u00e4rmaste kvartalet. Bland juridiska och ekonomiska konsulter r\u00e4knade vart femte f\u00f6retag med att stigande efterfr\u00e5gan. Bland arkitekterna r\u00e4knade d\u00e4remot vartannat f\u00f6retag med sjunkande efterfr\u00e5gan. Framtidsbilden har blivit m\u00f6rkare bland arkitekter under v\u00e5ren (se tabell 1).<\/p>\n\n\n\n<h4 class=\"wp-block-heading\"><strong><mark style=\"background-color:rgba(0, 0, 0, 0)\" class=\"has-inline-color has-primary-color\">Diagram 4:<\/mark> \u00c5rlig produktionstillv\u00e4xt inom konsultverksamheter samt andra st\u00f6dtj\u00e4nster till f\u00f6retag, kvartal ett 2019 till kvartal ett 2023<\/strong><\/h4>\n\n\n\n<figure class=\"wp-block-image size-medium\"><img loading=\"lazy\" decoding=\"async\" width=\"580\" height=\"410\" src=\"https:\/\/www.almega.se\/app\/uploads\/2023\/06\/Skarmavbild-2023-06-21-kl.-10.50.08-580x410.png\" alt=\"Diagram 4: \u00c5rlig produktionstillv\u00e4xt inom konsultverksamheter samt andra st\u00f6dtj\u00e4nster till f\u00f6retag, kvartal ett 2019 till kvartal ett 2023\" class=\"wp-image-64773\" srcset=\"https:\/\/www.almega.se\/app\/uploads\/2023\/06\/Skarmavbild-2023-06-21-kl.-10.50.08-580x410.png 580w, https:\/\/www.almega.se\/app\/uploads\/2023\/06\/Skarmavbild-2023-06-21-kl.-10.50.08-380x269.png 380w, https:\/\/www.almega.se\/app\/uploads\/2023\/06\/Skarmavbild-2023-06-21-kl.-10.50.08-768x543.png 768w, https:\/\/www.almega.se\/app\/uploads\/2023\/06\/Skarmavbild-2023-06-21-kl.-10.50.08.png 807w\" sizes=\"auto, (max-width: 580px) 100vw, 580px\" \/><figcaption class=\"wp-element-caption\">K\u00e4lla: SCB, nationalr\u00e4kenskaper<\/figcaption><\/figure>\n\n\n\n<p>Exporten av aff\u00e4rstj\u00e4nster forts\u00e4tter att \u00f6ka. Under det f\u00f6rsta kvartalet i \u00e5r var exporten, i l\u00f6pande priser, 23,0 procent h\u00f6gre \u00e4n samma kvartal 2022. Den f\u00f6rsvagade kronkursen kan ha bidragit till att exporten h\u00e5llits uppe.<sup>6<\/sup> En del av exort\u00f6kningen \u00e4r en priseffekt. Priserna p\u00e5 konsulttj\u00e4nster inom juridik, ekonomi, vetenskap, teknik med mera har stigit med 4,1 procent det senaste \u00e5ret (se tabell 8). <\/p>\n\n\n\n<p>Produktionen inom personaluthyrning och andra st\u00f6dtj\u00e4nster till f\u00f6retag, steg kraftigt under f\u00f6rsta delen av 2022 men bromsade in mot slutet av \u00e5ret. Under b\u00f6rjan av detta \u00e5r \u00f6kade dock tillv\u00e4xten n\u00e5got igen. Det f\u00f6rsta kvartalet i \u00e5r var produktionen i branschen 11,6 procent h\u00f6gre \u00e4n samma kvartal 2022 (se diagram 4). <\/p>\n\n\n\n<p>Bemanningsf\u00f6retagen forts\u00e4tter att v\u00e4xa i god takt men tillv\u00e4xten \u00e4r l\u00e4gre \u00e4n tidigare. Siffror fr\u00e5n Kompetensf\u00f6retagen \u2013 d\u00e4r framf\u00f6r allt bemanningsf\u00f6retag ing\u00e5r \u2013 visar att oms\u00e4ttningen i branschen det f\u00f6rsta kvartalet 2023 var 6,0 procent h\u00f6gre \u00e4n samma kvartal 2022. Under det fj\u00e4rde kvartalet 2022 v\u00e4xte branschen med 12,0 procent i \u00e5rstakt.<sup>7<\/sup><\/p>\n\n\n\n<p>Uthyrningen av personal till industri och tillverkning \u00f6kade det f\u00f6rsta kvartalet i \u00e5r med sex procent i \u00e5rstakt. Uthyrningen av personal till lager och logistik minskade d\u00e4remot med sju procent. Sammantaget var uthyrningen till dessa tv\u00e5 branscher of\u00f6r\u00e4ndrad. Dessa branscher st\u00e5r tillsammans f\u00f6r h\u00e4lften av bemanningsf\u00f6retagens verksamhet. Uthyrningen av personal till mindre yrkesomr\u00e5den som IT, Teknik samt adminstration och service var d\u00e4remot h\u00f6gre det f\u00f6rsta kvartalet i \u00e5r \u00e4n samma kvartal 2022.<\/p>\n\n\n\n<p>Bemanningsf\u00f6retagen \u00e4r relativt optimistiska om utvecklingen fram\u00f6ver. 56 procent av f\u00f6retagen r\u00e4knade det f\u00f6rsta kvartalet med att det kommer att g\u00e5 b\u00e4ttre f\u00f6r dem det n\u00e4rmaste \u00e5ret. Andelen som r\u00e4knade med en f\u00f6rb\u00e4ttring \u00e4r n\u00e5got h\u00f6gre \u00e4n f\u00f6reg\u00e5ende kvartal.<sup>8<\/sup> \u00c4ven i Konjunkturinstitutets barometer \u00e4r f\u00f6retagen n\u00e5got mer optimistiska \u00e4n tidigare (se tabell 1). Utvecklingen bland bemanningsf\u00f6retag \u00e4r en indikator p\u00e5 hur efterfr\u00e5gan p\u00e5 arbetskraft utvecklas och det relativt goda utvecklingen tyder p\u00e5 att arbetsmarknaden \u00e4r starkare \u00e4n f\u00f6rv\u00e4ntat med h\u00e4nsyn till konjunkturnedg\u00e5ngen.<\/p>\n\n\n\n<p>Oms\u00e4ttningen forts\u00e4tter att \u00f6ka inom s\u00e4kerhetsbranschen. I S\u00e4kerhetsf\u00f6retagens konjunk- turbarometer f\u00f6r kvartal ett 2023 uppgav 80 procent av f\u00f6retagen att efterfr\u00e5gan p\u00e5 deras tj\u00e4nster hade \u00f6kat de senaste tre m\u00e5naderna och 84 procent r\u00e4knade med att den skulle forts\u00e4tta \u00f6ka det n\u00e4rmaste halv\u00e5ret. F\u00f6retagen var mer optimistiska \u00e4n f\u00f6reg\u00e5ende kvartal. 77 procent av f\u00f6retagen r\u00e4knade med att \u00f6ka sin personalstyrka det kommande halv\u00e5ret.9<\/p>\n\n\n\n<p>Tillv\u00e4xten inom transportbranschen stannade av under f\u00f6rra \u00e5ret p\u00e5 grund av de h\u00f6jda br\u00e4nslepriserna i b\u00f6rjan av \u00e5ret som ledde till kraftiga h\u00f6jningar av priserna p\u00e5 transporter. Det fj\u00e4rde kvartalet 2022 var tillv\u00e4xten i branschen negativ i \u00e5rstakt. D\u00e4refter har det skett en viss uppryckning. Det f\u00f6rsta kvartalet i \u00e5r var produktionen i branschen 1,6 procent h\u00f6gre \u00e4n samma kvartal 2022.10<\/p>\n\n\n\n<p>Sjunkande drivmedelspriser inneb\u00e4r att pris\u00f6kningarna p\u00e5 transporttj\u00e4nster har d\u00e4mpats kraftigt fr\u00e5n 17 procent i \u00e5rstakt i b\u00f6rjan av 2022 ner till sex procent i \u00e5rstakt i b\u00f6rjan av detta \u00e5r (se kapitel 4). Transportf\u00f6retagen \u00e4r mer optimistiska \u00e4n tidigare och vart fj\u00e4rde f\u00f6retag r\u00e4knade i maj med \u00f6kad efterfr\u00e5gan det n\u00e4rmaste kvartalet (se tabell 1).<\/p>\n\n\n\n<h4 class=\"wp-block-heading\"><strong><mark style=\"background-color:rgba(0, 0, 0, 0)\" class=\"has-inline-color has-primary-color\">Diagram 5: <\/mark>\u00c5rlig produktionstillv\u00e4xt inom information och kommunikation, kvartal ett 2019 till kvartal ett 2023<\/strong><\/h4>\n\n\n\n<figure class=\"wp-block-image size-medium\"><img loading=\"lazy\" decoding=\"async\" width=\"580\" height=\"410\" src=\"https:\/\/www.almega.se\/app\/uploads\/2023\/06\/Skarmavbild-2023-06-21-kl.-11.37.24-580x410.png\" alt=\"Diagram 5: \u00c5rlig produktionstillv\u00e4xt inom information och kommunikation, kvartal ett 2019 till kvartal ett 2023\" class=\"wp-image-64786\" srcset=\"https:\/\/www.almega.se\/app\/uploads\/2023\/06\/Skarmavbild-2023-06-21-kl.-11.37.24-580x410.png 580w, https:\/\/www.almega.se\/app\/uploads\/2023\/06\/Skarmavbild-2023-06-21-kl.-11.37.24-1180x835.png 1180w, https:\/\/www.almega.se\/app\/uploads\/2023\/06\/Skarmavbild-2023-06-21-kl.-11.37.24-380x269.png 380w, https:\/\/www.almega.se\/app\/uploads\/2023\/06\/Skarmavbild-2023-06-21-kl.-11.37.24-768x543.png 768w, https:\/\/www.almega.se\/app\/uploads\/2023\/06\/Skarmavbild-2023-06-21-kl.-11.37.24-1536x1087.png 1536w, https:\/\/www.almega.se\/app\/uploads\/2023\/06\/Skarmavbild-2023-06-21-kl.-11.37.24.png 1614w\" sizes=\"auto, (max-width: 580px) 100vw, 580px\" \/><figcaption class=\"wp-element-caption\">L\u00e4get N\u00e5got b\u00e4ttre \u00e4n v\u00e4ntat<br>K\u00e4lla: SCB, nationalr\u00e4kenskaper Anm: Avser branscherna J58-J63.<\/figcaption><\/figure>\n\n\n\n<p>Inom information och kommunikation d\u00e4mpades tillv\u00e4xten markant under 2022 och det fj\u00e4rde kvartalet 2022 var produktionen, i fasta priser, 0,9 procent h\u00f6gre \u00e4n samma kvartal 2021, vilket var den l\u00e4gsta tillv\u00e4xttakten i branschen sedan 2012. Det f\u00f6rsta kvartalet i \u00e5r innebar dock ett rej\u00e4lt lyft f\u00f6r branschen. Produktionen var 9,9 procent h\u00f6gre \u00e4n samma kvartal 2022, vilket var den h\u00f6gsta tillv\u00e4xten p\u00e5 fem kvartal.<\/p>\n\n\n\n<p>Det kraftiga lyftet f\u00f6r sektorn f\u00f6rklaras fr\u00e4mst av att tillv\u00e4xten f\u00f6r datakonsulter och programmeringstj\u00e4nster steg fr\u00e5n 2,5 procent i \u00e5rstakt fj\u00e4rde kvartalet f\u00f6rra \u00e5ret till 13,5 procent det f\u00f6rsta kvartalet i \u00e5r. Branschen st\u00e5r f\u00f6r n\u00e4ra 60 procent av sektorns produktion. \u00c4ven telekommunikationer har f\u00f6rb\u00e4ttrat sig j\u00e4mf\u00f6rt med f\u00f6reg\u00e5ende kvartal. Produktionen f\u00f6ll visserligen med 2,7 procent i \u00e5rstakt det f\u00f6rsta kvartalet i \u00e5r men det var f\u00f6rb\u00e4ttring j\u00e4mf\u00f6rt med nedg\u00e5ngen p\u00e5 10,5 procent i \u00e5rstakt f\u00f6reg\u00e5ende kvartal.<\/p>\n\n\n\n<p>Exporten av informations- och kommunikationstj\u00e4nster forts\u00e4tter att \u00f6ka. Det f\u00f6rsta kvar- talet i \u00e5r var exporten, i l\u00f6pande priser, 17,5 procent h\u00f6gre \u00e4n samma kvartal 2022.<sup>11<\/sup> En del av tillv\u00e4xten var dock en priseffekt. Information- och kommunikationstj\u00e4nster har \u00f6kat med 6,9 procent i pris det senaste \u00e5ret (se tabell 8).<\/p>\n\n\n\n<h4 class=\"wp-block-heading\"><strong><mark style=\"background-color:rgba(0, 0, 0, 0)\" class=\"has-inline-color has-primary-color\">Tabell 1:<\/mark> Efterfr\u00e5gan i tj\u00e4nstebranscher som fr\u00e4mst s\u00e4ljer till f\u00f6retag. Utfall tre m\u00e5nader bak\u00e5t och f\u00f6rv\u00e4ntningar tre m\u00e5nader fram\u00e5t, februari och maj 2023<\/strong><\/h4>\n\n\n\n<p>Nettotal, s\u00e4songsrensat<\/p>\n\n\n\n<figure class=\"wp-block-table is-style-stripes\"><table><thead><tr><th><\/th><th>Utfall Februari<\/th><th>Utfall Maj<\/th><th>F\u00f6rv\u00e4ntningar Februari<\/th><th>F\u00f6rv\u00e4ntningar Maj<\/th><\/tr><\/thead><tbody><tr><td>Landtransporter<\/td><td>-6<\/td><td>14<\/td><td>3<\/td><td>24<\/td><\/tr><tr><td>Juridiska och ekonomiska konsulter<\/td><td>-5<\/td><td>4<\/td><td>10<\/td><td>18<\/td><\/tr><tr><td>Konsulter f\u00f6retagsledning<\/td><td>13<\/td><td>11<\/td><td>5<\/td><td>24<\/td><\/tr><tr><td>Arkitekter<\/td><td>-37<\/td><td>-58<\/td><td>-13<\/td><td>-47<\/td><\/tr><tr><td>Tekniska konsulter<\/td><td>17<\/td><td>13<\/td><td>-3<\/td><td>27<\/td><\/tr><tr><td>Datakonsulter<\/td><td>20<\/td><td>27<\/td><td>442<\/td><td>50<\/td><\/tr><tr><td>Arbetsf\u00f6rmedlningen<\/td><td>-29<\/td><td>-8<\/td><td>-13<\/td><td>1<\/td><\/tr><tr><td>\u00d6vriga f\u00f6retagstj\u00e4nster<\/td><td>-5<\/td><td>9<\/td><td>-10<\/td><td>29<\/td><\/tr><tr><td>Tj\u00e4nstesektorn, total<\/td><td>3<\/td><td>0<\/td><td>9<\/td><td>14<\/td><\/tr><\/tbody><\/table><figcaption class=\"wp-element-caption\">K\u00e4lla: Konjunkturinstitutet<br>Anm: Nettotal \u00e4r andelen f\u00f6retag som rapporterar att efterfr\u00e5gan \u00f6kar minus andelen som rapporterar att den minskar.<\/figcaption><\/figure>\n\n\n\n<p>L\u00e4get N\u00e5got b\u00e4ttre \u00e4n v\u00e4ntat<\/p>\n\n\n\n<p>Framtidsf\u00f6rv\u00e4ntningarna \u00e4r fortfarande starka inom branschen. I maj r\u00e4knade h\u00e4lften av datakonsulter med att efterfr\u00e5gan p\u00e5 deras tj\u00e4nster skulle \u00f6ka fram\u00f6ver. Datakonsulterna forts\u00e4tter att vara den tj\u00e4nstebransch som ser mest optimistiskt p\u00e5 framtiden.<\/p>\n\n\n\n<p>Optimismen inom branschen bekr\u00e4ftas i TechSveriges och Svenskt N\u00e4ringslivs f\u00f6retagspanel f\u00f6r \u00e5rets andra kvartal. I maj i \u00e5r r\u00e4knade 69 procent av techf\u00f6retagen med att deras f\u00f6rs\u00e4lj- ning skulle \u00f6ka det n\u00e4rmaste \u00e5ret j\u00e4mf\u00f6rt med 45 procent bland samtliga tj\u00e4nstef\u00f6retag. Andelen techf\u00f6retag som tror p\u00e5 \u00f6kad f\u00f6rs\u00e4ljning \u00e4r n\u00e5got h\u00f6gre \u00e4n i b\u00f6rjan av \u00e5ret. 53 procent av techf\u00f6retagen r\u00e4knar \u00e4ven med att \u00f6ka sin personalstyrka det kommande \u00e5ret, vilket \u00e4r of\u00f6r\u00e4ndrat j\u00e4mf\u00f6rt med b\u00f6rjan av \u00e5ret.<sup>12<\/sup><\/p>\n\n\n\n<h3 class=\"wp-block-heading\">Blandad utveckling f\u00f6r tj\u00e4nster till hush\u00e5ll<\/h3>\n\n\n\n<p>Tj\u00e4nstebranscher som s\u00e4ljer till hush\u00e5ll hade en god utveckling under 2022 med undantag f\u00f6r handeln d\u00e4r nedg\u00e5ngen var tydlig under andra halv\u00e5ret.<\/p>\n\n\n\n<p>Hush\u00e5llens konsumtion steg under det f\u00f6rsta halv\u00e5ret 2022, delvis finansierad av sparande under pandemin. Under andra halv\u00e5ret 2022 b\u00f6rjade dock konsumtionen falla n\u00e4r h\u00f6g inflation och stigande r\u00e4ntor urholkade hush\u00e5llens pl\u00e5nb\u00f6cker. Det f\u00f6rsta kvartalet i \u00e5r var hush\u00e5llets konsumtion i fasta priser 2,7 procent l\u00e4gre \u00e4n samma kvartal 2022.<sup>13<\/sup><\/p>\n\n\n\n<p>Hush\u00e5llens k\u00f6pkraft v\u00e4ntas urholkas n\u00e5got ytterligare i \u00e5r \u00e4ven om inflationen har b\u00f6rjat sjunka. Den \u00f6kade ekonomiska os\u00e4kerheten bidrar dock till att hush\u00e5llen f\u00f6rblir f\u00f6rsiktiga. Hush\u00e5llens konsumtion ber\u00e4knas falla med n\u00e4rmare 1,5 procent i \u00e5r vilket kommer att drabba tj\u00e4nstebranscher som s\u00e4ljer till hush\u00e5ll.<sup>14<\/sup><\/p>\n\n\n\n<p>L\u00e4get N\u00e5got b\u00e4ttre \u00e4n v\u00e4ntat<\/p>\n\n\n\n<h4 class=\"wp-block-heading\"><strong><mark style=\"background-color:rgba(0, 0, 0, 0)\" class=\"has-inline-color has-primary-color\">Diagram 6: <\/mark>\u00c5rlig produktionstillv\u00e4xt inom handel och fastighetsbolag, kvartal ett 2019 till kvartal ett 2023<\/strong><\/h4>\n\n\n\n<figure class=\"wp-block-image size-medium\"><img loading=\"lazy\" decoding=\"async\" width=\"580\" height=\"390\" src=\"https:\/\/www.almega.se\/app\/uploads\/2023\/06\/Skarmavbild-2023-06-21-kl.-13.17.56-580x390.png\" alt=\"Diagram 6: \u00c5rlig produktionstillv\u00e4xt inom handel och fastighetsbolag, kvartal ett 2019 till kvartal ett 2023\" class=\"wp-image-64789\" srcset=\"https:\/\/www.almega.se\/app\/uploads\/2023\/06\/Skarmavbild-2023-06-21-kl.-13.17.56-580x390.png 580w, https:\/\/www.almega.se\/app\/uploads\/2023\/06\/Skarmavbild-2023-06-21-kl.-13.17.56-380x256.png 380w, https:\/\/www.almega.se\/app\/uploads\/2023\/06\/Skarmavbild-2023-06-21-kl.-13.17.56-768x516.png 768w, https:\/\/www.almega.se\/app\/uploads\/2023\/06\/Skarmavbild-2023-06-21-kl.-13.17.56.png 806w\" sizes=\"auto, (max-width: 580px) 100vw, 580px\" \/><figcaption class=\"wp-element-caption\">K\u00e4lla: SCB, nationalr\u00e4kenskaper.<br>Anm: Handel och fastighetsbolag s\u00e4ljer tj\u00e4nster b\u00e5de till hush\u00e5ll och f\u00f6retag.<\/figcaption><\/figure>\n\n\n\n<p>Oms\u00e4ttningen i handeln utvecklades svagt under hela 2022 och nedg\u00e5ngen har fortsatt. Det f\u00f6rsta kvartalet i \u00e5r var oms\u00e4ttningen i fasta priser 1,5 procent l\u00e4gre \u00e4n samma kvartal 2022. Nedg\u00e5ngen \u00e4r s\u00e4rskilt tydlig f\u00f6r detaljhandeln. Under \u00e5rets f\u00f6rsta fyra m\u00e5nader var oms\u00e4ttningen i genomsnitt nio procent l\u00e4gre \u00e4n samma period 2022. Till skillnad fr\u00e5n tidigare \u00e4r nedg\u00e5ngen lika stor inom b\u00e5de dagligvaruhandel som s\u00e4llank\u00f6pshandel.<sup>15<\/sup> \u00c4ven e-handelns f\u00f6rs\u00e4ljning sjunker. I april i \u00e5r var f\u00f6rs\u00e4ljningen bland svenska e-handelsbolag tv\u00e5 procent l\u00e4gre \u00e4n ett \u00e5r tidigare.<sup>16<\/sup><\/p>\n\n\n\n<p>Motorhandelns tillv\u00e4xt h\u00f6lls l\u00e4nge tillbaka av leveransproblem p\u00e5 grund av den omfattande bristen p\u00e5 fordonskomponenter. Dessa problem \u00e4r \u00e5tg\u00e4rdade men nu sviktar efterfr\u00e5gan p\u00e5 nya personbilar, fr\u00e4mst bland privatkunder. Under \u00e5rets f\u00f6rsta fem m\u00e5nader nyregistrerades fem procent f\u00e4rre personbilar \u00e4n under samma period 2022.<sup>17<\/sup><\/p>\n\n\n\n<p>Produktionen av tj\u00e4nster inom fastighetsbolag och fastighetsf\u00f6rvaltare steg med i genomsnitt tv\u00e5 procent under 2022. Det f\u00f6rsta kvartalet i \u00e5r var produktionen, i fasta priser, 2,8 procent h\u00f6gre \u00e4n samma kvartal 2022.<\/p>\n\n\n\n<h4 class=\"wp-block-heading\"><strong><mark style=\"background-color:rgba(0, 0, 0, 0)\" class=\"has-inline-color has-primary-color\">Diagram 7: <\/mark>\u00c5rlig produktionstillv\u00e4xt inom hotell och restaurang samt kultur, fritids- och andra personliga tj\u00e4nster, kvartal ett 2019 till kvartal ett 2023<\/strong><\/h4>\n\n\n\n<figure class=\"wp-block-image size-medium\"><img loading=\"lazy\" decoding=\"async\" width=\"580\" height=\"422\" src=\"https:\/\/www.almega.se\/app\/uploads\/2023\/06\/Skarmavbild-2023-06-21-kl.-13.36.41-580x422.png\" alt=\"Diagram 7: \u00c5rlig produktionstillv\u00e4xt inom hotell och restaurang samt kultur, fritids- och andra personliga tj\u00e4nster, kvartal ett 2019 till kvartal ett 2023\" class=\"wp-image-64792\" srcset=\"https:\/\/www.almega.se\/app\/uploads\/2023\/06\/Skarmavbild-2023-06-21-kl.-13.36.41-580x422.png 580w, https:\/\/www.almega.se\/app\/uploads\/2023\/06\/Skarmavbild-2023-06-21-kl.-13.36.41-380x276.png 380w, https:\/\/www.almega.se\/app\/uploads\/2023\/06\/Skarmavbild-2023-06-21-kl.-13.36.41.png 690w\" sizes=\"auto, (max-width: 580px) 100vw, 580px\" \/><figcaption class=\"wp-element-caption\">K\u00e4lla: SCB, nationalr\u00e4kenskaper.<br>Anm: I annan service ing\u00e5r bland annat reparationer, tv\u00e4tterier och fris\u00f6rer.<\/figcaption><\/figure>\n\n\n\n<p>Utvecklingen inom hotell- och restaurangbranschen d\u00e4mpades n\u00e5got under 2022. Produktionen inom branschen forts\u00e4tter dock att v\u00e4xa stadigt. Det f\u00f6rsta kvartalet i \u00e5r var oms\u00e4ttningen, i fasta priser, 15,4 procent h\u00f6gre \u00e4n samma kvartal 2022.<\/p>\n\n\n\n<p>Inom kultur, n\u00f6je och fritid samt olika personliga tj\u00e4nster \u00f6kade produktionen snabbt under slutet av 2021 och b\u00f6rjan av 2022.<sup>18<\/sup> D\u00e4refter har tillv\u00e4xten bromsat in n\u00e5got men f\u00f6rblir positiv. Det f\u00f6rsta kvartalet i \u00e5r var produktionen i branschen 8,9 procent h\u00f6gre \u00e4n samma kvartal 2022.<\/p>\n\n\n\n<h4 class=\"wp-block-heading\"><strong><mark style=\"background-color:rgba(0, 0, 0, 0)\" class=\"has-inline-color has-primary-color\">Tabell 2: <\/mark>Efterfr\u00e5gan i tj\u00e4nstebranscher som fr\u00e4mst s\u00e4ljer till hush\u00e5ll. Utfall tre m\u00e5nader bak\u00e5t och f\u00f6rv\u00e4ntningar tre m\u00e5nader fram\u00e5t, februari och maj 2023<\/strong><\/h4>\n\n\n\n<p>Nettotal, s\u00e4songsrensat<\/p>\n\n\n\n<figure class=\"wp-block-table is-style-stripes\"><table><thead><tr><th><\/th><th>Utfall Februari<\/th><th>Utfall Maj<\/th><th>F\u00f6rv\u00e4ntningar Februari<\/th><th>F\u00f6rv\u00e4ntningar Maj<\/th><\/tr><\/thead><tbody><tr><td>Researrang\u00f6rer och resebyr\u00e5er<\/td><td>65<\/td><td>-6<\/td><td>19<\/td><td>14<\/td><\/tr><tr><td>Hotell och resturang <\/td><td>37<\/td><td>7<\/td><td>-7<\/td><td>4<\/td><\/tr><tr><td>Fastighetsf\u00f6rvaltare<\/td><td>3<\/td><td>7<\/td><td>-1<\/td><td>-8<\/td><\/tr><tr><td>Tj\u00e4nstesektorn<\/td><td>3<\/td><td>0<\/td><td>9<\/td><td>14<\/td><\/tr><\/tbody><\/table><figcaption class=\"wp-element-caption\">K\u00e4lla: Konjunkturinstitutet<br>Anm: Fastighetsf\u00f6rvaltning (SNI 68.2) s\u00e4ljer tj\u00e4nster b\u00e5de till hush\u00e5ll och f\u00f6retag.<\/figcaption><\/figure>\n\n\n\n<p>B\u00e5de researrang\u00f6rer samt hotell- och restaurangf\u00f6retag noterade kraftigt \u00f6kad efterfr\u00e5gan i b\u00f6rjan av \u00e5ret. Resef\u00f6retagen f\u00f6rv\u00e4ntar sig att efterfr\u00e5gan ska forts\u00e4tta att \u00f6ka medan hotell- och restaurangf\u00f6retagen har n\u00e5got l\u00e4gre framtidsf\u00f6rv\u00e4ntningar (se tabell 2).<\/p>\n\n\n\n<h3 class=\"wp-block-heading\">Sv\u00e5rtolkad utveckling f\u00f6r v\u00e4lf\u00e4rdstj\u00e4nster<\/h3>\n\n\n\n<p>Den privata utbildningsbranschen har haft en stadig utveckling sedan 2019 med en genomsnittlig \u00e5rlig tillv\u00e4xttakt i fasta priser p\u00e5 strax under tv\u00e5 procent utan n\u00e5gon st\u00f6rre variation. Produktionen i branschen det f\u00f6rsta kvartalet i \u00e5r var dock 1,6 procent l\u00e4gre i fasta priser \u00e4n samma kvartal 2022.<\/p>\n\n\n\n<p>Produktionen inom privat driven h\u00e4lso- och sjukv\u00e5rd f\u00f6ll under 2022 m\u00e4tt i fasta priser. Det f\u00f6rsta kvartalet i \u00e5r var produktionen 8,2 procent l\u00e4gre \u00e4n samma kvartal 2022. \u00c4ven inom v\u00e5rd- och omsorgsboenden sj\u00f6nk produktionen under 2022 m\u00e4tt i fasta priser. Produktionen har dock stigit under de tv\u00e5 senaste kvartalen. Det f\u00f6rsta kvartalet i \u00e5r var produktionen 2,4 procent h\u00f6gre \u00e4n samma kvartal 2022.<\/p>\n\n\n\n<p>\u00c4ven inom v\u00e5rd- och omsorgsboenden sj\u00f6nk produktionen under 2022 m\u00e4tt i fasta priser. Produktionen har dock stigit under de tv\u00e5 senaste kvartalen. Det f\u00f6rsta kvartalet i \u00e5r var produktionen 2,4 procent h\u00f6gre \u00e4n samma kvartal 2022.<\/p>\n\n\n\n<p>Att produktionen inom privat utf\u00f6rd utbildning och h\u00e4lso- och sjukv\u00e5rd har fallit i fasta priser det senaste \u00e5ret \u00e4r sv\u00e5rt att f\u00f6rklara. Produktionen har \u00f6kat i l\u00f6pande priser b\u00e5da branscherna och antalet arbetade timmar har ocks\u00e5 \u00f6kat. Inom h\u00e4lso- och sjukv\u00e5rd har \u00e4ven antalet anst\u00e4llda \u00f6kat (se tabell 3). Fallet i produktionen m\u00e4tt i fasta priser kan bero p\u00e5 att de utf\u00f6rande f\u00f6retagen inte f\u00e5tt full kompensation f\u00f6r inflationen under det senaste \u00e5ret. F\u00f6rhoppningsvis klarnar bilden n\u00e4r utfallet f\u00f6r det f\u00f6rsta halv\u00e5ret finns tillg\u00e4ngligt.<\/p>\n\n\n\n<h4 class=\"wp-block-heading\"><strong><mark style=\"background-color:rgba(0, 0, 0, 0)\" class=\"has-inline-color has-primary-color\">Diagram 8:<\/mark> \u00c5rlig produktionstillv\u00e4xt inom privat utf\u00f6rd utbildning, sjukv\u00e5rd samt v\u00e5rd och omsorg, kvartal ett 2019 till kvartal ett 2023<\/strong><\/h4>\n\n\n\n<figure class=\"wp-block-image size-medium\"><img loading=\"lazy\" decoding=\"async\" width=\"580\" height=\"380\" src=\"https:\/\/www.almega.se\/app\/uploads\/2023\/06\/Skarmavbild-2023-06-21-kl.-13.45.54-580x380.png\" alt=\"Diagram 8: \u00c5rlig produktionstillv\u00e4xt inom privat utf\u00f6rd utbildning, sjukv\u00e5rd samt v\u00e5rd och omsorg, kvartal ett 2019 till kvartal ett 2023\" class=\"wp-image-64795\" srcset=\"https:\/\/www.almega.se\/app\/uploads\/2023\/06\/Skarmavbild-2023-06-21-kl.-13.45.54-580x380.png 580w, https:\/\/www.almega.se\/app\/uploads\/2023\/06\/Skarmavbild-2023-06-21-kl.-13.45.54-380x249.png 380w, https:\/\/www.almega.se\/app\/uploads\/2023\/06\/Skarmavbild-2023-06-21-kl.-13.45.54.png 686w\" sizes=\"auto, (max-width: 580px) 100vw, 580px\" \/><figcaption class=\"wp-element-caption\">K\u00e4lla: SCB, nationalr\u00e4kenskaperna<\/figcaption><\/figure>\n\n\n\n<h3 class=\"wp-block-heading\">Fler konkurser i alla branscher<\/h3>\n\n\n\n<p>Under h\u00f6sten 2022 \u00f6kade antalet konkurser inom vissa tj\u00e4nstebranscher p\u00e5 ett oroande s\u00e4tt. Det g\u00e4llde fr\u00e4mst f\u00f6retag inom bes\u00f6ksn\u00e4ringen och detaljhandeln. \u00d6kningen stannade dock av efter \u00e5rsskiftet. Under april och maj b\u00f6rjade dock konkurserna \u00f6ka igen i alla tj\u00e4nstebranscher. \u00d6kningen var mest p\u00e5taglig bland konsulter inom juridik, ekonomi, vetenskap och teknik. Antalet konkurser inom tj\u00e4nstesektorn var under h\u00f6gre \u00e4n samma period f\u00f6rra \u00e5ret men \u00e4nd\u00e5 inte h\u00f6gre \u00e4n f\u00f6re pandemin. Uppg\u00e5ngen \u00e4r dock oroande.<\/p>\n\n\n\n<h4 class=\"wp-block-heading\"><strong><mark style=\"background-color:rgba(0, 0, 0, 0)\" class=\"has-inline-color has-primary-color\">Diagram 9:<\/mark> Konkurser i tj\u00e4nstebranscher, januari 2021 till maj 2023<\/strong><\/h4>\n\n\n\n<figure class=\"wp-block-image size-full\"><img loading=\"lazy\" decoding=\"async\" width=\"649\" height=\"494\" src=\"https:\/\/www.almega.se\/app\/uploads\/2023\/06\/Skarmavbild-2023-06-21-kl.-13.49.09.png\" alt=\"Diagram 9: Konkurser i tj\u00e4nstebranscher, januari 2021 till maj 2023\" class=\"wp-image-64796\" srcset=\"https:\/\/www.almega.se\/app\/uploads\/2023\/06\/Skarmavbild-2023-06-21-kl.-13.49.09.png 649w, https:\/\/www.almega.se\/app\/uploads\/2023\/06\/Skarmavbild-2023-06-21-kl.-13.49.09-580x441.png 580w, https:\/\/www.almega.se\/app\/uploads\/2023\/06\/Skarmavbild-2023-06-21-kl.-13.49.09-380x289.png 380w\" sizes=\"auto, (max-width: 649px) 100vw, 649px\" \/><figcaption class=\"wp-element-caption\">K\u00e4lla: UC via Macrobond<\/figcaption><\/figure>\n\n\n<a class='Share__link Share__link--url copy-text' href='#' rel='nofollow' data-text='3.-arbetsmarknaden-narmar-sig-toppen' title='Dela url' data-confirmation='L\u00e4nken kopierades till urklipp'><svg class='icon icon--link'  width='18' height='18' viewBox='0 0 18 18' fill='none' xmlns='http:\/\/www.w3.org\/2000\/svg'>\n            <path d='M10.4142 0.514721L6.87868 4.05025L8.29289 5.46447L11.1213 2.63604L15.364 6.87868L12.5355 9.70711L13.9497 11.1213L17.4853 7.58579C17.8763 7.19476 17.8763 6.5626 17.4853 6.17158L11.8284 0.514721C11.4374 0.123691 10.8052 0.123691 10.4142 0.514721Z' fill='black'\/>\n            <path d='M9.7071 12.5355L6.87868 15.364L2.63604 11.1213L5.46446 8.2929L4.05025 6.87868L0.514716 10.4142C0.123686 10.8052 0.123686 11.4374 0.514716 11.8284L6.17157 17.4853C6.5626 17.8763 7.19475 17.8763 7.58578 17.4853L11.1213 13.9497L9.7071 12.5355Z' fill='black'\/>\n            <path d='M6.17157 11.8284C6.5626 12.2195 7.19475 12.2195 7.58578 11.8284L11.8284 7.58579C12.2195 7.19476 12.2195 6.56261 11.8284 6.17158C11.4374 5.78055 10.8052 5.78055 10.4142 6.17158L6.17157 10.4142C5.78054 10.8052 5.78054 11.4374 6.17157 11.8284Z' fill='black'\/>\n            <\/svg> <\/a>\n<h2 class=\"wp-block-heading\">3. Arbetsmarknaden n\u00e4rmar sig toppen<\/h2>\n\n\n\n<h3 class=\"wp-block-heading\">Fortfarande blir jobben fler<\/h3>\n\n\n\n<p>Avmattningen i konjunkturen har \u00e4n s\u00e5 l\u00e4nge f\u00e5tt sm\u00e5 effekter p\u00e5 syssels\u00e4ttningen. Det f\u00f6rsta kvartalet i \u00e5r var antalet anst\u00e4llda i den privata tj\u00e4nstesektorn 45 500 personer, eller 1,9 procent, fler \u00e4n samma kvartal 2022. Almegas arbetsmarknadsindikator f\u00f6rutsp\u00e5r att jobben kommer att bli fler i den privata tj\u00e4nstesektorn \u00e4ven det andra kvartalet \u00e4ven om tillv\u00e4xten saktar av ytterligare.<\/p>\n\n\n\n<h4 class=\"wp-block-heading\"><strong><mark style=\"background-color:rgba(0, 0, 0, 0)\" class=\"has-inline-color has-primary-color\">Diagram 10: <\/mark>Almegas arbetsmarknadsindikator f\u00f6r syssels\u00e4ttningstillv\u00e4xten i privat tj\u00e4nstesektor, kvartal fyra 2022<\/strong><\/h4>\n\n\n\n<figure class=\"wp-block-image size-medium\"><img loading=\"lazy\" decoding=\"async\" width=\"580\" height=\"370\" src=\"https:\/\/www.almega.se\/app\/uploads\/2023\/06\/Skarmavbild-2023-06-21-kl.-13.51.06-580x370.png\" alt=\"Diagram 10: Almegas arbetsmarknadsindikator f\u00f6r syssels\u00e4ttningstillv\u00e4xten i privat tj\u00e4nstesektor, kvartal fyra 2022\" class=\"wp-image-64797\" srcset=\"https:\/\/www.almega.se\/app\/uploads\/2023\/06\/Skarmavbild-2023-06-21-kl.-13.51.06-580x370.png 580w, https:\/\/www.almega.se\/app\/uploads\/2023\/06\/Skarmavbild-2023-06-21-kl.-13.51.06-380x243.png 380w, https:\/\/www.almega.se\/app\/uploads\/2023\/06\/Skarmavbild-2023-06-21-kl.-13.51.06.png 686w\" sizes=\"auto, (max-width: 580px) 100vw, 580px\" \/><figcaption class=\"wp-element-caption\">K\u00e4lla: Almega, SCB, Macrobond<\/figcaption><\/figure>\n\n\n\n<p>Bland de kunskapsintensiva konsulttj\u00e4nsterna inom juridik, ekonomi, vetenskap och teknik har antalet anst\u00e4llda \u00f6kat med 12 400 personer under det senaste \u00e5ret. Antalet anst\u00e4llda har blivit fler inom samtliga av omr\u00e5dets delbranscher. Flest nya jobb \u2013 4 800 &#8211; har tillkommit bland tekniska konsulter och arkitekter, sannolikt bland tekniska konsulter. Arkitektf\u00f6retagen nyanst\u00e4ller inte f\u00f6r n\u00e4rvarande (se tabell 3).<sup>19<\/sup><\/p>\n\n\n\n<p>Antalet anst\u00e4llda inom personaluthyrning, fastighetsservice och resetj\u00e4nster var 15 700 fler det f\u00f6rsta kvartalet 2023 \u00e4n samma kvartal 2022. Personaluthyrning och rekrytering stod f\u00f6r mer \u00e4n h\u00e4lften \u2013 8 400 \u2013 av de nya jobben inom sektorn. Inom bevakning och s\u00e4kerhets- tj\u00e4nst har antalet anst\u00e4llda blivit 2 100 fler det senaste \u00e5ret.<\/p>\n\n\n\n<h4 class=\"wp-block-heading\"><strong><mark style=\"background-color:rgba(0, 0, 0, 0)\" class=\"has-inline-color has-primary-color\">Tabell 3:<\/mark> Anst\u00e4llda inom den privata tj\u00e4nstesektorn f\u00f6rsta kvartalet 2023 j\u00e4mf\u00f6rt med f\u00f6rsta kvartalet 2022 och 2021<\/strong><\/h4>\n\n\n\n<p>F\u00f6r\u00e4ndring i antal och procent<\/p>\n\n\n\n<figure class=\"wp-block-image size-medium\"><img loading=\"lazy\" decoding=\"async\" width=\"580\" height=\"498\" src=\"https:\/\/www.almega.se\/app\/uploads\/2023\/06\/Skarmavbild-2023-06-21-kl.-14.02.39-580x498.png\" alt=\"Tabell 3: Anst\u00e4llda inom den privata tj\u00e4nstesektorn f\u00f6rsta kvartalet 2023 j\u00e4mf\u00f6rt med f\u00f6rsta kvartalet 2022 och 2021\" class=\"wp-image-64798\" srcset=\"https:\/\/www.almega.se\/app\/uploads\/2023\/06\/Skarmavbild-2023-06-21-kl.-14.02.39-580x498.png 580w, https:\/\/www.almega.se\/app\/uploads\/2023\/06\/Skarmavbild-2023-06-21-kl.-14.02.39-380x326.png 380w, https:\/\/www.almega.se\/app\/uploads\/2023\/06\/Skarmavbild-2023-06-21-kl.-14.02.39.png 715w\" sizes=\"auto, (max-width: 580px) 100vw, 580px\" \/><figcaption class=\"wp-element-caption\">K\u00e4lla: SCB kortperiodisk syssels\u00e4ttningsstatistik&#8217;<\/figcaption><\/figure>\n\n\n\n<p>Inom information- och kommunikationsbranschen fortsatte jobben att bli fler under f\u00f6rsta kvartalet 2023. Det f\u00f6rsta kvartalet 2023 var antalet anst\u00e4llda 8 200 fler \u00e4n samma kvartal 2022. Huvuddelen av \u00f6kningen skedde bland datakonsulter och programmeringsf\u00f6retag d\u00e4r antalet anst\u00e4llda v\u00e4xte med 5 400 p\u00e5 ett \u00e5r.<\/p>\n\n\n\n<p>Jobben blir \u00e4ven fler inom privat v\u00e5rd och omsorg. Det f\u00f6rsta kvartalet 2023 var antalet anst\u00e4llda 5 300 fler \u00e4n samma kvartal 2022. Antalet anst\u00e4llda inom h\u00e4lso- och sjukv\u00e5rd \u00f6kade med 2 200 personer medan de anst\u00e4llda inom v\u00e5rdhem och omsorgsboenden, fr\u00e4mst \u00e4ldreomsorg, blev 3 100 fler.<\/p>\n\n\n\n<p>Inom privat utbildning var antalet anst\u00e4llda det f\u00f6rsta kvartalet i \u00e5r 5 300 f\u00e4rre \u00e4n f\u00f6r ett \u00e5r sedan. Minskningen \u00e4r ov\u00e4ntad eftersom antalet arbetade timmar inom branschen \u00f6kat det senaste \u00e5ret.<sup>20<\/sup><\/p>\n\n\n\n<p>Den starkaste jobbtillv\u00e4xten inom privat tj\u00e4nstesektor det senaste \u00e5ret har skett inom hotell- och restaurang. Det f\u00f6rsta kvartalet 2023 var antalet anst\u00e4llda 16 500 fler \u00e4n f\u00f6r ett \u00e5r sedan.<\/p>\n\n\n\n<p>\u00c4ven bland transportf\u00f6retagen forts\u00e4tter jobben att bli fler. Antalet anst\u00e4llda det f\u00f6rsta kvartalet 2023 var 3 900 personer fler \u00e4n samma kvartal 2022. Skillnaderna \u00e4r stora inom branschen. Bland landtransportf\u00f6retag blev de anst\u00e4llda 4 000 fler under perioden. Inom post- och kurirf\u00f6retag blev de ist\u00e4llet 3 100 f\u00e4rre, vilket beror p\u00e5 att oms\u00e4ttningen inom e- handeln minskat markant sedan pandemin klingade av (se avsnitt 2.3).<\/p>\n\n\n\n<p>Krisen f\u00f6r handeln syns i jobbsiffrorna. Det senaste \u00e5ret har antalet anst\u00e4llda inom handeln minskat med 22 500 personer. Antalet anst\u00e4llda har minskat inom s\u00e5v\u00e4l partihandel som detaljhandel men \u00e4r of\u00f6r\u00e4ndrat inom motorhandeln.<\/p>\n\n\n\n<h3 class=\"wp-block-heading\">Tj\u00e4nstef\u00f6retag anst\u00e4ller \u00e4nnu<\/h3>\n\n\n\n<p>Tj\u00e4nstef\u00f6retagen nyanst\u00e4ller fortfarande. Andelen f\u00f6retag som r\u00e4knar med att nyanst\u00e4lla f\u00f6ll under 2022 men har varit konstant det senaste halv\u00e5ret (se diagram 11). I maj 2023 r\u00e4knade vart tredje tj\u00e4nstef\u00f6retag med att \u00f6ka sin personalstyrka de n\u00e4rmsta tre m\u00e5naderna medan var sj\u00e4tte r\u00e4knade med att minska den.<sup>21<\/sup><\/p>\n\n\n\n<p>Anst\u00e4llningsplanerna har d\u00e4mpats kraftigast bland arkitekter d\u00e4r fler f\u00f6retag r\u00e4knar med att minska sin personalstyrka \u00e4n att \u00f6ka den. Bland tekniska konsulter och juridiska och ekonomiska konsulter \u00e4r anst\u00e4llningsplanerna fortsatt optimistiska och har till och med \u00f6kat det senaste kvartalet (se tabell 4). Bland datakonsulter \u00e4r anst\u00e4llningsplanerna fortsatt optimistiska \u00e4ven om f\u00f6rv\u00e4ntningarna har d\u00e4mpats p\u00e5 kort sikt. Inom bemanningsbranschen har d\u00e4remot anst\u00e4llningsplanerna blivit mer optimistiska det senaste kvartalet.<\/p>\n\n\n\n<h4 class=\"wp-block-heading\"><strong><mark style=\"background-color:rgba(0, 0, 0, 0)\" class=\"has-inline-color has-primary-color\">Diagram 11: <\/mark>Tj\u00e4nstef\u00f6retagens anst\u00e4llningsplaner. F\u00f6rv\u00e4ntningar tre m\u00e5nader fram\u00e5t, januari 2019 till maj 2023<\/strong><\/h4>\n\n\n\n<figure class=\"wp-block-image size-full\"><img loading=\"lazy\" decoding=\"async\" width=\"676\" height=\"379\" src=\"https:\/\/www.almega.se\/app\/uploads\/2023\/06\/Skarmavbild-2023-06-21-kl.-14.05.09.png\" alt=\"Diagram 11: Tj\u00e4nstef\u00f6retagens anst\u00e4llningsplaner. F\u00f6rv\u00e4ntningar tre m\u00e5nader fram\u00e5t, januari 2019 till maj 2023\" class=\"wp-image-64799\" srcset=\"https:\/\/www.almega.se\/app\/uploads\/2023\/06\/Skarmavbild-2023-06-21-kl.-14.05.09.png 676w, https:\/\/www.almega.se\/app\/uploads\/2023\/06\/Skarmavbild-2023-06-21-kl.-14.05.09-580x325.png 580w, https:\/\/www.almega.se\/app\/uploads\/2023\/06\/Skarmavbild-2023-06-21-kl.-14.05.09-380x213.png 380w\" sizes=\"auto, (max-width: 676px) 100vw, 676px\" \/><figcaption class=\"wp-element-caption\">K\u00e4lla: Konjunkturinstitutet, Macrobond.<br>Anm: Nettotalet \u00e4r andelen f\u00f6retag som planerar att \u00f6ka sin personalstyrka minus andelen som planerar att minska den.<\/figcaption><\/figure>\n\n\n\n<h4 class=\"wp-block-heading\"><strong><mark style=\"background-color:rgba(0, 0, 0, 0)\" class=\"has-inline-color has-primary-color\">Tabell 4: <\/mark>Antalet anst\u00e4llda i olika tj\u00e4nstebranscher. F\u00f6rv\u00e4ntningar tre m\u00e5nader fram\u00e5t, kvartal fyra och kvartal ett 2023<\/strong><\/h4>\n\n\n\n<p>Nettotal s\u00e4songsrensat<\/p>\n\n\n\n<figure class=\"wp-block-table is-style-stripes\"><table><thead><tr><th>Bransch<\/th><th>Kvartal fyra<\/th><th>Kvartal ett<\/th><th>Skillnad<\/th><\/tr><\/thead><tbody><tr><td>Tj\u00e4nstesektorn<\/td><td>15<\/td><td>13<\/td><td>-2<\/td><\/tr><tr><td>Landstransport<\/td><td>9<\/td><td>24<\/td><td>15<\/td><\/tr><tr><td>Hotell och restauranger<\/td><td>12<\/td><td>14<\/td><td>2<\/td><\/tr><tr><td>Datakonsulter<\/td><td>41<\/td><td>27<\/td><td>-14<\/td><\/tr><tr><td>Finans- och f\u00f6rs\u00e4kringsverksamhet<\/td><td>20<\/td><td>25<\/td><td>5<\/td><\/tr><tr><td>Fastighetsf\u00f6rvaltning<\/td><td>-21<\/td><td>20<\/td><td>41<\/td><\/tr><tr><td>Juridiska och ekonomiska konsulter<\/td><td>3<\/td><td>38<\/td><td>35<\/td><\/tr><tr><td>Konsulter f\u00f6retagsledning<\/td><td>26<\/td><td>15<\/td><td>-11<\/td><\/tr><tr><td>Arkitekte<\/td><td>-30<\/td><td>-26<\/td><td>4<\/td><\/tr><tr><td>Tekniska konsulter<\/td><td>45<\/td><td>51<\/td><td>6<\/td><\/tr><tr><td>Arbetsf\u00f6rmedlingen, bemanning<\/td><td>1<\/td><td>12<\/td><td>11<\/td><\/tr><tr><td>Researrang\u00f6rer<\/td><td>12<\/td><td>16<\/td><td>4<\/td><\/tr><\/tbody><\/table><figcaption class=\"wp-element-caption\">K\u00e4lla: Konjunkturinstitutet<br>Anm: Nettotalet \u00e4r andelen f\u00f6retag som planerar att \u00f6ka sin personalstyrka minus andelen som planerar att minska den.<\/figcaption><\/figure>\n\n\n\n<p>Tj\u00e4nstef\u00f6retagens anst\u00e4llningsplaner \u00e4r konstanta p\u00e5 n\u00e5got l\u00e4ngre sikt. I Svenskt N\u00e4ringslivs f\u00f6retagarpanel f\u00f6r andra kvartalet i \u00e5r uppgav 32 procent av tj\u00e4nstef\u00f6retagen att de r\u00e4knade med att \u00f6ka sin personalstyrka det n\u00e4rmaste \u00e5ret medan tolv procent r\u00e4knade med att minska den. Andelen var i princip of\u00f6r\u00e4ndrad j\u00e4mf\u00f6rt med kvartalet innan.<sup>22<\/sup> Techf\u00f6retagen \u00e4r mer optimistiska, 53 procent r\u00e4knade med att \u00f6ka sin personalstyrka det n\u00e4rmaste \u00e5ret.<sup>23<\/sup><\/p>\n\n\n\n<h3 class=\"wp-block-heading\">\u00c4nnu brister p\u00e5 arbetskraft<\/h3>\n\n\n\n<p>Bristen p\u00e5 arbetskraft i tj\u00e4nstesektorn var som h\u00f6gst det andra kvartalet d\u00e4r mer d\u00e4r mer \u00e4n h\u00e4lften av f\u00f6retagen hade sv\u00e5rt att rekrytera personal. D\u00e4refter har bristen p\u00e5 arbetskraft minskat i takt med att konjunkturen mattats av.<\/p>\n\n\n\n<p>Det f\u00f6rsta kvartalet 2023 hade 32 procent av tj\u00e4nstef\u00f6retagen brist p\u00e5 personal. Bristen \u00e4r fortfarande mycket h\u00f6g inom transportn\u00e4ringen, resebranschen och bland tekniska konsulter. Det \u00e4r anm\u00e4rkningsv\u00e4rt att bristen p\u00e5 personal minskat kraftigt bland datakonsulter, en bransch som l\u00e4nge haft sv\u00e5rt att rekrytera kompetens.<\/p>\n\n\n\n<h4 class=\"wp-block-heading\"><strong><mark style=\"background-color:rgba(0, 0, 0, 0)\" class=\"has-inline-color has-primary-color\">Tabell 5:<\/mark> Andel f\u00f6retag med brist p\u00e5 personal, kvartal fyra 2022 och ett 2023<\/strong><\/h4>\n\n\n\n<p>S\u00e4songsrensat, procent<\/p>\n\n\n\n<figure class=\"wp-block-table is-style-stripes\"><table><thead><tr><th>Bransch<\/th><th>Kvartal fyra<\/th><th>Kvartal ett<\/th><th>Skillnad<\/th><\/tr><\/thead><tbody><tr><td>Tj\u00e4nstesektorn<\/td><td>37<\/td><td>32<\/td><td>-5<\/td><\/tr><tr><td>Landtransporter<\/td><td>63<\/td><td>59<\/td><td>-4<\/td><\/tr><tr><td>Hotell och resturanger<\/td><td>27<\/td><td>25<\/td><td>-2<\/td><\/tr><tr><td>Datakonsulter<\/td><td>52<\/td><td>28<\/td><td>-24<\/td><\/tr><tr><td>Fastighetsf\u00f6rvaltning<\/td><td>21<\/td><td>21<\/td><td>0<\/td><\/tr><tr><td>Juridiska och ekonomiska konsulter<\/td><td>38<\/td><td>27<\/td><td>-11<\/td><\/tr><tr><td>Konsulter f\u00f6retagsledning<\/td><td>20<\/td><td>18<\/td><td>-2<\/td><\/tr><tr><td>Arkitekter<\/td><td>6<\/td><td>5<\/td><td>-1<\/td><\/tr><tr><td>Tekniska konsulter<\/td><td>62<\/td><td>48<\/td><td>-14<\/td><\/tr><tr><td>Arbetsf\u00f6rmedling, bemanning<\/td><td>40<\/td><td>39<\/td><td>-1<\/td><\/tr><tr><td>Researrang\u00f6rer<\/td><td>41<\/td><td>56<\/td><td>15<\/td><\/tr><\/tbody><\/table><figcaption class=\"wp-element-caption\">K\u00e4lla: Konjunkturinstitutet<\/figcaption><\/figure>\n\n\n\n<p>Ett annat s\u00e4tt att m\u00e4ta arbetskraftsbrist \u00e4r antalet vakanser, det vill s\u00e4ga antalet lediga jobb som kan tilltr\u00e4das omedelbart. Under kvartal ett 2023 fanns 33 500 vakanser i den privata tj\u00e4nstesektorn, vilket var 7 500 f\u00e4rre \u00e4n ett \u00e5r tidigare. P\u00e5 ett \u00e5rs sikt har vakanserna blivit f\u00e4rre i samtliga branscher. Antalet vakanser har dock inte minskat det senaste kvartalet.<\/p>\n\n\n\n<h4 class=\"wp-block-heading\"><strong><mark style=\"background-color:rgba(0, 0, 0, 0)\" class=\"has-inline-color has-primary-color\">Tabell 6:<\/mark> Antal vakanser i tj\u00e4nstesektorn under kvartal ett 2023 samt skillnaden mot samma kvartal 2022<\/strong><\/h4>\n\n\n\n<figure class=\"wp-block-table is-style-stripes\"><table><thead><tr><th>Bransch<\/th><th>Kvartal ett<\/th><th>Skillnad<\/th><\/tr><\/thead><tbody><tr><td>Tj\u00e4nstesektorn<\/td><td>33 505<\/td><td>-7 466<\/td><\/tr><tr><td>G Handel<\/td><td>5 764<\/td><td>-1 122<\/td><\/tr><tr><td>H Transport<\/td><td>2 236<\/td><td>-91<\/td><\/tr><tr><td>I Hotell och restauranger<\/td><td>967<\/td><td>-478<\/td><\/tr><tr><td>J Informations- och kommunikationsf\u00f6retag<\/td><td>6 370<\/td><td>-3 654<\/td><\/tr><tr><td>M Juridik, ekonomi, vetenskap och teknik<\/td><td>8 375<\/td><td>-651<\/td><\/tr><tr><td>N Uthyrning, fastighetsservice, resetj\u00e4nster och andra st\u00f6dtj\u00e4nster<\/td><td>4 520<\/td><td>-447<\/td><\/tr><tr><td>P+Q Enheter inom utbildning, v\u00e5rd och omsorg<\/td><td>2 178<\/td><td>-1 048<\/td><\/tr><tr><td>R+S Personliga och kulturella tj\u00e4nster<\/td><td>438<\/td><td>-334<\/td><\/tr><\/tbody><\/table><figcaption class=\"wp-element-caption\">K\u00e4lla: SCB, AKU<\/figcaption><\/figure>\n\n\n\n<p>Antalet lediga platser \u00e4r konstant. I maj fanns 189 200 lediga jobb registrerade p\u00e5 Arbetsf\u00f6rmedlingen. Det var 500 fler \u00e4n ett \u00e5r tidigare.<sup>24<\/sup><\/p>\n\n\n\n<h3 class=\"wp-block-heading\">Arbetsl\u00f6sheten \u00e4r fortsatt stabil<\/h3>\n\n\n\n<p>Arbetsl\u00f6sheten har sjunkit stadigt sedan v\u00e5ren 2021 men ligger nu i princip stilla. I april var 423 000 personer arbetsl\u00f6sa. Den s\u00e4songrensade arbetsl\u00f6sheten uppgick till 7,1 procent, vilket var en minskning med 0,1 procentenheter j\u00e4mf\u00f6rt med mars.<sup>25<\/sup> <\/p>\n\n\n\n<p>Andelen l\u00e5ngtidsarbetsl\u00f6sa forts\u00e4tter att minska. I maj hade 200 100 personer varit registrerade som arbetsl\u00f6sa p\u00e5 Arbetsf\u00f6rmedlingen i minst sex m\u00e5nader vilket var 22 900 f\u00e4rre \u00e4n i maj f\u00f6rra \u00e5ret.<sup>26<\/sup><\/p>\n\n\n\n<h4 class=\"wp-block-heading\"><strong><mark style=\"background-color:rgba(0, 0, 0, 0)\" class=\"has-inline-color has-primary-color\">Diagram 12: <\/mark>Arbetsl\u00f6sheten bland ungdomar, utrikes f\u00f6dda och totalt januari 2019 till april 2023<\/strong><\/h4>\n\n\n\n<figure class=\"wp-block-image size-medium\"><img loading=\"lazy\" decoding=\"async\" width=\"580\" height=\"315\" src=\"https:\/\/www.almega.se\/app\/uploads\/2023\/06\/Skarmavbild-2023-06-21-kl.-14.18.43-580x315.png\" alt=\"Diagram 12: Arbetsl\u00f6sheten bland ungdomar, utrikes f\u00f6dda och totalt januari 2019 till april 2023\" class=\"wp-image-64810\" srcset=\"https:\/\/www.almega.se\/app\/uploads\/2023\/06\/Skarmavbild-2023-06-21-kl.-14.18.43-580x315.png 580w, https:\/\/www.almega.se\/app\/uploads\/2023\/06\/Skarmavbild-2023-06-21-kl.-14.18.43-380x206.png 380w, https:\/\/www.almega.se\/app\/uploads\/2023\/06\/Skarmavbild-2023-06-21-kl.-14.18.43-768x417.png 768w, https:\/\/www.almega.se\/app\/uploads\/2023\/06\/Skarmavbild-2023-06-21-kl.-14.18.43.png 801w\" sizes=\"auto, (max-width: 580px) 100vw, 580px\" \/><figcaption class=\"wp-element-caption\">K\u00e4lla: SCB, AKU och Macrobond.<\/figcaption><\/figure>\n\n\n\n<p>Under 2021 och stora delar av 2022 var antalet varsel om upps\u00e4gning mycket l\u00e5ga vilket beodde p\u00e5 en stark konjunktur och stor brist p\u00e5 arbetskraft. Nu \u00f6kar dock antalet varsel igen. Under \u00e5rets f\u00f6rsta fem m\u00e5nader varslades 26 400 personer om upps\u00e4gning i den privata tj\u00e4nstesektorn.<sup>27<\/sup> N\u00e4stan h\u00e4lften av antalet varsel \u2013 drygt 11 000 personer \u2013 f\u00f6rklaras dock av att ett stort varsel fr\u00e5n v\u00e5rd- och omsorgsf\u00f6retaget Humana Assistans som beror p\u00e5 ett tillst\u00e5nds\u00e4rende.<sup>28<\/sup><\/p>\n\n\n\n<p>Om man bortser fr\u00e5n detta fall varslades drygt 15 000 personer i tj\u00e4nstesektorn om upps\u00e4gning de f\u00f6rsta fem m\u00e5naderna i \u00e5r. Det var mer \u00e4n dubbelt s\u00e5 m\u00e5nga som under samma period f\u00f6rra \u00e5ret (se tabell 7). Varslen \u00f6kade mest inom handeln samt information och kommunikation.<\/p>\n\n\n\n<p>Almegajouren hj\u00e4lper medlemmar med en rad \u00e4renden inom arbetsgivarfr\u00e5gor. Under hel\u00e5ret 2022 handlade nio procent av r\u00e5dgivningssamtalen om arbetsbrist. Det senaste halv\u00e5ret har dock andelen samtal som handlar om arbetsbrist \u00f6kat till 13 procent.<sup>29<\/sup><\/p>\n\n\n\n<h4 class=\"wp-block-heading\"><strong><mark style=\"background-color:rgba(0, 0, 0, 0)\" class=\"has-inline-color has-primary-color\">Tabell 7:<\/mark> Antal varsel om upps\u00e4gning i tj\u00e4nstesektorn under januari till maj 2022 och 2023<\/strong><\/h4>\n\n\n\n<p>Ber\u00f6rda personer<\/p>\n\n\n\n<figure class=\"wp-block-table is-style-stripes\"><table><thead><tr><th>Bransch<\/th><th>Jan &#8211; Maj 2022<\/th><th>Jan &#8211; Maj 2023<\/th><th>Skillnad<\/th><\/tr><\/thead><tbody><tr><td>Tj\u00e4nstesektorn totalt<\/td><td>6 465<\/td><td>26 435<\/td><td>19 970<\/td><\/tr><tr><td>G Handel; reparation av motorfordon och motorcyklar<\/td><td>1 315<\/td><td>3 924<\/td><td>2 609<\/td><\/tr><tr><td>H Transport och magasinering<\/td><td>1 277<\/td><td>1 469<\/td><td>192<\/td><\/tr><tr><td>I Hotell- och restaurangverksamhet<\/td><td>227<\/td><td>568<\/td><td>341<\/td><\/tr><tr><td>J Informations- och kommunikationsverksamhet<\/td><td>364<\/td><td>2 751<\/td><td>2 387<\/td><\/tr><tr><td>K Finans- och f\u00f6rs\u00e4kringsverksamhet<\/td><td>417<\/td><td>259<\/td><td>-158<\/td><\/tr><tr><td>L Fastighetsverksamhet<\/td><td>37<\/td><td>94<\/td><td>57<\/td><\/tr><tr><td>M Juridik, ekonomi, vetenskap och teknik<\/td><td>401<\/td><td>1 577<\/td><td>1176<\/td><\/tr><tr><td>N Uthyrning, fastighetsservice, resetj\u00e4nster, andra st\u00f6dtj\u00e4nster<\/td><td>1 181<\/td><td>2 491<\/td><td>1 310<\/td><\/tr><tr><td>P Utbildning<\/td><td>473<\/td><td>2 491<\/td><td>39<\/td><\/tr><tr><td>Q V\u00e5rd och omsorg; sociala tj\u00e4nster<\/td><td>590<\/td><td>512<\/td><td>11 626<\/td><\/tr><tr><td>R Kultur, n\u00f6je och fritid<\/td><td>60<\/td><td>287<\/td><td>227<\/td><\/tr><tr><td>S Annan serviceverksamhet<\/td><td>123<\/td><td>287<\/td><td>164<\/td><\/tr><\/tbody><\/table><figcaption class=\"wp-element-caption\">K\u00e4lla: Arbetsf\u00f6rmedlingen<br>Anm: Den enorma \u00f6kningen av varslade personer inom v\u00e5rd och omsorg i februari 2023 beror p\u00e5 ett enstaka varsel fr\u00e5n bolaget Humana Assistans som orsakats av ett tillst\u00e5nds\u00e4rende.<\/figcaption><\/figure>\n\n\n<a class='Share__link Share__link--url copy-text' href='#' rel='nofollow' data-text='4.-priserna-pa-tjanster-fortsatter-att-dampas' title='Dela url' data-confirmation='L\u00e4nken kopierades till urklipp'><svg class='icon icon--link'  width='18' height='18' viewBox='0 0 18 18' fill='none' xmlns='http:\/\/www.w3.org\/2000\/svg'>\n            <path d='M10.4142 0.514721L6.87868 4.05025L8.29289 5.46447L11.1213 2.63604L15.364 6.87868L12.5355 9.70711L13.9497 11.1213L17.4853 7.58579C17.8763 7.19476 17.8763 6.5626 17.4853 6.17158L11.8284 0.514721C11.4374 0.123691 10.8052 0.123691 10.4142 0.514721Z' fill='black'\/>\n            <path d='M9.7071 12.5355L6.87868 15.364L2.63604 11.1213L5.46446 8.2929L4.05025 6.87868L0.514716 10.4142C0.123686 10.8052 0.123686 11.4374 0.514716 11.8284L6.17157 17.4853C6.5626 17.8763 7.19475 17.8763 7.58578 17.4853L11.1213 13.9497L9.7071 12.5355Z' fill='black'\/>\n            <path d='M6.17157 11.8284C6.5626 12.2195 7.19475 12.2195 7.58578 11.8284L11.8284 7.58579C12.2195 7.19476 12.2195 6.56261 11.8284 6.17158C11.4374 5.78055 10.8052 5.78055 10.4142 6.17158L6.17157 10.4142C5.78054 10.8052 5.78054 11.4374 6.17157 11.8284Z' fill='black'\/>\n            <\/svg> <\/a>\n<h2 class=\"wp-block-heading\">4. Priserna p\u00e5 tj\u00e4nster forts\u00e4tter att d\u00e4mpas<\/h2>\n\n\n\n<h3 class=\"wp-block-heading\">F\u00f6rs\u00e4ljningspriserna \u00f6kar allt l\u00e5ngsammare<\/h3>\n\n\n\n<p>Tj\u00e4nstef\u00f6retagens f\u00f6rs\u00e4ljningspriser \u00f6kade snabbt under 2022 men \u00f6kningstakten har bromsat in de tv\u00e5 senaste kvartalen. Under det f\u00f6rsta kvartalet i \u00e5r \u00f6kade tj\u00e4nstepriserna med 5,9 procent i \u00e5rstakt j\u00e4mf\u00f6rt med 7,6 procent i \u00e5rstakt under det sista kvartalet 2022. J\u00e4mf\u00f6rt med f\u00f6reg\u00e5ende kvartal \u00f6kade bara tj\u00e4nstepriserna med 1,2 procent.<\/p>\n\n\n\n<p>Almegas prisindikator f\u00f6r tj\u00e4nstesektorn visar tydligt att tj\u00e4nstef\u00f6retagens f\u00f6rs\u00e4ljningspriser kommer att \u00f6ka \u00e4nnu l\u00e5ngsammare under det andra kvartalet i \u00e5r. Det \u00e4r ett tydligt tecken p\u00e5 att inflationen forts\u00e4tter att sjunka.<sup>30<\/sup><\/p>\n\n\n\n<h4 class=\"wp-block-heading\"><strong><mark style=\"background-color:rgba(0, 0, 0, 0)\" class=\"has-inline-color has-primary-color\">Diagram 13: <\/mark>Almegas prisindikator f\u00f6r f\u00f6r\u00e4ndringen i tj\u00e4nstepriser, kvartal tv\u00e5 2023, samt \u00e5rlig f\u00f6r\u00e4ndring av tj\u00e4nstepriserna (procent)<\/strong><\/h4>\n\n\n\n<figure class=\"wp-block-image size-medium\"><img loading=\"lazy\" decoding=\"async\" width=\"580\" height=\"325\" src=\"https:\/\/www.almega.se\/app\/uploads\/2023\/06\/Skarmavbild-2023-06-21-kl.-14.23.32-580x325.png\" alt=\"Diagram 13: Almegas prisindikator f\u00f6r f\u00f6r\u00e4ndringen i tj\u00e4nstepriser, kvartal tv\u00e5 2023, samt \u00e5rlig f\u00f6r\u00e4ndring av tj\u00e4nstepriserna (procent)\" class=\"wp-image-64814\" srcset=\"https:\/\/www.almega.se\/app\/uploads\/2023\/06\/Skarmavbild-2023-06-21-kl.-14.23.32-580x325.png 580w, https:\/\/www.almega.se\/app\/uploads\/2023\/06\/Skarmavbild-2023-06-21-kl.-14.23.32-380x213.png 380w, https:\/\/www.almega.se\/app\/uploads\/2023\/06\/Skarmavbild-2023-06-21-kl.-14.23.32-768x431.png 768w, https:\/\/www.almega.se\/app\/uploads\/2023\/06\/Skarmavbild-2023-06-21-kl.-14.23.32.png 801w\" sizes=\"auto, (max-width: 580px) 100vw, 580px\" \/><figcaption class=\"wp-element-caption\">K\u00e4lla: Almega, Konjunkturinstitutet och SCB<\/figcaption><\/figure>\n\n\n\n<h4 class=\"wp-block-heading\"><strong><mark style=\"background-color:rgba(0, 0, 0, 0)\" class=\"has-inline-color has-primary-color\">Tabell 8:<\/mark> Den \u00e5rliga pris\u00f6kningstakten inom tj\u00e4nstebranscherna samt deras bidrag till f\u00f6r\u00e4ndringen i Tj\u00e4nsteprisindex (TPI) det f\u00f6rsta kvartalet 2023<\/strong><\/h4>\n\n\n\n<p>Procent<\/p>\n\n\n\n<figure class=\"wp-block-table is-style-stripes\"><table><thead><tr><th><\/th><th>F\u00f6r\u00e4ndring \u00e5rstakt<\/th><th>Bidrag till TPI<\/th><\/tr><\/thead><tbody><tr><td><strong>Tj\u00e4nsteprisindex (TPI)<\/strong><\/td><td><strong>5,9<\/strong><\/td><td><strong>5,9<\/strong><\/td><\/tr><tr><td>Transport och magasinering<\/td><td>6,1<\/td><td>1,2<\/td><\/tr><tr><td>Hotell och resturang<\/td><td>9,6<\/td><td>0,5<\/td><\/tr><tr><td>Information och kommunikation<\/td><td>6,9<\/td><td>1,9<\/td><\/tr><tr><td>Fastighetstj\u00e4nster<\/td><td>5,2<\/td><td>0,7<\/td><\/tr><tr><td>Juridik, ekonomi, vetenskap och teknik<\/td><td>4,1<\/td><td>0,9<\/td><\/tr><tr><td>Uthyrning och andra st\u00f6dtj\u00e4nster<\/td><td>5,9<\/td><td>0,7<\/td><\/tr><tr><td>Andra tj\u00e4nster<\/td><td>7,6<\/td><td>0,1<\/td><\/tr><\/tbody><\/table><figcaption class=\"wp-element-caption\">K\u00e4lla: Almega, SCB<\/figcaption><\/figure>\n\n\n\n<h4 class=\"wp-block-heading\"><strong><mark style=\"background-color:rgba(0, 0, 0, 0)\" class=\"has-inline-color has-primary-color\">Diagram 14:<\/mark> Tj\u00e4nstebranschernas bidrag till \u00e5rs f\u00f6r\u00e4ndringen i tj\u00e4nsteprisindex<\/strong><\/h4>\n\n\n\n<figure class=\"wp-block-image size-full\"><img loading=\"lazy\" decoding=\"async\" width=\"779\" height=\"534\" src=\"https:\/\/www.almega.se\/app\/uploads\/2023\/06\/Skarmavbild-2023-06-21-kl.-15.13.06.png\" alt=\"Diagram 14: Tj\u00e4nstebranschernas bidrag till \u00e5rsf\u00f6r\u00e4ndringen i tj\u00e4nsteprisindex\" class=\"wp-image-64853\" srcset=\"https:\/\/www.almega.se\/app\/uploads\/2023\/06\/Skarmavbild-2023-06-21-kl.-15.13.06.png 779w, https:\/\/www.almega.se\/app\/uploads\/2023\/06\/Skarmavbild-2023-06-21-kl.-15.13.06-580x398.png 580w, https:\/\/www.almega.se\/app\/uploads\/2023\/06\/Skarmavbild-2023-06-21-kl.-15.13.06-380x260.png 380w, https:\/\/www.almega.se\/app\/uploads\/2023\/06\/Skarmavbild-2023-06-21-kl.-15.13.06-768x526.png 768w\" sizes=\"auto, (max-width: 779px) 100vw, 779px\" \/><figcaption class=\"wp-element-caption\">K\u00e4lla: SCB<\/figcaption><\/figure>\n\n\n\n<p>Den fr\u00e4msta f\u00f6rklaringen till att pris\u00f6kningen p\u00e5 tj\u00e4nster bromsat in \u00e4r att transportpriserna \u00f6kar betydligt l\u00e5ngsammare \u00e4n tidigare. Priserna p\u00e5 tranporttj\u00e4nster \u00f6kade som mest med 16,9 procent i \u00e5rstakt under b\u00f6rjan av 2022. N\u00e4r priserna p\u00e5 drivmedel f\u00f6ll under h\u00f6sten 2022 bromsade priserna p\u00e5 transporttj\u00e4nster in. Under det f\u00f6rsta kvartalet i \u00e5r \u00f6kade transportpriserna med 6,1 procent i \u00e5rstakt och pris\u00f6kningen j\u00e4mf\u00f6rt med f\u00f6reg\u00e5ende kvartal stannade p\u00e5 0,4 procent.<\/p>\n\n\n\n<p>Priserna p\u00e5 informations- och kommunikationstj\u00e4nster \u00f6kade med 6,9 procent i \u00e5rstakt det f\u00f6rsta kvartalet i \u00e5r. IKT-sektorns storlek inneb\u00e4r att sektorn gav det st\u00f6rsta bidraget till pris\u00f6kningen p\u00e5 tj\u00e4nster. Den st\u00f6rsta pris\u00f6kningen \u00e4gde rum i hotell- och restaurangbranschen d\u00e4r priserna \u00f6kade med 9,6 procent i \u00e5rstakt men branschen bidrar mindre till den totala \u00f6kningen av tj\u00e4nstepriserna. <\/p>\n\n\n\n<p>Andelen tj\u00e4nstef\u00f6retag som r\u00e4knar med att h\u00f6ja sina priser det n\u00e4rmaste kvartalet forts\u00e4tter att minska. F\u00f6rv\u00e4ntningarna p\u00e5 h\u00f6jda priser \u00e4r l\u00e4gst inom bemanning, resetj\u00e4nster och delar<\/p>\n\n\n\n<h4 class=\"wp-block-heading\"><strong><mark style=\"background-color:rgba(0, 0, 0, 0)\" class=\"has-inline-color has-primary-color\">Tabell 9:<\/mark> F\u00f6retagens prisf\u00f6rv\u00e4ntningar februari och maj 2023<\/strong><\/h4>\n\n\n\n<p>Nettotal s\u00e4songsrensat<\/p>\n\n\n\n<figure class=\"wp-block-table is-style-stripes\"><table><thead><tr><th><\/th><th>Feb<\/th><th>Maj<\/th><\/tr><\/thead><tbody><tr><td><strong>Tj\u00e4nstesektorn<\/strong><\/td><td><strong>35<\/strong><\/td><td><strong>30<\/strong><\/td><\/tr><tr><td>Landtransporter<\/td><td>27<\/td><td>26<\/td><\/tr><tr><td>Hotell och resturanger<\/td><td>42<\/td><td>42<\/td><\/tr><tr><td>Datakonsulter<\/td><td>33<\/td><td>42<\/td><\/tr><tr><td>Fastighetsf\u00f6rvaltning<\/td><td>26<\/td><td>30<\/td><\/tr><tr><td>Juridiska och ekonomiska konsulter<\/td><td>18<\/td><td>38<\/td><\/tr><tr><td>Konsulter f\u00f6retagsledning<\/td><td>24<\/td><td>11<\/td><\/tr><tr><td>Arkitekter<\/td><td>51<\/td><td>44<\/td><\/tr><tr><td>Arbetsf\u00f6rmedling, bemanning m.m.<\/td><td>11<\/td><td>18<\/td><\/tr><tr><td>Researrang\u00f6rer och resebyr\u00e5er<\/td><td>24<\/td><td>8<\/td><\/tr><\/tbody><\/table><figcaption class=\"wp-element-caption\">K\u00e4lla: Konjunkturinstitutet<br>Anm: Nettotalet \u00e4r andelen f\u00f6retag som planerar att h\u00f6ja sina f\u00f6rs\u00e4ljningspriser minus andelen som planerar att s\u00e4nka dem.<\/figcaption><\/figure>\n\n\n\n<h3 class=\"wp-block-heading\">Konsumentpriserna p\u00e5 tj\u00e4nster b\u00f6rjar bromsa in<\/h3>\n\n\n\n<p>Det dr\u00f6jde innan \u00f6kningen av producentpriserna p\u00e5 tj\u00e4nster 2022 syntes i konsumentledet. Eftersl\u00e4pningen inneb\u00e4r att det kommer att dr\u00f6ja ytterligare innan den l\u00e5ngsammare \u00f6kningen av producentpriserna leder till minskade pris\u00f6kningar f\u00f6r konsumenterna.<\/p>\n\n\n\n<p>I maj steg priserna p\u00e5 tj\u00e4nster som ing\u00e5r i konsumentprisindex (KPI) med 6,3 procent p\u00e5 \u00e5rsbasis vilket bara var 0,2 procentenheter l\u00e4gre \u00e4n i mars. \u00d6kningen av konsumentpriserna p\u00e5 tj\u00e4nster f\u00f6rklaras fr\u00e4mst av h\u00f6jda priser p\u00e5 boende &#8211; exklusive el samt h\u00f6jda kostnader f\u00f6r bil och andra transporter. H\u00f6jda priser p\u00e5 restauranger och \u00f6vernattningar inf\u00f6r sommaren bidrog ocks\u00e5.<\/p>\n\n\n\n<h4 class=\"wp-block-heading\"><strong><mark style=\"background-color:rgba(0, 0, 0, 0)\" class=\"has-inline-color has-primary-color\">Tabell 10: <\/mark>Tj\u00e4nstepriserna i KPI mars till maj 2023, \u00e5rsf\u00f6r\u00e4ndring totalt och olika tj\u00e4nsters bidrag<\/strong><\/h4>\n\n\n\n<p>Procent<\/p>\n\n\n\n<figure class=\"wp-block-table is-style-stripes\"><table><thead><tr><th><\/th><th>Mars<\/th><th>April<\/th><th>Maj<\/th><\/tr><\/thead><tbody><tr><td><strong>Tj\u00e4nstepriser totalt<\/strong><\/td><td><strong>6,5<\/strong><\/td><td><strong>5,9<\/strong><\/td><td><strong>6,3<\/strong><\/td><\/tr><tr><td>Boendekostnader<\/td><td>1,8<\/td><td>1,7<\/td><td>1,7<\/td><\/tr><tr><td>Bil- och transportkostnader<\/td><td>1,1<\/td><td>1,3<\/td><td>1,4<\/td><\/tr><tr><td>Post och teletj\u00e4nster<\/td><td>0,0<\/td><td>1,3<\/td><td>0,0<\/td><\/tr><tr><td>N\u00f6jen, lotterier med mera<\/td><td>1,0<\/td><td>0,0<\/td><td>1,0<\/td><\/tr><tr><td>L\u00e4kar- och tandl\u00e4karv\u00e5rd, personlig hygien<\/td><td>0,5<\/td><td>0,5<\/td><td>0,5<\/td><\/tr><tr><td>Restauranger och logi<\/td><td>1,7<\/td><td>1,2<\/td><td>1,4<\/td><\/tr><tr><td>\u00d6vriga tj\u00e4nster<\/td><td>0,3<\/td><td>0,1<\/td><td>0,2<\/td><\/tr><\/tbody><\/table><figcaption class=\"wp-element-caption\">K\u00e4lla: Almega, SCB<br>Anm: Bland \u00f6vriga tj\u00e4nster ing\u00e5r; begravning, hemf\u00f6rs\u00e4kring, bank, utbildning, reparation och hush\u00e5llstj\u00e4nster<\/figcaption><\/figure>\n\n\n\n<p>Trots att konsumentpriserna p\u00e5 tj\u00e4nster forts\u00e4tter att \u00f6ka \u00e4r pris\u00f6kningen l\u00e5ngsammare \u00e4n p\u00e5 varor. I maj \u00f6kade konsumentpriserna \u2013 exklusive r\u00e4ntor \u2013 f\u00f6r b\u00e5de varor och tj\u00e4nster med 6,7 procent i \u00e5rstakt j\u00e4mf\u00f6rt med 7,6 procent i april och 8,0 procent i mars. Nedg\u00e5ngen i inflationstakten berodde fr\u00e4mst p\u00e5 fallande priser p\u00e5 livsmedel och energi medan h\u00f6jda priser p\u00e5 hotell och restaurangtj\u00e4nster samt kl\u00e4der bromsade nedg\u00e5ngen. <sup>31<\/sup> <\/p>\n\n\n\n<p>Inflationen, exklusive energipriserna, var i maj till 8,2 procent bara 0,2 procent l\u00e4gre \u00e4n i april. Trots att nedg\u00e5ngen blev mindre \u00e4n v\u00e4ntad \u00e4r det tydligt att inflationen \u00e4r p\u00e5 v\u00e4g ned. M\u00f6jligheterna \u00e4r fortfarande stora att inflationen n\u00e5r ner till tv\u00e5 procent i b\u00f6rjan av n\u00e4sta \u00e5r.<\/p>\n\n\n<a class='Share__link Share__link--url copy-text' href='#' rel='nofollow' data-text='5.-om-tjansteindikatorn' title='Dela url' data-confirmation='L\u00e4nken kopierades till urklipp'><svg class='icon icon--link'  width='18' height='18' viewBox='0 0 18 18' fill='none' xmlns='http:\/\/www.w3.org\/2000\/svg'>\n            <path d='M10.4142 0.514721L6.87868 4.05025L8.29289 5.46447L11.1213 2.63604L15.364 6.87868L12.5355 9.70711L13.9497 11.1213L17.4853 7.58579C17.8763 7.19476 17.8763 6.5626 17.4853 6.17158L11.8284 0.514721C11.4374 0.123691 10.8052 0.123691 10.4142 0.514721Z' fill='black'\/>\n            <path d='M9.7071 12.5355L6.87868 15.364L2.63604 11.1213L5.46446 8.2929L4.05025 6.87868L0.514716 10.4142C0.123686 10.8052 0.123686 11.4374 0.514716 11.8284L6.17157 17.4853C6.5626 17.8763 7.19475 17.8763 7.58578 17.4853L11.1213 13.9497L9.7071 12.5355Z' fill='black'\/>\n            <path d='M6.17157 11.8284C6.5626 12.2195 7.19475 12.2195 7.58578 11.8284L11.8284 7.58579C12.2195 7.19476 12.2195 6.56261 11.8284 6.17158C11.4374 5.78055 10.8052 5.78055 10.4142 6.17158L6.17157 10.4142C5.78054 10.8052 5.78054 11.4374 6.17157 11.8284Z' fill='black'\/>\n            <\/svg> <\/a>\n<h2 class=\"wp-block-heading\">5. Om tj\u00e4nsteindikatorn<\/h2>\n\n\n\n<p>Almegas <em>tj\u00e4nsteindikator<\/em><em> <\/em>har tagits fram av Almega fr\u00e5n och med \u00e5r 2001 f\u00f6r att ge en indikation om vart konjunkturen i den privata tj\u00e4nstesektorn \u00e4r p\u00e5 v\u00e4g p\u00e5 kort sikt.<sup>32<\/sup> Indikatorn ger information f\u00f6r att tidigt kunna f\u00f6rutsp\u00e5 v\u00e4ndpunkter i konjunkturen, inom b\u00e5de tj\u00e4nstesektorn och Sveriges ekonomi, eftersom den privata tj\u00e4nstesektorn svarar f\u00f6r 52 procent av Sveriges BNP.<\/p>\n\n\n\n<p>Almegas tj\u00e4nsteindikator t\u00e4cker in cirka 90 procent av den privata tj\u00e4nstesektorns f\u00f6r\u00e4dlingsv\u00e4rde och drygt 80 procent av dess syssels\u00e4ttning.<sup>33<\/sup> Indikatorn bygger p\u00e5 en skattning av sambandet mellan tj\u00e4nstef\u00f6retagens svar i Konjunkturinstitutets konjunkturbarometer och utfallet f\u00f6r produktionstillv\u00e4xten i den privata tj\u00e4nstesektorn enligt SCB:s tj\u00e4nsteproduktionsindex. Skattningen utg\u00e5r fr\u00e5n sambandet mellan bland annat f\u00f6retagens f\u00f6rv\u00e4ntningar om det kommande kvartalets efterfr\u00e5ge- och produktionsutveckling och den faktiska utvecklingen av tj\u00e4nsteproduktionen per kvartal enligt Statistiska Centralbyr\u00e5ns (SCB) tj\u00e4nsteproduktionsindex.<\/p>\n\n\n\n<p>Tj\u00e4nsteindikatorn \u00e4r ber\u00e4knad i indexform d\u00e4r v\u00e4rdet 100 anger genomsnittet f\u00f6r den period som den bygger p\u00e5 (skattningen \u00e4r gjord p\u00e5 data fr\u00e5n och med \u00e5r 2005). Indexv\u00e4rden \u00f6ver 100 anger en h\u00f6gre tillv\u00e4xt \u00e4n det historiska genomsnittet och index under 100 p\u00e5 det motsatta. Indikatorn anger ocks\u00e5 om tillv\u00e4xten kan f\u00f6rv\u00e4ntas \u00f6ka, vara of\u00f6r\u00e4ndrad eller minska under det n\u00e4rmaste kvartalet. Indikatorn \u00e4r ledande och ligger tv\u00e5 till tre m\u00e5nader f\u00f6re publiceringen av det faktiska utfallet fr\u00e5n SCB.<\/p>\n\n\n\n<p>Almegas <em>arbetsmarknadsindikator <\/em>bygger p\u00e5 ett skattat samband mellan svar fr\u00e5n tj\u00e4nstef\u00f6retagen i Konjunkturinstitutets konjunkturbarometer och den privata tj\u00e4nstesektorns syssels\u00e4ttningsf\u00f6r\u00e4ndring enligt SCB:s kortperiodiska syssels\u00e4ttningsstatistik. Arbetsmarknadsindikatorn bygger dessutom p\u00e5 uppgifter om vakansgraden i tj\u00e4nstesektorn, som h\u00e4mtas fr\u00e5n SCB och uppdateras kvartalsvis. Indexv\u00e4rdet 100 anger det historiska genomsnittet f\u00f6r indikatorn baserat p\u00e5 det skattade sambandet fr\u00e5n och med \u00e5r 2005.<\/p>\n\n\n\n<p><em>Prisindikatorn<\/em><em> <\/em>bygger p\u00e5 ett skattat samband mellan svar fr\u00e5n tj\u00e4nstef\u00f6retagen i Konjunkturinstitutets konjunkturbarometer och f\u00f6r\u00e4ndringen av f\u00f6rs\u00e4ljningspriserna i den privata tj\u00e4nstesektorns enligt SCB:s tj\u00e4nsteprisindex. V\u00e4rdet 100 anger den genomsnittliga pris\u00f6kningstakten sedan 2006.<\/p>\n","protected":false},"excerpt":{"rendered":"<p>Almegas tj\u00e4nsteindikator f\u00f6r andra kvartalet 2023 visar p\u00e5 mindre produktionsnedg\u00e5ng \u00e4n v\u00e4ntat, fortsatt stark arbetsmarknad och en avtagande pris\u00f6kningstakt.<\/p>\n","protected":false},"author":15264,"featured_media":0,"comment_status":"closed","ping_status":"closed","sticky":false,"template":"","format":"standard","meta":{"_acf_changed":false,"footnotes":""},"categories":[603],"tags":[],"article_type":[42],"agreement":[],"class_list":["post-64762","post","type-post","status-publish","format-standard","hentry","category-almega","type-rapporter"],"acf":[],"yoast_head":"<!-- This site is optimized with the Yoast SEO Premium plugin v26.8 (Yoast SEO v26.8) - https:\/\/yoast.com\/product\/yoast-seo-premium-wordpress\/ -->\n<title>Almegas tj\u00e4nsteindikator andra kvartalet 2023 | Almega<\/title>\n<meta name=\"robots\" content=\"index, follow, max-snippet:-1, max-image-preview:large, max-video-preview:-1\" \/>\n<link rel=\"canonical\" href=\"https:\/\/www.almega.se\/2023\/06\/almegas-tjansteindikator-andra-kvartalet-2023\/\" \/>\n<meta property=\"og:locale\" content=\"sv_SE\" \/>\n<meta property=\"og:type\" content=\"article\" \/>\n<meta property=\"og:title\" content=\"Almegas tj\u00e4nsteindikator andra kvartalet 2023\" \/>\n<meta property=\"og:description\" content=\"Almegas tj\u00e4nsteindikator f\u00f6r andra kvartalet 2023 visar p\u00e5 mindre produktionsnedg\u00e5ng \u00e4n v\u00e4ntat, fortsatt stark arbetsmarknad och en avtagande pris\u00f6kningstakt.\" \/>\n<meta property=\"og:url\" content=\"https:\/\/www.almega.se\/2023\/06\/almegas-tjansteindikator-andra-kvartalet-2023\/\" \/>\n<meta property=\"og:site_name\" content=\"Almega\" \/>\n<meta property=\"article:published_time\" content=\"2023-06-22T05:15:07+00:00\" \/>\n<meta property=\"article:modified_time\" content=\"2023-12-12T14:28:05+00:00\" \/>\n<meta property=\"og:image\" content=\"https:\/\/www.almega.se\/app\/uploads\/2023\/06\/Skarmavbild-2023-06-21-kl.-10.39.22-580x375.png\" \/>\n<meta name=\"author\" content=\"filippaostling\" \/>\n<meta name=\"twitter:card\" content=\"summary_large_image\" \/>\n<meta name=\"twitter:label1\" content=\"Skriven av\" \/>\n\t<meta name=\"twitter:data1\" content=\"filippaostling\" \/>\n\t<meta name=\"twitter:label2\" content=\"Ber\u00e4knad l\u00e4stid\" \/>\n\t<meta name=\"twitter:data2\" content=\"31 minuter\" \/>\n<!-- \/ Yoast SEO Premium plugin. -->","yoast_head_json":{"title":"Almegas tj\u00e4nsteindikator andra kvartalet 2023 | Almega","robots":{"index":"index","follow":"follow","max-snippet":"max-snippet:-1","max-image-preview":"max-image-preview:large","max-video-preview":"max-video-preview:-1"},"canonical":"https:\/\/www.almega.se\/2023\/06\/almegas-tjansteindikator-andra-kvartalet-2023\/","og_locale":"sv_SE","og_type":"article","og_title":"Almegas tj\u00e4nsteindikator andra kvartalet 2023","og_description":"Almegas tj\u00e4nsteindikator f\u00f6r andra kvartalet 2023 visar p\u00e5 mindre produktionsnedg\u00e5ng \u00e4n v\u00e4ntat, fortsatt stark arbetsmarknad och en avtagande pris\u00f6kningstakt.","og_url":"https:\/\/www.almega.se\/2023\/06\/almegas-tjansteindikator-andra-kvartalet-2023\/","og_site_name":"Almega","article_published_time":"2023-06-22T05:15:07+00:00","article_modified_time":"2023-12-12T14:28:05+00:00","og_image":[{"url":"https:\/\/www.almega.se\/app\/uploads\/2023\/06\/Skarmavbild-2023-06-21-kl.-10.39.22-580x375.png","type":"","width":"","height":""}],"author":"filippaostling","twitter_card":"summary_large_image","twitter_misc":{"Skriven av":"filippaostling","Ber\u00e4knad l\u00e4stid":"31 minuter"},"schema":{"@context":"https:\/\/schema.org","@graph":[{"@type":"NewsArticle","@id":"https:\/\/www.almega.se\/2023\/06\/almegas-tjansteindikator-andra-kvartalet-2023\/#article","isPartOf":{"@id":"https:\/\/www.almega.se\/2023\/06\/almegas-tjansteindikator-andra-kvartalet-2023\/"},"author":{"name":"filippaostling","@id":"https:\/\/www.almega.se\/#\/schema\/person\/6a769e8c64bfc060d97757abccc542a4"},"headline":"Almegas tj\u00e4nsteindikator andra kvartalet 2023","datePublished":"2023-06-22T05:15:07+00:00","dateModified":"2023-12-12T14:28:05+00:00","mainEntityOfPage":{"@id":"https:\/\/www.almega.se\/2023\/06\/almegas-tjansteindikator-andra-kvartalet-2023\/"},"wordCount":6137,"image":{"@id":"https:\/\/www.almega.se\/2023\/06\/almegas-tjansteindikator-andra-kvartalet-2023\/#primaryimage"},"thumbnailUrl":"https:\/\/www.almega.se\/app\/uploads\/2023\/06\/Skarmavbild-2023-06-21-kl.-10.39.22-580x375.png","articleSection":["Almega"],"inLanguage":"sv-SE"},{"@type":"WebPage","@id":"https:\/\/www.almega.se\/2023\/06\/almegas-tjansteindikator-andra-kvartalet-2023\/","url":"https:\/\/www.almega.se\/2023\/06\/almegas-tjansteindikator-andra-kvartalet-2023\/","name":"Almegas tj\u00e4nsteindikator andra kvartalet 2023 | Almega","isPartOf":{"@id":"https:\/\/www.almega.se\/#website"},"primaryImageOfPage":{"@id":"https:\/\/www.almega.se\/2023\/06\/almegas-tjansteindikator-andra-kvartalet-2023\/#primaryimage"},"image":{"@id":"https:\/\/www.almega.se\/2023\/06\/almegas-tjansteindikator-andra-kvartalet-2023\/#primaryimage"},"thumbnailUrl":"https:\/\/www.almega.se\/app\/uploads\/2023\/06\/Skarmavbild-2023-06-21-kl.-10.39.22-580x375.png","datePublished":"2023-06-22T05:15:07+00:00","dateModified":"2023-12-12T14:28:05+00:00","author":{"@id":"https:\/\/www.almega.se\/#\/schema\/person\/6a769e8c64bfc060d97757abccc542a4"},"breadcrumb":{"@id":"https:\/\/www.almega.se\/2023\/06\/almegas-tjansteindikator-andra-kvartalet-2023\/#breadcrumb"},"inLanguage":"sv-SE","potentialAction":[{"@type":"ReadAction","target":["https:\/\/www.almega.se\/2023\/06\/almegas-tjansteindikator-andra-kvartalet-2023\/"]}]},{"@type":"ImageObject","inLanguage":"sv-SE","@id":"https:\/\/www.almega.se\/2023\/06\/almegas-tjansteindikator-andra-kvartalet-2023\/#primaryimage","url":"https:\/\/www.almega.se\/app\/uploads\/2023\/06\/Skarmavbild-2023-06-21-kl.-10.39.22.png","contentUrl":"https:\/\/www.almega.se\/app\/uploads\/2023\/06\/Skarmavbild-2023-06-21-kl.-10.39.22.png","width":808,"height":522,"caption":"Diagram 1: Almegas tj\u00e4nsteindikator f\u00f6r produktionstillv\u00e4xten i den privata tj\u00e4nstesektorn kvartal ett 2023 samt \u00e5rlig produktionstillv\u00e4xt"},{"@type":"BreadcrumbList","@id":"https:\/\/www.almega.se\/2023\/06\/almegas-tjansteindikator-andra-kvartalet-2023\/#breadcrumb","itemListElement":[{"@type":"ListItem","position":1,"name":"Home","item":"https:\/\/www.almega.se\/"},{"@type":"ListItem","position":2,"name":"Almegas tj\u00e4nsteindikator andra kvartalet 2023"}]},{"@type":"WebSite","@id":"https:\/\/www.almega.se\/#website","url":"https:\/\/www.almega.se\/","name":"Almega","description":"","potentialAction":[{"@type":"SearchAction","target":{"@type":"EntryPoint","urlTemplate":"https:\/\/www.almega.se\/?s={search_term_string}"},"query-input":{"@type":"PropertyValueSpecification","valueRequired":true,"valueName":"search_term_string"}}],"inLanguage":"sv-SE"},{"@type":"Person","@id":"https:\/\/www.almega.se\/#\/schema\/person\/6a769e8c64bfc060d97757abccc542a4","name":"filippaostling","image":{"@type":"ImageObject","inLanguage":"sv-SE","@id":"https:\/\/www.almega.se\/#\/schema\/person\/image\/","url":"https:\/\/secure.gravatar.com\/avatar\/e9de4cc4600aa1657856eb831cc6fdfe64510cceefd71a933b69e2a42ac5b31f?s=96&d=mm&r=g","contentUrl":"https:\/\/secure.gravatar.com\/avatar\/e9de4cc4600aa1657856eb831cc6fdfe64510cceefd71a933b69e2a42ac5b31f?s=96&d=mm&r=g","caption":"filippaostling"},"url":"https:\/\/www.almega.se\/person\/filippaostling\/"}]}},"_links":{"self":[{"href":"https:\/\/www.almega.se\/api\/wp\/v2\/posts\/64762","targetHints":{"allow":["GET"]}}],"collection":[{"href":"https:\/\/www.almega.se\/api\/wp\/v2\/posts"}],"about":[{"href":"https:\/\/www.almega.se\/api\/wp\/v2\/types\/post"}],"author":[{"embeddable":true,"href":"https:\/\/www.almega.se\/api\/wp\/v2\/users\/15264"}],"replies":[{"embeddable":true,"href":"https:\/\/www.almega.se\/api\/wp\/v2\/comments?post=64762"}],"version-history":[{"count":19,"href":"https:\/\/www.almega.se\/api\/wp\/v2\/posts\/64762\/revisions"}],"predecessor-version":[{"id":69583,"href":"https:\/\/www.almega.se\/api\/wp\/v2\/posts\/64762\/revisions\/69583"}],"wp:attachment":[{"href":"https:\/\/www.almega.se\/api\/wp\/v2\/media?parent=64762"}],"wp:term":[{"taxonomy":"category","embeddable":true,"href":"https:\/\/www.almega.se\/api\/wp\/v2\/categories?post=64762"},{"taxonomy":"post_tag","embeddable":true,"href":"https:\/\/www.almega.se\/api\/wp\/v2\/tags?post=64762"},{"taxonomy":"type","embeddable":true,"href":"https:\/\/www.almega.se\/api\/wp\/v2\/article_type?post=64762"},{"taxonomy":"agreement","embeddable":true,"href":"https:\/\/www.almega.se\/api\/wp\/v2\/agreement?post=64762"}],"curies":[{"name":"wp","href":"https:\/\/api.w.org\/{rel}","templated":true}]}}