{"id":64644,"date":"2023-06-20T14:40:10","date_gmt":"2023-06-20T12:40:10","guid":{"rendered":"https:\/\/www.almega.se\/?p=64644"},"modified":"2024-08-21T11:00:13","modified_gmt":"2024-08-21T09:00:13","slug":"sa-bryter-vi-langtidsarbetslosheten","status":"publish","type":"post","link":"https:\/\/www.almega.se\/2023\/06\/sa-bryter-vi-langtidsarbetslosheten\/","title":{"rendered":"Rapport: S\u00e5 bryter vi l\u00e5ngtidsarbetsl\u00f6sheten"},"content":{"rendered":"<a class='Share__link Share__link--url copy-text' href='#' rel='nofollow' data-text='ladda-ner-rapport' title='Dela url' data-confirmation='L\u00e4nken kopierades till urklipp'><svg class='icon icon--link'  width='18' height='18' viewBox='0 0 18 18' fill='none' xmlns='http:\/\/www.w3.org\/2000\/svg'>\n            <path d='M10.4142 0.514721L6.87868 4.05025L8.29289 5.46447L11.1213 2.63604L15.364 6.87868L12.5355 9.70711L13.9497 11.1213L17.4853 7.58579C17.8763 7.19476 17.8763 6.5626 17.4853 6.17158L11.8284 0.514721C11.4374 0.123691 10.8052 0.123691 10.4142 0.514721Z' fill='black'\/>\n            <path d='M9.7071 12.5355L6.87868 15.364L2.63604 11.1213L5.46446 8.2929L4.05025 6.87868L0.514716 10.4142C0.123686 10.8052 0.123686 11.4374 0.514716 11.8284L6.17157 17.4853C6.5626 17.8763 7.19475 17.8763 7.58578 17.4853L11.1213 13.9497L9.7071 12.5355Z' fill='black'\/>\n            <path d='M6.17157 11.8284C6.5626 12.2195 7.19475 12.2195 7.58578 11.8284L11.8284 7.58579C12.2195 7.19476 12.2195 6.56261 11.8284 6.17158C11.4374 5.78055 10.8052 5.78055 10.4142 6.17158L6.17157 10.4142C5.78054 10.8052 5.78054 11.4374 6.17157 11.8284Z' fill='black'\/>\n            <\/svg> <\/a>\n<h2 class=\"wp-block-heading\">Ladda ner rapport<\/h2>\n\n\n\n<p>Rapporten finns i sin helhet p\u00e5 denna sida men kan ocks\u00e5 h\u00e4mtas som pdf-fil.<\/p>\n\n\n\n      <a href=\"https:\/\/www.almega.se\/app\/uploads\/2023\/06\/2306-Sa-bryter-vi-langtidsarbetslosheten-1.pdf\" target=\"_blank\" class=\"Button is-button is-style-fill has-black-background-color has-black-border-color has-white-color Button--external-link\">\n      \n        Ladda ner rapporten h\u00e4r (pdf)\n      \n      \n                <svg class='icon icon--external-link'  width=\"16\" height=\"16\" viewBox=\"0 0 16 16\" fill=\"none\" xmlns=\"http:\/\/www.w3.org\/2000\/svg\">\n<path d=\"M9 1H15V7\" stroke=\"black\" stroke-width=\"2\" stroke-miterlimit=\"10\"\/>\n<path d=\"M5 2H1V15H14V11\" stroke=\"black\" stroke-width=\"2\" stroke-miterlimit=\"10\"\/>\n<path d=\"M15 1L6 10\" stroke=\"black\" stroke-width=\"2\" stroke-miterlimit=\"10\"\/>\n<\/svg>\n\n        \n    <\/a>\n  \n\n\n<a class='Share__link Share__link--url copy-text' href='#' rel='nofollow' data-text='inledning' title='Dela url' data-confirmation='L\u00e4nken kopierades till urklipp'><svg class='icon icon--link'  width='18' height='18' viewBox='0 0 18 18' fill='none' xmlns='http:\/\/www.w3.org\/2000\/svg'>\n            <path d='M10.4142 0.514721L6.87868 4.05025L8.29289 5.46447L11.1213 2.63604L15.364 6.87868L12.5355 9.70711L13.9497 11.1213L17.4853 7.58579C17.8763 7.19476 17.8763 6.5626 17.4853 6.17158L11.8284 0.514721C11.4374 0.123691 10.8052 0.123691 10.4142 0.514721Z' fill='black'\/>\n            <path d='M9.7071 12.5355L6.87868 15.364L2.63604 11.1213L5.46446 8.2929L4.05025 6.87868L0.514716 10.4142C0.123686 10.8052 0.123686 11.4374 0.514716 11.8284L6.17157 17.4853C6.5626 17.8763 7.19475 17.8763 7.58578 17.4853L11.1213 13.9497L9.7071 12.5355Z' fill='black'\/>\n            <path d='M6.17157 11.8284C6.5626 12.2195 7.19475 12.2195 7.58578 11.8284L11.8284 7.58579C12.2195 7.19476 12.2195 6.56261 11.8284 6.17158C11.4374 5.78055 10.8052 5.78055 10.4142 6.17158L6.17157 10.4142C5.78054 10.8052 5.78054 11.4374 6.17157 11.8284Z' fill='black'\/>\n            <\/svg> <\/a>\n<h2 class=\"wp-block-heading\">Inledning<\/h2>\n\n\n\n<p>Kompetensf\u00f6rs\u00f6rjningen \u00e4r det fr\u00e4msta tillv\u00e4xthindret f\u00f6r svenska f\u00f6retag. F\u00f6retagen vill anst\u00e4lla och v\u00e4xa, men lyckas inte rekrytera nya medarbetare. De letar inte bara efter arbetskraft med h\u00f6g utbildning, i m\u00e5nga av de lediga jobben st\u00e4lls l\u00e5ga krav p\u00e5 utbildning och arbetslivserfarenhet.<\/p>\n\n\n\n<p>Hur kan vi samtidigt ha h\u00f6g arbetsl\u00f6shet och arbetskraftsbrist? F\u00f6rklaringen \u00e4r att matchningen p\u00e5 arbetsmarknaden inte fungerar. Det finns en arbetskraftsreserv som m\u00e5ste tas tillvara.<\/p>\n\n\n\n<p>Under den senaste tiden har l\u00e5ngtidsarbetsl\u00f6sheten sjunkit. Ett viktigt sk\u00e4l \u00e4r att m\u00e5nga arbetss\u00f6kande nu f\u00e5r hj\u00e4lp av frist\u00e5ende jobbf\u00f6rmedlare i tj\u00e4nsten Rusta och matcha. Varannan deltagare har \u00f6verg\u00e5tt till arbete eller p\u00e5b\u00f6rjar en utbildning 90 dagar efter avslutad tj\u00e4nst.<\/p>\n\n\n\n<p>Det \u00e4r l\u00e5ngt \u00f6ver Arbetsf\u00f6rmedlingens m\u00e5l f\u00f6r tj\u00e4nsten och ett kvitto p\u00e5 att alla m\u00e4nniskor kan f\u00e5 ett arbete \u2013 om de f\u00e5r r\u00e4tt st\u00f6d och hj\u00e4lp p\u00e5 v\u00e4gen. Men reformen av arbetsmarknadspolitiken \u00e4r inte klar. Det \u00e4r inte dags f\u00f6r arbetsro p\u00e5 Arbetsf\u00f6rmedlingen.<\/p>\n\n\n\n<p>Almega adresserade redan i rapporten S\u00e5 forts\u00e4tter vi reformera Arbetsf\u00f6rmedlingen (2022) behovet av ny modell f\u00f6r profilering av arbetsl\u00f6sa, mer individanpassade st\u00f6d och ett mer renodlat myndighetsuppdrag.<\/p>\n\n\n\n<p>I den h\u00e4r rapporten S\u00e5 bryter vi l\u00e5ngtidsarbetsl\u00f6sheten utvecklar vi l\u00e4rdomarna fr\u00e5n Rusta och matcha till arbetet med de som varit arbetsl\u00f6sa under en l\u00e5ng tid eller har en funktionsneds\u00e4ttning som medf\u00f6r nedsatt arbetsf\u00f6rm\u00e5ga. De har hittills inte varit en prioriterad grupp. Tj\u00e4nsterna och insatserna de f\u00e5r ta del av \u00e4r inte tillr\u00e4ckligt bra.<\/p>\n\n\n\n<p>I rapporten f\u00f6resl\u00e5r Almega fortsatta reformer f\u00f6r att \u00e4ven de som har behov av mer st\u00f6d \u00e4n det Rusta och matcha kan ge, ska komma in p\u00e5 arbetsmarknaden. Individanpassade st\u00f6d enligt bepr\u00f6vade metoder, hos frist\u00e5ende akt\u00f6rer, som leder till resultat \u00e4ven f\u00f6r dessa heterogena grupper av arbetss\u00f6kande.<\/p>\n\n\n\n<p>Forskningen visar att med r\u00e4tt st\u00f6d kan \u00e4ven de som st\u00e5r mycket l\u00e5ngt fr\u00e5n arbetsmarknaden komma i jobb p\u00e5 den regulj\u00e4ra arbetsmarknaden. Det har visat sig b\u00e5de i svenska och internationella studier men allt f\u00f6r f\u00e5 erbjuds denna typ av st\u00f6d. F\u00f6r f\u00e5 tj\u00e4nster hos Arbetsf\u00f6rmedlingen ger m\u00f6jlighet att jobba utifr\u00e5n de v\u00e4l bepr\u00f6vade metoderna. Inte minst kan flera av de f\u00f6retag som intervjuats i samband med rapporten vittna om att det fungerar n\u00e4r r\u00e4tt f\u00f6ruts\u00e4ttningar ges.<\/p>\n\n\n\n<p>Med de nya f\u00f6rslagen vill Almega bidra till en fortsatt konstruktiv reformering av Arbetsf\u00f6rmedlingen. Vi ser fram emot att m\u00f6ta m\u00e5nga av er i f\u00f6retagen, myndigheterna, organisationerna och partierna i samtal om hur fler arbetss\u00f6kande kan f\u00e5 ta del av insatser som leder till jobb.<\/p>\n\n\n<a class='Share__link Share__link--url copy-text' href='#' rel='nofollow' data-text='alla-har-en-plats-pa-arbetsmarknaden' title='Dela url' data-confirmation='L\u00e4nken kopierades till urklipp'><svg class='icon icon--link'  width='18' height='18' viewBox='0 0 18 18' fill='none' xmlns='http:\/\/www.w3.org\/2000\/svg'>\n            <path d='M10.4142 0.514721L6.87868 4.05025L8.29289 5.46447L11.1213 2.63604L15.364 6.87868L12.5355 9.70711L13.9497 11.1213L17.4853 7.58579C17.8763 7.19476 17.8763 6.5626 17.4853 6.17158L11.8284 0.514721C11.4374 0.123691 10.8052 0.123691 10.4142 0.514721Z' fill='black'\/>\n            <path d='M9.7071 12.5355L6.87868 15.364L2.63604 11.1213L5.46446 8.2929L4.05025 6.87868L0.514716 10.4142C0.123686 10.8052 0.123686 11.4374 0.514716 11.8284L6.17157 17.4853C6.5626 17.8763 7.19475 17.8763 7.58578 17.4853L11.1213 13.9497L9.7071 12.5355Z' fill='black'\/>\n            <path d='M6.17157 11.8284C6.5626 12.2195 7.19475 12.2195 7.58578 11.8284L11.8284 7.58579C12.2195 7.19476 12.2195 6.56261 11.8284 6.17158C11.4374 5.78055 10.8052 5.78055 10.4142 6.17158L6.17157 10.4142C5.78054 10.8052 5.78054 11.4374 6.17157 11.8284Z' fill='black'\/>\n            <\/svg> <\/a>\n<h2 class=\"wp-block-heading\">Alla har en plats p\u00e5 arbetsmarknaden<\/h2>\n\n\n\n<p>Alla har en plats p\u00e5 arbetsmarknaden, men alla arbetss\u00f6kande f\u00e5r inte tillg\u00e5ng till de mest effektiva verktygen. Tv\u00e5 grupper, l\u00e5ngtidsarbetsl\u00f6sa och personer med funktionsneds\u00e4ttning, \u00e4r i h\u00f6gre grad \u00e4n andra h\u00e4nvisade till Arbetsf\u00f6rmedlingens insatser i egen regi. M\u00e5nga f\u00e5r inget st\u00f6d alls.<\/p>\n\n\n\n<p>I april 2023 fick 63 000 personer hj\u00e4lp att komma i arbete av ett matchningsf\u00f6retag. Det motsvarar mindre \u00e4n en fj\u00e4rdedel av samtliga arbetss\u00f6kande i landet. Den vanligaste insatsen \u00e4r i st\u00e4llet en tj\u00e4nst i myndighetens egen regi som kallas Matchning och uppf\u00f6ljning.<\/p>\n\n\n\n<p>Vissa grupper av arbetss\u00f6kande f\u00e5r i liten utstr\u00e4ckning ta del av nya mer individanpassade matchningstj\u00e4nsterna med h\u00f6gre effektivitet. Tv\u00e5 av dessa \u00e4r l\u00e5ngtidsarbetsl\u00f6sa och personer med funktionsneds\u00e4ttning.<\/p>\n\n\n\n<p>B\u00e5da grupperna \u00e4r heterogena \u2013 behoven varierar kraftigt mellan olika individer. Av detta sk\u00e4l \u00e4r individanpassning extra viktigt f\u00f6r att st\u00f6tta dem p\u00e5 deras v\u00e4g till arbete. Dock har tj\u00e4nsterna f\u00f6r dessa grupper saknats i reformeringsarbetet av arbetsmarknadspolitiken.<\/p>\n\n\n\n<p>L\u00f6sningen p\u00e5 arbetsmarknadens utmaningar, kompetensbristen<sup>1<\/sup> och den h\u00f6ga arbetsl\u00f6sheten, \u00e4r att l\u00e5ngtidsarbetsl\u00f6sa och personer med funktionsneds\u00e4ttning som medf\u00f6r nedsatt arbetsf\u00f6rm\u00e5ga f\u00e5r en fot in p\u00e5 arbetsmarknaden.<\/p>\n\n\n\n<h3 class=\"wp-block-heading\"><strong>Insatser f\u00f6r arbetss\u00f6kande med svag konkurrensf\u00f6rm\u00e5ga<\/strong><\/h3>\n\n\n\n<p>En utg\u00e5ngspunkt i arbetet med att skapa en b\u00e4ttre fungerande arbetsmarknad \u00e4r att utveckla insatser f\u00f6r den grupp som myndigheten ben\u00e4mner som inskrivna med svag konkurrensf\u00f6rm\u00e5ga<sup>2<\/sup>. I denna grupp inkluderas individer utan gymnasial utbildning, personer f\u00f6dda utanf\u00f6r Europa, personer med funktionsneds\u00e4ttning som medf\u00f6r nedsatt arbetsf\u00f6rm\u00e5ga samt \u00e4ldre arbetss\u00f6kande \u00f6ver 55 \u00e5r.<\/p>\n\n\n\n<p>\u00d6ver tid har gruppen vuxit, b\u00e5de som andel och i absoluta tal. I b\u00f6rjan av 2006 utgjorde de drygt 48 procent av samtliga arbetss\u00f6kande. I januari 2023 var de n\u00e4stan 74 procent.<\/p>\n\n\n\n<p>I diagram 1 g\u00e5r det att f\u00f6lja utvecklingen f\u00f6r gruppen med svag konkurrensf\u00f6rm\u00e5ga som andel av l\u00e5ngtidsarbetsl\u00f6sheten. Andelen har \u00e4ven h\u00e4r \u00f6kat kraftigt \u00f6ver tid. \u00c4ven om det har skett en \u00e5terh\u00e4mtning sedan covid19-pandemin har gruppen mer \u00e4n tredubblats sedan 2006.<\/p>\n\n\n\n<p>Det \u00e4r tydligt att gruppen inte f\u00e5r den hj\u00e4lp de beh\u00f6ver. De insatser som hittills erbjudits har tyv\u00e4rr inte visat sig vara bra nog.<\/p>\n\n\n\n<figure class=\"wp-block-image size-medium\"><img loading=\"lazy\" decoding=\"async\" width=\"580\" height=\"301\" src=\"https:\/\/www.almega.se\/app\/uploads\/2023\/06\/Diagram-1-580x301.png\" alt=\"Diagram 1: Antal inskrivna som varit arbetsl\u00f6sa mer \u00e4n 24 m\u00e5nader.\nTotalt respektive arbetsl\u00f6sa med svag konkurrensf\u00f6rm\u00e5ga (200601 \u2013 202304)\" class=\"wp-image-64653\" srcset=\"https:\/\/www.almega.se\/app\/uploads\/2023\/06\/Diagram-1-580x301.png 580w, https:\/\/www.almega.se\/app\/uploads\/2023\/06\/Diagram-1-1180x612.png 1180w, https:\/\/www.almega.se\/app\/uploads\/2023\/06\/Diagram-1-380x197.png 380w, https:\/\/www.almega.se\/app\/uploads\/2023\/06\/Diagram-1-768x398.png 768w, https:\/\/www.almega.se\/app\/uploads\/2023\/06\/Diagram-1-1536x796.png 1536w, https:\/\/www.almega.se\/app\/uploads\/2023\/06\/Diagram-1.png 1570w\" sizes=\"auto, (max-width: 580px) 100vw, 580px\" \/><figcaption class=\"wp-element-caption\"><br>K\u00e4lla: Arbetsf\u00f6rmedlingen, Tidigare statistik, Inskrivna arbetsl\u00f6sa, svag konkurrensf\u00f6rm\u00e5ga 2006-april 2023<\/figcaption><\/figure>\n\n\n\n<h3 class=\"wp-block-heading\"><strong>Nya tag f\u00f6r en utsatt grupp<\/strong><\/h3>\n\n\n\n<p>Arbetet f\u00f6r att motverka l\u00e5ngtidsarbetsl\u00f6sheten b\u00f6r vara fokuserat p\u00e5 tv\u00e5 omr\u00e5den:<\/p>\n\n\n\n<p><strong>F\u00f6r det f\u00f6rsta <\/strong>b\u00f6r fler f\u00e5 tillg\u00e5ng till de befintliga matchningstj\u00e4nsterna. Det g\u00e4ller fr\u00e4mst m\u00e5lgrupperna som st\u00e5r medell\u00e5ngt ifr\u00e5n arbetsmarknaden.<\/p>\n\n\n\n<p><strong>F\u00f6r det andra <\/strong>b\u00f6r nya tj\u00e4nster utvecklas f\u00f6r gruppen som st\u00e5r l\u00e5ngt ifr\u00e5n arbetsmarknaden. Det g\u00e4ller inte minst den grupp som utg\u00f6r n\u00e4stan 9 av 10 av de l\u00e5ngtidsarbetsl\u00f6sa.<\/p>\n\n\n\n<h4 class=\"wp-block-heading\"><strong>Samh\u00e4llsekonomisk vinst<\/strong><\/h4>\n\n\n\n<p>F\u00f6r samh\u00e4llet finns en enorm ekonomisk vinst i att flytta m\u00e4nniskor fr\u00e5n arbetsl\u00f6shet till arbete. Enligt ber\u00e4kningar fr\u00e5n Ekonomifakta f\u00e5r en arbetss\u00f6kande som g\u00e5r fr\u00e5n A-kassa till arbete med en m\u00e5nadsl\u00f6n p\u00e5 22 000 kronor en \u00f6kad disponibel inkomst p\u00e5 \u00f6ver 4 700 kronor i m\u00e5naden.<\/p>\n\n\n\n<p>Samh\u00e4llets totala vinst \u00e4r 28 900 kronor per individ. Av detta tillfaller en del individen, men 85 procent tillfaller staten i form av \u00f6kade skatteint\u00e4kter och minskade kostnader f\u00f6r bidrag.<sup>3<\/sup><\/p>\n\n\n\n<h4 class=\"wp-block-heading\"><strong>Kritik fr\u00e5n FN<\/strong><\/h4>\n\n\n\n<p>Sverige har ett \u00e5tagande gentemot FN och m\u00e5let om r\u00e4tten till arbete f\u00f6r personer med funktionsneds\u00e4ttning.<sup>4<\/sup> Med dagens utformning av st\u00f6d och insatser till denna grupp uppfyller vi inte detta \u00e5tagande. Gruppen utgjorde i b\u00f6rjan av 2023 drygt 135 000 personer.<sup>5<\/sup><\/p>\n\n\n\n<figure class=\"wp-block-image size-medium\"><img loading=\"lazy\" decoding=\"async\" width=\"580\" height=\"284\" src=\"https:\/\/www.almega.se\/app\/uploads\/2023\/06\/Diagram-2-580x284.png\" alt=\"Diagram 2: Antal inskrivna arbets\u00f6kande januari 2006 till och med april 2023.\" class=\"wp-image-64662\" srcset=\"https:\/\/www.almega.se\/app\/uploads\/2023\/06\/Diagram-2-580x284.png 580w, https:\/\/www.almega.se\/app\/uploads\/2023\/06\/Diagram-2-1180x578.png 1180w, https:\/\/www.almega.se\/app\/uploads\/2023\/06\/Diagram-2-380x186.png 380w, https:\/\/www.almega.se\/app\/uploads\/2023\/06\/Diagram-2-768x376.png 768w, https:\/\/www.almega.se\/app\/uploads\/2023\/06\/Diagram-2-1536x752.png 1536w, https:\/\/www.almega.se\/app\/uploads\/2023\/06\/Diagram-2.png 1548w\" sizes=\"auto, (max-width: 580px) 100vw, 580px\" \/><figcaption class=\"wp-element-caption\"><br>K\u00e4lla: Arbetsf\u00f6rmedlingen, Tidigare statistik, Arbetss\u00f6kande 1996-april 2023, Riket<\/figcaption><\/figure>\n\n\n\n<p>I september 2022 fick Sverige kritik fr\u00e5n FN:s internationella \u00f6vervakningskommitt\u00e9. Kommitt\u00e9n menar att v\u00e5r syn p\u00e5 arbetsf\u00f6rm\u00e5ga, att v\u00e4rdera arbete efter prestation, m\u00e5ste f\u00f6r\u00e4ndras. Med den nuvarande synen p\u00e5 arbete kommer vissa m\u00e4nniskors arbetsf\u00f6rm\u00e5ga aldrig att betraktas som fullv\u00e4rdig, oavsett personens anstr\u00e4ngningar eller omgivande anpassningar.<\/p>\n\n\n\n<p>I st\u00e4llet f\u00f6r segregerande och diskriminerande arbetsmarknads\u00e5tg\u00e4rder, uppmanas konventionsstaterna att trygga tillg\u00e5ngen till sk\u00e4liga anpassnings\u00e5tg\u00e4rder inom det ordinarie arbetslivet, b\u00e5de inom det privata n\u00e4ringslivet och i den offentliga sektorn.<\/p>\n\n\n<a class='Share__link Share__link--url copy-text' href='#' rel='nofollow' data-text='arbetslosa-i-mer-an-24-manader' title='Dela url' data-confirmation='L\u00e4nken kopierades till urklipp'><svg class='icon icon--link'  width='18' height='18' viewBox='0 0 18 18' fill='none' xmlns='http:\/\/www.w3.org\/2000\/svg'>\n            <path d='M10.4142 0.514721L6.87868 4.05025L8.29289 5.46447L11.1213 2.63604L15.364 6.87868L12.5355 9.70711L13.9497 11.1213L17.4853 7.58579C17.8763 7.19476 17.8763 6.5626 17.4853 6.17158L11.8284 0.514721C11.4374 0.123691 10.8052 0.123691 10.4142 0.514721Z' fill='black'\/>\n            <path d='M9.7071 12.5355L6.87868 15.364L2.63604 11.1213L5.46446 8.2929L4.05025 6.87868L0.514716 10.4142C0.123686 10.8052 0.123686 11.4374 0.514716 11.8284L6.17157 17.4853C6.5626 17.8763 7.19475 17.8763 7.58578 17.4853L11.1213 13.9497L9.7071 12.5355Z' fill='black'\/>\n            <path d='M6.17157 11.8284C6.5626 12.2195 7.19475 12.2195 7.58578 11.8284L11.8284 7.58579C12.2195 7.19476 12.2195 6.56261 11.8284 6.17158C11.4374 5.78055 10.8052 5.78055 10.4142 6.17158L6.17157 10.4142C5.78054 10.8052 5.78054 11.4374 6.17157 11.8284Z' fill='black'\/>\n            <\/svg> <\/a>\n<h2 class=\"wp-block-heading\">Arbetsl\u00f6sa i mer \u00e4n 24 m\u00e5nader<\/h2>\n\n\n\n<p>Vad \u00e4r l\u00e5ngtidsarbetsl\u00f6shet? SCB r\u00e4knar de som varit arbetsl\u00f6sa i mer \u00e4r sex m\u00e5nader som l\u00e5ngtidsarbetsl\u00f6sa. Arbetsf\u00f6rmedlingens definition \u00e4r en person 25 \u00e5r eller \u00e4ldre som har varit arbetsl\u00f6s mer \u00e4n 12 m\u00e5nader. F\u00f6r de som \u00e4r under 25 \u00e5r \u00e4r det 6 m\u00e5nader.<\/p>\n\n\n\n<p>I denna rapport definierar vi gruppen som har varit arbetsl\u00f6sa i mer \u00e4n 24 m\u00e5nader. 24 m\u00e5nader f\u00e5ngar in de som har ett hinder f\u00f6r att ta sig ut p\u00e5 arbetsmarknaden. Det f\u00e5ngar ocks\u00e5 upp personer som har kvalificerat sig f\u00f6r Arbetsf\u00f6rmedlingens Jobb och utvecklingsgaranti (JOB). Det \u00e4r ett program som riktar sig till personer som har varit arbetsl\u00f6sa under en l\u00e4ngre tid, bland annat de som f\u00f6rbrukat 300 ers\u00e4ttningsdagar med arbetsl\u00f6shetsers\u00e4ttning. Under dessa tv\u00e5 \u00e5r ocks\u00e5 personer med funktionsneds\u00e4ttning som inneb\u00e4r en nedsatt arbetsf\u00f6rm\u00e5ga hunnit f\u00e5 sin kod.<\/p>\n\n\n\n<p>Som framg\u00e5r i diagram 3 \u00f6kade antalet personer som har varit utan arbete i mer \u00e4n 24 m\u00e5nader markant efter finanskrisen 2008. D\u00e4refter etablerade sig niv\u00e5n p\u00e5 omkring 75 000 personer under ett \u00e5rtionde. I samband med covid19-pandemins utbrott \u00f6kar \u00e5terigen gruppen. Den h\u00f6gsta niv\u00e5n n\u00e5ddes i april 2022 med 99 462 personer. D\u00e4refter har en viss \u00e5terh\u00e4mtning skett.<\/p>\n\n\n\n<figure class=\"wp-block-image size-medium\"><img loading=\"lazy\" decoding=\"async\" width=\"580\" height=\"288\" src=\"https:\/\/www.almega.se\/app\/uploads\/2023\/06\/Diagram-3-580x288.png\" alt=\"Diagram 3: Antal inskrivna arbetss\u00f6kande utan arbete mer \u00e4n 24 m\u00e5nader\" class=\"wp-image-64665\" srcset=\"https:\/\/www.almega.se\/app\/uploads\/2023\/06\/Diagram-3-580x288.png 580w, https:\/\/www.almega.se\/app\/uploads\/2023\/06\/Diagram-3-1180x585.png 1180w, https:\/\/www.almega.se\/app\/uploads\/2023\/06\/Diagram-3-380x189.png 380w, https:\/\/www.almega.se\/app\/uploads\/2023\/06\/Diagram-3-768x381.png 768w, https:\/\/www.almega.se\/app\/uploads\/2023\/06\/Diagram-3.png 1532w\" sizes=\"auto, (max-width: 580px) 100vw, 580px\" \/><figcaption class=\"wp-element-caption\"><br>K\u00e4lla: Arbetsf\u00f6rmedlingen, Tidigare statistik, Tid utan arbete 2006-april 2023, Riket<\/figcaption><\/figure>\n\n\n\n<p>I en rapport fr\u00e5n 2023 konstaterar Arbetsf\u00f6rmedlingen att allt fler arbetss\u00f6kande st\u00e5r l\u00e5ngt ifr\u00e5n arbetsmarknaden och bed\u00f6ms ha en svag konkurrensf\u00f6rm\u00e5ga. Detta f\u00f6rklaras av \u00f6kningen av antalet utomeuropeiskt f\u00f6dda i arbetskraften som intr\u00e4ffade i samband med flyktingkrisen h\u00f6sten 2015, samt den politiska f\u00f6r\u00e4ndringen 2010 som innebar en \u00f6verg\u00e5ng fr\u00e5n F\u00f6rs\u00e4kringskassan till Arbetsf\u00f6rmedlingen f\u00f6r personer som tidigare stod utanf\u00f6r arbetskraften. I m\u00e5lgruppen \u00e4r arbetss\u00f6kande med funktionsneds\u00e4ttning som inneb\u00e4r nedsatt arbetsf\u00f6rm\u00e5ga tydligt \u00f6verrepresenterade. Andelen \u00f6kar ocks\u00e5 med tiden i arbetsl\u00f6shet. Det finns \u00e4ven en tydlig \u00f6verrepresentation av arbetss\u00f6kande som \u00e4r 55 \u00e5r och \u00e4ldre.<sup>6<\/sup><\/p>\n\n\n<a class='Share__link Share__link--url copy-text' href='#' rel='nofollow' data-text='arbetsmarknaden-for-personer-med-funktionsnedsattning' title='Dela url' data-confirmation='L\u00e4nken kopierades till urklipp'><svg class='icon icon--link'  width='18' height='18' viewBox='0 0 18 18' fill='none' xmlns='http:\/\/www.w3.org\/2000\/svg'>\n            <path d='M10.4142 0.514721L6.87868 4.05025L8.29289 5.46447L11.1213 2.63604L15.364 6.87868L12.5355 9.70711L13.9497 11.1213L17.4853 7.58579C17.8763 7.19476 17.8763 6.5626 17.4853 6.17158L11.8284 0.514721C11.4374 0.123691 10.8052 0.123691 10.4142 0.514721Z' fill='black'\/>\n            <path d='M9.7071 12.5355L6.87868 15.364L2.63604 11.1213L5.46446 8.2929L4.05025 6.87868L0.514716 10.4142C0.123686 10.8052 0.123686 11.4374 0.514716 11.8284L6.17157 17.4853C6.5626 17.8763 7.19475 17.8763 7.58578 17.4853L11.1213 13.9497L9.7071 12.5355Z' fill='black'\/>\n            <path d='M6.17157 11.8284C6.5626 12.2195 7.19475 12.2195 7.58578 11.8284L11.8284 7.58579C12.2195 7.19476 12.2195 6.56261 11.8284 6.17158C11.4374 5.78055 10.8052 5.78055 10.4142 6.17158L6.17157 10.4142C5.78054 10.8052 5.78054 11.4374 6.17157 11.8284Z' fill='black'\/>\n            <\/svg> <\/a>\n<h2 class=\"wp-block-heading\">Arbetsmarknaden f\u00f6r personer med funktionsneds\u00e4ttning<\/h2>\n\n\n\n<p>Varje \u00e5r unders\u00f6ker SCB hur situationen p\u00e5 arbetsmarknaden ser ut f\u00f6r personer med funktionsneds\u00e4ttning.<sup>7<\/sup> F\u00f6rra \u00e5ret uppskattade tio procent i \u00e5ldern 16\u201364 \u00e5r att de har en funktionsneds\u00e4ttning. Det motsvarar 669 000 personer. En funktionsneds\u00e4ttning utg\u00f6r inte per automatik en nedsatt arbetsf\u00f6rm\u00e5ga. F\u00f6r de flesta \u00e4r det inget som tas i beaktande n\u00e4r personen s\u00f6ker arbete. Men bland personer med funktionsneds\u00e4ttning bed\u00f6mer 71 procent att deras funktionsneds\u00e4ttning medf\u00f6r en nedsatt arbetsf\u00f6rm\u00e5ga.<\/p>\n\n\n\n<p>Arbetsl\u00f6sheten bland personer med funktionsneds\u00e4ttning \u00e4r ett par procentenheter h\u00f6gre \u00e4n i \u00f6vriga befolkningen. \u00c5r 2021 var andelen arbetsl\u00f6sa bland personer med funktionsneds\u00e4ttning 17 procent, arbetsl\u00f6sheten i den \u00f6vriga befolkningen var 8 procent. Bland personer med funktionsneds\u00e4ttning som medf\u00f6r nedsatt arbetsf\u00f6rm\u00e5ga var arbetsl\u00f6sheten 20 procent. F\u00f6r de utan nedsatt arbetsf\u00f6rm\u00e5ga \u00e4r arbetsl\u00f6sheten \u00f6ver tid b\u00e5de l\u00e4gre och h\u00f6gre \u00e4n i \u00f6vriga befolkningen, \u00e5r 2022 var den 13,5 procent.<\/p>\n\n\n\n<figure class=\"wp-block-image size-medium\"><img loading=\"lazy\" decoding=\"async\" width=\"580\" height=\"336\" src=\"https:\/\/www.almega.se\/app\/uploads\/2023\/06\/Diagram-4-580x336.png\" alt=\"Diagram 4: Andel arbetsl\u00f6sa bland personer med funktionsneds\u00e4ttning med och utan nedsatt arbetsf\u00f6rm\u00e5ga och i \u00f6vriga befolkningen\" class=\"wp-image-64667\" srcset=\"https:\/\/www.almega.se\/app\/uploads\/2023\/06\/Diagram-4-580x336.png 580w, https:\/\/www.almega.se\/app\/uploads\/2023\/06\/Diagram-4-1180x685.png 1180w, https:\/\/www.almega.se\/app\/uploads\/2023\/06\/Diagram-4-380x220.png 380w, https:\/\/www.almega.se\/app\/uploads\/2023\/06\/Diagram-4-768x446.png 768w, https:\/\/www.almega.se\/app\/uploads\/2023\/06\/Diagram-4-1536x891.png 1536w, https:\/\/www.almega.se\/app\/uploads\/2023\/06\/Diagram-4.png 1634w\" sizes=\"auto, (max-width: 580px) 100vw, 580px\" \/><figcaption class=\"wp-element-caption\"><br>K\u00e4lla: SCB Situationen p\u00e5 arbetsmarknaden f\u00f6r personer med funktionsneds\u00e4ttning 2015-2022<\/figcaption><\/figure>\n\n\n\n<h3 class=\"wp-block-heading\"><strong>M\u00e4nniskan och Arbetsf\u00f6rmedlingens kodning<\/strong><\/h3>\n\n\n\n<p>Om en funktionsneds\u00e4ttning utg\u00f6r en f\u00f6rmodad neds\u00e4ttning av arbetsf\u00f6rm\u00e5gan g\u00f6r Arbetsf\u00f6rmedlingen en utredning och definierar funktionshindret med en kod. Det finns 11 olika koder som korrelerar med olika typer av funktionsneds\u00e4ttningar som utg\u00f6r ett hinder p\u00e5 arbetsmarknaden och h\u00f6gst tre koder f\u00e5r s\u00e4ttas p\u00e5 en person. Dessa koder \u00e4r generella och \u00f6vergripande och s\u00e4ger i sig v\u00e4ldigt lite om den arbetss\u00f6kandes behov av anpassning p\u00e5 arbetsplatsen.<\/p>\n\n\n\n<h4 class=\"wp-block-heading\"><strong><strong>Fakta: Koder och typ av funktionsneds\u00e4ttning<sup>8<\/sup><\/strong><\/strong><\/h4>\n\n\n\n<ul class=\"wp-block-list\">\n<li>11. Nedsatt funktion i hj\u00e4rta, k\u00e4rl eller lungor<\/li>\n\n\n\n<li>21 &nbsp;Barndomsd\u00f6v och\/eller teckenspr\u00e5kig<\/li>\n\n\n\n<li>22 &nbsp;H\u00f6rselskada<\/li>\n\n\n\n<li>33 Synneds\u00e4ttning<\/li>\n\n\n\n<li>43 Nedsatt eller begr\u00e4nsad r\u00f6relsef\u00f6rm\u00e5ga<\/li>\n\n\n\n<li>51 \u00d6vriga somatiskt relaterade funktionsneds\u00e4ttningar 61 Psykisk funktionsneds\u00e4ttning<\/li>\n\n\n\n<li>71 Generellt nedsatt inl\u00e4rningsf\u00f6rm\u00e5ga<\/li>\n\n\n\n<li>82 Missbruks- eller beroendeproblematik<\/li>\n\n\n\n<li>91 &nbsp;Allergi eller \u00f6verk\u00e4nslighet<\/li>\n\n\n\n<li>92 &nbsp;Specifik kognitiv funktionsneds\u00e4ttning<\/li>\n<\/ul>\n\n\n\n<figure class=\"wp-block-image size-medium\"><img loading=\"lazy\" decoding=\"async\" width=\"580\" height=\"503\" src=\"https:\/\/www.almega.se\/app\/uploads\/2023\/06\/Diagram-5-580x503.png\" alt=\"Diagram 5: Andel funktionsnedsatta per kod 2017-2022.\" class=\"wp-image-64669\" srcset=\"https:\/\/www.almega.se\/app\/uploads\/2023\/06\/Diagram-5-580x503.png 580w, https:\/\/www.almega.se\/app\/uploads\/2023\/06\/Diagram-5-1180x1024.png 1180w, https:\/\/www.almega.se\/app\/uploads\/2023\/06\/Diagram-5-380x330.png 380w, https:\/\/www.almega.se\/app\/uploads\/2023\/06\/Diagram-5-768x667.png 768w, https:\/\/www.almega.se\/app\/uploads\/2023\/06\/Diagram-5-1536x1333.png 1536w, https:\/\/www.almega.se\/app\/uploads\/2023\/06\/Diagram-5.png 1544w\" sizes=\"auto, (max-width: 580px) 100vw, 580px\" \/><figcaption class=\"wp-element-caption\"><br>K\u00e4lla: Arbetsf\u00f6rmedlingen (dessa \u00e4r de koder som g\u00e4ller sedan 2021. Andra koder har utg\u00e5tt men finns \u00e4nd\u00e5 registrerade i statistiken, dessa har i denna tabell r\u00e4knats in i nu aktuella koder f\u00f6r en tydligare bild av utvecklingen \u00f6ver tid)<\/figcaption><\/figure>\n\n\n\n<p>F\u00f6rdelen f\u00f6r den arbetss\u00f6kande med konstaterad funktionsneds\u00e4ttning \u00e4r att koden kan ge r\u00e4tt till l\u00f6nebidrag, antingen f\u00f6r anpassning av arbetsplatsen eller som ekonomiskt st\u00f6d till arbetsgivaren att betala l\u00f6n. Nackdelen \u00e4r den uppenbara stigmatiseringen att bli klassificerad som funktionsnedsatt, b\u00e5de i bilden av sig sj\u00e4lv och hur andra uppfattar en. Det fokuserar ocks\u00e5 p\u00e5 den arbetss\u00f6kandes brister snarare \u00e4n personens f\u00f6rm\u00e5gor.<\/p>\n\n\n\n<h3 class=\"wp-block-heading\"><strong>En l\u00e5ngsam och omst\u00e4ndlig process<\/strong><\/h3>\n\n\n\n<p>Arbetsf\u00f6rmedlingen har som m\u00e5l att snabbare identifiera funktionsneds\u00e4ttning som medf\u00f6r nedsatt arbetsf\u00f6rm\u00e5ga och d\u00e4rmed s\u00e4nka antalet dagar till registrering. I genomsnitt tar det dock n\u00e4stan ett helt \u00e5r f\u00f6r en arbetss\u00f6kande att f\u00e5 en kod. Det \u00e4r ett \u00e5r som den s\u00f6kande st\u00e5r utan det st\u00f6d som personen har r\u00e4tt till.<\/p>\n\n\n\n<p>Genomsnittstiden har ocks\u00e5 \u00f6kat \u00f6ver tid. Det f\u00f6rklarar myndigheten med att pandemin f\u00f6rsv\u00e5rade utredningsm\u00f6jligheterna f\u00f6r gruppen och att v\u00e5rden har varit h\u00e5rt belastad.<sup>9<\/sup> Men som framg\u00e5r av diagram 6 var den genomsnittliga tiden runt 300 dagar innan covid19-pandemin.<\/p>\n\n\n\n<figure class=\"wp-block-image size-medium\"><img loading=\"lazy\" decoding=\"async\" width=\"580\" height=\"288\" src=\"https:\/\/www.almega.se\/app\/uploads\/2023\/06\/Diagram-6-580x288.png\" alt=\"Diagram 6: Genomsnittlig inskrivningstid till att f\u00e5 funktionsneds\u00e4ttningskod\" class=\"wp-image-64672\" srcset=\"https:\/\/www.almega.se\/app\/uploads\/2023\/06\/Diagram-6-580x288.png 580w, https:\/\/www.almega.se\/app\/uploads\/2023\/06\/Diagram-6-1180x586.png 1180w, https:\/\/www.almega.se\/app\/uploads\/2023\/06\/Diagram-6-380x189.png 380w, https:\/\/www.almega.se\/app\/uploads\/2023\/06\/Diagram-6-768x381.png 768w, https:\/\/www.almega.se\/app\/uploads\/2023\/06\/Diagram-6.png 1494w\" sizes=\"auto, (max-width: 580px) 100vw, 580px\" \/><figcaption class=\"wp-element-caption\"><br>K\u00e4lla: Arbetsf\u00f6rmedlingen. Uttag Statistikenheten 2023-03-08<\/figcaption><\/figure>\n\n\n\n<h3 class=\"wp-block-heading\"><strong>En analys av processens sju steg<\/strong><\/h3>\n\n\n\n<p>F\u00f6r den som har funktionsneds\u00e4ttning och beh\u00f6ver extra st\u00f6d f\u00f6r att komma i jobb \u00e4r v\u00e4gen till st\u00f6det alltf\u00f6r kr\u00e5nglig och l\u00e5ng. Att processen med dess fastst\u00e4llda rutiner dessutom inte f\u00f6ljs g\u00f6r att nya arbetss\u00e4tt beh\u00f6ver komma p\u00e5 plats f\u00f6r att \u00f6ka m\u00f6jligheterna f\u00f6r den arbetss\u00f6kande att f\u00e5 st\u00f6d som leder till jobb.<\/p>\n\n\n\n<p>F\u00f6r att en effektiv och tr\u00e4ffs\u00e4ker process ska uppn\u00e5s m\u00e5ste man b\u00f6rja med att analysera processen redan vid inskrivningen f\u00f6r den arbetss\u00f6kande. V\u00e5r utg\u00e5ngspunkt \u00e4r att individens m\u00f6jliga v\u00e4g till arbete ska vara styrande, samt att processen ska vara s\u00e5 effektivt som m\u00f6jligt, b\u00e5de g\u00e4llande tid och ekonomiska resurser.<\/p>\n\n\n\n<h4 class=\"wp-block-heading\"><strong>Dagens process kan beskrivas i f\u00f6ljande sju steg:<\/strong><\/h4>\n\n\n\n<figure class=\"wp-block-image size-medium\"><img loading=\"lazy\" decoding=\"async\" width=\"580\" height=\"207\" src=\"https:\/\/www.almega.se\/app\/uploads\/2023\/06\/Skarmavbild-2023-06-19-kl.-14.59.13-580x207.png\" alt=\"En analys av processens sju steg\" class=\"wp-image-64673\" srcset=\"https:\/\/www.almega.se\/app\/uploads\/2023\/06\/Skarmavbild-2023-06-19-kl.-14.59.13-580x207.png 580w, https:\/\/www.almega.se\/app\/uploads\/2023\/06\/Skarmavbild-2023-06-19-kl.-14.59.13-1180x421.png 1180w, https:\/\/www.almega.se\/app\/uploads\/2023\/06\/Skarmavbild-2023-06-19-kl.-14.59.13-380x136.png 380w, https:\/\/www.almega.se\/app\/uploads\/2023\/06\/Skarmavbild-2023-06-19-kl.-14.59.13-768x274.png 768w, https:\/\/www.almega.se\/app\/uploads\/2023\/06\/Skarmavbild-2023-06-19-kl.-14.59.13-1536x548.png 1536w, https:\/\/www.almega.se\/app\/uploads\/2023\/06\/Skarmavbild-2023-06-19-kl.-14.59.13.png 1658w\" sizes=\"auto, (max-width: 580px) 100vw, 580px\" \/><\/figure>\n\n\n\n<h4 class=\"wp-block-heading\"><strong><mark class=\"has-inline-color has-primary-color\">Steg 1:<\/mark> Inskrivning f\u00f6r arbetss\u00f6kande<\/strong><\/h4>\n\n\n\n<p>Det f\u00f6rsta steget i processen \u00e4r en inskrivning som arbetss\u00f6kande hos Arbetsf\u00f6rmedlingen. Inskrivningen \u00e4r ofta digital. Det finns dock inte m\u00f6jlighet att ange om man har en funktionsneds\u00e4ttning eller n\u00e5gon form av oh\u00e4lsa.<\/p>\n\n\n\n<p><strong>F\u00f6rb\u00e4ttringsf\u00f6rslag: <\/strong>De flesta som skriver in sig som arbetss\u00f6kande \u00e4r inte i behov av st\u00f6d. Det \u00e4r d\u00e4rf\u00f6r viktigt att identifiera vilka som verkligen beh\u00f6ver st\u00f6d f\u00f6r att komma i arbete. Det finns goda m\u00f6jligheter att redan vid den digitala inskrivningen f\u00e5nga individer som riskerar att hamna i l\u00e5ngvarig arbetsl\u00f6shet. Inte minst g\u00e4llande funktionsneds\u00e4ttning som medf\u00f6r nedsatt arbetsf\u00f6rm\u00e5ga d\u00e4r en s\u00e5 enkel funktion som att bocka i ett ja eller nej skulle underl\u00e4tta.<\/p>\n\n\n\n<h4 class=\"wp-block-heading\"><strong><mark class=\"has-inline-color has-primary-color\">Steg 2: <\/mark>Arbetsmarknadspolitisk bed\u00f6mning<\/strong><\/h4>\n\n\n\n<p>I steg tv\u00e5 genomg\u00e5r den arbetss\u00f6kande en arbetsmarknadspolitisk bed\u00f6mning. Bed\u00f6mningen fastst\u00e4ller hur l\u00e5ngt fr\u00e5n arbetsmarknaden individen st\u00e5r och ligger till grund f\u00f6r om individen kommer att erbjudas st\u00f6d fr\u00e5n myndigheten eller ej.<\/p>\n\n\n\n<p>Fr\u00e5n att tidigare varit en helt manuell process d\u00e4r den enskilde handl\u00e4ggaren hos Arbetsf\u00f6rmedlingen ansvarade f\u00f6r bed\u00f6mningen anv\u00e4nds nu i f\u00f6rsta hand ett statistiskt bed\u00f6mningsst\u00f6d. Det leder till b\u00e5de b\u00e4ttre enhetlighet och st\u00f6rre r\u00e4ttss\u00e4kerhet g\u00e4llande bed\u00f6mningarna.<sup>10<\/sup> Men om en person beh\u00f6ver ytterligare st\u00f6d kr\u00e4vs en manuell bed\u00f6mning av en handl\u00e4ggare.<\/p>\n\n\n\n<p><strong>F\u00f6rb\u00e4ttringsf\u00f6rslag: <\/strong>Den arbetsmarknadspolitiska bed\u00f6mningen kan bli mer tr\u00e4ffs\u00e4ker. Dessutom beh\u00f6ver handl\u00e4ggarna f\u00f6rdjupad kunskap om funktionsneds\u00e4ttningar. De flesta f\u00e5r inte heller st\u00f6d f\u00f6rr\u00e4n efter m\u00e5nader uppemot \u00e5r av arbetsl\u00f6shet. H\u00e4r m\u00e5ste anvisningsprocessen f\u00f6rb\u00e4ttras.<\/p>\n\n\n\n<h4 class=\"wp-block-heading\"><strong><mark class=\"has-inline-color has-primary-color\">Steg 3:<\/mark> Utredning om funktionsneds\u00e4ttning p\u00e5verkar arbetsf\u00f6rm\u00e5gan<\/strong><\/h4>\n\n\n\n<p>I steg tre kompletteras den arbetsmarknadspolitiska bed\u00f6mningen f\u00f6r personer som uppger att de har en funktionsneds\u00e4ttning eller visar tecken p\u00e5 funktionsneds\u00e4ttning. Arbetsf\u00f6rmedlingen utreder om och hur funktionsneds\u00e4ttningen kan p\u00e5verka den arbetss\u00f6kandes \u00f6vergripande arbetsf\u00f6rm\u00e5ga, relaterat till matchning mot arbete eller studier.<sup>11<\/sup><\/p>\n\n\n\n<p>F\u00f6r den som inte anses ha nedsatt arbetsf\u00f6rm\u00e5ga avslutas processen, medan de som ses vara i behov av st\u00f6d forts\u00e4tter med n\u00e4sta steg.<\/p>\n\n\n\n<p><strong>F\u00f6rb\u00e4ttringsf\u00f6rslag: <\/strong>Varje individs unika kompetens ska ligga som grund f\u00f6r bed\u00f6mningen. Arbetsf\u00f6rm\u00e5gan kan skilja sig stort mellan olika arbeten, olika arbetsplatser och vilken anpassning som ges. Trots detta har myndigheten \u00e4nnu inte utrett vilken typ av anpassning som beh\u00f6vs f\u00f6r att kunna arbeta.<\/p>\n\n\n\n<p>Det kr\u00e4vs ett skifte av fokus. I st\u00e4llet f\u00f6r att granska vad individen inte kan, m\u00e5ste handl\u00e4ggarna ta reda p\u00e5 vilka kompetenser individen besitter och hur de, med enklast anpassning, kan komma en arbetsgivare till del.<\/p>\n\n\n\n<h4 class=\"wp-block-heading\"><strong><mark class=\"has-inline-color has-primary-color\">Steg 4:<\/mark> Underlag som styrker funktionsneds\u00e4ttningen<\/strong><\/h4>\n\n\n\n<p>I steg fyra ska information som styrker individens funktionsneds\u00e4ttning inh\u00e4mtas till Arbetsf\u00f6rmedlingen. Exempel p\u00e5 underlag som myndigheten godtar \u00e4r medicinska underlag fr\u00e5n professioner inom v\u00e5rden, s\u00e4rskolebevis eller dokumentation fr\u00e5n specialskola. Men det \u00e4r sv\u00e5rt att styrka funktionsneds\u00e4ttning hos arbetss\u00f6kande som inte har n\u00e5gon p\u00e5g\u00e5ende v\u00e5rdkontakt eller n\u00e5got underlag sedan tidigare.<sup>12<\/sup><\/p>\n\n\n\n<p><strong>F\u00f6rb\u00e4ttringsf\u00f6rslag: <\/strong>Arbetsf\u00f6rmedlingen och ber\u00f6rd part, s\u00e5som myndighet eller region, borde elektroniskt kunna dela informationen och d\u00e5 helt automatiserat i samband med inskrivning i myndigheten.<\/p>\n\n\n\n<h4 class=\"wp-block-heading\"><strong><mark class=\"has-inline-color has-primary-color\">Steg 5: <\/mark>Samlad bed\u00f6mning om och hur funktionsneds\u00e4ttningen p\u00e5verkar arbetsf\u00f6rm\u00e5gan<\/strong><\/h4>\n\n\n\n<p>I det femte steget utreds \u00e5terigen arbetsf\u00f6rm\u00e5gan. Arbetsf\u00f6rmedlingen utreder individens resurser och begr\u00e4nsningar i relation till arbete och arbetsmilj\u00f6. Det handlar bland annat om att klarl\u00e4gga \u201darbetsuppgifter och arbetsmilj\u00f6er som b\u00f6r undvikas\u201d.<sup>13<\/sup> Den samlande bed\u00f6mningen ska ligga till grund f\u00f6r behovet av st\u00f6d f\u00f6r matchningen av den arbetss\u00f6kande mot jobb eller studier.<\/p>\n\n\n\n<p><strong>F\u00f6rb\u00e4ttringsf\u00f6rslag: <\/strong>\u00c4ven i detta steg ligger fokus p\u00e5 individens begr\u00e4nsningar snarare \u00e4n m\u00f6jligheter.<\/p>\n\n\n\n<h4 class=\"wp-block-heading\"><strong><mark class=\"has-inline-color has-primary-color\">Steg 6:<\/mark> Kodningen<\/strong><\/h4>\n\n\n\n<p>I det sj\u00e4tte steget tilldelar Arbetsf\u00f6rmedlingen individerna med funktionshinderkod. F\u00f6r att f\u00e5 en kod, och d\u00e4rmed r\u00e4tt till vissa hj\u00e4lpinsatser, kr\u00e4vs i de flesta fall ett l\u00e4karutl\u00e5tande (eller ett utl\u00e5tande fr\u00e5n en psykolog eller logoped) som beskriver omfattningen av funktionsneds\u00e4ttningen och hur den p\u00e5verkar arbetsf\u00f6rm\u00e5gan. Arbetsf\u00f6rmedlingens egna specialister beh\u00f6ver d\u00e4refter bekr\u00e4fta funktionsneds\u00e4ttningen och bed\u00f6ma hur den p\u00e5verkar den arbetss\u00f6kandes f\u00f6ruts\u00e4ttningar och begr\u00e4nsningar f\u00f6r arbete. Den arbetss\u00f6kande m\u00e5ste sedan acceptera kodningen av funktionsneds\u00e4ttning.<\/p>\n\n\n\n<p><strong>F\u00f6rb\u00e4ttringsf\u00f6rslag: <\/strong>De finns en stor risk att de arbetss\u00f6kande inte ses som en individ, utan snarare \u201dblir\u201d sin kod. \u00c4ven myndighetens egna anst\u00e4llda uppger att spr\u00e5kbruket kan leda till ett fokus p\u00e5 registrering snarare \u00e4n att identifiera den arbetss\u00f6kandes st\u00f6dbehov.<sup>14<\/sup><\/p>\n\n\n\n<h4 class=\"wp-block-heading\"><strong><mark class=\"has-inline-color has-primary-color\">Steg 7:<\/mark> Beslut om s\u00e4rskilda insatser f\u00f6r personer med funktionsneds\u00e4ttning som medf\u00f6r nedsatt arbetsf\u00f6rm\u00e5ga<\/strong><\/h4>\n\n\n\n<p>I det sjunde steget fattas beslut ifall s\u00e4rskilt st\u00f6d beh\u00f6vs f\u00f6r den arbetss\u00f6kande med funktionsneds\u00e4ttning. Nu genomf\u00f6rs en arbetskravsanalys f\u00f6r l\u00f6nebidrag.<\/p>\n\n\n\n<p><strong>F\u00f6rb\u00e4ttringsf\u00f6rslag: <\/strong>Den h\u00e4r delen av processen beh\u00f6ver en snabbare handl\u00e4ggning och en f\u00f6rb\u00e4ttrad dokumentation.<\/p>\n\n\n\n<h3 class=\"wp-block-heading\"><strong>Brister i dagens process<\/strong><\/h3>\n\n\n\n<p>Den l\u00e5nga och resurskr\u00e4vande processen har en omfattande f\u00f6rb\u00e4ttringspotential, inte bara utifr\u00e5n utformning utan \u00e4ven dess till\u00e4mpning.<\/p>\n\n\n\n<p>Den genomsnittliga ledtiden var f\u00f6rra \u00e5ret 366 dagar f\u00f6r en arbetss\u00f6kande att f\u00e5 en funktionshinderkod. Det inneb\u00e4r att en nyinskriven arbetss\u00f6kande med funktionsneds\u00e4ttning som medf\u00f6r nedsatt arbetsf\u00f6rm\u00e5ga i snitt hade hamnat i l\u00e5ngtidsarbetsl\u00f6shet redan innan beslut om insats hade fattats.<\/p>\n\n\n\n<p>Enligt myndigheten finns ocks\u00e5 brister i n\u00e4stan 60 procent av \u00e4rendena. Den vanligaste bristen var att det saknades en dokumenterad samlad bed\u00f6mning om hur funktionsneds\u00e4ttningen p\u00e5verkar arbetsf\u00f6rm\u00e5gan. I enbart 44 procent av \u00e4rendena framkommer dokumentationen.<sup>15<\/sup> I praktiken inneb\u00e4r det att fokus varit p\u00e5 att s\u00e4tta kod snarare \u00e4n att hj\u00e4lpa den arbetss\u00f6kande att hitta r\u00e4tt st\u00f6d utifr\u00e5n dess behov.<\/p>\n\n\n\n<p>Myndigheten har \u00e4ven p\u00e5b\u00f6rjat arbetet med att f\u00f6rb\u00e4ttra processen f\u00f6r att komma till bukt med p\u00e5visade brister under processen. Det sker i form av en kompletterande bed\u00f6mning till den arbetsmarknadspolitiska bed\u00f6mningen d\u00e4r flera personer med olika kompetens inom arbetslivsrehabilitering arbetar i n\u00e4ra samarbete. Detta arbetss\u00e4tt \u00e4r dock inte fullt ut implementerat och d\u00e4rf\u00f6r f\u00f6r tidigt att utv\u00e4rdera effekterna av arbetet.<\/p>\n\n\n<a class='Share__link Share__link--url copy-text' href='#' rel='nofollow' data-text='vagen-till-arbete-genom-upphandlade-tjanster' title='Dela url' data-confirmation='L\u00e4nken kopierades till urklipp'><svg class='icon icon--link'  width='18' height='18' viewBox='0 0 18 18' fill='none' xmlns='http:\/\/www.w3.org\/2000\/svg'>\n            <path d='M10.4142 0.514721L6.87868 4.05025L8.29289 5.46447L11.1213 2.63604L15.364 6.87868L12.5355 9.70711L13.9497 11.1213L17.4853 7.58579C17.8763 7.19476 17.8763 6.5626 17.4853 6.17158L11.8284 0.514721C11.4374 0.123691 10.8052 0.123691 10.4142 0.514721Z' fill='black'\/>\n            <path d='M9.7071 12.5355L6.87868 15.364L2.63604 11.1213L5.46446 8.2929L4.05025 6.87868L0.514716 10.4142C0.123686 10.8052 0.123686 11.4374 0.514716 11.8284L6.17157 17.4853C6.5626 17.8763 7.19475 17.8763 7.58578 17.4853L11.1213 13.9497L9.7071 12.5355Z' fill='black'\/>\n            <path d='M6.17157 11.8284C6.5626 12.2195 7.19475 12.2195 7.58578 11.8284L11.8284 7.58579C12.2195 7.19476 12.2195 6.56261 11.8284 6.17158C11.4374 5.78055 10.8052 5.78055 10.4142 6.17158L6.17157 10.4142C5.78054 10.8052 5.78054 11.4374 6.17157 11.8284Z' fill='black'\/>\n            <\/svg> <\/a>\n<h2 class=\"wp-block-heading\">V\u00e4gen till arbete genom upphandlade tj\u00e4nster<\/h2>\n\n\n\n<ul class=\"wp-block-list\">\n<li>Tj\u00e4nsten KROM levererar h\u00f6ga resultat f\u00f6r personer som varit arbetss\u00f6kande i mer \u00e4n 24 m\u00e5nader.<\/li>\n\n\n\n<li>Det finns m\u00e5nga frist\u00e5ende akt\u00f6rer som \u00e4r specialiserade p\u00e5 personer med funktionsneds\u00e4ttning.<\/li>\n\n\n\n<li>SIUS skulle kunna vara effektivare om frist\u00e5ende akt\u00f6rer fick leverera tj\u00e4nsten helt enligt metodiken Supported Employment.<\/li>\n<\/ul>\n\n\n\n<p>I det h\u00e4r avsnittet ger vi en samlad bild av de olika tj\u00e4nster och insatser som arbetss\u00f6kande kan ta del av p\u00e5 v\u00e4gen till arbete. Den stora m\u00e4ngden av insatser \u00e4r problematisk. Det \u00e4r sv\u00e5rt att f\u00e5 en samlad bild av utbudet av program, tj\u00e4nster och insatser. Det \u00e4r ocks\u00e5 ett problem att Arbetsf\u00f6rmedlingen inte presenterar resultat och uppf\u00f6ljningar av alla insatserna som de utf\u00f6r i egen regi.<\/p>\n\n\n\n<h3 class=\"wp-block-heading\">Rusta och matcha (KROM)<\/h3>\n\n\n\n<p>Rusta och matcha \u00e4r ett valfrihetssystem d\u00e4r frist\u00e5ende leverant\u00f6rer kan hj\u00e4lpa arbetss\u00f6kande som har varit inskriven p\u00e5 Arbetsf\u00f6rmedlingen under en l\u00e4ngre tid. I Rusta och matcha v\u00e4ljer deltagaren en leverant\u00f6r och f\u00e5r d\u00e4r en egen handledare som hj\u00e4lper till under v\u00e4gen mot syssels\u00e4ttning. St\u00f6det kan ges under 12 m\u00e5nader.<sup>16<\/sup><\/p>\n\n\n\n<p>Det finns flera leverant\u00f6rer med olika inriktningar att v\u00e4lja bland. De kan ha lokal f\u00f6rankring, vara speciellt fokuserade p\u00e5 en sektor eller p\u00e5 en m\u00e5lgrupp.<\/p>\n\n\n\n<p>Tj\u00e4nsten \u00e4r tydligt fokuserad p\u00e5 resultat och erbjuds de som enligt den arbetsmarknadspolitiska bed\u00f6mningen befinner sig inom den ram som g\u00e4ller avst\u00e5nd till arbetsmarknaden. Genom att vara uppdelad i tre olika sp\u00e5r utifr\u00e5n bed\u00f6mt behov av st\u00f6d regleras ers\u00e4ttningen till leverant\u00f6ren som d\u00e5 kan anpassa tj\u00e4nsten utifr\u00e5n individen. <\/p>\n\n\n\n<p>Trots att det \u00e4r en generell tj\u00e4nst har den visat goda resultat f\u00f6r grupper som st\u00e5r l\u00e5ngt ifr\u00e5n arbetsmarknaden. Som diagram 7 visar fick 40 procent av deltagarna i Jobb- och utvecklingsgarantin ett arbete efter tj\u00e4nsten. F\u00f6r gruppen med funktionsneds\u00e4ttning var siffran 26 procent. F\u00f6r gruppen som varit utan arbete i mer \u00e4n 24 m\u00e5nader var siffran 37 procent.<\/p>\n\n\n\n<figure class=\"wp-block-image size-medium\"><img loading=\"lazy\" decoding=\"async\" width=\"580\" height=\"320\" src=\"https:\/\/www.almega.se\/app\/uploads\/2023\/06\/Diagram-7-580x320.png\" alt=\"Diagram 7: Andel av deltagarna i Rusta och matcha som f\u00e5tt arbete 2022.\" class=\"wp-image-64676\" srcset=\"https:\/\/www.almega.se\/app\/uploads\/2023\/06\/Diagram-7-580x320.png 580w, https:\/\/www.almega.se\/app\/uploads\/2023\/06\/Diagram-7-1180x651.png 1180w, https:\/\/www.almega.se\/app\/uploads\/2023\/06\/Diagram-7-380x210.png 380w, https:\/\/www.almega.se\/app\/uploads\/2023\/06\/Diagram-7-768x424.png 768w, https:\/\/www.almega.se\/app\/uploads\/2023\/06\/Diagram-7.png 1490w\" sizes=\"auto, (max-width: 580px) 100vw, 580px\" \/><figcaption class=\"wp-element-caption\"><br>K\u00e4lla Arbetsf\u00f6rmedlingen, Statistikenheten 2023-03-29<\/figcaption><\/figure>\n\n\n\n<h3 class=\"wp-block-heading\">Arbetsmarknadsutbildning (AUB)<\/h3>\n\n\n\n<p>En arbetsmarknadsutbildning \u00e4r en kort, yrkesinriktad utbildning till yrken d\u00e4r det finns brist p\u00e5 utbildad personal. Utbildningen kan vara allt fr\u00e5n n\u00e5gra veckor upp till sex m\u00e5nader. Den ges av en utbildningssamordnare p\u00e5 uppdrag av Arbetsf\u00f6rmedlingen. Under m\u00e5nga \u00e5r har antalet arbetss\u00f6kande som f\u00e5r ta del av en arbetsmarknadsutbildning minskat.<\/p>\n\n\n\n<p>I diagram 8 framg\u00e5r att av alla inom Jobb- och utvecklingsgarantin som p\u00e5b\u00f6rjar en arbetsmarknadsutbildning \u00f6verg\u00e5r 27 procent till ett arbete. F\u00f6r gruppen med funktionsneds\u00e4ttning \u00e4r motsvarande siffror 24 procent. F\u00f6r gruppen som varit utan arbete i mer \u00e4n 24 m\u00e5nader \u00e4r siffran 25 procent.<\/p>\n\n\n\n<figure class=\"wp-block-image size-medium\"><img loading=\"lazy\" decoding=\"async\" width=\"580\" height=\"291\" src=\"https:\/\/www.almega.se\/app\/uploads\/2023\/06\/Diagram-8-580x291.png\" alt=\"\nDiagram 8: Andel av deltagarna i arbetsmarknadsutbildning som f\u00e5tt arbete 2022.\" class=\"wp-image-64677\" srcset=\"https:\/\/www.almega.se\/app\/uploads\/2023\/06\/Diagram-8-580x291.png 580w, https:\/\/www.almega.se\/app\/uploads\/2023\/06\/Diagram-8-1180x592.png 1180w, https:\/\/www.almega.se\/app\/uploads\/2023\/06\/Diagram-8-380x190.png 380w, https:\/\/www.almega.se\/app\/uploads\/2023\/06\/Diagram-8-768x385.png 768w, https:\/\/www.almega.se\/app\/uploads\/2023\/06\/Diagram-8-1536x770.png 1536w, https:\/\/www.almega.se\/app\/uploads\/2023\/06\/Diagram-8.png 1568w\" sizes=\"auto, (max-width: 580px) 100vw, 580px\" \/><figcaption class=\"wp-element-caption\"><br>Diagram 8 K\u00e4lla: K\u00e4lla Arbetsf\u00f6rmedlingen, Statistikenheten 2023-03-29<\/figcaption><\/figure>\n\n\n\n<h3 class=\"wp-block-heading\">Individuellt pedagogiskt st\u00f6d vid utbildning (IPSU)<\/h3>\n\n\n\n<p>Individuellt pedagogiskt st\u00f6d vid utbildning (IPSU) finns f\u00f6r arbetss\u00f6kande med funktionsneds\u00e4ttning, f\u00f6r att \u00f6ka m\u00f6jligheterna f\u00f6r dem att klara en utbildning. Det \u00e4r en tj\u00e4nst som kan ben\u00e4mnas som Supported Education.<\/p>\n\n\n\n<p>Bland deltagarna kan alla typer av funktionsneds\u00e4ttningar f\u00f6rekomma. Det gemensamma f\u00f6r deltagarna \u00e4r att de beh\u00f6ver pedagogiskt st\u00f6d f\u00f6r att klara en utbildning. Tj\u00e4nsten levereras av frist\u00e5ende akt\u00f6rer som kartl\u00e4gger behovet av pedagogiskt st\u00f6d i en specifik utbildning som den arbetss\u00f6kande ska delta i och ger sedan det pedagogiskt st\u00f6det under p\u00e5g\u00e5ende. En stor del av de med funktionsneds\u00e4ttning som deltar i en AUB f\u00e5r st\u00f6d genom IPSU.<\/p>\n\n\n\n<p>Tj\u00e4nsten upphandlades i sin nuvarande form f\u00f6r f\u00f6rsta g\u00e5ngen 2017 men har genom f\u00f6reg\u00e5ngare funnits i \u00f6ver 20 \u00e5r med frist\u00e5ende akt\u00f6rer som st\u00e5r f\u00f6r hela insatsen i samarbete med AUB-leverant\u00f6ren.<\/p>\n\n\n\n<h4 class=\"wp-block-heading\"><strong><mark class=\"has-inline-color has-primary-color\">Tabell 1:<\/mark> <\/strong>Antal <strong>deltagare i insatsen<br>individuellt pedagogiskt st\u00f6d vid utbildning 2017-2022<\/strong><\/h4>\n\n\n\n<figure class=\"wp-block-table is-style-stripes\"><table><tbody><tr><td><\/td><td>2017<\/td><td>2018<\/td><td>2019<\/td><td>2020<\/td><td>2021<\/td><td>2022<\/td><\/tr><tr><td>Deltagare i insatsen individuellt pedagogiskt st\u00f6d vid utbildning<\/td><td>339<\/td><td>1299<\/td><td>1206<\/td><td>1427<\/td><td>1520<\/td><td>1567<\/td><\/tr><\/tbody><\/table><figcaption class=\"wp-element-caption\"><br>K\u00e4lla: Arbetsf\u00f6rmedlingens \u00e5rsredovisning 2019-2023<\/figcaption><\/figure>\n\n\n\n<h3 class=\"wp-block-heading\">Introduktion till Arbete (INAB)<\/h3>\n\n\n\n<p>Introduktion till Arbete (INAB) \u00e4r en tj\u00e4nst d\u00e4r deltagaren har varit borta fr\u00e5n arbetsmarknaden under en l\u00e5ng tid. Syftet \u00e4r att f\u00f6rbereda deltagaren f\u00f6r att komma i jobb, studera eller delta i en annan arbetsmarknadspolitisk tj\u00e4nst.<sup>17<\/sup><\/p>\n\n\n\n<p>Det \u00e4r en tj\u00e4nst som \u00e4r flexibel utifr\u00e5n deltagaren och b\u00f6rjar med en kartl\u00e4ggningsfas f\u00f6r att ta reda p\u00e5 vilket st\u00f6d som beh\u00f6vs f\u00f6r deltagaren. Det \u00e4r inte ovanligt att deltagaren har n\u00e5gon form av funktionsneds\u00e4ttning som g\u00f6r att man beh\u00f6ver ta del av den arbetspr\u00f6vning som finns i tj\u00e4nsten.<\/p>\n\n\n\n<p>Precis som i IPSU \u00e4r det Arbetsf\u00f6rmedlingen som anvisar till tj\u00e4nsten med en frist\u00e5ende akt\u00f6r som st\u00e5r f\u00f6r kartl\u00e4ggning och resterande delar av insatsen. Delar av tj\u00e4nsten \u00e4r att likna vid Supported Employment och tiden i INAB \u00e4r utifr\u00e5n deltagarens behov.<\/p>\n\n\n\n<p>En tj\u00e4nst som \u00e4r utformad f\u00f6r den som \u00e4nnu inte \u00e4r redo att s\u00f6ka jobb eller p\u00e5b\u00f6rja studier<sup>18<\/sup> b\u00f6r \u00e4ven resultatet utv\u00e4rderas utifr\u00e5n just dessa premisser. Det \u00e4r d\u00e5 gl\u00e4djande att mer \u00e4n tio procent kommer i jobb trots att det inte \u00e4r m\u00e5let med tj\u00e4nsten vid start.<\/p>\n\n\n\n<p>Att notera \u00e4r att INAB ska ers\u00e4ttas av tj\u00e4nsten Steg till Arbete som \u00e4r en vidareutveckling av tj\u00e4nsten samt tj\u00e4nsten Aktivitetsbaserade utredningsplatser.<\/p>\n\n\n\n<h4 class=\"wp-block-heading\"><strong><mark class=\"has-inline-color has-primary-color\">Tabell 2: <\/mark>Antal deltagare i Introduktion till arbete 2022<\/strong><\/h4>\n\n\n\n<figure class=\"wp-block-table\"><table><tbody><tr><td>INAB<\/td><td>Antal deltagare<\/td><td>Andel i jobb<\/td><\/tr><tr><td>2022<\/td><td>15 916<\/td><td>12%<\/td><\/tr><\/tbody><\/table><figcaption class=\"wp-element-caption\"><br>K\u00e4lla Arbetsf\u00f6rmedlingen \u00c5rsrapporter 2019-2022<\/figcaption><\/figure>\n\n\n\n<h3 class=\"wp-block-heading\">Steg till Arbete (STA)<sup>19<\/sup><\/h3>\n\n\n\n<p>Den nya tj\u00e4nsten Steg till Arbete har klara likheter med INAB och dess m\u00e5lgrupp \u00e4r deltagare som \u00e4r i behov av arbetslivsrehabiliterande insatser p\u00e5 grund av funktionsneds\u00e4ttning, och\/ eller oh\u00e4lsa, f\u00f6r att komma i jobb eller utbildning. Till skillnad fr\u00e5n INAB \u00e4r det uttalade m\u00e5let arbete eller studier och i STA \u00e4r det Arbetsf\u00f6rmedlingen som innan anvisning bed\u00f6mer aktivitetsniv\u00e5 f\u00f6r deltagaren i tj\u00e4nsten som upphandlas av frist\u00e5ende akt\u00f6rer.<\/p>\n\n\n\n<p>Tj\u00e4nsten best\u00e5r av fyra delar d\u00e4r den f\u00f6rsta \u00e4r obligatorisk f\u00f6r alla och den maximala tiden i \u00e4r drygt ett \u00e5r:<\/p>\n\n\n\n<ul class=\"wp-block-list\">\n<li>1. Kartl\u00e4gga behov i tj\u00e4nsten \u2013 3 veckor <\/li>\n\n\n\n<li>2. Kartl\u00e4gga resurser och st\u00f6dbehov \u2013 5 v <\/li>\n\n\n\n<li>3. St\u00e4rka och utveckla &#8211; 6 m\u00e5nader<\/li>\n\n\n\n<li>4. Hitta arbetsplats \u2013 6 m\u00e5nader<\/li>\n<\/ul>\n\n\n\n<p>Vidare delas deltagarna in i olika sp\u00e5r utifr\u00e5n utbildningsniv\u00e5 samt om spr\u00e5k- eller kommunikationsst\u00f6d beh\u00f6vs f\u00f6r deltagaren.<\/p>\n\n\n\n<p>Det \u00e4r leverant\u00f6ren som ska f\u00f6resl\u00e5 l\u00e4mplig arbetsplats f\u00f6r deltagaren samt med sin metodik se till att den arbetss\u00f6kande \u00e4r redo f\u00f6r att jobba sj\u00e4lvst\u00e4ndigt i en anst\u00e4llning.<\/p>\n\n\n\n<p>I upphandlingsunderlaget f\u00f6r tj\u00e4nsten listas flera arbetss\u00e4tt f\u00f6r arbetsterapeuter som ska anv\u00e4ndas, och utf\u00f6ras, i tj\u00e4nsten. Det finns dock inga krav p\u00e5 Supported Employment metoder i denna tj\u00e4nst.<\/p>\n\n\n\n<p>Tj\u00e4nsten \u00e4r f\u00f6rsenad i sin implementering p\u00e5 grund av \u00f6verpr\u00f6vningar av upphandlingen men b\u00f6r fungera v\u00e4l f\u00f6r r\u00e4tt deltagare som har behov av st\u00f6d f\u00f6r att bli redo att s\u00f6ka och matchas mot arbete.<\/p>\n\n\n\n<h3 class=\"wp-block-heading\">SIUS \u2013 S\u00e4rskild st\u00f6dperson f\u00f6r introduktions- och uppf\u00f6ljningsst\u00f6d <sup>20<\/sup><\/h3>\n\n\n\n<p>SIUS \u00e4r Arbetsf\u00f6rmedlingens implementering av Supported Employment och st\u00e5r f\u00f6r S\u00e4rskild st\u00f6dperson f\u00f6r introduktions- och uppf\u00f6ljningsst\u00f6d. Det \u00e4r ett st\u00f6d som kan ges till arbetss\u00f6kande med nedsatt arbetsf\u00f6rm\u00e5ga p\u00e5 grund av funktionsneds\u00e4ttning. Arbetsf\u00f6rmedlingen bed\u00f6mer om en person \u00e4r l\u00e4mplig f\u00f6r det st\u00f6det.<\/p>\n\n\n\n<p>Arbetsf\u00f6rmedlingen har satt upp vissa kriterier f\u00f6r att en arbetss\u00f6kande ska beviljas. En funktionsneds\u00e4ttning ska vara styrkt, den arbetss\u00f6kandes meriter ska vara kartlagda och den arbetss\u00f6kande och Arbetsf\u00f6rmedlingen ska vara \u00f6verens om vilken tj\u00e4nstg\u00f6ringsgrad som \u00e4r aktuell. Inf\u00f6r en initiering av SIUS-\u00e4renden ska ocks\u00e5 en arbetsmarknadspolitisk bed\u00f6mning g\u00f6ras d\u00e4r behov av, och f\u00f6ruts\u00e4ttningar f\u00f6r, SIUS framg\u00e5r.<\/p>\n\n\n\n<p>En svensk studie, som genomf\u00f6rdes mellan 2014 och 2016, visar att 32 procent av de som genomgick Supported Employment hade ett arbete efter 18 m\u00e5nader. Motsvarande siffra f\u00f6r vanlig arbetstr\u00e4ning var 22 procent.<sup>21<\/sup> Artikeln p\u00e5pekar att resultatet \u00e4r l\u00e4gre \u00e4n i j\u00e4mf\u00f6rbara internationella studier, d\u00e4r effektstorleken p\u00e5 anst\u00e4llningen oftast \u00e4r dubbelt s\u00e5 h\u00f6g eller mer. F\u00f6rklaring som forskarna ger \u00e4r att interventionen \u00e4r begr\u00e4nsad till att placera och tr\u00e4na och inte inneh\u00e5ller den v\u00e5rdande delen som Supported Employment g\u00f6r. Det indikerar att Arbetsf\u00f6rmedlingens program skulle kunna vara mycket mer effektivt.<\/p>\n\n\n\n<figure class=\"wp-block-image size-medium\"><img loading=\"lazy\" decoding=\"async\" width=\"580\" height=\"311\" src=\"https:\/\/www.almega.se\/app\/uploads\/2023\/06\/Diagram-9-580x311.png\" alt=\"Diagram 9: Antal deltagare i SIUS under 2022.\" class=\"wp-image-64678\" srcset=\"https:\/\/www.almega.se\/app\/uploads\/2023\/06\/Diagram-9-580x311.png 580w, https:\/\/www.almega.se\/app\/uploads\/2023\/06\/Diagram-9-1180x633.png 1180w, https:\/\/www.almega.se\/app\/uploads\/2023\/06\/Diagram-9-380x204.png 380w, https:\/\/www.almega.se\/app\/uploads\/2023\/06\/Diagram-9-768x412.png 768w, https:\/\/www.almega.se\/app\/uploads\/2023\/06\/Diagram-9-1536x824.png 1536w, https:\/\/www.almega.se\/app\/uploads\/2023\/06\/Diagram-9.png 1574w\" sizes=\"auto, (max-width: 580px) 100vw, 580px\" \/><figcaption class=\"wp-element-caption\"><br>K\u00e4lla: Arbetsf\u00f6rmedlingen, Uttag Statistikenheten 2023-04-04<\/figcaption><\/figure>\n\n\n\n<p>Vidare visar statistik fr\u00e5n Arbetsf\u00f6rmedlingens \u00e5rsrapporter att samtidigt som deltagarantalet inom SIUS \u00f6kat har anslaget minskat.<\/p>\n\n\n\n<h4 class=\"wp-block-heading\"><strong><mark class=\"has-inline-color has-primary-color\">Tabell 3:<\/mark> Antal deltagare och kostnad i kronor f\u00f6r SIUS \u00e5ren 2019 och 2022.<\/strong><\/h4>\n\n\n\n<figure class=\"wp-block-table\"><table><tbody><tr><td>SIUS<\/td><td>Utfall<\/td><td>Deltagare<\/td><td>Kostnad\/deltagare<\/td><td>Resultat (i arbete av avslutade)<\/td><\/tr><tr><td>2019<\/td><td>603 000 000<\/td><td>18 482<\/td><td>32 626<\/td><td>21%<\/td><\/tr><tr><td>2022<\/td><td>460 000 000<\/td><td>19 662<\/td><td>23 395<\/td><td>17%<\/td><\/tr><\/tbody><\/table><figcaption class=\"wp-element-caption\"><br>K\u00e4lla: Arbetsf\u00f6rmedlingen \u00c5rsrapport 2019-2022.<\/figcaption><\/figure>\n\n\n\n<h3 class=\"wp-block-heading\">Specialinsats<\/h3>\n\n\n\n<p>Specialistinsats \u00e4r ett samlingsbegrepp f\u00f6r arbetsf\u00f6rmedlingens interna specialisterprofessioner. Det innefattar psykologer, arbetsterapeuter\/sjukgymnaster, syn-, d\u00f6v- och h\u00f6rselkonsulenter och socialkonsulenter. Sj\u00e4lva insatsen varierar beroende p\u00e5 vilken profession som utf\u00f6r den.<\/p>\n\n\n\n<h4 class=\"wp-block-heading\"><strong><mark class=\"has-inline-color has-primary-color\">Tabell 4:<\/mark> Antal deltagare i specialinsatser \u00e5ren 2017 till och med 2022.<\/strong><\/h4>\n\n\n\n<figure class=\"wp-block-table\"><table><tbody><tr><td>Deltagare<\/td><td>2017<\/td><td>2018<\/td><td>2019<\/td><td>2020<\/td><td>2021<\/td><td>2022<\/td><\/tr><tr><td>Specialinsatser<\/td><td>36 069<\/td><td>33 198<\/td><td>23 249<\/td><td>18 197<\/td><td>19 036<\/td><td>19 662<\/td><\/tr><\/tbody><\/table><figcaption class=\"wp-element-caption\"><br>K\u00e4lla: Arbetsf\u00f6rmedlingen<\/figcaption><\/figure>\n\n\n\n<p>N\u00e4stan h\u00e4lften s\u00e5 m\u00e5nga f\u00e5r ta del av en specialinsats \u00e5r 2022 \u00e4n som fick det \u00e5r 2017. Ingen motsvarande minskning av hur m\u00e5nga som bed\u00f6mts har funktionsneds\u00e4ttning g\u00e5r att finna i \u00f6ver hur m\u00e5nga som f\u00e5tt en funktionsneds\u00e4ttningskod.<\/p>\n\n\n<a class='Share__link Share__link--url copy-text' href='#' rel='nofollow' data-text='tjanster-och-medel-for-personer-med-funktionsnedsattning-med-nedsatt-arbetsformaga' title='Dela url' data-confirmation='L\u00e4nken kopierades till urklipp'><svg class='icon icon--link'  width='18' height='18' viewBox='0 0 18 18' fill='none' xmlns='http:\/\/www.w3.org\/2000\/svg'>\n            <path d='M10.4142 0.514721L6.87868 4.05025L8.29289 5.46447L11.1213 2.63604L15.364 6.87868L12.5355 9.70711L13.9497 11.1213L17.4853 7.58579C17.8763 7.19476 17.8763 6.5626 17.4853 6.17158L11.8284 0.514721C11.4374 0.123691 10.8052 0.123691 10.4142 0.514721Z' fill='black'\/>\n            <path d='M9.7071 12.5355L6.87868 15.364L2.63604 11.1213L5.46446 8.2929L4.05025 6.87868L0.514716 10.4142C0.123686 10.8052 0.123686 11.4374 0.514716 11.8284L6.17157 17.4853C6.5626 17.8763 7.19475 17.8763 7.58578 17.4853L11.1213 13.9497L9.7071 12.5355Z' fill='black'\/>\n            <path d='M6.17157 11.8284C6.5626 12.2195 7.19475 12.2195 7.58578 11.8284L11.8284 7.58579C12.2195 7.19476 12.2195 6.56261 11.8284 6.17158C11.4374 5.78055 10.8052 5.78055 10.4142 6.17158L6.17157 10.4142C5.78054 10.8052 5.78054 11.4374 6.17157 11.8284Z' fill='black'\/>\n            <\/svg> <\/a>\n<h2 class=\"wp-block-heading\">Tj\u00e4nster och medel f\u00f6r personer med funktionsneds\u00e4ttning med nedsatt arbetsf\u00f6rm\u00e5ga<\/h2>\n\n\n\n<p>Antalet deltagare har minskat i alla tj\u00e4nster som riktar sig till personer med en funktionsneds\u00e4ttning som utg\u00f6r en nedsatt arbetsf\u00f6rm\u00e5ga. Undantaget \u00e4r att n\u00e5got fler har f\u00e5tt ta del av SIUS.<\/p>\n\n\n\n<p>Sammanlagt r\u00f6r det sig om en minskning fr\u00e5n 87 905 personer \u00e5r 2017 till 53 374 \u00e5r 2022. Det \u00e4r 39 procent f\u00e4rre.<\/p>\n\n\n\n<p>Samtidigt har de medel som ansl\u00e5s i statsbudgeten \u00f6kat. Dessa utnyttjas dock inte. Som framg\u00e5r av tabell 5 l\u00e4mnade Arbetsf\u00f6rmedlingen tillbaka 1,7 miljarder till statskassan f\u00f6rra \u00e5ret. Ungef\u00e4r 5 000 personer hade kunnat f\u00e5 en insats f\u00f6r dessa medel.<\/p>\n\n\n\n<h4 class=\"wp-block-heading\"><strong><mark class=\"has-inline-color has-primary-color\">Tabell 5: <\/mark>Antal deltagare i insatser f\u00f6r personer med nedsatt arbetsf\u00f6rm\u00e5ga till f\u00f6ljd av funktionsneds\u00e4ttning<\/strong><\/h4>\n\n\n\n<figure class=\"wp-block-table\"><table><tbody><tr><td><\/td><td>2017<\/td><td>2018<\/td><td>2019<\/td><td>2020<\/td><td>2021<\/td><td>2022<\/td><\/tr><tr><td>Totalt antal deltagare<\/td><td>87 905<\/td><td>80 198<\/td><td>65 095<\/td><td>50 993<\/td><td>50 817<\/td><td>53 374<\/td><\/tr><tr><td>Andel deltagare j\u00e4mf\u00f6rt med 2017<\/td><td>100%<\/td><td>91%<\/td><td>74%<\/td><td>60%<\/td><td>58%<\/td><td>61%<\/td><\/tr><tr><td>Anslag Statsbudget i miljoner kronor<\/td><td>18 405<\/td><td>19 197<\/td><td>19 532<\/td><td>20 471<\/td><td>20 482<\/td><td>20 684<\/td><\/tr><tr><td>Utfall i miljoner kronor<\/td><td>17 194<\/td><td>18 228<\/td><td>19 743<\/td><td>19 063<\/td><td>19 205<\/td><td>18 908<\/td><\/tr><tr><td>Ej nyttjat i miljoner kronor<\/td><td>1 211<\/td><td>969<\/td><td>-211<\/td><td>1 408<\/td><td>1 277<\/td><td>1776<\/td><\/tr><\/tbody><\/table><figcaption class=\"wp-element-caption\"><br>K\u00e4lla: Arbetsf\u00f6rmedlingen och Ekonomistyrningsverket<\/figcaption><\/figure>\n\n\n\n<h3 class=\"wp-block-heading\"><strong>L\u00f6nebidragsanst\u00e4llningar<\/strong><\/h3>\n\n\n\n<p>Under 2021 hade i snitt \u00f6ver \u00e5ret 86 400 personer n\u00e5gon form av anst\u00e4llning med \u201ds\u00e4rskild insats f\u00f6r personer med funktionsneds\u00e4ttning som medf\u00f6r nedsatt arbetsf\u00f6rm\u00e5ga\u201d.<sup>22<\/sup> Det inkluderar:<\/p>\n\n\n\n<ul class=\"wp-block-list\">\n<li>L\u00f6nebidrag f\u00f6r anst\u00e4llning<\/li>\n\n\n\n<li>L\u00f6nebidrag f\u00f6r trygghet i anst\u00e4llning<\/li>\n\n\n\n<li>L\u00f6nebidrag f\u00f6r utveckling i arbete<\/li>\n\n\n\n<li>Skyddat arbete hos offentlig arbetsgivare (OSA) <\/li>\n\n\n\n<li>Skyddat arbete hos Samhall<\/li>\n<\/ul>\n\n\n\n<figure class=\"wp-block-image size-medium\"><img loading=\"lazy\" decoding=\"async\" width=\"580\" height=\"415\" src=\"https:\/\/www.almega.se\/app\/uploads\/2023\/06\/Skarmavbild-2023-06-20-kl.-13.32.56-580x415.png\" alt=\"\" class=\"wp-image-64688\" srcset=\"https:\/\/www.almega.se\/app\/uploads\/2023\/06\/Skarmavbild-2023-06-20-kl.-13.32.56-580x415.png 580w, https:\/\/www.almega.se\/app\/uploads\/2023\/06\/Skarmavbild-2023-06-20-kl.-13.32.56-1180x844.png 1180w, https:\/\/www.almega.se\/app\/uploads\/2023\/06\/Skarmavbild-2023-06-20-kl.-13.32.56-380x272.png 380w, https:\/\/www.almega.se\/app\/uploads\/2023\/06\/Skarmavbild-2023-06-20-kl.-13.32.56-768x549.png 768w, https:\/\/www.almega.se\/app\/uploads\/2023\/06\/Skarmavbild-2023-06-20-kl.-13.32.56.png 1250w\" sizes=\"auto, (max-width: 580px) 100vw, 580px\" \/><\/figure>\n\n\n\n<p>Arbetsf\u00f6rmedlingen l\u00f6nebidragsanst\u00e4llningar f\u00f6r personer med nedsatt arbetsf\u00f6rm\u00e5ga har som m\u00e5l att \u00f6ka syssels\u00e4ttningen och arbetsmarknadsdeltagandet bland personer med funktionsneds\u00e4ttningar, bland annat genom att hj\u00e4lpa dem att f\u00e5 de f\u00e4rdigheter och den erfarenhet de beh\u00f6ver f\u00f6r att lyckas p\u00e5 arbetsmarknaden.<\/p>\n\n\n\n<p>Under en sex\u00e5rsperiod, 2017 till 2023, har antalet deltagare minskat fr\u00e5n 74 000 till 64 000. Det \u00e4r s\u00e4rskilt l\u00f6nebidrag f\u00f6r anst\u00e4llning och l\u00f6nebidrag f\u00f6r trygghet i anst\u00e4llning som har minskat. 2019 tillkom en ny insats, l\u00f6nebidrag f\u00f6r utveckling hos Samhall. Detta \u00e4r problematiskt eftersom \u00f6verg\u00e5ngen fr\u00e5n Samhall till regulj\u00e4rt arbete \u00e4r l\u00e5g.<\/p>\n\n\n\n<p>F\u00f6r de arbetss\u00f6kande som ing\u00e5r syns under \u00e5ren fr\u00e5n 2017 dels en nedg\u00e5ng i totalen som f\u00e5r ta del av insatserna, dels att en ny insats i form av L\u00f6nebidrag f\u00f6r utveckling i anst\u00e4llning hos Samhall har tillkommit.<\/p>\n\n\n\n<h3 class=\"wp-block-heading\"><strong>Arbetsf\u00f6rmedlingen sparar in p\u00e5 medel avsedda f\u00f6r personer med funktionsneds\u00e4ttning<\/strong><\/h3>\n\n\n\n<p>Sedan b\u00f6rjan av 2017 har antalet deltagare i program med funktionsneds\u00e4ttning som medf\u00f6r nedsatt arbetsf\u00f6rm\u00e5ga minskat med \u00f6ver 13 procent. Detta trots att det finns tillg\u00e4ngliga medel som vida \u00f6verstiger de utnyttjade.<\/p>\n\n\n\n<p>Under 2022 \u00e5terl\u00e4mnade myndigheten \u00f6ver 1,7 miljarder av pengarna p\u00e5 i anslag 1:4, som innefattar l\u00f6nebidrag. Enligt den senaste prognosen f\u00f6rv\u00e4ntas ytterligare cirka 1,7 miljarder kronor f\u00f6rbli outnyttjade under 2023.<sup>23<\/sup><\/p>\n\n\n\n<figure class=\"wp-block-image size-medium\"><img loading=\"lazy\" decoding=\"async\" width=\"580\" height=\"154\" src=\"https:\/\/www.almega.se\/app\/uploads\/2023\/06\/Skarmavbild-2023-06-20-kl.-13.32.36-580x154.png\" alt=\"\" class=\"wp-image-64687\" srcset=\"https:\/\/www.almega.se\/app\/uploads\/2023\/06\/Skarmavbild-2023-06-20-kl.-13.32.36-580x154.png 580w, https:\/\/www.almega.se\/app\/uploads\/2023\/06\/Skarmavbild-2023-06-20-kl.-13.32.36-1180x313.png 1180w, https:\/\/www.almega.se\/app\/uploads\/2023\/06\/Skarmavbild-2023-06-20-kl.-13.32.36-380x101.png 380w, https:\/\/www.almega.se\/app\/uploads\/2023\/06\/Skarmavbild-2023-06-20-kl.-13.32.36-768x204.png 768w, https:\/\/www.almega.se\/app\/uploads\/2023\/06\/Skarmavbild-2023-06-20-kl.-13.32.36.png 1304w\" sizes=\"auto, (max-width: 580px) 100vw, 580px\" \/><\/figure>\n\n\n\n<p>Det finns inget tydligt svar p\u00e5 varf\u00f6r myndigheten inte utnyttjar tilldelade medel. M\u00e5lgruppen har inte minskat under perioden och inget tyder p\u00e5 att behoven hos m\u00e5lgruppen har f\u00f6r\u00e4ndrats.<\/p>\n\n\n\n<p>H\u00e4r b\u00f6r myndigheten kunna prioritera sina resurser p\u00e5 ett b\u00e4ttre s\u00e4tt f\u00f6r att s\u00e4kerst\u00e4lla att arbetss\u00f6kande i behov av st\u00f6d ges st\u00f6d och att samtliga anslagna medel kommer individer till godo.<\/p>\n\n\n\n<h3 class=\"wp-block-heading\">Samhall en s\u00e4rl\u00f6sning som expanderar<\/h3>\n\n\n\n<p>Under perioden 2017 till 2022 har antalet personer med skyddat arbete p\u00e5 Samhall \u00f6kat. Det har \u00e4ven Samhalls ers\u00e4ttning. Anslaget har \u00f6kat med 48 procent och antalet anst\u00e4llda med 31 procent. Kostnaden f\u00f6r staten per anst\u00e4lld har g\u00e5tt fr\u00e5n 27 8481 kr till 31 3782 kr.<\/p>\n\n\n\n<figure class=\"wp-block-image size-medium\"><img loading=\"lazy\" decoding=\"async\" width=\"580\" height=\"156\" src=\"https:\/\/www.almega.se\/app\/uploads\/2023\/06\/Skarmavbild-2023-06-20-kl.-13.35.54-580x156.png\" alt=\"\" class=\"wp-image-64689\" srcset=\"https:\/\/www.almega.se\/app\/uploads\/2023\/06\/Skarmavbild-2023-06-20-kl.-13.35.54-580x156.png 580w, https:\/\/www.almega.se\/app\/uploads\/2023\/06\/Skarmavbild-2023-06-20-kl.-13.35.54-1180x318.png 1180w, https:\/\/www.almega.se\/app\/uploads\/2023\/06\/Skarmavbild-2023-06-20-kl.-13.35.54-380x102.png 380w, https:\/\/www.almega.se\/app\/uploads\/2023\/06\/Skarmavbild-2023-06-20-kl.-13.35.54-768x207.png 768w, https:\/\/www.almega.se\/app\/uploads\/2023\/06\/Skarmavbild-2023-06-20-kl.-13.35.54.png 1300w\" sizes=\"auto, (max-width: 580px) 100vw, 580px\" \/><\/figure>\n\n\n\n<p>Samhall har \u00e4ven anst\u00e4llda ut\u00f6ver dessa som har andra typer av bidrag, till exempel med l\u00f6nebidrag f\u00f6r utveckling i anst\u00e4llning men det \u00e4r en annan budgetpost f\u00f6r staten.<\/p>\n\n\n\n<p>M\u00e5let f\u00f6r Samhall \u00e4r att 1 500 personer ska g\u00e5 \u00f6ver i arbete, vilket endast har uppn\u00e5tts en g\u00e5ng, \u00e5r 2019. Det uppn\u00e5dde de 2019. Till m\u00e5let r\u00e4knas dock inte med de som \u00e5terg\u00e5r till Samhall. Tidigare anst\u00e4llda har n\u00e4mligen en \u00e5terg\u00e5ngsr\u00e4tt inom ett \u00e5r efter att de l\u00e4mnat Samhall f\u00f6r en annan anst\u00e4llning.<\/p>\n\n\n\n<p>Till skillnad fr\u00e5n \u00f6vriga akt\u00f6rer, som matchar ut individer till individanpassade insatser och arbeten, m\u00e5ste dessutom anst\u00e4llda p\u00e5 Samhall matchas mot de uppdrag som Samhall har att erbjuda p\u00e5 specifika orter. Det inneb\u00e4r att anst\u00e4llningen p\u00e5 Samhall avg\u00f6rs om arbetsgivaren sj\u00e4lv har upphandlat tillr\u00e4ckligt m\u00e5nga uppdrag inom en viss bransch. Trots att Samhall i sin \u00e5rsredovisning uppger att de har 25 olika yrkesroller f\u00f6r anst\u00e4llda<sup>24<\/sup>, s\u00e5 matchas en \u00f6verv\u00e4ldigande majoritet (fler \u00e4n 2 av 5) till st\u00e4duppdrag \u2013 oavsett individernas \u00f6nskem\u00e5l, behov och potential.<sup>25<\/sup><\/p>\n\n\n\n<p>Tittar man p\u00e5 hur m\u00e5nga av de som jobbar p\u00e5 Samhall som g\u00e5r vidare i regulj\u00e4r anst\u00e4llning \u00e4r det inte fler \u00e4n 5 procent per \u00e5r.<\/p>\n\n\n\n<figure class=\"wp-block-image size-medium\"><img loading=\"lazy\" decoding=\"async\" width=\"580\" height=\"200\" src=\"https:\/\/www.almega.se\/app\/uploads\/2023\/06\/Skarmavbild-2023-06-20-kl.-13.42.50-580x200.png\" alt=\"\" class=\"wp-image-64692\" srcset=\"https:\/\/www.almega.se\/app\/uploads\/2023\/06\/Skarmavbild-2023-06-20-kl.-13.42.50-580x200.png 580w, https:\/\/www.almega.se\/app\/uploads\/2023\/06\/Skarmavbild-2023-06-20-kl.-13.42.50-1180x407.png 1180w, https:\/\/www.almega.se\/app\/uploads\/2023\/06\/Skarmavbild-2023-06-20-kl.-13.42.50-380x131.png 380w, https:\/\/www.almega.se\/app\/uploads\/2023\/06\/Skarmavbild-2023-06-20-kl.-13.42.50-768x265.png 768w, https:\/\/www.almega.se\/app\/uploads\/2023\/06\/Skarmavbild-2023-06-20-kl.-13.42.50.png 1304w\" sizes=\"auto, (max-width: 580px) 100vw, 580px\" \/><\/figure>\n\n\n\n<p>Det resultatet kan j\u00e4mf\u00f6ras med Wiljagruppens arbete med gruppen som f\u00e5tt daglig verksamhet genom LSS som f\u00e5tt ut 10 procent av sin deltagare p\u00e5 den regulj\u00e4ra arbetsmarknaden.<\/p>\n\n\n\n<p>Trenden i denna statistik \u00e4r att separera personer med funktionsneds\u00e4ttningar som har ett hinder p\u00e5 arbetsmarknaden och andra arbetss\u00f6kande med hinder fr\u00e5n den regulj\u00e4ra arbetsmarknaden.<\/p>\n\n\n\n<h3 class=\"wp-block-heading\">Sammanfattning<\/h3>\n\n\n\n<p>Insatserna finns p\u00e5 plats. Det \u00e4r varken brist p\u00e5 insatser eller medel som verkar vara det som g\u00f6r att f\u00e4rre och f\u00e4rre f\u00e5r ta del av de insatser som \u00e4r t\u00e4nkta att st\u00f6tta fler personer med funktionsneds\u00e4ttning in p\u00e5 den regulj\u00e4ra arbetsmarknaden. Den enda insats som tydligt v\u00e4xt under senare \u00e5r \u00e4r placering hos Samhall d\u00e4r andelen som \u00f6verg\u00e5r till arbete p\u00e5 den regulj\u00e4ra arbetsmarknaden \u00e4r l\u00e5g.<\/p>\n\n\n\n<p>Det beh\u00f6vs effektivare insatser som s\u00e4tter individen i fokus med m\u00e5l att komma i arbete och detta m\u00e5ste vara ledande i alla de insatser som ges, oavsett funktionsneds\u00e4ttning eller ej. Statistiken visar \u00e4ven att det inte \u00e4r mer anslag som beh\u00f6vs utan att det som redan finns g\u00e5r att nyttja i h\u00f6gre grad. Den utveckling som Almega f\u00f6resl\u00e5r i denna rapport har detta som fokus och m\u00e5l.<\/p>\n\n\n<a class='Share__link Share__link--url copy-text' href='#' rel='nofollow' data-text='problemen-med-de-arbetsmarknadspolitiska-programmen-och-insatserna' title='Dela url' data-confirmation='L\u00e4nken kopierades till urklipp'><svg class='icon icon--link'  width='18' height='18' viewBox='0 0 18 18' fill='none' xmlns='http:\/\/www.w3.org\/2000\/svg'>\n            <path d='M10.4142 0.514721L6.87868 4.05025L8.29289 5.46447L11.1213 2.63604L15.364 6.87868L12.5355 9.70711L13.9497 11.1213L17.4853 7.58579C17.8763 7.19476 17.8763 6.5626 17.4853 6.17158L11.8284 0.514721C11.4374 0.123691 10.8052 0.123691 10.4142 0.514721Z' fill='black'\/>\n            <path d='M9.7071 12.5355L6.87868 15.364L2.63604 11.1213L5.46446 8.2929L4.05025 6.87868L0.514716 10.4142C0.123686 10.8052 0.123686 11.4374 0.514716 11.8284L6.17157 17.4853C6.5626 17.8763 7.19475 17.8763 7.58578 17.4853L11.1213 13.9497L9.7071 12.5355Z' fill='black'\/>\n            <path d='M6.17157 11.8284C6.5626 12.2195 7.19475 12.2195 7.58578 11.8284L11.8284 7.58579C12.2195 7.19476 12.2195 6.56261 11.8284 6.17158C11.4374 5.78055 10.8052 5.78055 10.4142 6.17158L6.17157 10.4142C5.78054 10.8052 5.78054 11.4374 6.17157 11.8284Z' fill='black'\/>\n            <\/svg> <\/a>\n<h2 class=\"wp-block-heading\">Problemen med de arbetsmarknadspolitiska programmen och insatserna<\/h2>\n\n\n\n<p>Det g\u00e5r att ifr\u00e5gas\u00e4tta den f\u00f6rda arbetsmarknadspolitiken f\u00f6r personer som st\u00e5r l\u00e5ngt ifr\u00e5n arbetsmarknaden.<\/p>\n\n\n\n<ul class=\"wp-block-list\">\n<li>Varken de som varit arbetsl\u00f6sa l\u00e4ngre \u00e4n 24 m\u00e5nader eller arbetsl\u00f6sa med nedsatt arbetsf\u00f6rm\u00e5ga till f\u00f6ljd av funktionsneds\u00e4ttning har minskat sedan finanskrisen 2009.<\/li>\n\n\n\n<li>De flesta av deltagarna i jobb och utvecklingsgarantin deltar i matchningstj\u00e4nsten Rusta och matcha vilket leder till goda resultat. Men en stor andel arbetsl\u00f6sa i JOB saknar aktivitet.<\/li>\n\n\n\n<li>Antalet anst\u00e4llda med l\u00f6nebidragsanst\u00e4llningar har minskat med drygt 13 procent de senaste fem \u00e5ren.<\/li>\n\n\n\n<li>Ungef\u00e4r en miljard av anslaget till l\u00f6nebidraget nyttjas inte av Arbetsf\u00f6rmedlingen varje \u00e5r. Periodvis har f\u00f6rvaltningsanslaget \u00f6kat men utan effekt p\u00e5 att l\u00f6nebidragen blivit fler.<\/li>\n<\/ul>\n\n\n\n<p>Om l\u00e5ngtidsarbetsl\u00f6sheten kontinuerligt \u00e4r h\u00f6gre hos vissa grupper tyder det p\u00e5 att nuvarande \u00e5tg\u00e4rder inte \u00e4r effektiva nog eller inte tillr\u00e4ckligt v\u00e4l m\u00f6ter de faktiska behoven. I arbetsmarknadsstatistiken framg\u00e5r att gruppen med svag konkurrensf\u00f6rm\u00e5ga inte f\u00f6ljer konjunkturen, de upplever inte samma \u00f6kning av syssels\u00e4ttning som resten av befolkningen under goda tider. Arbetss\u00f6kande med funktionsneds\u00e4ttning och personer med l\u00e5g utbildningsniv\u00e5 h\u00e4nger inte med den \u00f6vriga arbetsmarknaden. Det kan finnas olika orsaker till detta \u2013 diskriminering, brist p\u00e5 relevant utbildning eller f\u00e4rdigheter \u2013 men v\u00e5r analys visar att dagens program och insatser inte lyckas tillr\u00e4ckligt v\u00e4l att hj\u00e4lpa dem.<\/p>\n\n\n\n<h4 class=\"wp-block-heading\"><strong>M\u00e5nga f\u00e5r ingen hj\u00e4lp<\/strong><\/h4>\n\n\n\n<p>L\u00e5ngtidsarbetsl\u00f6sa kan f\u00e5 delta i <strong>Jobb- och utvecklingsgarantin (JOB)<\/strong>. Programmet syftar till att hj\u00e4lpa dessa personer att hitta syssels\u00e4ttning, antingen genom att f\u00f6rb\u00e4ttra deras anst\u00e4llbarhet med ytterligare utbildning och f\u00e4rdighetsutveckling, eller genom att hj\u00e4lpa dem att hitta lediga jobb som passar deras kompetens och erfarenheter. \u00c4nd\u00e5 \u00e4r den tredje vanligaste insatsen inom Jobb och utvecklingsgarantin <strong>Ingen aktivitet.<\/strong><sup>26<\/sup> Det inneb\u00e4r en stor del av gruppen inte f\u00e5r n\u00e5gon hj\u00e4lp alls f\u00f6r att l\u00e4mna sin arbetsl\u00f6shet.<\/p>\n\n\n\n<p>Med reformen av arbetsmarknadspolitiken som p\u00e5b\u00f6rjades 2019 har det dock skett en f\u00f6rb\u00e4ttring f\u00f6r gruppen som inte har en funktionsneds\u00e4ttning. Den vanligaste insatsen \u00e4r numera en tj\u00e4nst hos en kompletterande akt\u00f6r, ofta inom <strong>Rusta och matcha<\/strong>. Som tidigare konstaterats har tj\u00e4nsten goda resultat<\/p>\n\n\n\n<figure class=\"wp-block-image size-medium\"><img loading=\"lazy\" decoding=\"async\" width=\"580\" height=\"371\" src=\"https:\/\/www.almega.se\/app\/uploads\/2023\/06\/Skarmavbild-2023-06-20-kl.-13.47.34-580x371.png\" alt=\"\" class=\"wp-image-64693\" srcset=\"https:\/\/www.almega.se\/app\/uploads\/2023\/06\/Skarmavbild-2023-06-20-kl.-13.47.34-580x371.png 580w, https:\/\/www.almega.se\/app\/uploads\/2023\/06\/Skarmavbild-2023-06-20-kl.-13.47.34-1180x754.png 1180w, https:\/\/www.almega.se\/app\/uploads\/2023\/06\/Skarmavbild-2023-06-20-kl.-13.47.34-380x243.png 380w, https:\/\/www.almega.se\/app\/uploads\/2023\/06\/Skarmavbild-2023-06-20-kl.-13.47.34-768x491.png 768w, https:\/\/www.almega.se\/app\/uploads\/2023\/06\/Skarmavbild-2023-06-20-kl.-13.47.34.png 1296w\" sizes=\"auto, (max-width: 580px) 100vw, 580px\" \/><\/figure>\n\n\n\n<p>\u00c4ven inom gruppen med funktionsneds\u00e4ttning har andelen som f\u00e5r st\u00f6d av en kompletterande akt\u00f6r \u00f6kat, men inte tilln\u00e4rmelsevis i samma utstr\u00e4ckning som f\u00f6r gruppen utan funktionsneds\u00e4ttning. En stor del av denna \u00f6kning kan tillskrivas inf\u00f6randet av en ny tj\u00e4nst, Introduktion till arbete (INAB), som s\u00e4rskilt syftar till att hj\u00e4lpa personer med funktionsneds\u00e4ttningar att steg f\u00f6r steg n\u00e4rma sig arbetsmarknaden.<\/p>\n\n\n\n<p>Det \u00e4r fortfarande Arbetsf\u00f6rmedlingens egna tj\u00e4nster, de som myndigheten tillhandah\u00e5ller i egen regi, som \u00e4r mest f\u00f6rekommande inom denna grupp. Det indikerar att de externa, kompletterande akt\u00f6rerna fortfarande spelar en mindre roll f\u00f6r arbetss\u00f6kande med funktionsneds\u00e4ttningar.<\/p>\n\n\n\n<p>Endast ett f\u00e5tal f\u00e5r ta del av matchningstj\u00e4nsten Rusta och matcha. Detta trots att resultaten \u00e4ven f\u00f6r gruppen med funktionsneds\u00e4ttning \u00e4r h\u00f6ga.<\/p>\n\n\n\n<p>Det mest alarmerande \u00e4r dock att en stor andel av personer med funktionsneds\u00e4ttning inte f\u00e5r n\u00e5got st\u00f6d alls. Det pekar p\u00e5 en st\u00f6rre utmaning: att trots de reformer som genomf\u00f6rts och trots introduktionen av nya tj\u00e4nster, s\u00e5 n\u00e5r dessa insatser inte fram till alla de som beh\u00f6ver dem mest.<\/p>\n\n\n\n<p>Detta visar att arbetet med att f\u00f6rb\u00e4ttra tillg\u00e5ngen p\u00e5 effektivt st\u00f6d f\u00f6r personer med funktionsneds\u00e4ttningar m\u00e5ste forts\u00e4tta.<\/p>\n\n\n\n<figure class=\"wp-block-image size-medium\"><img loading=\"lazy\" decoding=\"async\" width=\"580\" height=\"375\" src=\"https:\/\/www.almega.se\/app\/uploads\/2023\/06\/Skarmavbild-2023-06-20-kl.-13.54.18-580x375.png\" alt=\"\" class=\"wp-image-64701\" srcset=\"https:\/\/www.almega.se\/app\/uploads\/2023\/06\/Skarmavbild-2023-06-20-kl.-13.54.18-580x375.png 580w, https:\/\/www.almega.se\/app\/uploads\/2023\/06\/Skarmavbild-2023-06-20-kl.-13.54.18-1180x763.png 1180w, https:\/\/www.almega.se\/app\/uploads\/2023\/06\/Skarmavbild-2023-06-20-kl.-13.54.18-380x246.png 380w, https:\/\/www.almega.se\/app\/uploads\/2023\/06\/Skarmavbild-2023-06-20-kl.-13.54.18-768x496.png 768w, https:\/\/www.almega.se\/app\/uploads\/2023\/06\/Skarmavbild-2023-06-20-kl.-13.54.18.png 1244w\" sizes=\"auto, (max-width: 580px) 100vw, 580px\" \/><\/figure>\n\n\n\n<p>F\u00f6r att st\u00e4rka m\u00f6jligheterna f\u00f6r den som blivit arbetsl\u00f6s, eller f\u00f6r den som genomg\u00e5tt en tj\u00e4nst utan att komma i arbete, \u00e4r tiden en faktor. Ledtider p\u00e5 \u00f6ver ett \u00e5r blir i sig ett hinder f\u00f6r den som ska ta sig in p\u00e5 arbetsmarknaden.<\/p>\n\n\n\n<p>F\u00f6r grupper som st\u00e5r l\u00e5ngt ifr\u00e5n, eller varit arbetss\u00f6kande under l\u00e5ng tid, kr\u00e4vs dessutom ett mer individuellt matchande och rustande mot jobb eller studier.<\/p>\n\n\n\n<p>I den senaste tidens arbetsmarknadspolitiska debatt har gruppen som st\u00e5r allra l\u00e4ngst ifr\u00e5n arbetsmarknaden uppm\u00e4rksammats. Dessa har ofta varit arbetss\u00f6kande i \u00f6ver fem \u00e5r. H\u00e4lften har tagit del av sju eller fler insatser, utan att lyckas komma in p\u00e5 arbetsmarknaden.<\/p>\n\n\n\n<figure class=\"wp-block-image size-medium\"><img loading=\"lazy\" decoding=\"async\" width=\"580\" height=\"317\" src=\"https:\/\/www.almega.se\/app\/uploads\/2023\/06\/Skarmavbild-2023-06-20-kl.-13.54.58-580x317.png\" alt=\"\" class=\"wp-image-64702\" srcset=\"https:\/\/www.almega.se\/app\/uploads\/2023\/06\/Skarmavbild-2023-06-20-kl.-13.54.58-580x317.png 580w, https:\/\/www.almega.se\/app\/uploads\/2023\/06\/Skarmavbild-2023-06-20-kl.-13.54.58-380x207.png 380w, https:\/\/www.almega.se\/app\/uploads\/2023\/06\/Skarmavbild-2023-06-20-kl.-13.54.58-768x419.png 768w, https:\/\/www.almega.se\/app\/uploads\/2023\/06\/Skarmavbild-2023-06-20-kl.-13.54.58.png 1180w\" sizes=\"auto, (max-width: 580px) 100vw, 580px\" \/><\/figure>\n\n\n\n<p>Matchningstj\u00e4nster i Arbetsf\u00f6rmedlingens egen regi \u00e4r det allra vanligaste insatsen f\u00f6r m\u00e5lgruppen under det senaste \u00e5ret. Strax under 70 procent har genomg\u00e5tt den. I tj\u00e4nsten SIUS, som bygger p\u00e5 Supported Employment, \u00e4r det endast fem procent av m\u00e5lgruppen som deltagit n\u00e5gon g\u00e5ng under det redovisade \u00e5ret.<\/p>\n\n\n\n<figure class=\"wp-block-image size-medium\"><img loading=\"lazy\" decoding=\"async\" width=\"580\" height=\"527\" src=\"https:\/\/www.almega.se\/app\/uploads\/2023\/06\/Skarmavbild-2023-06-20-kl.-13.55.43-580x527.png\" alt=\"\" class=\"wp-image-64704\" srcset=\"https:\/\/www.almega.se\/app\/uploads\/2023\/06\/Skarmavbild-2023-06-20-kl.-13.55.43-580x527.png 580w, https:\/\/www.almega.se\/app\/uploads\/2023\/06\/Skarmavbild-2023-06-20-kl.-13.55.43-1180x1072.png 1180w, https:\/\/www.almega.se\/app\/uploads\/2023\/06\/Skarmavbild-2023-06-20-kl.-13.55.43-380x345.png 380w, https:\/\/www.almega.se\/app\/uploads\/2023\/06\/Skarmavbild-2023-06-20-kl.-13.55.43-768x698.png 768w, https:\/\/www.almega.se\/app\/uploads\/2023\/06\/Skarmavbild-2023-06-20-kl.-13.55.43.png 1316w\" sizes=\"auto, (max-width: 580px) 100vw, 580px\" \/><\/figure>\n\n\n\n<p>Sammanfattningsvis kan vi se att effektiva program och insatser saknas f\u00f6r de personer som varit l\u00e5ngtidsarbetsl\u00f6sa mer \u00e4n 24 m\u00e5nader och de med nedsatt arbetsf\u00f6rm\u00e5ga till f\u00f6ljd av funktionsneds\u00e4ttning.<\/p>\n\n\n<a class='Share__link Share__link--url copy-text' href='#' rel='nofollow' data-text='almegas-forslag-for-att-rusta,-utbilda-och-matcha-de-langtidsarbetslosa' title='Dela url' data-confirmation='L\u00e4nken kopierades till urklipp'><svg class='icon icon--link'  width='18' height='18' viewBox='0 0 18 18' fill='none' xmlns='http:\/\/www.w3.org\/2000\/svg'>\n            <path d='M10.4142 0.514721L6.87868 4.05025L8.29289 5.46447L11.1213 2.63604L15.364 6.87868L12.5355 9.70711L13.9497 11.1213L17.4853 7.58579C17.8763 7.19476 17.8763 6.5626 17.4853 6.17158L11.8284 0.514721C11.4374 0.123691 10.8052 0.123691 10.4142 0.514721Z' fill='black'\/>\n            <path d='M9.7071 12.5355L6.87868 15.364L2.63604 11.1213L5.46446 8.2929L4.05025 6.87868L0.514716 10.4142C0.123686 10.8052 0.123686 11.4374 0.514716 11.8284L6.17157 17.4853C6.5626 17.8763 7.19475 17.8763 7.58578 17.4853L11.1213 13.9497L9.7071 12.5355Z' fill='black'\/>\n            <path d='M6.17157 11.8284C6.5626 12.2195 7.19475 12.2195 7.58578 11.8284L11.8284 7.58579C12.2195 7.19476 12.2195 6.56261 11.8284 6.17158C11.4374 5.78055 10.8052 5.78055 10.4142 6.17158L6.17157 10.4142C5.78054 10.8052 5.78054 11.4374 6.17157 11.8284Z' fill='black'\/>\n            <\/svg> <\/a>\n<h2 class=\"wp-block-heading\">Almegas f\u00f6rslag f\u00f6r att rusta, utbilda och matcha de l\u00e5ngtidsarbetsl\u00f6sa<\/h2>\n\n\n\n<p>F\u00f6r att bryta l\u00e5ngtidsarbetsl\u00f6sheten f\u00f6r alla grupper, inklusive de med nedsatt arbetsf\u00f6rm\u00e5ga till f\u00f6ljd av funktionsneds\u00e4ttning, beh\u00f6ver Sverige en ny och effektivare arbetsmarknadspolitik. Forskningen visar tydligt att individuellt anpassade insatser ger goda resultat f\u00f6r de som st\u00e5r l\u00e5ngt fr\u00e5n arbetsmarknaden. D\u00e4rf\u00f6r m\u00e5ste alla arbetsl\u00f6sa som bed\u00f6ms ha behov av st\u00f6d f\u00f6r att hitta jobb och utbildning f\u00e5 ta del av effektiva insatser.<\/p>\n\n\n\n<p>Almegas reformf\u00f6rslag har f\u00f6ljande principiella utg\u00e5ngspunkter.<\/p>\n\n\n\n<ul class=\"wp-block-list\">\n<li>&nbsp;F\u00f6rb\u00e4ttra f\u00f6retagens kompetensf\u00f6rs\u00f6rjning. Det finns en arbetskraftsreserv bland de l\u00e5ngtidsarbetsl\u00f6sa som beh\u00f6ver matchas och utbildas till de lediga jobben.<\/li>\n\n\n\n<li>De arbetsl\u00f6sa som bed\u00f6ms st\u00e5 l\u00e5ngt fr\u00e5n arbetsmarknaden ska snabbt f\u00e5 en arbetsmarknadspolitisk bed\u00f6mning och m\u00f6tas av tidiga insatser. Dessa ska i h\u00f6gre utstr\u00e4ckning vara individuellt anpassade f\u00f6r att leda till resultat.<\/li>\n\n\n\n<li>Renodla Arbetsf\u00f6rmedlingens k\u00e4rnuppdrag med fokus p\u00e5 myndighetsut\u00f6vning, bed\u00f6mning och kontroll av arbetss\u00f6kande och leverant\u00f6rer. Handla upp de arbetsmarknadspolitiska insatserna av frist\u00e5ende leverant\u00f6rer.<\/li>\n\n\n\n<li>Alla anst\u00e4llningsst\u00f6d st\u00f6d ska f\u00f6lja individen och riktas mot den ordinarie arbetsmarknaden f\u00f6r att skapa en inkluderande arbetsmarknad.<\/li>\n\n\n\n<li>Arbetsf\u00f6rmedlingens insatser ska komplettera \u2013 inte konkurrera \u2013 med de insatser som arbetsl\u00f6sa f\u00e5r ta del av inom ramen f\u00f6r omst\u00e4llningsst\u00f6det.<\/li>\n<\/ul>\n\n\n\n<p>Arbetsf\u00f6rmedlingen m\u00e5ste s\u00e4kerst\u00e4lla att anslagen anv\u00e4nds samtidigt som man s\u00e4kerst\u00e4ller att ingen med bed\u00f6mt behov av insats l\u00e4mnas utan aktivitet. F\u00f6r att lyckas med detta m\u00e5ste myndigheten s\u00e4kerst\u00e4lla anvisningskapacitet, att rutiner och processer f\u00f6ljs samt att det finns upphandlade leverant\u00f6rer som kan ta emot de arbetss\u00f6kande.<\/p>\n\n\n\n<p>En \u00f6versikt av l\u00f6nebidragen b\u00f6r ocks\u00e5 komma till st\u00e5nd. Arbetsf\u00f6rmedlingen har konstaterat att processen kan vara f\u00f6r kr\u00e5nglig f\u00f6r arbetsgivare f\u00f6r att v\u00e5ga ta emot en arbetss\u00f6kande med anpassning \u00e4ven om viljan finns. Inl\u00e5sningseffekten \u00e4r konstaterad i tj\u00e4nster hos Samhall och \u00e4r inte till gagn f\u00f6r individen. <\/p>\n\n\n\n<p>Arbetsf\u00f6rmedlingens arbete m\u00e5ste i h\u00f6gre utstr\u00e4ckning fokusera p\u00e5 myndighetsut\u00f6vning och inte p\u00e5 att utf\u00f6ra tj\u00e4nster i egen regi. Flera granskningsrapporter visar att myndigheten har problem med att anvisa till tj\u00e4nster, bed\u00f6ma vilka insatser som \u00e4r l\u00e4mpliga och att f\u00f6lja interna regler och processer. Det \u00e4r i dessa systemkritiska avseenden som myndighetens verksamhet beh\u00f6ver utvecklas. De frist\u00e5ende akt\u00f6rerna har visat att man klarar av att leverera tj\u00e4nster p\u00e5 h\u00f6g niv\u00e5, s\u00e5 det finns inte behov av tj\u00e4nster i Arbetsf\u00f6rmedlingens egen regi.<\/p>\n\n\n\n<h3 class=\"wp-block-heading\"><strong>Bredda tj\u00e4nsten Steg till arbete till Steg till arbete +<\/strong><\/h3>\n\n\n\n<p>Almega f\u00f6resl\u00e5r att den kommande tj\u00e4nsten <strong>Steg till Arbete<\/strong> vidgas. Det \u00e4r en tj\u00e4nst som under 2022 skulle ha ersatt tj\u00e4nsten <strong>Introduktion till arbete (INAB)<\/strong>. Dock har \u00f6verpr\u00f6vningar f\u00f6rsenat starten.<\/p>\n\n\n\n<p>Tanken \u00e4r en f\u00f6rst\u00e4rkt f\u00f6rmedlingsinsats som ger st\u00f6d till personer som har varit l\u00e5ngtidsarbetsl\u00f6sa l\u00e4ngre \u00e4n 24 m\u00e5nader eller har en funktionsneds\u00e4ttning, svaga spr\u00e5kkunskaper eller oh\u00e4lsa. Samtliga dessa utmaningar \u00e4r vanligt f\u00f6rekommande i hos de m\u00e5lgrupper som denna rapport fokuserar p\u00e5.<\/p>\n\n\n\n<p>M\u00e5lgruppen ska vara bred. Det handlar b\u00e5de om l\u00e5ngtidsarbetsl\u00f6sa och personer med funktionsneds\u00e4ttning, men d\u00e4rut\u00f6ver b\u00f6r arbetss\u00f6kande som enbart har f\u00f6rgymnasial utbildning och saknar f\u00f6ruts\u00e4ttningar att ta del av och fullf\u00f6lja kommunal vuxenutbildning ing\u00e5.<\/p>\n\n\n\n<p>Tj\u00e4nsten ska utf\u00f6ras av frist\u00e5ende leverant\u00f6rer bland andra specialister inom <strong>IPS, Supported Employment och Supported Education<\/strong>.<\/p>\n\n\n\n<p>Tj\u00e4nsten kan kallas <strong>Steg till arbete + <\/strong>och b\u00f6r ers\u00e4tta flera andra tj\u00e4nster och insatser f\u00f6r arbetss\u00f6kande som p\u00e5 grund av olika hinder beh\u00f6ver st\u00f6d och anpassning f\u00f6r att komma i arbete.<\/p>\n\n\n\n<h4 class=\"wp-block-heading\"><strong>L\u00e4r av Rusta och matcha<\/strong><\/h4>\n\n\n\n<p>En utvecklad Steg till arbete-tj\u00e4nst (Steg till arbete +) b\u00f6r ta tillvara de goda erfarenheterna fr\u00e5n tj\u00e4nsten Rusta och matcha (KROM).<\/p>\n\n\n\n<p><strong>F\u00f6r det f\u00f6rsta <\/strong>b\u00f6r lagen om valfrihet (LOV) anv\u00e4ndas som upphandlingsform. Det ger flera f\u00f6rdelar: (1) LOV-systemet \u00e4r v\u00e4l bepr\u00f6vat och etablerat av Arbetsf\u00f6rmedlingen (2) l\u00e5ngdragna \u00f6verpr\u00f6vningsprocesser kan undvikas och kanske viktigast (3) personer vars m\u00f6jlighet att v\u00e4lja ofta \u00e4r kraftigt begr\u00e4nsade f\u00e5r m\u00f6jlighet att sj\u00e4lva v\u00e4lja utf\u00f6rare av arbetsmarknadsinsats.<\/p>\n\n\n\n<p>Det finns frist\u00e5ende leverant\u00f6rer som anv\u00e4nder bepr\u00f6vade metoder f\u00f6r att rusta och matcha de l\u00e5ngtidsarbetsl\u00f6sa till arbete och utbildning. Almega f\u00f6rordar att tj\u00e4nsten inf\u00f6rs stegvis runt om i landet, med f\u00f6rebild fr\u00e5n lanseringen av Kundval rusta och matcha, KROM, som introducerades i fyra etapper.<\/p>\n\n\n\n<p><strong>F\u00f6r det andra <\/strong>b\u00f6r det vara h\u00f6ga tr\u00f6sklar f\u00f6r de akt\u00f6rer som \u00f6nskar etablera sig som leverant\u00f6rer. Socialstyrelsen manual f\u00f6r programtrohet mot IPS<sup>27<\/sup> b\u00f6r ligga som grund, dels f\u00f6r kriterier f\u00f6r vem som godk\u00e4nns som leverant\u00f6r, dels f\u00f6r uppf\u00f6ljning av resultat och kvalitet.<\/p>\n\n\n\n<p><strong>F\u00f6r det tredje <\/strong>b\u00f6r ers\u00e4ttningsmodellen vara fokuserad p\u00e5 resultat. F\u00f6r att s\u00e4kerst\u00e4lla att r\u00e4tt kompetens finns hos de frist\u00e5ende akt\u00f6rerna m\u00e5ste dock ers\u00e4ttningsmodellen ocks\u00e5 ta h\u00e4nsyn till att det blir en tj\u00e4nst som kr\u00e4ver specialistkompetens hos personalen.<\/p>\n\n\n\n<p><strong>F\u00f6r det fj\u00e4rde <\/strong>\u00e4r det m\u00f6jligt den nya tj\u00e4nsten Steg till arbete + levereras i tv\u00e5 olika sp\u00e5r. Dels f\u00f6r de l\u00e5ngtidsarbetsl\u00f6sa som befinner sig n\u00e4rmare Rusta och matcha 2, dels f\u00f6r de l\u00e5ngtidsarbetsl\u00f6sa som st\u00e5r s\u00e4rskilt l\u00e5ngt fr\u00e5n arbetsmarknaden.<\/p>\n\n\n\n<h4 class=\"wp-block-heading\"><strong>Stor frihet, men h\u00f6g kompetens<\/strong><\/h4>\n\n\n\n<p>Till inneh\u00e5llet b\u00f6r leverant\u00f6rerna av den nya tj\u00e4nsten Steg till arbete + ges mer frihet att jobba utifr\u00e5n individens behov av st\u00f6d och anpassning. Det kan exempelvis vara IPS eller annan Supported Employment-metodik. Att \u00e4ven \u00f6verl\u00e5ta ansvaret f\u00f6r SIUS fr\u00e5n Arbetsf\u00f6rmedlingen, med krav p\u00e5 att metodikerna f\u00f6ljs fullt ut, leder till ett \u00e4nnu effektivare st\u00f6d fr\u00e5n leverant\u00f6rerna. Precis som vid exempelvis SIUS kommer det att bli en f\u00f6rh\u00e5llandevis personalintensiv tj\u00e4nst eftersom just den personliga relationen mellan handledare och deltagare \u00e4r s\u00e5 viktig f\u00f6r att n\u00e5 framg\u00e5ng.<\/p>\n\n\n\n<p>Om handledaren ser att behovet av gymnasieutbildning \u00e4r den b\u00e4sta v\u00e4gen mot jobb och varaktighet p\u00e5 arbetsmarknaden b\u00f6r m\u00f6jligheten till studier v\u00e4gas in. Antingen arbetsmarknadsutbildning eller yrkesvux, med inriktning mot bristyrken b\u00f6r vara prioriterat. F\u00f6r dessa personer b\u00f6r Supported Education erbjudas. Vuxenutbildningen i kommunal regi \u00e4r undantagna den lagstiftning som styr r\u00e4tten till s\u00e4rskilt st\u00f6d.<sup>28<\/sup><\/p>\n\n\n\n<p>M\u00e5let f\u00f6r tj\u00e4nsten \u00e4r att de arbetsl\u00f6sa ska f\u00e5 egen f\u00f6rs\u00f6rjning. I Steg till arbete + ska kompetensbaserad matchning till arbete och utbildning ing\u00e5. I rapporten S\u00e5 forts\u00e4tter vi reformera Arbetsf\u00f6rmedlingen fr\u00e5n maj 2022 beskrev Almega p\u00e5 sidan 29-31 en s\u00e5dan modell f\u00f6r matchning.<\/p>\n\n\n\n<h4 class=\"wp-block-heading\"><strong>Individuellt pedagogiskt st\u00f6d<\/strong><\/h4>\n\n\n\n<p>IPS \u00e4r en metod f\u00f6r att hj\u00e4lpa personer med funktionsneds\u00e4ttning ut i arbetslivet. Insatsen \u00e4r speciellt utvecklad f\u00f6r personer med psykiska funktionsneds\u00e4ttningar men kan \u00e4ven anv\u00e4ndas f\u00f6r personer med andra typer av funktionsneds\u00e4ttningar. Individuellt st\u00f6d till arbete och utbildning g\u00f6r att b\u00e5de l\u00e5ngtidsarbetsl\u00f6sa och personer med funktionsneds\u00e4ttning f\u00e5r jobb och klarar av utbildning.<\/p>\n\n\n\n<p>I bilagorna finns exempel p\u00e5 hur frist\u00e5ende leverant\u00f6rer rustar med individer till exempel inom LSS till jobb p\u00e5 ordinarie arbetsmarknad.<\/p>\n\n\n\n<h3 class=\"wp-block-heading\">Ny modell f\u00f6r arbetss\u00f6kande<\/h3>\n\n\n\n<p>Det kr\u00e4vs en ny modell f\u00f6r att arbetss\u00f6kande snabbare ska komma i arbete. I kapitel 4.3 beskriver vi problemen med den nuvarande modellen och l\u00e4mnar en rad f\u00f6rb\u00e4ttringsf\u00f6rslag. V\u00e5r ambition \u00e4r att v\u00e4sentligt korta ned ledtiderna f\u00f6r m\u00e5lgruppen med funktionsneds\u00e4ttning. Som ett led i detta flyttas en betydande del utredningsarbetet som sker innan beslut om insats in i sj\u00e4lva insatsen. Med individanpassat st\u00f6d till arbete, IPS, bygger sj\u00e4lva insatsen p\u00e5 att individens kompetens matchas med arbetsuppgifterna.<\/p>\n\n\n\n<p>I den nya modellen ska de arbetss\u00f6kande redan vid Steg 1 Profilering enkelt kunna uppge om de har en funktionsneds\u00e4ttning eller annan information som visar att de \u00e4r i behov av mer st\u00f6d under processen.<\/p>\n\n\n\n<p>I Steg 3 Kartl\u00e4ggning ska Arbetsf\u00f6rmedlingen direkt bed\u00f6ma om den arbetss\u00f6kande beh\u00f6ver genomf\u00f6ra en f\u00f6rdjupad kartl\u00e4ggning av arbetsf\u00f6rm\u00e5gan och om detta kr\u00e4ver utredning av specialister. I detta steg ska handl\u00e4ggaren ocks\u00e5 bed\u00f6ma om det \u00e4r aktuellt med l\u00f6nebidrag eller annan form av subventionerad anst\u00e4llning.<\/p>\n\n\n\n<p>I Steg 4 och 5 ska Arbetsf\u00f6rmedlingen d\u00e4refter bed\u00f6ma om behovet av st\u00f6d \u00e4r av tempor\u00e4rt eller permanent. Syfte med detta steg \u00e4r inte att bed\u00f6ma vilket typ av jobb eller studier som \u00e4r l\u00e4mpliga f\u00f6r individen, utan snarare vilka insatser individen utifr\u00e5n sina f\u00f6ruts\u00e4ttningar kan ha r\u00e4tt till. Myndighetsut\u00f6vningen som Arbetsf\u00f6rmedlingen ansvarar f\u00f6r \u00e4r en viktig komponent i detta steg d\u00e5 det ligger till grund f\u00f6r vad individen f\u00e5r med sig till n\u00e4sta steg i processen.<\/p>\n\n\n\n<figure class=\"wp-block-image size-medium\"><img loading=\"lazy\" decoding=\"async\" width=\"580\" height=\"269\" src=\"https:\/\/www.almega.se\/app\/uploads\/2023\/06\/Skarmavbild-2023-06-20-kl.-14.11.04-580x269.png\" alt=\"\" class=\"wp-image-64705\" srcset=\"https:\/\/www.almega.se\/app\/uploads\/2023\/06\/Skarmavbild-2023-06-20-kl.-14.11.04-580x269.png 580w, https:\/\/www.almega.se\/app\/uploads\/2023\/06\/Skarmavbild-2023-06-20-kl.-14.11.04-1180x548.png 1180w, https:\/\/www.almega.se\/app\/uploads\/2023\/06\/Skarmavbild-2023-06-20-kl.-14.11.04-380x176.png 380w, https:\/\/www.almega.se\/app\/uploads\/2023\/06\/Skarmavbild-2023-06-20-kl.-14.11.04-768x356.png 768w, https:\/\/www.almega.se\/app\/uploads\/2023\/06\/Skarmavbild-2023-06-20-kl.-14.11.04.png 1280w\" sizes=\"auto, (max-width: 580px) 100vw, 580px\" \/><\/figure>\n\n\n\n<p>N\u00e4r individens behov av st\u00f6d \u00e4r kartlagda g\u00e5r de d\u00e4refter vidare till steg 6 Val av leverant\u00f6r. H\u00e4r ska den f\u00f6reslagna tj\u00e4nsten Steg till Arbete + vara dominerande. Samtliga tj\u00e4nster som erbjuds b\u00f6r ha som m\u00e5l att f\u00e5 ut deltagaren i jobb eller studier. Leverant\u00f6rerna ska ha m\u00f6jlighet att f\u00f6lja deltagaren i arbete och utbildning f\u00f6r att s\u00e4kerst\u00e4lla l\u00e5ngvariga resultat.<\/p>\n\n\n\n<p>Modellen som f\u00f6resl\u00e5s b\u00f6r bygga p\u00e5 IPS som enligt forskningen leder till b\u00e4st resultat. Det viktiga \u00e4r att metodiken f\u00f6ljs helt och fullt ut av godk\u00e4nda leverant\u00f6rer. H\u00e4r kan ramverket f\u00f6rslagsvis utg\u00e5 fr\u00e5n de rekommendationer Socialstyrelsen har g\u00e4llande arbetss\u00e4ttet.<sup>29<\/sup> Allt f\u00f6r att s\u00e4kerst\u00e4lla att fler m\u00e4nniskor f\u00e5r chansen att vara en del av arbetsmarknaden.<\/p>\n\n\n\n<h3 class=\"wp-block-heading\">F\u00f6rb\u00e4ttra regelverket och \u00f6ka volymerna i Rusta och matcha 2.<\/h3>\n\n\n\n<p>I rapporten har vi kunnat visa att resultaten i den nya matchningstj\u00e4nsten KROM \u00e4r h\u00f6ga \u00e4ven f\u00f6r de m\u00e5lgrupper som varit arbetsl\u00f6sa l\u00e4ngre \u00e4n 24 m\u00e5nader och de som har arbetshinder till f\u00f6ljd av funktionsneds\u00e4ttning.<\/p>\n\n\n\n<p>Antalet deltagare i Rusta och matcha 2 f\u00f6rutsp\u00e5s ligga stabilt mellan 65000 &#8211; 70000 de kommande \u00e5ren. Med tanke p\u00e5 de goda resultaten \u00e4r det \u00f6nskv\u00e4rt att fler f\u00e5r ta del av tj\u00e4nsten. Att \u00f6ka volymerna \u00e4r relativt enkelt f\u00f6r Arbetsf\u00f6rmedlingen och antalet deltagare b\u00f6r p\u00e5 kort sikt kunna \u00f6ka med cirka 25 procent.<\/p>\n\n\n\n<p>I Rusta och matcha 2 har ett flertal f\u00f6r\u00e4ndringar skett b\u00e5de i regelverket och i resultaters\u00e4ttningen i f\u00f6rh\u00e5llande till KROM. Almega \u00e4r kritiska till ett par f\u00f6r\u00e4ndringar som vi anser f\u00f6rs\u00e4mrar tj\u00e4nsten.<\/p>\n\n\n\n<ul class=\"wp-block-list\">\n<li>Vi f\u00f6resl\u00e5r att deltagarna i Rusta och matcha 2 ska kunna delta i praktik p\u00e5 heltid precis som de kunde g\u00f6ra i KROM.<\/li>\n<\/ul>\n\n\n\n<p>Ers\u00e4ttningen i Rusta och matcha 2 har s\u00e4nkts i och med att snabbhetspremien halverades. Problemet \u00e4r att tyngdpunkten i ers\u00e4ttningsmodellen f\u00f6rskjutits mot grunders\u00e4ttningen. Vi f\u00f6resl\u00e5r att snabbhetspremien \u00e5terst\u00e4lls s\u00e5 ett resultaters\u00e4ttningen v\u00e4ger lika tungt i Rusta och matcha 2 som i KROM.<\/p>\n\n\n\n<p>Vi f\u00f6resl\u00e5r ocks\u00e5 att fler \u00f6verg\u00e5ngar fr\u00e5n Rusta och matcha 2 till arbetsmarknadsutbildningar skapas. Matchningsleverant\u00f6rer ska kunna f\u00f6rbereda anvisningar till arbetsmarknadsutbildningar d\u00e4r Arbetsf\u00f6rmedlingen fattar beslutet. N\u00e4r deltagare f\u00e5r jobb efter utbildningen ska resultaters\u00e4ttning utg\u00e5 till leverant\u00f6ren i Rusta och matcha 2.<\/p>\n\n\n\n<h3 class=\"wp-block-heading\">Fler deltagare i Arbetsmarknadsutbildningar<\/h3>\n\n\n\n<p>Arbetsf\u00f6rmedlingen har sedan 2022 p\u00e5 eget initiativ drivit ett offensivt utvecklingsarbete med arbetsmarknadsutbildningar kallat AUB-lyftet. Almega har st\u00f6ttat arbetet och drivit p\u00e5 f\u00f6r att fler arbetsl\u00f6sa ska anvisas till f\u00f6rberedande utbildningar och arbetsmarknadsutbildningar. Eftersom utbildningarna \u00e4r inriktade p\u00e5 bristyrken \u00e4r det angel\u00e4get b\u00e5de att fler arbetsl\u00f6sa deltar i utbildningarna och att fler klarar av utbildningarna. I februari 2023 presenterade ocks\u00e5 Svenskt N\u00e4ringsliv en l\u00e5ng rad konkreta f\u00f6rslag p\u00e5 hur antalet deltagare i arbetsmarknadsutbildningarna ska kunna \u00f6ka.<sup>30<\/sup><\/p>\n\n\n\n<p>Sammantaget \u00e4r utbudet av yrkesutbildningar inom arbetsmarknadsutbildning och yrkesvux p\u00e5 historiskt l\u00e5ga niv\u00e5er.<sup>31 <\/sup>Detta samtidigt som f\u00f6retagens kompetensbehov \u00e4r fortsatt stort.<\/p>\n\n\n\n<p>Trots detta fokus p\u00e5 att utveckla arbetsmarknadsutbildningarna har volymerna inte \u00f6kat under 2023. I genomsnitt deltar cirka 6500 arbetsl\u00f6sa i utbildningar varje m\u00e5nad. Almega f\u00f6resl\u00e5r tv\u00e5 f\u00f6r\u00e4ndringar f\u00f6r att volymerna och resultaten i arbetsmarknadsutbildningarna ska f\u00f6rb\u00e4ttras.<\/p>\n\n\n\n<ol class=\"wp-block-list\">\n<li>Anvisa fler arbetsl\u00f6sa till f\u00f6rberedande utbildningar och l\u00e5t utbildningsanordnarna vid behov f\u00f6rl\u00e4nga utbildningarna i enlighet med vad avtalen medger. De f\u00f6rberedande utbildningarna beh\u00f6ver i \u00e4nnu st\u00f6rre utstr\u00e4ckning \u00e4n idag rusta deltagarna till att klara av utbildningarna. Idag \u00e4r det f\u00f6r liten andel av de arbetsl\u00f6sa som g\u00e5r vidare till arbetsmarknadsutbildningarna.<\/li>\n\n\n\n<li>L\u00e5t de frist\u00e5ende leverant\u00f6rerna f\u00f6rbereda anvisningar till arbetsmarknadsutbildningar. Det beh\u00f6vs s\u00f6ml\u00f6sa \u00f6verg\u00e5ngar fr\u00e5n Steg till arbete + och Rusta och matcha 2 f\u00f6r att de arbetsl\u00f6sa med behov av yrkesutbildningar p\u00e5 ett enkelt s\u00e4tt ska kunna delta i arbetsmarknadsutbildningar.<\/li>\n<\/ol>\n\n\n\n<h3 class=\"wp-block-heading\">Sk\u00e4rp kontrollen av leverant\u00f6rerna<\/h3>\n\n\n\n<p>Leverant\u00f6rerna vill att Arbetsf\u00f6rmedlingen st\u00e4ller h\u00f6ga krav. De anser att myndigheten b\u00f6r vara noggrann i sin kontroll och uppf\u00f6ljning. Ett talande exempel \u00e4r enk\u00e4tsvaren i Arbetsmarknadsutredningens bet\u00e4nkande (SOU 2019:3) d\u00e4r leverant\u00f6rerna av matchningstj\u00e4nster efterfr\u00e5gar \u201duppf\u00f6ljning, kontroll och sanktioner mot de leverant\u00f6rer som uppvisar d\u00e5liga resultat eller som inte f\u00f6ljer avtalet\u201d.<\/p>\n\n\n\n<p>Kontrollen av leverant\u00f6rerna i upphandlade tj\u00e4nster m\u00e5ste d\u00e4rf\u00f6r sk\u00e4rpas. Uppf\u00f6ljningen av leverant\u00f6rerna b\u00f6r ske med regelbundna \u00f6versyner d\u00e4r myndigheten b\u00f6r fokusera p\u00e5 leveransen av tj\u00e4nsten, resultat, kvalitet och avtalsf\u00f6ljsamhet.<\/p>\n\n\n\n<p>F\u00f6r leverant\u00f6rer som inte presterar tillr\u00e4ckligt h\u00f6ga resultat eller inte f\u00f6ljer de avtal som har ing\u00e5tts b\u00f6r tydliga sanktioner inf\u00f6ras. De leverant\u00f6rer som inte kan leva upp till den kvalitet och de resultat som f\u00f6rv\u00e4ntas b\u00f6r uteslutas. Under den tidigare matchningstj\u00e4nsten STOM skedde ett antal \u00f6versyner, men inte med den regelbundenhet som \u00e4r \u00f6nskv\u00e4rd.<\/p>\n\n\n\n<p>Ett system som s\u00e4tter h\u00f6ga krav p\u00e5 leverant\u00f6rerna s\u00e5v\u00e4l vid godk\u00e4nnandet som under leveransen \u00e4r viktigt f\u00f6r att skapa f\u00f6rtroende f\u00f6r den reformerade Arbetsf\u00f6rmedlingen samt n\u00e5 de m\u00e5l som s\u00e4tts upp f\u00f6r att f\u00e5 fler arbetss\u00f6kande i jobb eller utbildning.<\/p>\n\n\n\n<p>Inspektionen f\u00f6r arbetsl\u00f6shetsf\u00f6rs\u00e4kringen (IAF) b\u00f6r f\u00e5 s\u00e4rskilt uppdrag att kontrollera Arbetsf\u00f6rmedlingens styrning av leverant\u00f6rerna av f\u00f6rmedlingsinsatser. Om Arbetsf\u00f6rmedlingen \u00e4ven forts\u00e4ttningsvis kommer att agera som leverant\u00f6r i n\u00e5gon form av f\u00f6rmedlingsinsatser b\u00f6r IAF \u00e4ven f\u00e5 som uppdrag att kontrollera myndighetens f\u00f6rmedlingsinsatser p\u00e5 motsvarande s\u00e4tt som f\u00f6r de frist\u00e5ende leverant\u00f6rerna.<\/p>\n\n\n\n<h3 class=\"wp-block-heading\">B\u00e4ttre samverkan med omst\u00e4llningsorganisationerna<\/h3>\n\n\n\n<p>Med det nya omst\u00e4llningsavtalet f\u00e5r \u00e4nnu fler av de arbetsl\u00f6sa st\u00f6d av omst\u00e4llningsorganisationer, \u00e4ven visstidsanst\u00e4llda som sagts upp i f\u00f6retag utan kollektivavtal. Men de arbetsl\u00f6sa ska ofta p\u00e5 egen hand skaffa information om och ta kontakt med Nysteget, den statliga omst\u00e4llningsorganisationen. Cirka tio procent av de anst\u00e4llda ber\u00e4knas tillh\u00f6ra den statliga omst\u00e4llningsorganisationen. F\u00f6r att alla arbetsl\u00f6sa med s\u00e4kerhet ska f\u00e5 ta del av omst\u00e4llningsst\u00f6det beh\u00f6ver Arbetsf\u00f6rmedlingen en ny instruktion.<\/p>\n\n\n\n<p>Arbetsf\u00f6rmedlingen beh\u00f6ver f\u00f6rs\u00e4kra sig om att de har information om vilka arbetsl\u00f6sa som f\u00e5r omst\u00e4llningsst\u00f6det. Vi f\u00f6resl\u00e5r d\u00e4rf\u00f6r att detta uppdrag skrivs in i Arbetsf\u00f6rmedlingens instruktion.<\/p>\n\n\n\n<p>Med en effektiv samverkan med omst\u00e4llningsorganisationerna kan Arbetsf\u00f6rmedlingens resurser anv\u00e4ndas \u00e4nnu effektivare och riktas till de som riskerar att bli l\u00e5ngtidsarbetsl\u00f6sa. Det \u00e4r viktigt att de arbetsl\u00f6sa som inte f\u00e5tt nytt arbete efter att ha f\u00e5tt st\u00f6d av omst\u00e4llningsorganisationen direkt f\u00e5r st\u00f6d av Arbetsf\u00f6rmedlingens frist\u00e5ende leverant\u00f6rer.<\/p>\n\n\n\n<p>Arbetsf\u00f6rmedlingen b\u00f6r snarast ges i uppdrag att skaffa information om vilka nya arbetsl\u00f6sa som tar del av omst\u00e4llningsst\u00f6d. Syftet \u00e4r att alla arbetsl\u00f6sa som \u00e4r ber\u00e4ttigade till omst\u00e4llningsst\u00f6d ska ta del av detta samt att \u00f6verg\u00e5ngen fr\u00e5n omst\u00e4llningsorganisationen till st\u00f6d fr\u00e5n Arbetsf\u00f6rmedlingens tj\u00e4nster ska g\u00e5 smidigt.<\/p>\n\n\n\n<h3 class=\"wp-block-heading\"><strong>Inf\u00f6r etableringsjobben<\/strong><\/h3>\n\n\n\n<p>Etableringsjobben \u00e4r ett helt nytt anst\u00e4llningsst\u00f6d befriat fr\u00e5n det kr\u00e5ngel som k\u00e4nnetecknar de nuvarande anst\u00e4llningsst\u00f6den. Svenskt N\u00e4ringsliv, PTK och LO presenterade etableringsjobben redan 2017. Etableringsjobben s\u00e4nker tr\u00f6sklarna till arbete f\u00f6r l\u00e5ngtidsarbetsl\u00f6sa genom att kostnaden f\u00f6r f\u00f6retagen att anst\u00e4lla begr\u00e4nsas till ers\u00e4ttningen p\u00e5 9000 kronor varje m\u00e5nad till den anst\u00e4llda.<\/p>\n\n\n\n<p>Etableringsjobbet \u00e4r en provanst\u00e4llning som kan l\u00f6pa i upp till 24 m\u00e5nader med m\u00e5let att den ska \u00f6verg\u00e5 i tillsvidareanst\u00e4llning. Enkelheten borgar f\u00f6r att f\u00f6retagen kommer dra nytta av st\u00f6den. Resurser har anslagits till etableringsjobben i tidigare budgetpropositioner och m\u00e5ste nu komma de arbetsl\u00f6sa till del.<\/p>\n\n\n\n<p>Bemanningsf\u00f6retag har fler utrikesf\u00f6dda medarbetare \u00e4n arbetsmarknaden i \u00f6vrigt och rekryterar ofta personer direkt fr\u00e5n arbetsl\u00f6shet. F\u00f6r m\u00e5nga \u00e4r d\u00e4rf\u00f6r ett jobb i bemanningsbranschen det f\u00f6rsta steget in p\u00e5 arbetsmarknaden. I \u00f6verenskommelsen om etableringsjobben \u00e4r dock bemanningsf\u00f6retag uteslutna.<\/p>\n\n\n<a class='Share__link Share__link--url copy-text' href='#' rel='nofollow' data-text='ekonomiska-utgangs\u00ad-punkter-for-fortsatta-reformer-av-arbets\u00adformedlingen' title='Dela url' data-confirmation='L\u00e4nken kopierades till urklipp'><svg class='icon icon--link'  width='18' height='18' viewBox='0 0 18 18' fill='none' xmlns='http:\/\/www.w3.org\/2000\/svg'>\n            <path d='M10.4142 0.514721L6.87868 4.05025L8.29289 5.46447L11.1213 2.63604L15.364 6.87868L12.5355 9.70711L13.9497 11.1213L17.4853 7.58579C17.8763 7.19476 17.8763 6.5626 17.4853 6.17158L11.8284 0.514721C11.4374 0.123691 10.8052 0.123691 10.4142 0.514721Z' fill='black'\/>\n            <path d='M9.7071 12.5355L6.87868 15.364L2.63604 11.1213L5.46446 8.2929L4.05025 6.87868L0.514716 10.4142C0.123686 10.8052 0.123686 11.4374 0.514716 11.8284L6.17157 17.4853C6.5626 17.8763 7.19475 17.8763 7.58578 17.4853L11.1213 13.9497L9.7071 12.5355Z' fill='black'\/>\n            <path d='M6.17157 11.8284C6.5626 12.2195 7.19475 12.2195 7.58578 11.8284L11.8284 7.58579C12.2195 7.19476 12.2195 6.56261 11.8284 6.17158C11.4374 5.78055 10.8052 5.78055 10.4142 6.17158L6.17157 10.4142C5.78054 10.8052 5.78054 11.4374 6.17157 11.8284Z' fill='black'\/>\n            <\/svg> <\/a>\n<h2 class=\"wp-block-heading\">Ekonomiska utg\u00e5ngs\u00ad punkter f\u00f6r fortsatta reformer av Arbets\u00adf\u00f6rmedlingen<\/h2>\n\n\n\n<p>Reformeringen som startade 2019 med m\u00e5let att frist\u00e5ende akt\u00f6rer skulle ta \u00f6ver matchningsuppdraget av de arbetss\u00f6kande har inte inneburit n\u00e5gon p\u00e5taglig \u00f6kning av anslaget till upphandlade tj\u00e4nster och utbildningar.<\/p>\n\n\n\n<p>\u00c5ren innan reformeringen, framf\u00f6r allt 2016 och 2017, spenderades mer pengar p\u00e5 tj\u00e4nster hos de frist\u00e5ende leverant\u00f6rerna \u00e4n 2021. Men under pandemin n\u00e4r l\u00e5ngtidsarbetsl\u00f6sheten n\u00e5dde rekordh\u00f6ga niv\u00e5er sparade Arbetsf\u00f6rmedlingen in p\u00e5 b\u00e5de aktivitetsst\u00f6det och programmedlen. Det vill s\u00e4ga den aktiva arbetsmarknadspolitiken anv\u00e4ndes inte i tillr\u00e4cklig utstr\u00e4ckning f\u00f6r att motverka och bryta l\u00e5ngtidsarbetsl\u00f6sheten. \u00d6kade volymer i de upphandlade tj\u00e4nsterna uppv\u00e4rderar den aktiva arbetsmarknadspolitiken och \u00f6kar f\u00f6ruts\u00e4gbarheten b\u00e5de f\u00f6r de arbetss\u00f6kande och leverant\u00f6rerna.<\/p>\n\n\n\n<p>Inf\u00f6r 2024 \u00f6kar programanslaget 1:3 vilket b\u00f6r riktas mot att \u00f6ka volymerna i upphandlade tj\u00e4nster f\u00f6r de l\u00e5ngtidsarbetsl\u00f6sa och de med nedsatt arbetsf\u00f6rm\u00e5ga till f\u00f6ljd av funktionsneds\u00e4ttning.<\/p>\n\n\n\n<figure class=\"wp-block-image size-medium\"><img loading=\"lazy\" decoding=\"async\" width=\"580\" height=\"320\" src=\"https:\/\/www.almega.se\/app\/uploads\/2023\/06\/Skarmavbild-2023-06-20-kl.-14.18.37-580x320.png\" alt=\"\" class=\"wp-image-64706\" srcset=\"https:\/\/www.almega.se\/app\/uploads\/2023\/06\/Skarmavbild-2023-06-20-kl.-14.18.37-580x320.png 580w, https:\/\/www.almega.se\/app\/uploads\/2023\/06\/Skarmavbild-2023-06-20-kl.-14.18.37-1180x652.png 1180w, https:\/\/www.almega.se\/app\/uploads\/2023\/06\/Skarmavbild-2023-06-20-kl.-14.18.37-380x210.png 380w, https:\/\/www.almega.se\/app\/uploads\/2023\/06\/Skarmavbild-2023-06-20-kl.-14.18.37-768x424.png 768w, https:\/\/www.almega.se\/app\/uploads\/2023\/06\/Skarmavbild-2023-06-20-kl.-14.18.37.png 1300w\" sizes=\"auto, (max-width: 580px) 100vw, 580px\" \/><\/figure>\n\n\n<a class='Share__link Share__link--url copy-text' href='#' rel='nofollow' data-text='avslutning' title='Dela url' data-confirmation='L\u00e4nken kopierades till urklipp'><svg class='icon icon--link'  width='18' height='18' viewBox='0 0 18 18' fill='none' xmlns='http:\/\/www.w3.org\/2000\/svg'>\n            <path d='M10.4142 0.514721L6.87868 4.05025L8.29289 5.46447L11.1213 2.63604L15.364 6.87868L12.5355 9.70711L13.9497 11.1213L17.4853 7.58579C17.8763 7.19476 17.8763 6.5626 17.4853 6.17158L11.8284 0.514721C11.4374 0.123691 10.8052 0.123691 10.4142 0.514721Z' fill='black'\/>\n            <path d='M9.7071 12.5355L6.87868 15.364L2.63604 11.1213L5.46446 8.2929L4.05025 6.87868L0.514716 10.4142C0.123686 10.8052 0.123686 11.4374 0.514716 11.8284L6.17157 17.4853C6.5626 17.8763 7.19475 17.8763 7.58578 17.4853L11.1213 13.9497L9.7071 12.5355Z' fill='black'\/>\n            <path d='M6.17157 11.8284C6.5626 12.2195 7.19475 12.2195 7.58578 11.8284L11.8284 7.58579C12.2195 7.19476 12.2195 6.56261 11.8284 6.17158C11.4374 5.78055 10.8052 5.78055 10.4142 6.17158L6.17157 10.4142C5.78054 10.8052 5.78054 11.4374 6.17157 11.8284Z' fill='black'\/>\n            <\/svg> <\/a>\n<h2 class=\"wp-block-heading\">Avslutning<\/h2>\n\n\n\n<p>I den h\u00e4r rapporten har vi visat att reformerna av arbetsmarknaden m\u00e5ste forts\u00e4tta. L\u00e5ngtidsarbetsl\u00f6sa l\u00e5ngt fr\u00e5n arbetsmarknaden och funktionsnedsatta med nedsatt arbetsf\u00f6rm\u00e5ga ska ocks\u00e5 f\u00e5 v\u00e4lja leverant\u00f6rer av individanpassade tj\u00e4nster som leder till egen f\u00f6rs\u00f6rjning.<\/p>\n\n\n\n<p>Tj\u00e4nsterna ska bygga p\u00e5 bepr\u00f6vade metoder som p\u00e5visat goda resultat f\u00f6r dem som st\u00e5r mycket l\u00e5ngt fr\u00e5n arbetsmarknaden. Det finns ett flertal frist\u00e5ende leverant\u00f6rer som redan idag visar att det g\u00e5r att f\u00e5 m\u00e5nga fler i arbete n\u00e4r de individanpassade tj\u00e4nsterna anv\u00e4nds.<\/p>\n\n\n\n<p>F\u00f6r att m\u00f6jligg\u00f6ra att de l\u00e5ngtidsarbetsl\u00f6sa inkluderas p\u00e5 arbetsmarknaden f\u00f6resl\u00e5r Almega flera nya reformer.<\/p>\n\n\n\n<p>Det beh\u00f6vs effektivare process och en ny modell f\u00f6r profilering av arbetsl\u00f6sa med nedsatt arbetsf\u00f6rm\u00e5ga f\u00f6r att s\u00e4kerst\u00e4lla att varje individ deltar i r\u00e4tt insats som \u00f6kar m\u00f6jligheterna att komma i jobb.<\/p>\n\n\n\n<p>En ny tj\u00e4nst Steg till Arbete + b\u00f6r inf\u00f6ras f\u00f6r att ge de som har behov av anpassning och st\u00f6d r\u00e4tt insats med m\u00e5let att komma in p\u00e5 arbetsmarknaden.<\/p>\n\n\n\n<p>M\u00e5let ska vara att inkluderas alla arbetsl\u00f6sa p\u00e5 ordinarie arbetsmarknad. D\u00e4rf\u00f6r ska alla anst\u00e4llningssubventioner f\u00f6lja individen.<\/p>\n\n\n\n<p>Riksdagen, regeringen och inte minst Arbetsf\u00f6rmedlingen kan dra nytta av l\u00e4rdomarna de reformer av de arbetsmarknadspolitiska insatserna och st\u00f6den som redan har gjorts. En l\u00e4rdom \u00e4r att fler arbetss\u00f6kande m\u00e5ste ges m\u00f6jlighet att delta i Rusta och matcha 2. En annan l\u00e4rdom att fler borde f\u00e5 ta del av arbetsmarknadsutbildning f\u00f6r att minska den kompetensbrist som r\u00e5der.<\/p>\n\n\n\n<p>F\u00f6ruts\u00e4ttningarna f\u00f6r fortsatta reformer \u00e4r goda. Det g\u00e5r att utveckla nya tj\u00e4nster och uppn\u00e5 nya h\u00f6ga resultat. L\u00e5t nu \u00e4ven de arbetsl\u00f6sa l\u00e4ngst ifr\u00e5n arbetsmarknaden f\u00e5 delta i effektiva tj\u00e4nster med st\u00f6d som f\u00f6ljer individen.<\/p>\n","protected":false},"excerpt":{"rendered":"<p>I den h\u00e4r rapporten &#8217;S\u00e5 bryter vi l\u00e5ngtidsarbetsl\u00f6sheten&#8217; utvecklar vi l\u00e4rdomarna fr\u00e5n Rusta och matcha till arbetet med de som varit arbetsl\u00f6sa under en l\u00e5ng tid eller har en funktionsneds\u00e4ttning som medf\u00f6r nedsatt arbetsf\u00f6rm\u00e5ga. <\/p>\n","protected":false},"author":15264,"featured_media":19659,"comment_status":"closed","ping_status":"closed","sticky":false,"template":"","format":"standard","meta":{"_acf_changed":false,"footnotes":""},"categories":[1],"tags":[],"article_type":[42],"agreement":[],"class_list":["post-64644","post","type-post","status-publish","format-standard","has-post-thumbnail","hentry","category-okategoriserade","type-rapporter"],"acf":[],"yoast_head":"<!-- This site is optimized with the Yoast SEO Premium plugin v26.8 (Yoast SEO v26.8) - https:\/\/yoast.com\/product\/yoast-seo-premium-wordpress\/ -->\n<title>Rapport: S\u00e5 bryter vi l\u00e5ngtidsarbetsl\u00f6sheten | Almega<\/title>\n<meta name=\"robots\" content=\"index, follow, max-snippet:-1, max-image-preview:large, max-video-preview:-1\" \/>\n<link rel=\"canonical\" href=\"https:\/\/www.almega.se\/2023\/06\/sa-bryter-vi-langtidsarbetslosheten\/\" \/>\n<meta property=\"og:locale\" content=\"sv_SE\" \/>\n<meta property=\"og:type\" content=\"article\" \/>\n<meta property=\"og:title\" content=\"Rapport: S\u00e5 bryter vi l\u00e5ngtidsarbetsl\u00f6sheten\" \/>\n<meta property=\"og:description\" content=\"I den h\u00e4r rapporten &#039;S\u00e5 bryter vi l\u00e5ngtidsarbetsl\u00f6sheten&#039; utvecklar vi l\u00e4rdomarna fr\u00e5n Rusta och matcha till arbetet med de som varit arbetsl\u00f6sa under en l\u00e5ng tid eller har en funktionsneds\u00e4ttning som medf\u00f6r nedsatt arbetsf\u00f6rm\u00e5ga.\" \/>\n<meta property=\"og:url\" content=\"https:\/\/www.almega.se\/2023\/06\/sa-bryter-vi-langtidsarbetslosheten\/\" \/>\n<meta property=\"og:site_name\" content=\"Almega\" \/>\n<meta property=\"article:published_time\" content=\"2023-06-20T12:40:10+00:00\" \/>\n<meta property=\"article:modified_time\" content=\"2024-08-21T09:00:13+00:00\" \/>\n<meta property=\"og:image\" content=\"https:\/\/www.almega.se\/app\/uploads\/2018\/10\/hangavtal.jpg\" \/>\n\t<meta property=\"og:image:width\" content=\"4843\" \/>\n\t<meta property=\"og:image:height\" content=\"3241\" \/>\n\t<meta property=\"og:image:type\" content=\"image\/jpeg\" \/>\n<meta name=\"author\" content=\"filippaostling\" \/>\n<meta name=\"twitter:card\" content=\"summary_large_image\" \/>\n<meta name=\"twitter:label1\" content=\"Skriven av\" \/>\n\t<meta name=\"twitter:data1\" content=\"filippaostling\" \/>\n\t<meta name=\"twitter:label2\" content=\"Ber\u00e4knad l\u00e4stid\" \/>\n\t<meta name=\"twitter:data2\" content=\"48 minuter\" \/>\n<!-- \/ Yoast SEO Premium plugin. -->","yoast_head_json":{"title":"Rapport: S\u00e5 bryter vi l\u00e5ngtidsarbetsl\u00f6sheten | Almega","robots":{"index":"index","follow":"follow","max-snippet":"max-snippet:-1","max-image-preview":"max-image-preview:large","max-video-preview":"max-video-preview:-1"},"canonical":"https:\/\/www.almega.se\/2023\/06\/sa-bryter-vi-langtidsarbetslosheten\/","og_locale":"sv_SE","og_type":"article","og_title":"Rapport: S\u00e5 bryter vi l\u00e5ngtidsarbetsl\u00f6sheten","og_description":"I den h\u00e4r rapporten 'S\u00e5 bryter vi l\u00e5ngtidsarbetsl\u00f6sheten' utvecklar vi l\u00e4rdomarna fr\u00e5n Rusta och matcha till arbetet med de som varit arbetsl\u00f6sa under en l\u00e5ng tid eller har en funktionsneds\u00e4ttning som medf\u00f6r nedsatt arbetsf\u00f6rm\u00e5ga.","og_url":"https:\/\/www.almega.se\/2023\/06\/sa-bryter-vi-langtidsarbetslosheten\/","og_site_name":"Almega","article_published_time":"2023-06-20T12:40:10+00:00","article_modified_time":"2024-08-21T09:00:13+00:00","og_image":[{"width":4843,"height":3241,"url":"https:\/\/www.almega.se\/app\/uploads\/2018\/10\/hangavtal.jpg","type":"image\/jpeg"}],"author":"filippaostling","twitter_card":"summary_large_image","twitter_misc":{"Skriven av":"filippaostling","Ber\u00e4knad l\u00e4stid":"48 minuter"},"schema":{"@context":"https:\/\/schema.org","@graph":[{"@type":"NewsArticle","@id":"https:\/\/www.almega.se\/2023\/06\/sa-bryter-vi-langtidsarbetslosheten\/#article","isPartOf":{"@id":"https:\/\/www.almega.se\/2023\/06\/sa-bryter-vi-langtidsarbetslosheten\/"},"author":{"name":"filippaostling","@id":"https:\/\/www.almega.se\/#\/schema\/person\/6a769e8c64bfc060d97757abccc542a4"},"headline":"Rapport: S\u00e5 bryter vi l\u00e5ngtidsarbetsl\u00f6sheten","datePublished":"2023-06-20T12:40:10+00:00","dateModified":"2024-08-21T09:00:13+00:00","mainEntityOfPage":{"@id":"https:\/\/www.almega.se\/2023\/06\/sa-bryter-vi-langtidsarbetslosheten\/"},"wordCount":10552,"image":{"@id":"https:\/\/www.almega.se\/2023\/06\/sa-bryter-vi-langtidsarbetslosheten\/#primaryimage"},"thumbnailUrl":"https:\/\/www.almega.se\/app\/uploads\/2018\/10\/hangavtal.jpg","inLanguage":"sv-SE"},{"@type":"WebPage","@id":"https:\/\/www.almega.se\/2023\/06\/sa-bryter-vi-langtidsarbetslosheten\/","url":"https:\/\/www.almega.se\/2023\/06\/sa-bryter-vi-langtidsarbetslosheten\/","name":"Rapport: S\u00e5 bryter vi l\u00e5ngtidsarbetsl\u00f6sheten | Almega","isPartOf":{"@id":"https:\/\/www.almega.se\/#website"},"primaryImageOfPage":{"@id":"https:\/\/www.almega.se\/2023\/06\/sa-bryter-vi-langtidsarbetslosheten\/#primaryimage"},"image":{"@id":"https:\/\/www.almega.se\/2023\/06\/sa-bryter-vi-langtidsarbetslosheten\/#primaryimage"},"thumbnailUrl":"https:\/\/www.almega.se\/app\/uploads\/2018\/10\/hangavtal.jpg","datePublished":"2023-06-20T12:40:10+00:00","dateModified":"2024-08-21T09:00:13+00:00","author":{"@id":"https:\/\/www.almega.se\/#\/schema\/person\/6a769e8c64bfc060d97757abccc542a4"},"breadcrumb":{"@id":"https:\/\/www.almega.se\/2023\/06\/sa-bryter-vi-langtidsarbetslosheten\/#breadcrumb"},"inLanguage":"sv-SE","potentialAction":[{"@type":"ReadAction","target":["https:\/\/www.almega.se\/2023\/06\/sa-bryter-vi-langtidsarbetslosheten\/"]}]},{"@type":"ImageObject","inLanguage":"sv-SE","@id":"https:\/\/www.almega.se\/2023\/06\/sa-bryter-vi-langtidsarbetslosheten\/#primaryimage","url":"https:\/\/www.almega.se\/app\/uploads\/2018\/10\/hangavtal.jpg","contentUrl":"https:\/\/www.almega.se\/app\/uploads\/2018\/10\/hangavtal.jpg","width":4843,"height":3241,"caption":"M\u00e4nniskor i r\u00f6relse."},{"@type":"BreadcrumbList","@id":"https:\/\/www.almega.se\/2023\/06\/sa-bryter-vi-langtidsarbetslosheten\/#breadcrumb","itemListElement":[{"@type":"ListItem","position":1,"name":"Home","item":"https:\/\/www.almega.se\/"},{"@type":"ListItem","position":2,"name":"Rapport: S\u00e5 bryter vi l\u00e5ngtidsarbetsl\u00f6sheten"}]},{"@type":"WebSite","@id":"https:\/\/www.almega.se\/#website","url":"https:\/\/www.almega.se\/","name":"Almega","description":"","potentialAction":[{"@type":"SearchAction","target":{"@type":"EntryPoint","urlTemplate":"https:\/\/www.almega.se\/?s={search_term_string}"},"query-input":{"@type":"PropertyValueSpecification","valueRequired":true,"valueName":"search_term_string"}}],"inLanguage":"sv-SE"},{"@type":"Person","@id":"https:\/\/www.almega.se\/#\/schema\/person\/6a769e8c64bfc060d97757abccc542a4","name":"filippaostling","image":{"@type":"ImageObject","inLanguage":"sv-SE","@id":"https:\/\/www.almega.se\/#\/schema\/person\/image\/","url":"https:\/\/secure.gravatar.com\/avatar\/e9de4cc4600aa1657856eb831cc6fdfe64510cceefd71a933b69e2a42ac5b31f?s=96&d=mm&r=g","contentUrl":"https:\/\/secure.gravatar.com\/avatar\/e9de4cc4600aa1657856eb831cc6fdfe64510cceefd71a933b69e2a42ac5b31f?s=96&d=mm&r=g","caption":"filippaostling"},"url":"https:\/\/www.almega.se\/person\/filippaostling\/"}]}},"_links":{"self":[{"href":"https:\/\/www.almega.se\/api\/wp\/v2\/posts\/64644","targetHints":{"allow":["GET"]}}],"collection":[{"href":"https:\/\/www.almega.se\/api\/wp\/v2\/posts"}],"about":[{"href":"https:\/\/www.almega.se\/api\/wp\/v2\/types\/post"}],"author":[{"embeddable":true,"href":"https:\/\/www.almega.se\/api\/wp\/v2\/users\/15264"}],"replies":[{"embeddable":true,"href":"https:\/\/www.almega.se\/api\/wp\/v2\/comments?post=64644"}],"version-history":[{"count":23,"href":"https:\/\/www.almega.se\/api\/wp\/v2\/posts\/64644\/revisions"}],"predecessor-version":[{"id":75485,"href":"https:\/\/www.almega.se\/api\/wp\/v2\/posts\/64644\/revisions\/75485"}],"wp:featuredmedia":[{"embeddable":true,"href":"https:\/\/www.almega.se\/api\/wp\/v2\/media\/19659"}],"wp:attachment":[{"href":"https:\/\/www.almega.se\/api\/wp\/v2\/media?parent=64644"}],"wp:term":[{"taxonomy":"category","embeddable":true,"href":"https:\/\/www.almega.se\/api\/wp\/v2\/categories?post=64644"},{"taxonomy":"post_tag","embeddable":true,"href":"https:\/\/www.almega.se\/api\/wp\/v2\/tags?post=64644"},{"taxonomy":"type","embeddable":true,"href":"https:\/\/www.almega.se\/api\/wp\/v2\/article_type?post=64644"},{"taxonomy":"agreement","embeddable":true,"href":"https:\/\/www.almega.se\/api\/wp\/v2\/agreement?post=64644"}],"curies":[{"name":"wp","href":"https:\/\/api.w.org\/{rel}","templated":true}]}}