{"id":64561,"date":"2023-06-16T06:00:00","date_gmt":"2023-06-16T04:00:00","guid":{"rendered":"https:\/\/www.almega.se\/?p=64561"},"modified":"2023-06-19T11:09:47","modified_gmt":"2023-06-19T09:09:47","slug":"lat-langtidsarbetslosa-fa-valja-leverantor","status":"publish","type":"post","link":"https:\/\/www.almega.se\/2023\/06\/lat-langtidsarbetslosa-fa-valja-leverantor\/","title":{"rendered":"L\u00e5t l\u00e5ngtidsarbetsl\u00f6sa f\u00e5 v\u00e4lja leverant\u00f6r"},"content":{"rendered":"<p class=\"intro\">L\u00e5ngtidsarbetsl\u00f6sheten \u00e4r p\u00e5 historiskt sett h\u00f6ga niv\u00e5er samtidigt som f\u00f6retagen i tj\u00e4nstesektorn har sv\u00e5rt att hitta medarbetare. Almega f\u00f6resl\u00e5r i sin nya rapport att de som st\u00e5r l\u00e5ngt fr\u00e5n arbetsmarknaden sj\u00e4lva ska f\u00e5 v\u00e4lja leverant\u00f6r samt att Arbetsf\u00f6rmedlingens uppdrag renodlas. \u00a0&#8221;M\u00e5nga fler l\u00e5ngtidsarbetsl\u00f6sa m\u00e5ste f\u00e5 delta i mer effektiva insatser som leder till jobb&#8221;, s\u00e4ger Per Hammar, projektledare av rapporten och n\u00e4ringspolitisk expert hos Almega.<\/p>\n\n<p>I Almegas rapport  <strong>&#8221;S\u00e5 bryter vi l\u00e5ngtidsarbetsl\u00f6sheten&#8221;<\/strong> presenteras nya och konkreta reformer som utg\u00e5r ifr\u00e5n bepr\u00f6vade och framg\u00e5ngsrika metoder, f\u00f6r att just de mest utsatta ska kunna komma tillbaka till arbete och p\u00e5 s\u00e5 s\u00e4tt bryta den negativa utvecklingen. Ett f\u00f6rslag \u00e4r att l\u00e5ngtidsarbetsl\u00f6sa som st\u00e5r l\u00e5ngt fr\u00e5n arbetsmarknaden sj\u00e4lva f\u00e5r v\u00e4lja leverant\u00f6r av en, av Almega f\u00f6reslagen, ny tj\u00e4nst <em>Steg till arbete +<\/em> som bygger p\u00e5 metoden individanpassat st\u00f6d till arbete och utbildning (IPS) och \u00e4r en breddning av den befintliga tj\u00e4nsten Steg till arbete. <\/p>\n\n\n\n<p>\u2013 M\u00e5nga fler l\u00e5ngtidsarbetsl\u00f6sa m\u00e5ste f\u00e5 delta i mer effektiva insatser som leder till jobb. Vi beh\u00f6ver bli mycket b\u00e4ttre p\u00e5 att ta tillvara all den kompetens som finns bland de som \u00e4r l\u00e5ngtidsarbetsl\u00f6sa och de som har en funktionsneds\u00e4ttning, s\u00e4ger Per Hammar. <\/p>\n\n\n\n<figure class=\"wp-block-image size-thumbnail\"><img loading=\"lazy\" decoding=\"async\" width=\"380\" height=\"380\" src=\"https:\/\/www.almega.se\/app\/uploads\/2023\/03\/a7466a5a-0775-46d5-9f83-8ec2569dc599-380x380.jpg\" alt=\"Per Hammar, n\u00e4ringspolitisk expert p\u00e5 Almega\" class=\"wp-image-60627\" srcset=\"https:\/\/www.almega.se\/app\/uploads\/2023\/03\/a7466a5a-0775-46d5-9f83-8ec2569dc599-380x380.jpg 380w, https:\/\/www.almega.se\/app\/uploads\/2023\/03\/a7466a5a-0775-46d5-9f83-8ec2569dc599-580x580.jpg 580w, https:\/\/www.almega.se\/app\/uploads\/2023\/03\/a7466a5a-0775-46d5-9f83-8ec2569dc599-1180x1180.jpg 1180w, https:\/\/www.almega.se\/app\/uploads\/2023\/03\/a7466a5a-0775-46d5-9f83-8ec2569dc599-768x768.jpg 768w, https:\/\/www.almega.se\/app\/uploads\/2023\/03\/a7466a5a-0775-46d5-9f83-8ec2569dc599-1536x1536.jpg 1536w, https:\/\/www.almega.se\/app\/uploads\/2023\/03\/a7466a5a-0775-46d5-9f83-8ec2569dc599-2048x2048.jpg 2048w\" sizes=\"auto, (max-width: 380px) 100vw, 380px\" \/><figcaption class=\"wp-element-caption\">Per Hammar, n\u00e4ringspolitisk expert p\u00e5 Almega<\/figcaption><\/figure>\n\n\n\n<blockquote class=\"wp-block-quote is-layout-flow wp-block-quote-is-layout-flow\">\n<p>L\u00e5t experterna p\u00e5 arbetsmarknadstj\u00e4nster rusta och matcha l\u00e5ngtidsarbetsl\u00f6sa i samband med sk\u00e4rpta kontroller av leverant\u00f6rer. <\/p>\n<cite>Per Hammar, n\u00e4ringspolitisk expert. <\/cite><\/blockquote>\n\n\n\n      <a href=\"https:\/\/www.almega.se\/app\/uploads\/2023\/06\/2306-Sa-bryter-vi-langtidsarbetslosheten.pdf\" target=\"_blank\" class=\"Button is-button is-style-fill has-black-background-color has-black-border-color has-white-color Button--download\">\n      \n        Ladda ner rapporten \n      \n      \n                <svg class='icon icon--download'  width=\"16\" height=\"16\" viewBox=\"0 0 16 16\" fill=\"none\" xmlns=\"http:\/\/www.w3.org\/2000\/svg\">\n<path d=\"M8 -2.18557e-07L8 10M8 10L13 5M8 10L3 5\" stroke=\"black\" stroke-width=\"2\" stroke-miterlimit=\"10\"\/>\n<path d=\"M15 11.5V15H1V11.5\" stroke=\"black\" stroke-width=\"2\" stroke-miterlimit=\"10\"\/>\n<\/svg>\n\n        \n    <\/a>\n  \n\n\n<a class='Share__link Share__link--url copy-text' href='#' rel='nofollow' data-text='ny-modell-for-arbetssokande' title='Dela url' data-confirmation='L\u00e4nken kopierades till urklipp'><svg class='icon icon--link'  width='18' height='18' viewBox='0 0 18 18' fill='none' xmlns='http:\/\/www.w3.org\/2000\/svg'>\n            <path d='M10.4142 0.514721L6.87868 4.05025L8.29289 5.46447L11.1213 2.63604L15.364 6.87868L12.5355 9.70711L13.9497 11.1213L17.4853 7.58579C17.8763 7.19476 17.8763 6.5626 17.4853 6.17158L11.8284 0.514721C11.4374 0.123691 10.8052 0.123691 10.4142 0.514721Z' fill='black'\/>\n            <path d='M9.7071 12.5355L6.87868 15.364L2.63604 11.1213L5.46446 8.2929L4.05025 6.87868L0.514716 10.4142C0.123686 10.8052 0.123686 11.4374 0.514716 11.8284L6.17157 17.4853C6.5626 17.8763 7.19475 17.8763 7.58578 17.4853L11.1213 13.9497L9.7071 12.5355Z' fill='black'\/>\n            <path d='M6.17157 11.8284C6.5626 12.2195 7.19475 12.2195 7.58578 11.8284L11.8284 7.58579C12.2195 7.19476 12.2195 6.56261 11.8284 6.17158C11.4374 5.78055 10.8052 5.78055 10.4142 6.17158L6.17157 10.4142C5.78054 10.8052 5.78054 11.4374 6.17157 11.8284Z' fill='black'\/>\n            <\/svg> <\/a>\n<h2 class=\"wp-block-heading\">Ny modell f\u00f6r arbetss\u00f6kande <\/h2>\n\n\n\n<p>Bed\u00f6mningen av de arbetsl\u00f6sa som har nedsatt arbetsf\u00f6rm\u00e5ga till f\u00f6ljd av funktionsneds\u00e4ttning m\u00e5ste g\u00e5 mycket snabbare \u00e4n idag. Almega vill d\u00e4rf\u00f6r se en ny process som fokuserar p\u00e5 att snabbt kartl\u00e4gga kompetensen hos de arbetsl\u00f6sa. Idag tar kartl\u00e4ggningen i genomsnitt cirka ett \u00e5r. <\/p>\n\n\n\n<p>\u2013 Arbetss\u00f6kande med nedsatt arbetsf\u00f6rm\u00e5ga ska inte tvingas bli l\u00e5ngtidsarbetsl\u00f6sa innan de f\u00e5r r\u00e4tt st\u00f6d f\u00f6r att hitta jobb eller utbildning, menar Per Hammar.<\/p>\n\n\n<a class='Share__link Share__link--url copy-text' href='#' rel='nofollow' data-text='fortsatt-reformering-av-arbetsformedlingen' title='Dela url' data-confirmation='L\u00e4nken kopierades till urklipp'><svg class='icon icon--link'  width='18' height='18' viewBox='0 0 18 18' fill='none' xmlns='http:\/\/www.w3.org\/2000\/svg'>\n            <path d='M10.4142 0.514721L6.87868 4.05025L8.29289 5.46447L11.1213 2.63604L15.364 6.87868L12.5355 9.70711L13.9497 11.1213L17.4853 7.58579C17.8763 7.19476 17.8763 6.5626 17.4853 6.17158L11.8284 0.514721C11.4374 0.123691 10.8052 0.123691 10.4142 0.514721Z' fill='black'\/>\n            <path d='M9.7071 12.5355L6.87868 15.364L2.63604 11.1213L5.46446 8.2929L4.05025 6.87868L0.514716 10.4142C0.123686 10.8052 0.123686 11.4374 0.514716 11.8284L6.17157 17.4853C6.5626 17.8763 7.19475 17.8763 7.58578 17.4853L11.1213 13.9497L9.7071 12.5355Z' fill='black'\/>\n            <path d='M6.17157 11.8284C6.5626 12.2195 7.19475 12.2195 7.58578 11.8284L11.8284 7.58579C12.2195 7.19476 12.2195 6.56261 11.8284 6.17158C11.4374 5.78055 10.8052 5.78055 10.4142 6.17158L6.17157 10.4142C5.78054 10.8052 5.78054 11.4374 6.17157 11.8284Z' fill='black'\/>\n            <\/svg> <\/a>\n<h2 class=\"wp-block-heading\">Fortsatt reformering av Arbetsf\u00f6rmedlingen <\/h2>\n\n\n\n<p>Arbetsf\u00f6rmedlingens uppdrag m\u00e5ste d\u00e4rut\u00f6ver renodlas. Myndigheten ska fokusera mera p\u00e5 uppf\u00f6ljning och kontroll av leverant\u00f6rerna samtidigt som alla rustande och matchande insatser b\u00f6r utf\u00f6ras av frist\u00e5ende leverant\u00f6rer, Almega f\u00f6resl\u00e5r \u00e4ven h\u00f6ga tr\u00f6sklar in till alla tj\u00e4nster, d\u00e4ribland f\u00f6rslaget om Steg till arbete +, samt att  leverant\u00f6rer som inte levererar resultat dessutom b\u00f6r kastas ut fr\u00e5n tj\u00e4nsterna. <\/p>\n\n\n\n<p>\u2013 L\u00e5t experterna p\u00e5 arbetsmarknadstj\u00e4nster rusta och matcha de l\u00e5ngtidsarbetsl\u00f6sa i samband med sk\u00e4rpta kontroller av leverant\u00f6rerna, s\u00e4ger Per Hammar. <\/p>\n\n\n\n<p>Arbetsf\u00f6rmedlingen har p\u00e5 senare \u00e5r inte anv\u00e4nt hela anslaget bland annat till l\u00f6nebidragsanst\u00e4llningar f\u00f6r arbetsl\u00f6sa med nedsatt arbetsf\u00f6rm\u00e5ga. D\u00e4rf\u00f6r borde samtliga anst\u00e4llningsst\u00f6d f\u00f6lja individen och leverant\u00f6rerna m\u00e5ste snabbare hj\u00e4lpa arbetsl\u00f6sa till jobb.<\/p>\n\n\n\n<p>\u2013 Alla beh\u00f6vs p\u00e5 den regulj\u00e4ra arbetsmarknaden. Med hj\u00e4lp av effektiva anst\u00e4llningsst\u00f6d, som de nya etableringsjobben, ska vi skapa en inkluderande arbetsmarknad utan s\u00e4rl\u00f6sningar som riskerar att skapa on\u00f6diga inl\u00e5sningseffekter, avslutar Per Hammar.<\/p>\n\n\n\n\n\n<p><strong>Se seminariet i efterhand! <\/strong><\/p>\n\n\n\n<figure class=\"wp-block-image size-large\"><img loading=\"lazy\" decoding=\"async\" width=\"1180\" height=\"84\" src=\"https:\/\/www.almega.se\/app\/uploads\/2023\/05\/Illustrationspil-Rak2-Svart-Medium-1180x84.png\" alt=\"\" class=\"wp-image-63888\" srcset=\"https:\/\/www.almega.se\/app\/uploads\/2023\/05\/Illustrationspil-Rak2-Svart-Medium-1180x84.png 1180w, https:\/\/www.almega.se\/app\/uploads\/2023\/05\/Illustrationspil-Rak2-Svart-Medium-580x41.png 580w, https:\/\/www.almega.se\/app\/uploads\/2023\/05\/Illustrationspil-Rak2-Svart-Medium-380x27.png 380w, https:\/\/www.almega.se\/app\/uploads\/2023\/05\/Illustrationspil-Rak2-Svart-Medium-768x54.png 768w, https:\/\/www.almega.se\/app\/uploads\/2023\/05\/Illustrationspil-Rak2-Svart-Medium-1536x109.png 1536w, https:\/\/www.almega.se\/app\/uploads\/2023\/05\/Illustrationspil-Rak2-Svart-Medium.png 1890w\" sizes=\"auto, (max-width: 1180px) 100vw, 1180px\" \/><\/figure>\n\n\n\n\n<figure class=\"wp-block-embed is-type-video is-provider-youtube wp-block-embed-youtube wp-embed-aspect-16-9 wp-has-aspect-ratio\">\n        \n          \n            <p style=\"margin: 0 0 10px 0; font-size: 14px; color: #6c757d;\">Till\u00e5t marknadsf\u00f6ringscookies f\u00f6r att visa den inb\u00e4ddade YouTube-videon<\/p>\n            <p style=\"margin: 0; font-size: 14px;\">\n              <a href=\"#\" class=\"ch2-open-settings-btn\" style=\"color: #e26a34; text-decoration: underline;\">Hantera mina cookie-val<\/a>\n            <\/p>\n          \n        \n<iframe data-consent=\"marketing\" title=\"S\u00e5 bryter vi l\u00e5ngtidsarbetsl\u00f6sheten\" width=\"500\" height=\"281\" data-src=\"https:\/\/www.youtube-nocookie.com\/embed\/vCnqnNB-nec?feature=oembed\" frameborder=\"0\" allow=\"accelerometer; autoplay; clipboard-write; encrypted-media; gyroscope; picture-in-picture; web-share\" referrerpolicy=\"strict-origin-when-cross-origin\" allowfullscreen><\/iframe>\n<\/figure>\n\n\n\n","protected":false},"excerpt":{"rendered":"<p>I Almegas rapport &#8221;S\u00e5 bryter vi l\u00e5ngtidsarbetsl\u00f6sheten&#8221; presenteras nya och konkreta reformer som utg\u00e5r ifr\u00e5n bepr\u00f6vade och framg\u00e5ngsrika metoder, f\u00f6r att just de mest utsatta ska kunna komma tillbaka till arbete och p\u00e5 s\u00e5 s\u00e4tt &hellip;<\/p>\n","protected":false},"author":6058,"featured_media":64575,"comment_status":"closed","ping_status":"closed","sticky":false,"template":"","format":"standard","meta":{"_acf_changed":false,"footnotes":""},"categories":[64],"tags":[65],"article_type":[56],"agreement":[],"class_list":["post-64561","post","type-post","status-publish","format-standard","has-post-thumbnail","hentry","category-arbetsmarknad","tag-arbetsloshet","type-nyheter"],"acf":[],"yoast_head":"<!-- This site is optimized with the Yoast SEO Premium plugin v26.8 (Yoast SEO v26.8) - https:\/\/yoast.com\/product\/yoast-seo-premium-wordpress\/ -->\n<title>L\u00e5t l\u00e5ngtidsarbetsl\u00f6sa f\u00e5 v\u00e4lja leverant\u00f6r | Almega<\/title>\n<meta name=\"description\" content=\"Almegas rapport &quot;S\u00e5 bryter vi l\u00e5ngtidsarbetsl\u00f6sheten&quot; ger f\u00f6rslag till nya reformer f\u00f6r att f\u00e5 fler l\u00e5ngtidsarbetsl\u00f6sa in i jobb.\" \/>\n<meta name=\"robots\" content=\"index, follow, max-snippet:-1, max-image-preview:large, max-video-preview:-1\" \/>\n<link rel=\"canonical\" href=\"https:\/\/www.almega.se\/2023\/06\/lat-langtidsarbetslosa-fa-valja-leverantor\/\" \/>\n<meta property=\"og:locale\" content=\"sv_SE\" \/>\n<meta property=\"og:type\" content=\"article\" \/>\n<meta property=\"og:title\" content=\"L\u00e5t l\u00e5ngtidsarbetsl\u00f6sa f\u00e5 v\u00e4lja leverant\u00f6r\" \/>\n<meta property=\"og:description\" content=\"Almegas rapport &quot;S\u00e5 bryter vi l\u00e5ngtidsarbetsl\u00f6sheten&quot; ger f\u00f6rslag till nya reformer f\u00f6r att f\u00e5 fler l\u00e5ngtidsarbetsl\u00f6sa in i jobb.\" \/>\n<meta property=\"og:url\" content=\"https:\/\/www.almega.se\/2023\/06\/lat-langtidsarbetslosa-fa-valja-leverantor\/\" \/>\n<meta property=\"og:site_name\" content=\"Almega\" \/>\n<meta property=\"article:published_time\" content=\"2023-06-16T04:00:00+00:00\" \/>\n<meta property=\"article:modified_time\" content=\"2023-06-19T09:09:47+00:00\" \/>\n<meta property=\"og:image\" content=\"https:\/\/www.almega.se\/app\/uploads\/2023\/06\/GettyImages-1136195363-scaled.jpg\" \/>\n\t<meta property=\"og:image:width\" content=\"2560\" \/>\n\t<meta property=\"og:image:height\" content=\"1707\" \/>\n\t<meta property=\"og:image:type\" content=\"image\/jpeg\" \/>\n<meta name=\"author\" content=\"Shashika Sellgren\" \/>\n<meta name=\"twitter:card\" content=\"summary_large_image\" \/>\n<meta name=\"twitter:label1\" content=\"Skriven av\" \/>\n\t<meta name=\"twitter:data1\" content=\"Shashika Sellgren\" \/>\n\t<meta name=\"twitter:label2\" content=\"Ber\u00e4knad l\u00e4stid\" \/>\n\t<meta name=\"twitter:data2\" content=\"3 minuter\" \/>\n<!-- \/ Yoast SEO Premium plugin. -->","yoast_head_json":{"title":"L\u00e5t l\u00e5ngtidsarbetsl\u00f6sa f\u00e5 v\u00e4lja leverant\u00f6r | Almega","description":"Almegas rapport \"S\u00e5 bryter vi l\u00e5ngtidsarbetsl\u00f6sheten\" ger f\u00f6rslag till nya reformer f\u00f6r att f\u00e5 fler l\u00e5ngtidsarbetsl\u00f6sa in i jobb.","robots":{"index":"index","follow":"follow","max-snippet":"max-snippet:-1","max-image-preview":"max-image-preview:large","max-video-preview":"max-video-preview:-1"},"canonical":"https:\/\/www.almega.se\/2023\/06\/lat-langtidsarbetslosa-fa-valja-leverantor\/","og_locale":"sv_SE","og_type":"article","og_title":"L\u00e5t l\u00e5ngtidsarbetsl\u00f6sa f\u00e5 v\u00e4lja leverant\u00f6r","og_description":"Almegas rapport \"S\u00e5 bryter vi l\u00e5ngtidsarbetsl\u00f6sheten\" ger f\u00f6rslag till nya reformer f\u00f6r att f\u00e5 fler l\u00e5ngtidsarbetsl\u00f6sa in i jobb.","og_url":"https:\/\/www.almega.se\/2023\/06\/lat-langtidsarbetslosa-fa-valja-leverantor\/","og_site_name":"Almega","article_published_time":"2023-06-16T04:00:00+00:00","article_modified_time":"2023-06-19T09:09:47+00:00","og_image":[{"width":2560,"height":1707,"url":"https:\/\/www.almega.se\/app\/uploads\/2023\/06\/GettyImages-1136195363-scaled.jpg","type":"image\/jpeg"}],"author":"Shashika Sellgren","twitter_card":"summary_large_image","twitter_misc":{"Skriven av":"Shashika Sellgren","Ber\u00e4knad l\u00e4stid":"3 minuter"},"schema":{"@context":"https:\/\/schema.org","@graph":[{"@type":"NewsArticle","@id":"https:\/\/www.almega.se\/2023\/06\/lat-langtidsarbetslosa-fa-valja-leverantor\/#article","isPartOf":{"@id":"https:\/\/www.almega.se\/2023\/06\/lat-langtidsarbetslosa-fa-valja-leverantor\/"},"author":{"name":"Shashika Sellgren","@id":"https:\/\/www.almega.se\/#\/schema\/person\/38c6b37b81c530c93246c3d1993d5662"},"headline":"L\u00e5t l\u00e5ngtidsarbetsl\u00f6sa f\u00e5 v\u00e4lja leverant\u00f6r","datePublished":"2023-06-16T04:00:00+00:00","dateModified":"2023-06-19T09:09:47+00:00","mainEntityOfPage":{"@id":"https:\/\/www.almega.se\/2023\/06\/lat-langtidsarbetslosa-fa-valja-leverantor\/"},"wordCount":503,"image":{"@id":"https:\/\/www.almega.se\/2023\/06\/lat-langtidsarbetslosa-fa-valja-leverantor\/#primaryimage"},"thumbnailUrl":"https:\/\/www.almega.se\/app\/uploads\/2023\/06\/GettyImages-1136195363-scaled.jpg","keywords":["Arbetsl\u00f6shet"],"articleSection":["Arbetsmarknad"],"inLanguage":"sv-SE"},{"@type":"WebPage","@id":"https:\/\/www.almega.se\/2023\/06\/lat-langtidsarbetslosa-fa-valja-leverantor\/","url":"https:\/\/www.almega.se\/2023\/06\/lat-langtidsarbetslosa-fa-valja-leverantor\/","name":"L\u00e5t l\u00e5ngtidsarbetsl\u00f6sa f\u00e5 v\u00e4lja leverant\u00f6r | Almega","isPartOf":{"@id":"https:\/\/www.almega.se\/#website"},"primaryImageOfPage":{"@id":"https:\/\/www.almega.se\/2023\/06\/lat-langtidsarbetslosa-fa-valja-leverantor\/#primaryimage"},"image":{"@id":"https:\/\/www.almega.se\/2023\/06\/lat-langtidsarbetslosa-fa-valja-leverantor\/#primaryimage"},"thumbnailUrl":"https:\/\/www.almega.se\/app\/uploads\/2023\/06\/GettyImages-1136195363-scaled.jpg","datePublished":"2023-06-16T04:00:00+00:00","dateModified":"2023-06-19T09:09:47+00:00","author":{"@id":"https:\/\/www.almega.se\/#\/schema\/person\/38c6b37b81c530c93246c3d1993d5662"},"description":"Almegas rapport \"S\u00e5 bryter vi l\u00e5ngtidsarbetsl\u00f6sheten\" ger f\u00f6rslag till nya reformer f\u00f6r att f\u00e5 fler l\u00e5ngtidsarbetsl\u00f6sa in i jobb.","breadcrumb":{"@id":"https:\/\/www.almega.se\/2023\/06\/lat-langtidsarbetslosa-fa-valja-leverantor\/#breadcrumb"},"inLanguage":"sv-SE","potentialAction":[{"@type":"ReadAction","target":["https:\/\/www.almega.se\/2023\/06\/lat-langtidsarbetslosa-fa-valja-leverantor\/"]}]},{"@type":"ImageObject","inLanguage":"sv-SE","@id":"https:\/\/www.almega.se\/2023\/06\/lat-langtidsarbetslosa-fa-valja-leverantor\/#primaryimage","url":"https:\/\/www.almega.se\/app\/uploads\/2023\/06\/GettyImages-1136195363-scaled.jpg","contentUrl":"https:\/\/www.almega.se\/app\/uploads\/2023\/06\/GettyImages-1136195363-scaled.jpg","width":2560,"height":1707,"caption":"L\u00e5t experter sk\u00f6ta arbetsmarknadstj\u00e4nster."},{"@type":"BreadcrumbList","@id":"https:\/\/www.almega.se\/2023\/06\/lat-langtidsarbetslosa-fa-valja-leverantor\/#breadcrumb","itemListElement":[{"@type":"ListItem","position":1,"name":"Home","item":"https:\/\/www.almega.se\/"},{"@type":"ListItem","position":2,"name":"L\u00e5t l\u00e5ngtidsarbetsl\u00f6sa f\u00e5 v\u00e4lja leverant\u00f6r"}]},{"@type":"WebSite","@id":"https:\/\/www.almega.se\/#website","url":"https:\/\/www.almega.se\/","name":"Almega","description":"","potentialAction":[{"@type":"SearchAction","target":{"@type":"EntryPoint","urlTemplate":"https:\/\/www.almega.se\/?s={search_term_string}"},"query-input":{"@type":"PropertyValueSpecification","valueRequired":true,"valueName":"search_term_string"}}],"inLanguage":"sv-SE"},{"@type":"Person","@id":"https:\/\/www.almega.se\/#\/schema\/person\/38c6b37b81c530c93246c3d1993d5662","name":"Shashika Sellgren","image":{"@type":"ImageObject","inLanguage":"sv-SE","@id":"https:\/\/www.almega.se\/#\/schema\/person\/image\/","url":"https:\/\/secure.gravatar.com\/avatar\/b225c479880df9eb82d1501dd105dd8040f27c8563f3d4bf5dd62ce0a1630abd?s=96&d=mm&r=g","contentUrl":"https:\/\/secure.gravatar.com\/avatar\/b225c479880df9eb82d1501dd105dd8040f27c8563f3d4bf5dd62ce0a1630abd?s=96&d=mm&r=g","caption":"Shashika Sellgren"},"url":"https:\/\/www.almega.se\/person\/shashikasellgren\/"}]}},"_links":{"self":[{"href":"https:\/\/www.almega.se\/api\/wp\/v2\/posts\/64561","targetHints":{"allow":["GET"]}}],"collection":[{"href":"https:\/\/www.almega.se\/api\/wp\/v2\/posts"}],"about":[{"href":"https:\/\/www.almega.se\/api\/wp\/v2\/types\/post"}],"author":[{"embeddable":true,"href":"https:\/\/www.almega.se\/api\/wp\/v2\/users\/6058"}],"replies":[{"embeddable":true,"href":"https:\/\/www.almega.se\/api\/wp\/v2\/comments?post=64561"}],"version-history":[{"count":29,"href":"https:\/\/www.almega.se\/api\/wp\/v2\/posts\/64561\/revisions"}],"predecessor-version":[{"id":64596,"href":"https:\/\/www.almega.se\/api\/wp\/v2\/posts\/64561\/revisions\/64596"}],"wp:featuredmedia":[{"embeddable":true,"href":"https:\/\/www.almega.se\/api\/wp\/v2\/media\/64575"}],"wp:attachment":[{"href":"https:\/\/www.almega.se\/api\/wp\/v2\/media?parent=64561"}],"wp:term":[{"taxonomy":"category","embeddable":true,"href":"https:\/\/www.almega.se\/api\/wp\/v2\/categories?post=64561"},{"taxonomy":"post_tag","embeddable":true,"href":"https:\/\/www.almega.se\/api\/wp\/v2\/tags?post=64561"},{"taxonomy":"type","embeddable":true,"href":"https:\/\/www.almega.se\/api\/wp\/v2\/article_type?post=64561"},{"taxonomy":"agreement","embeddable":true,"href":"https:\/\/www.almega.se\/api\/wp\/v2\/agreement?post=64561"}],"curies":[{"name":"wp","href":"https:\/\/api.w.org\/{rel}","templated":true}]}}