{"id":63957,"date":"2023-05-31T09:00:29","date_gmt":"2023-05-31T07:00:29","guid":{"rendered":"https:\/\/www.almega.se\/?p=63957"},"modified":"2023-05-31T09:00:31","modified_gmt":"2023-05-31T07:00:31","slug":"privata-tjansteforetag-en-integrationsmotor","status":"publish","type":"post","link":"https:\/\/www.almega.se\/2023\/05\/privata-tjansteforetag-en-integrationsmotor\/","title":{"rendered":"<strong>Privata tj\u00e4nste&shy;f\u00f6retag \u2013 en integrationsmotor<\/strong>"},"content":{"rendered":"<p class=\"intro\">Det diskuteras flitigt om utmaningarna med utanf\u00f6rskapet som finns i de s\u00e4rskilt utsatta omr\u00e5dena. Almegas nya rapport \u201dJobben som bryter arbetsl\u00f6sheten i s\u00e4rskilt utsatta omr\u00e5den\u201d att fler och fler av de boende jobbar, och f\u00e5r jobb, hos f\u00f6retag inom den privata tj\u00e4nstesektorn. Men mycket \u00e5terst\u00e5r att g\u00f6ra och Almega har l\u00f6sningarna p\u00e5 problemet. Sverige kan inte v\u00e4nta.<\/p>\n\n<p>F\u00f6retag inom den privata tj\u00e4nstesektorn har sv\u00e5rt att rekrytera och hitta personal, \u00e4ven inom yrken som inte kr\u00e4ver en h\u00f6g utbildning eller stor arbetslivserfarenhet. Samtidigt har vi ett stort utanf\u00f6rskap, s\u00e4rskilt inom de s\u00e4rskilt utsatta omr\u00e5dena som definieras genom l\u00e5g socioekonomisk status och d\u00e4r brottsligheten har ett starkt grepp om lokalsamh\u00e4llet.<\/p>\n\n\n\n<p>\u2013 Att f\u00e5 ett jobb \u00e4r f\u00f6rsta v\u00e4gen att skapa integration och bryta utanf\u00f6rskapet. Det \u00e4r s\u00e4rskilt viktigt f\u00f6r de boende i de s\u00e4rskilt utsatta omr\u00e5dena, s\u00e4ger Per Hammar, n\u00e4ringspolitisk expert p\u00e5 Almega.<\/p>\n\n\n\n<figure class=\"wp-block-image size-thumbnail\"><img loading=\"lazy\" decoding=\"async\" width=\"380\" height=\"380\" src=\"https:\/\/www.almega.se\/app\/uploads\/2023\/05\/d45c8021-6d82-44ab-9b2f-9a22c90e5b59-edited-380x380.jpg\" alt=\"Per Hammar, n\u00e4ringspolitisk expert, Almega.\" class=\"wp-image-62417\" srcset=\"https:\/\/www.almega.se\/app\/uploads\/2023\/05\/d45c8021-6d82-44ab-9b2f-9a22c90e5b59-edited-380x380.jpg 380w, https:\/\/www.almega.se\/app\/uploads\/2023\/05\/d45c8021-6d82-44ab-9b2f-9a22c90e5b59-edited-580x580.jpg 580w, https:\/\/www.almega.se\/app\/uploads\/2023\/05\/d45c8021-6d82-44ab-9b2f-9a22c90e5b59-edited-1180x1179.jpg 1180w, https:\/\/www.almega.se\/app\/uploads\/2023\/05\/d45c8021-6d82-44ab-9b2f-9a22c90e5b59-edited-768x768.jpg 768w, https:\/\/www.almega.se\/app\/uploads\/2023\/05\/d45c8021-6d82-44ab-9b2f-9a22c90e5b59-edited-1536x1536.jpg 1536w, https:\/\/www.almega.se\/app\/uploads\/2023\/05\/d45c8021-6d82-44ab-9b2f-9a22c90e5b59-edited-2048x2048.jpg 2048w\" sizes=\"auto, (max-width: 380px) 100vw, 380px\" \/><figcaption class=\"wp-element-caption\">Per Hammar, n\u00e4ringspolitisk expert p\u00e5 Almega.<\/figcaption><\/figure>\n\n\n<a class='Share__link Share__link--url copy-text' href='#' rel='nofollow' data-text='positiv-utveckling-for-nyanlanda-man' title='Dela url' data-confirmation='L\u00e4nken kopierades till urklipp'><svg class='icon icon--link'  width='18' height='18' viewBox='0 0 18 18' fill='none' xmlns='http:\/\/www.w3.org\/2000\/svg'>\n            <path d='M10.4142 0.514721L6.87868 4.05025L8.29289 5.46447L11.1213 2.63604L15.364 6.87868L12.5355 9.70711L13.9497 11.1213L17.4853 7.58579C17.8763 7.19476 17.8763 6.5626 17.4853 6.17158L11.8284 0.514721C11.4374 0.123691 10.8052 0.123691 10.4142 0.514721Z' fill='black'\/>\n            <path d='M9.7071 12.5355L6.87868 15.364L2.63604 11.1213L5.46446 8.2929L4.05025 6.87868L0.514716 10.4142C0.123686 10.8052 0.123686 11.4374 0.514716 11.8284L6.17157 17.4853C6.5626 17.8763 7.19475 17.8763 7.58578 17.4853L11.1213 13.9497L9.7071 12.5355Z' fill='black'\/>\n            <path d='M6.17157 11.8284C6.5626 12.2195 7.19475 12.2195 7.58578 11.8284L11.8284 7.58579C12.2195 7.19476 12.2195 6.56261 11.8284 6.17158C11.4374 5.78055 10.8052 5.78055 10.4142 6.17158L6.17157 10.4142C5.78054 10.8052 5.78054 11.4374 6.17157 11.8284Z' fill='black'\/>\n            <\/svg> <\/a>\n<h2 class=\"wp-block-heading\"><strong>Positiv utveckling f\u00f6r nyanl\u00e4nda m\u00e4n<\/strong><\/h2>\n\n\n\n<p>Almegas rapport visar att syssels\u00e4ttningen \u00f6kat stadigt f\u00f6r utrikesf\u00f6dda. F\u00f6r samtliga m\u00e4n har den vuxit till 70,3 procent \u00e5r 2021, som \u00e4r en \u00f6kning med nio procent p\u00e5 sju \u00e5r. F\u00f6r nyanl\u00e4nda m\u00e4n har \u00f6kningen dock varit \u00e4n st\u00f6rre, d\u00e4r syssels\u00e4ttningen vuxit med 17,5 procent till 69,9 procent.<\/p>\n\n\n\n<p>\u2013 Det var ett av de mest \u00f6verraskande resultaten. I de s\u00e4rskilt utsatta omr\u00e5dena jobbar till och med fler nyanl\u00e4nda m\u00e4n \u00e4n vad samtliga m\u00e4n g\u00f6r. Det \u00e4r en positiv utveckling och beror p\u00e5 en rad olika faktorer men reformeringen av Arbetsf\u00f6rmedlingen, som Almega k\u00e4mpat f\u00f6r l\u00e4nge, har spelat en stor roll, s\u00e4ger Per Hammar.<\/p>\n\n\n\n<blockquote class=\"wp-block-quote is-layout-flow wp-block-quote-is-layout-flow\">\n<p>V\u00e5ra f\u00f6rslag kommer skapa fler jobb och syssels\u00e4tta m\u00e5nga grupper som beh\u00f6ver komma in p\u00e5 arbetsmarknaden. Det finns inget att f\u00f6rlora. <\/p>\n<cite>Per Hammar, n\u00e4ringspolitisk expert, Almega <\/cite><\/blockquote>\n\n\n\n      <a href=\"https:\/\/www.almega.se\/app\/uploads\/2023\/05\/230529-Integrationsrapport-slutversion.pdf\" target=\"_blank\" class=\"Button is-button is-style-fill has-primary-background-color has-primary-border-color Button--arrow-tip\">\n      \n        Ladda ner rapporten h\u00e4r\n      \n      \n                \n                <svg class='icon icon--arrow-tip'  width=\"11\" height=\"16\" viewBox=\"0 0 11 16\" fill=\"none\" xmlns=\"http:\/\/www.w3.org\/2000\/svg\">\n<path d=\"M0.858398 15L9.2304 7.99664L0.967732 1.00001\" stroke=\"black\" stroke-width=\"2\" stroke-miterlimit=\"10\"\/>\n<\/svg>\n\n        \n    <\/a>\n  \n\n\n\n<p>Syssels\u00e4ttningen bland utrikes f\u00f6dda kvinnor har ocks\u00e5 \u00f6kat men inte alls i samma takt som f\u00f6r m\u00e4nnen.<\/p>\n\n\n\n<p>\u2013 Det \u00e4r ett stort misslyckande att nyanl\u00e4nda kvinnor inte snabbare utbildar sig och kommer i arbete. De beh\u00f6vs p\u00e5 arbetsmarknaden och i synnerhet i privat tj\u00e4nstesektor, s\u00e4ger Per Hammar.<\/p>\n\n\n<a class='Share__link Share__link--url copy-text' href='#' rel='nofollow' data-text='foretagen-behovs-for-att-oka-integrationen' title='Dela url' data-confirmation='L\u00e4nken kopierades till urklipp'><svg class='icon icon--link'  width='18' height='18' viewBox='0 0 18 18' fill='none' xmlns='http:\/\/www.w3.org\/2000\/svg'>\n            <path d='M10.4142 0.514721L6.87868 4.05025L8.29289 5.46447L11.1213 2.63604L15.364 6.87868L12.5355 9.70711L13.9497 11.1213L17.4853 7.58579C17.8763 7.19476 17.8763 6.5626 17.4853 6.17158L11.8284 0.514721C11.4374 0.123691 10.8052 0.123691 10.4142 0.514721Z' fill='black'\/>\n            <path d='M9.7071 12.5355L6.87868 15.364L2.63604 11.1213L5.46446 8.2929L4.05025 6.87868L0.514716 10.4142C0.123686 10.8052 0.123686 11.4374 0.514716 11.8284L6.17157 17.4853C6.5626 17.8763 7.19475 17.8763 7.58578 17.4853L11.1213 13.9497L9.7071 12.5355Z' fill='black'\/>\n            <path d='M6.17157 11.8284C6.5626 12.2195 7.19475 12.2195 7.58578 11.8284L11.8284 7.58579C12.2195 7.19476 12.2195 6.56261 11.8284 6.17158C11.4374 5.78055 10.8052 5.78055 10.4142 6.17158L6.17157 10.4142C5.78054 10.8052 5.78054 11.4374 6.17157 11.8284Z' fill='black'\/>\n            <\/svg> <\/a>\n<h2 class=\"wp-block-heading\"><strong>F\u00f6retagen beh\u00f6vs f\u00f6r att \u00f6ka integrationen<\/strong><\/h2>\n\n\n\n<p>Rapporten visar att de flesta boende i de s\u00e4rskilt utsatta omr\u00e5dena ocks\u00e5 jobbar \u00a0i privat tj\u00e4nstesektor som transport och lager, st\u00e4d och service, v\u00e5rd och omsorg och f\u00f6rskolor.<\/p>\n\n\n\n<p>\u2013 V\u00e5ra medlemsf\u00f6retag k\u00e4mpar med att hitta medarbetare och rapporten visar svart p\u00e5 vitt hur viktig v\u00e5ra medlemsf\u00f6retag \u00e4r f\u00f6r syssels\u00e4ttningen och integrationen \u2013 att de \u00e4r en integrationsmotor, s\u00e4ger Per Hammar.<\/p>\n\n\n\n<p>Trots en positiv utveckling \u00e4r arbetsl\u00f6sheten fortfarande betydligt h\u00f6gre i de s\u00e4rskilt utsatta omr\u00e5dena \u00e4n i riket i genomsnitt. Mycket \u00e5terst\u00e5r att g\u00f6ra och det beh\u00f6vs fler politiska reformer f\u00f6r en mer effektiv jobbpolitik \u2013 som exempelvis Etableringsjobben.<\/p>\n\n\n\n<p>\u2013 Det nya anst\u00e4llningsst\u00f6det kommer hj\u00e4lpa m\u00e4nniskor som ofta beh\u00f6ver st\u00f6d f\u00f6r att komma in p\u00e5 den svenska arbetsmarknaden. Politiken har dragit ut p\u00e5 fr\u00e5gan men nu \u00e4r det dags att verkst\u00e4lla. V\u00e5ra reformf\u00f6rslag kommer skapa fler arbetstillf\u00e4llen hos v\u00e5ra medlemsf\u00f6retag och syssels\u00e4tta m\u00e5nga grupper som beh\u00f6ver komma in p\u00e5 arbetsmarknaden. Det finns inget att f\u00f6rlora, s\u00e4ger Per Hammar.\u00a0<\/p>\n","protected":false},"excerpt":{"rendered":"<p>F\u00f6retag inom den privata tj\u00e4nstesektorn har sv\u00e5rt att rekrytera och hitta personal, \u00e4ven inom yrken som inte kr\u00e4ver en h\u00f6g utbildning eller stor arbetslivserfarenhet. Samtidigt har vi ett stort utanf\u00f6rskap, s\u00e4rskilt inom de s\u00e4rskilt utsatta &hellip;<\/p>\n","protected":false},"author":6058,"featured_media":63106,"comment_status":"closed","ping_status":"closed","sticky":false,"template":"","format":"standard","meta":{"_acf_changed":false,"footnotes":""},"categories":[64],"tags":[],"article_type":[56],"agreement":[],"class_list":["post-63957","post","type-post","status-publish","format-standard","has-post-thumbnail","hentry","category-arbetsmarknad","type-nyheter"],"acf":[],"yoast_head":"<!-- This site is optimized with the Yoast SEO Premium plugin v26.8 (Yoast SEO v26.8) - https:\/\/yoast.com\/product\/yoast-seo-premium-wordpress\/ -->\n<title>Privata tj\u00e4nstef\u00f6retag \u2013 en integrationsmotor | Almega<\/title>\n<meta name=\"robots\" content=\"index, follow, max-snippet:-1, max-image-preview:large, max-video-preview:-1\" \/>\n<link rel=\"canonical\" href=\"https:\/\/www.almega.se\/2023\/05\/privata-tjansteforetag-en-integrationsmotor\/\" \/>\n<meta property=\"og:locale\" content=\"sv_SE\" \/>\n<meta property=\"og:type\" content=\"article\" \/>\n<meta property=\"og:title\" content=\"Privata tj\u00e4nstef\u00f6retag \u2013 en integrationsmotor\" \/>\n<meta property=\"og:description\" content=\"F\u00f6retag inom den privata tj\u00e4nstesektorn har sv\u00e5rt att rekrytera och hitta personal, \u00e4ven inom yrken som inte kr\u00e4ver en h\u00f6g utbildning eller stor arbetslivserfarenhet. Samtidigt har vi ett stort utanf\u00f6rskap, s\u00e4rskilt inom de s\u00e4rskilt utsatta &hellip;\" \/>\n<meta property=\"og:url\" content=\"https:\/\/www.almega.se\/2023\/05\/privata-tjansteforetag-en-integrationsmotor\/\" \/>\n<meta property=\"og:site_name\" content=\"Almega\" \/>\n<meta property=\"article:published_time\" content=\"2023-05-31T07:00:29+00:00\" \/>\n<meta property=\"article:modified_time\" content=\"2023-05-31T07:00:31+00:00\" \/>\n<meta property=\"og:image\" content=\"https:\/\/www.almega.se\/app\/uploads\/2023\/05\/masma94690-1180x787.jpg\" \/>\n\t<meta property=\"og:image:width\" content=\"1180\" \/>\n\t<meta property=\"og:image:height\" content=\"787\" \/>\n\t<meta property=\"og:image:type\" content=\"image\/jpeg\" \/>\n<meta name=\"author\" content=\"Shashika Sellgren\" \/>\n<meta name=\"twitter:card\" content=\"summary_large_image\" \/>\n<meta name=\"twitter:label1\" content=\"Skriven av\" \/>\n\t<meta name=\"twitter:data1\" content=\"Shashika Sellgren\" \/>\n\t<meta name=\"twitter:label2\" content=\"Ber\u00e4knad l\u00e4stid\" \/>\n\t<meta name=\"twitter:data2\" content=\"3 minuter\" \/>\n<!-- \/ Yoast SEO Premium plugin. -->","yoast_head_json":{"title":"Privata tj\u00e4nstef\u00f6retag \u2013 en integrationsmotor | Almega","robots":{"index":"index","follow":"follow","max-snippet":"max-snippet:-1","max-image-preview":"max-image-preview:large","max-video-preview":"max-video-preview:-1"},"canonical":"https:\/\/www.almega.se\/2023\/05\/privata-tjansteforetag-en-integrationsmotor\/","og_locale":"sv_SE","og_type":"article","og_title":"Privata tj\u00e4nstef\u00f6retag \u2013 en integrationsmotor","og_description":"F\u00f6retag inom den privata tj\u00e4nstesektorn har sv\u00e5rt att rekrytera och hitta personal, \u00e4ven inom yrken som inte kr\u00e4ver en h\u00f6g utbildning eller stor arbetslivserfarenhet. Samtidigt har vi ett stort utanf\u00f6rskap, s\u00e4rskilt inom de s\u00e4rskilt utsatta &hellip;","og_url":"https:\/\/www.almega.se\/2023\/05\/privata-tjansteforetag-en-integrationsmotor\/","og_site_name":"Almega","article_published_time":"2023-05-31T07:00:29+00:00","article_modified_time":"2023-05-31T07:00:31+00:00","og_image":[{"width":1180,"height":787,"url":"https:\/\/www.almega.se\/app\/uploads\/2023\/05\/masma94690-1180x787.jpg","type":"image\/jpeg"}],"author":"Shashika Sellgren","twitter_card":"summary_large_image","twitter_misc":{"Skriven av":"Shashika Sellgren","Ber\u00e4knad l\u00e4stid":"3 minuter"},"schema":{"@context":"https:\/\/schema.org","@graph":[{"@type":"NewsArticle","@id":"https:\/\/www.almega.se\/2023\/05\/privata-tjansteforetag-en-integrationsmotor\/#article","isPartOf":{"@id":"https:\/\/www.almega.se\/2023\/05\/privata-tjansteforetag-en-integrationsmotor\/"},"author":{"name":"Shashika Sellgren","@id":"https:\/\/www.almega.se\/#\/schema\/person\/38c6b37b81c530c93246c3d1993d5662"},"headline":"Privata tj\u00e4nste&shy;f\u00f6retag \u2013 en integrationsmotor","datePublished":"2023-05-31T07:00:29+00:00","dateModified":"2023-05-31T07:00:31+00:00","mainEntityOfPage":{"@id":"https:\/\/www.almega.se\/2023\/05\/privata-tjansteforetag-en-integrationsmotor\/"},"wordCount":535,"image":{"@id":"https:\/\/www.almega.se\/2023\/05\/privata-tjansteforetag-en-integrationsmotor\/#primaryimage"},"thumbnailUrl":"https:\/\/www.almega.se\/app\/uploads\/2023\/05\/masma94690.jpg","articleSection":["Arbetsmarknad"],"inLanguage":"sv-SE"},{"@type":"WebPage","@id":"https:\/\/www.almega.se\/2023\/05\/privata-tjansteforetag-en-integrationsmotor\/","url":"https:\/\/www.almega.se\/2023\/05\/privata-tjansteforetag-en-integrationsmotor\/","name":"Privata tj\u00e4nstef\u00f6retag \u2013 en integrationsmotor | Almega","isPartOf":{"@id":"https:\/\/www.almega.se\/#website"},"primaryImageOfPage":{"@id":"https:\/\/www.almega.se\/2023\/05\/privata-tjansteforetag-en-integrationsmotor\/#primaryimage"},"image":{"@id":"https:\/\/www.almega.se\/2023\/05\/privata-tjansteforetag-en-integrationsmotor\/#primaryimage"},"thumbnailUrl":"https:\/\/www.almega.se\/app\/uploads\/2023\/05\/masma94690.jpg","datePublished":"2023-05-31T07:00:29+00:00","dateModified":"2023-05-31T07:00:31+00:00","author":{"@id":"https:\/\/www.almega.se\/#\/schema\/person\/38c6b37b81c530c93246c3d1993d5662"},"breadcrumb":{"@id":"https:\/\/www.almega.se\/2023\/05\/privata-tjansteforetag-en-integrationsmotor\/#breadcrumb"},"inLanguage":"sv-SE","potentialAction":[{"@type":"ReadAction","target":["https:\/\/www.almega.se\/2023\/05\/privata-tjansteforetag-en-integrationsmotor\/"]}]},{"@type":"ImageObject","inLanguage":"sv-SE","@id":"https:\/\/www.almega.se\/2023\/05\/privata-tjansteforetag-en-integrationsmotor\/#primaryimage","url":"https:\/\/www.almega.se\/app\/uploads\/2023\/05\/masma94690.jpg","contentUrl":"https:\/\/www.almega.se\/app\/uploads\/2023\/05\/masma94690.jpg","width":2500,"height":1667,"caption":"Happy multiracial young friends walking together on street below bridge"},{"@type":"BreadcrumbList","@id":"https:\/\/www.almega.se\/2023\/05\/privata-tjansteforetag-en-integrationsmotor\/#breadcrumb","itemListElement":[{"@type":"ListItem","position":1,"name":"Home","item":"https:\/\/www.almega.se\/"},{"@type":"ListItem","position":2,"name":"Privata tj\u00e4nste&shy;f\u00f6retag \u2013 en integrationsmotor"}]},{"@type":"WebSite","@id":"https:\/\/www.almega.se\/#website","url":"https:\/\/www.almega.se\/","name":"Almega","description":"","potentialAction":[{"@type":"SearchAction","target":{"@type":"EntryPoint","urlTemplate":"https:\/\/www.almega.se\/?s={search_term_string}"},"query-input":{"@type":"PropertyValueSpecification","valueRequired":true,"valueName":"search_term_string"}}],"inLanguage":"sv-SE"},{"@type":"Person","@id":"https:\/\/www.almega.se\/#\/schema\/person\/38c6b37b81c530c93246c3d1993d5662","name":"Shashika Sellgren","image":{"@type":"ImageObject","inLanguage":"sv-SE","@id":"https:\/\/www.almega.se\/#\/schema\/person\/image\/","url":"https:\/\/secure.gravatar.com\/avatar\/b225c479880df9eb82d1501dd105dd8040f27c8563f3d4bf5dd62ce0a1630abd?s=96&d=mm&r=g","contentUrl":"https:\/\/secure.gravatar.com\/avatar\/b225c479880df9eb82d1501dd105dd8040f27c8563f3d4bf5dd62ce0a1630abd?s=96&d=mm&r=g","caption":"Shashika Sellgren"},"url":"https:\/\/www.almega.se\/person\/shashikasellgren\/"}]}},"_links":{"self":[{"href":"https:\/\/www.almega.se\/api\/wp\/v2\/posts\/63957","targetHints":{"allow":["GET"]}}],"collection":[{"href":"https:\/\/www.almega.se\/api\/wp\/v2\/posts"}],"about":[{"href":"https:\/\/www.almega.se\/api\/wp\/v2\/types\/post"}],"author":[{"embeddable":true,"href":"https:\/\/www.almega.se\/api\/wp\/v2\/users\/6058"}],"replies":[{"embeddable":true,"href":"https:\/\/www.almega.se\/api\/wp\/v2\/comments?post=63957"}],"version-history":[{"count":9,"href":"https:\/\/www.almega.se\/api\/wp\/v2\/posts\/63957\/revisions"}],"predecessor-version":[{"id":63968,"href":"https:\/\/www.almega.se\/api\/wp\/v2\/posts\/63957\/revisions\/63968"}],"wp:featuredmedia":[{"embeddable":true,"href":"https:\/\/www.almega.se\/api\/wp\/v2\/media\/63106"}],"wp:attachment":[{"href":"https:\/\/www.almega.se\/api\/wp\/v2\/media?parent=63957"}],"wp:term":[{"taxonomy":"category","embeddable":true,"href":"https:\/\/www.almega.se\/api\/wp\/v2\/categories?post=63957"},{"taxonomy":"post_tag","embeddable":true,"href":"https:\/\/www.almega.se\/api\/wp\/v2\/tags?post=63957"},{"taxonomy":"type","embeddable":true,"href":"https:\/\/www.almega.se\/api\/wp\/v2\/article_type?post=63957"},{"taxonomy":"agreement","embeddable":true,"href":"https:\/\/www.almega.se\/api\/wp\/v2\/agreement?post=63957"}],"curies":[{"name":"wp","href":"https:\/\/api.w.org\/{rel}","templated":true}]}}