{"id":63795,"date":"2023-05-31T11:24:39","date_gmt":"2023-05-31T09:24:39","guid":{"rendered":"https:\/\/www.almega.se\/?p=63795"},"modified":"2023-11-07T15:29:45","modified_gmt":"2023-11-07T14:29:45","slug":"jobben-som-bryter-arbetslosheten-i-sarskilt-utsatta-omraden","status":"publish","type":"post","link":"https:\/\/www.almega.se\/2023\/05\/jobben-som-bryter-arbetslosheten-i-sarskilt-utsatta-omraden\/","title":{"rendered":"Jobben som bryter arbetsl\u00f6sheten i s\u00e4rskilt utsatta omr\u00e5den"},"content":{"rendered":"<p class=\"intro\">Almegas nya rapport \u201dAtt arbeta eller inte arbeta\u201d visar att runt var \u00e5ttonde person mellan 20 och 62 \u00e5r f\u00f6rs\u00f6rjs helt eller delvis av sociala ers\u00e4ttningar, detta trots att h\u00e4lften av dem \u00e4r friska och arbetsf\u00f6ra. Samtidigt \u00e4r tj\u00e4nstef\u00f6retag i stort behov av medarbetare.<\/p>\n<a class='Share__link Share__link--url copy-text' href='#' rel='nofollow' data-text='ladda-ner-rapport' title='Dela url' data-confirmation='L\u00e4nken kopierades till urklipp'><svg class='icon icon--link'  width='18' height='18' viewBox='0 0 18 18' fill='none' xmlns='http:\/\/www.w3.org\/2000\/svg'>\n            <path d='M10.4142 0.514721L6.87868 4.05025L8.29289 5.46447L11.1213 2.63604L15.364 6.87868L12.5355 9.70711L13.9497 11.1213L17.4853 7.58579C17.8763 7.19476 17.8763 6.5626 17.4853 6.17158L11.8284 0.514721C11.4374 0.123691 10.8052 0.123691 10.4142 0.514721Z' fill='black'\/>\n            <path d='M9.7071 12.5355L6.87868 15.364L2.63604 11.1213L5.46446 8.2929L4.05025 6.87868L0.514716 10.4142C0.123686 10.8052 0.123686 11.4374 0.514716 11.8284L6.17157 17.4853C6.5626 17.8763 7.19475 17.8763 7.58578 17.4853L11.1213 13.9497L9.7071 12.5355Z' fill='black'\/>\n            <path d='M6.17157 11.8284C6.5626 12.2195 7.19475 12.2195 7.58578 11.8284L11.8284 7.58579C12.2195 7.19476 12.2195 6.56261 11.8284 6.17158C11.4374 5.78055 10.8052 5.78055 10.4142 6.17158L6.17157 10.4142C5.78054 10.8052 5.78054 11.4374 6.17157 11.8284Z' fill='black'\/>\n            <\/svg> <\/a>\n<h2 class=\"wp-block-heading\">Ladda ner rapport<\/h2>\n\n\n\n<p>Rapporten finns i sin helhet p\u00e5 denna sida men kan ocks\u00e5 h\u00e4mtas som pdf-fil.<\/p>\n\n\n\n      <a href=\"https:\/\/www.almega.se\/app\/uploads\/2023\/05\/230529-Integrationsrapport-slutversion.pdf\" target=\"_blank\" class=\"Button is-button is-style-fill has-black-background-color has-black-border-color has-white-color Button--external-link\">\n      \n        Ladda ner rapporten h\u00e4r (pdf)\n      \n      \n                <svg class='icon icon--external-link'  width=\"16\" height=\"16\" viewBox=\"0 0 16 16\" fill=\"none\" xmlns=\"http:\/\/www.w3.org\/2000\/svg\">\n<path d=\"M9 1H15V7\" stroke=\"black\" stroke-width=\"2\" stroke-miterlimit=\"10\"\/>\n<path d=\"M5 2H1V15H14V11\" stroke=\"black\" stroke-width=\"2\" stroke-miterlimit=\"10\"\/>\n<path d=\"M15 1L6 10\" stroke=\"black\" stroke-width=\"2\" stroke-miterlimit=\"10\"\/>\n<\/svg>\n\n        \n    <\/a>\n  \n\n\n<a class='Share__link Share__link--url copy-text' href='#' rel='nofollow' data-text='sammanfattning' title='Dela url' data-confirmation='L\u00e4nken kopierades till urklipp'><svg class='icon icon--link'  width='18' height='18' viewBox='0 0 18 18' fill='none' xmlns='http:\/\/www.w3.org\/2000\/svg'>\n            <path d='M10.4142 0.514721L6.87868 4.05025L8.29289 5.46447L11.1213 2.63604L15.364 6.87868L12.5355 9.70711L13.9497 11.1213L17.4853 7.58579C17.8763 7.19476 17.8763 6.5626 17.4853 6.17158L11.8284 0.514721C11.4374 0.123691 10.8052 0.123691 10.4142 0.514721Z' fill='black'\/>\n            <path d='M9.7071 12.5355L6.87868 15.364L2.63604 11.1213L5.46446 8.2929L4.05025 6.87868L0.514716 10.4142C0.123686 10.8052 0.123686 11.4374 0.514716 11.8284L6.17157 17.4853C6.5626 17.8763 7.19475 17.8763 7.58578 17.4853L11.1213 13.9497L9.7071 12.5355Z' fill='black'\/>\n            <path d='M6.17157 11.8284C6.5626 12.2195 7.19475 12.2195 7.58578 11.8284L11.8284 7.58579C12.2195 7.19476 12.2195 6.56261 11.8284 6.17158C11.4374 5.78055 10.8052 5.78055 10.4142 6.17158L6.17157 10.4142C5.78054 10.8052 5.78054 11.4374 6.17157 11.8284Z' fill='black'\/>\n            <\/svg> <\/a>\n<h2 class=\"wp-block-heading\">Sammanfattning <\/h2>\n\n\n\n<p><strong>F\u00f6retagen inom privat tj\u00e4nstesektor har stora utmaningar med kompetensf\u00f6rs\u00f6rjningen, \u00e4ven till yrken som kr\u00e4ver liten arbetslivserfarenhet och utan h\u00f6gre utbildningskrav. Samtidigt finns stora problem med segregation och utanf\u00f6rskap i de s\u00e4rskilt utsatta omr\u00e5dena. F\u00f6r att bryta utanf\u00f6rskapet och st\u00e4rka integrationen i de s\u00e4rskilt utsatta omr\u00e5dena \u00e4r det avg\u00f6rande att de som i dag \u00e4r arbetsl\u00f6sa kommer i jobb.<\/strong><\/p>\n\n\n\n<p>D\u00e4rf\u00f6r blir det relevant att fr\u00e5ga, vilka \u00e4r de vanligaste yrkena bland nyanl\u00e4nda och boende i s\u00e4rskilt utsatta omr\u00e5den? Hur pass viktiga \u00e4r olika branscher f\u00f6r att bryta arbetsl\u00f6sheten? Vilka reformer beh\u00f6vs f\u00f6r att Sverige ska minska arbetsl\u00f6sheten och utanf\u00f6rskapet? F\u00f6r att unders\u00f6ka detta har Almega med hj\u00e4lp av SCB:s yrkesstatistik kartlagt hur arbetsmarknaden f\u00f6r boende i de s\u00e4rskilt utsatta omr\u00e5dena ser ut eftersom arbetsl\u00f6sheten \u00e4r h\u00f6g d\u00e4r.<\/p>\n\n\n\n<p>V\u00e5r kartl\u00e4ggning visar att fler och fler av de boende i de s\u00e4rskilt utsatta omr\u00e5dena jobbar och allra starkast har utvecklingen varit f\u00f6r de nyanl\u00e4nda m\u00e4nnen som varit i Sverige upp till fem \u00e5r. De arbetar faktiskt i h\u00f6gre utstr\u00e4ckning \u00e4n samtliga m\u00e4n i de s\u00e4rskilt utsatta omr\u00e5dena. F\u00f6r de nyanl\u00e4nda kvinnorna d\u00e4remot har syssels\u00e4ttningen inte \u00f6kat lika snabbt utan gapet mellan nyanl\u00e4nda m\u00e4n och kvinnor v\u00e4xer vilket sl\u00e5r h\u00e5rt mot flera branscher i tj\u00e4nstesektorn.<\/p>\n\n\n\n<p>Det \u00e4r den privata tj\u00e4nstesektorn som bryter arbetsl\u00f6sheten. H\u00e4r jobbar de flesta boende i de s\u00e4rskilt utsatta omr\u00e5dena. F\u00f6r m\u00e4nnen \u00e4r yrken inom transport och lager, restaurang och st\u00e4d och service vanligast. Bland kvinnor dominerar st\u00e4d och service, v\u00e5rds och omsorg och f\u00f6rskola. Bland m\u00e4nnen ser vi att lagerarbete blir vanligare och bland kvinnorna arbetar fler och fler som barnsk\u00f6tare. Med andra ord \u00e4r det tj\u00e4nstesektorn som \u00e4r arbetsmarknadens integrationsmotor eftersom det \u00e4r h\u00e4r som de flesta instegsjobben finns.<\/p>\n\n\n\n<blockquote class=\"wp-block-quote is-style-plain is-layout-flow wp-block-quote-is-layout-flow\">\n<p>&#8221;V\u00e5r kartl\u00e4ggning visar att fler och fler av de boende i de s\u00e4rskilt utsatta omr\u00e5dena jobbar och allra starkast har utvecklingen varit f\u00f6r de nyanl\u00e4nda m\u00e4nnen som varit i Sverige upp till fem \u00e5r.&#8221;<\/p>\n<\/blockquote>\n\n\n\n<p>Trots den positiva utvecklingen \u00e4r arbetsl\u00f6sheten betydligt h\u00f6gra i de s\u00e4rskilt utsatta omr\u00e5dena \u00e4n i riket i genomsnitt.<br>Mycket \u00e5terst\u00e5r att g\u00f6ra och det beh\u00f6vs en ny effektivare jobbpolitik som st\u00e4rker drivkrafterna till arbete. Sverige kan inte v\u00e4nta p\u00e5 nya reformer som b\u00e5de f\u00f6rb\u00e4ttrar kompetensf\u00f6rs\u00f6rjningen och integrationen. D\u00e4rf\u00f6r f\u00f6resl\u00e5r Almega fem skarpa f\u00f6rslag i rapporten som beh\u00f6ver f\u00e5 geh\u00f6r i rikspolitiken.<\/p>\n\n\n\n<ul class=\"wp-block-list\">\n<li>Inf\u00f6r etableringsjobben f\u00f6r att s\u00e4nka tr\u00f6sklarna f\u00f6r f\u00f6retagen att anst\u00e4lla nyanl\u00e4nda och l\u00e5ngtidsarbetsl\u00f6sa. Forts\u00e4tt reformera Arbetsf\u00f6rmedlingen s\u00e5 att fler arbetsl\u00f6sa f\u00e5r r\u00e4tt st\u00f6d som leder till jobb.<\/li>\n\n\n\n<li>Sk\u00e4rp kraven p\u00e5 att de arbetsl\u00f6sa ska delta i aktiviteter som leder till jobb. \u00d6ka skillnaderna mellan bidrag och arbete.<\/li>\n\n\n\n<li>Det ska alltid l\u00f6na sig att anst\u00e4lla. D\u00e4rf\u00f6r m\u00e5ste arbetsgivaravgifterna s\u00e4nkas.<\/li>\n<\/ul>\n\n\n<a class='Share__link Share__link--url copy-text' href='#' rel='nofollow' data-text='inledning' title='Dela url' data-confirmation='L\u00e4nken kopierades till urklipp'><svg class='icon icon--link'  width='18' height='18' viewBox='0 0 18 18' fill='none' xmlns='http:\/\/www.w3.org\/2000\/svg'>\n            <path d='M10.4142 0.514721L6.87868 4.05025L8.29289 5.46447L11.1213 2.63604L15.364 6.87868L12.5355 9.70711L13.9497 11.1213L17.4853 7.58579C17.8763 7.19476 17.8763 6.5626 17.4853 6.17158L11.8284 0.514721C11.4374 0.123691 10.8052 0.123691 10.4142 0.514721Z' fill='black'\/>\n            <path d='M9.7071 12.5355L6.87868 15.364L2.63604 11.1213L5.46446 8.2929L4.05025 6.87868L0.514716 10.4142C0.123686 10.8052 0.123686 11.4374 0.514716 11.8284L6.17157 17.4853C6.5626 17.8763 7.19475 17.8763 7.58578 17.4853L11.1213 13.9497L9.7071 12.5355Z' fill='black'\/>\n            <path d='M6.17157 11.8284C6.5626 12.2195 7.19475 12.2195 7.58578 11.8284L11.8284 7.58579C12.2195 7.19476 12.2195 6.56261 11.8284 6.17158C11.4374 5.78055 10.8052 5.78055 10.4142 6.17158L6.17157 10.4142C5.78054 10.8052 5.78054 11.4374 6.17157 11.8284Z' fill='black'\/>\n            <\/svg> <\/a>\n<h2 class=\"wp-block-heading\">Inledning<\/h2>\n\n\n\n<p><strong>Tj\u00e4nstef\u00f6retagens st\u00f6rsta utmaning \u00e4r att f\u00e5 tag p\u00e5 nya medarbetare med r\u00e4tt kompetens. Det g\u00e4ller b\u00e5de jobb med h\u00f6ga krav p\u00e5 utbildning och kvalifikationer och jobb som med l\u00e4gre kvalifikationskrav d\u00e4r det r\u00e4cker med en gymnasieutbildning eller en kortare introduktionsutbildning. Fler av de vanligaste bristyrkena finns i privat tj\u00e4nstesektor. N\u00e4r f\u00f6retagen inte hittar nya medarbetare tvingas de tacka nej till uppdrag. Det leder till minskad tillv\u00e4xt i svensk ekonomi, n\u00e5got vi alla f\u00f6rlorar p\u00e5 i f\u00f6rl\u00e4ngningen. Efter pandemin har syssels\u00e4ttningen \u00f6kat kraftigt samtidigt som det funnits gott om lediga jobb. Matchningsproblematiken p\u00e5 arbetsmarknaden har f\u00f6rv\u00e4rrats.<\/strong><\/p>\n\n\n\n<p>I de s\u00e4rskilt utsatta omr\u00e5de finns de st\u00f6rsta och mest omfattande samh\u00e4llsproblemen idag. Sedan \u00e5r 2021 klassar Polismyndigheten 19 omr\u00e5den i Sverige som s\u00e4rskilt utsatta. H\u00e4r styr kriminella ligor och klaner genom egna parallella r\u00e4ttssystem som hotar den svenska r\u00e4ttsordningen. Men fler \u00e4n polisen m\u00e5ste engagera sig om den negativa utvecklingen i omr\u00e5dena ska kunna brytas s\u00e5 att segregationen minskar och integrationen \u00f6kar.<\/p>\n\n\n\n<p>Regeringen m\u00e5ste h\u00f6ja ambitionerna i integrations- och arbetsmarknadspolitiken om kompetensbristen ska kunna f\u00e5 en l\u00f6sning. F\u00f6r att bryta utanf\u00f6rskapet och segregationen \u00e4r det absolut viktigaste att m\u00e4nniskor kommer i arbete. H\u00e4r spelar tj\u00e4nstesektorn en avg\u00f6rande roll d\u00e5 det \u00e4r i m\u00e5nga tj\u00e4nstef\u00f6retag som de viktigaste instegsjobben finns. Syftet med rapporten \u00e4r att kartl\u00e4gga vilka de vanligaste jobben \u00e4r i de s\u00e4rskilt utsatta omr\u00e5dena \u00e4r f\u00f6r att se vilka branscher som bidrar mest till att bryta arbetsl\u00f6sheten.<\/p>\n\n\n\n<p>Med hj\u00e4lp av SCB:s yrkesstatistik har Almega f\u00f6r tredje g\u00e5ngen kartlagt hur arbetsmarknaden ser ut i de s\u00e4rskilt utsatta omr\u00e5dena och i vilka yrken som de boende d\u00e4r jobbar i.1 Vi har analyserat vilka de vanligaste yrkena \u00e4r bland de boende i s\u00e4rskilt utsatta omr\u00e5den och vilka branscher som bryter arbetsl\u00f6shet och utanf\u00f6rskap. Genom att kartl\u00e4gga de branscher och yrken som bryter l\u00e5ngtidsarbetsl\u00f6sheten f\u00e5r vi en tydlig bild av hur jobbm\u00f6jligheterna ser ut f\u00f6r de boende i de s\u00e4rskilt utsatta omr\u00e5dena. F\u00f6r att f\u00f6rb\u00e4ttra kompetensf\u00f6rs\u00f6rjningen och integrationen beh\u00f6vs reformer som ytterligare \u00f6kar jobbchanserna och st\u00e4rker drivkrafterna till arbete.<\/p>\n\n\n<a class='Share__link Share__link--url copy-text' href='#' rel='nofollow' data-text='svar-situation-i-utsatta-omraden' title='Dela url' data-confirmation='L\u00e4nken kopierades till urklipp'><svg class='icon icon--link'  width='18' height='18' viewBox='0 0 18 18' fill='none' xmlns='http:\/\/www.w3.org\/2000\/svg'>\n            <path d='M10.4142 0.514721L6.87868 4.05025L8.29289 5.46447L11.1213 2.63604L15.364 6.87868L12.5355 9.70711L13.9497 11.1213L17.4853 7.58579C17.8763 7.19476 17.8763 6.5626 17.4853 6.17158L11.8284 0.514721C11.4374 0.123691 10.8052 0.123691 10.4142 0.514721Z' fill='black'\/>\n            <path d='M9.7071 12.5355L6.87868 15.364L2.63604 11.1213L5.46446 8.2929L4.05025 6.87868L0.514716 10.4142C0.123686 10.8052 0.123686 11.4374 0.514716 11.8284L6.17157 17.4853C6.5626 17.8763 7.19475 17.8763 7.58578 17.4853L11.1213 13.9497L9.7071 12.5355Z' fill='black'\/>\n            <path d='M6.17157 11.8284C6.5626 12.2195 7.19475 12.2195 7.58578 11.8284L11.8284 7.58579C12.2195 7.19476 12.2195 6.56261 11.8284 6.17158C11.4374 5.78055 10.8052 5.78055 10.4142 6.17158L6.17157 10.4142C5.78054 10.8052 5.78054 11.4374 6.17157 11.8284Z' fill='black'\/>\n            <\/svg> <\/a>\n<h2 class=\"wp-block-heading\">Sv\u00e5r situation i utsatta omr\u00e5den<\/h2>\n\n\n\n<p><strong>Debatten om utmaningarna med brottsligheten, det sociala utanf\u00f6rskapet och arbetsl\u00f6sheten i de s\u00e4rskilt utsatta omr\u00e5dena har tilltagit de senaste \u00e5ren. Att m\u00e4nniskor g\u00e5r fr\u00e5n arbetsl\u00f6shet till att arbeta \u00e4r en nyckelfaktor f\u00f6r att v\u00e4nda utvecklingen i omr\u00e5dena.<\/strong><\/p>\n\n\n\n<p>En del forskare menar att \u00e4nnu mera fokus m\u00e5ste l\u00e4ggas p\u00e5 jobben. De menar att det \u00e4r b\u00e4ttre att l\u00f6sa jobbfr\u00e5gan \u00e4n att ensidigt tala om att bryta segregeringen i de utsatta omr\u00e5dena.<sup>2<\/sup> F\u00f6r Almega \u00e4r detta ocks\u00e5 helt centralt. Sv\u00e5righeterna f\u00f6r f\u00f6retagen i privat tj\u00e4nstesektor att hitta nya medarbetare \u00e4ven till yrken som kr\u00e4ver liten arbetslivserfarenhet och utbildning har visat sig vara omfattande. I omr\u00e5den med h\u00f6g arbetsl\u00f6shet finns en resurs att ta tillvara.<\/p>\n\n\n\n<p>Brottsligheten i de s\u00e4rskilt utsatta omr\u00e5dena har f\u00f6rv\u00e4rrats de senaste \u00e5ren. I polisens senaste l\u00e4gesbild \u00f6ver situationen, fr\u00e5n 2021, konstateras att den kriminella organiseringen och dess effekter bed\u00f6ms ha \u00f6kat. Samtidigt har den sociala utvecklingen f\u00f6rb\u00e4ttrats n\u00e5got, vilket polisen menar kan kopplas till deras \u00f6kade f\u00f6rm\u00e5ga att verka i omr\u00e5dena.<sup>3<\/sup> Dock blev 2022 \u00e4nnu ett \u00e5r med stort antal drabbade av d\u00f6dligt v\u00e5ld i Sverige, 116 personer d\u00f6dades. Ungef\u00e4r h\u00e4lften av morden kunde kopplas till kriminella g\u00e4ng vilka ut\u00f6var stort inflytande \u00f6ver de s\u00e4rskilt utsatta omr\u00e5dena.<\/p>\n\n\n\n<p>I nul\u00e4get bedriver polisen ett offensivt arbete mot de kriminella n\u00e4tverken bland annat genom s\u00e4rskilda insatser. Men polisen bed\u00f6mer \u00e4nd\u00e5 att tre personer om dagen ansluter till kriminella milj\u00f6er och att s\u00e5 m\u00e5nga som 30 000 personer har koppling till n\u00e4tverken.<sup>4,5<\/sup> <\/p>\n\n\n\n<p>I polisens kartl\u00e4ggning 2021 minskade antalet s\u00e4rskilt utsatta omr\u00e5den med tre sedan f\u00f6reg\u00e5ende rapport 2019.<sup>6<\/sup> Idag finns 19 omr\u00e5den som klassificeras s\u00e4rskilt utsatta. De tre som togs bort p\u00e5 listan 2021 var Karlslund i Landskrona, Araby i V\u00e4xj\u00f6 och Tynnered\/ Greveg\u00e5rden\/Opaltorget i G\u00f6teborg. De tre omr\u00e5dena ben\u00e4mns numera riskomr\u00e5den. De 19 s\u00e4rskilt utsatta omr\u00e5dena 2021 \u00e4r i Botkyrka: Alby, Hallunda\/Norsborg och Fittja. G\u00f6teborg: Biskopsg\u00e5rden, Bergsj\u00f6n, L\u00f6vg\u00e4rdet, Hammarkullen och Hj\u00e4llbo. Malm\u00f6: S\u00f6dra Sofielund, Nydala\/Hermodsdal\/Lind\u00e4ngen och Roseng\u00e5rd. Stockholm: Husby och Rinkeby\/ Tensta. S\u00f6dert\u00e4lje: Ronna\/Geneta\/Lina. I Bor\u00e5s H\u00e4ssleholmen\/Hulta och Norrby. I Link\u00f6ping Sk\u00e4ggetorp, i \u00d6rebro Vivalla och i Uppsala Gottsunda.<\/p>\n\n\n\n<p>B\u00e5de nuvarande regeringen och den f\u00f6reg\u00e5ende har tagit flera initiativ f\u00f6r att skapa b\u00e4ttre f\u00f6ruts\u00e4ttningar f\u00f6r f\u00f6r\u00e4ndring.<\/p>\n\n\n\n<p>I samband med de omfattande upploppen p\u00e5 flera platser p\u00e5sken 2022, bland annat i \u00d6rebro och Link\u00f6ping, sade nuvarande Arbetsmarknads- och integrationsminister Johan Pehrson att separatisterna som s\u00e4tter upp egna r\u00e4ttsordningar i utanf\u00f6rskapsomr\u00e5den ska bek\u00e4mpas.<sup>7<\/sup><\/p>\n\n\n\n<p>Den socialdemokratiska regeringen satsade i v\u00e5rbudgeten 2022 470 miljoner p\u00e5 att bygga upp Arbetsf\u00f6rmedlingens n\u00e4rvaro i de utsatta omr\u00e5dena. D\u00e5varande arbetsmarknadsministern Eva Nordmark menade att detta var en ambitionsh\u00f6jning f\u00f6r att trycka tillbaka l\u00e5ngtidsarbetsl\u00f6sheten. <\/p>\n\n\n\n<p>Den nya regeringen har sedan tilltr\u00e4det i oktober 2022 presenterat b\u00e5de l\u00e5ngsiktiga och kortsiktiga initiativ f\u00f6r att lyfta de utsatta omr\u00e5dena. I Tid\u00f6avtalet n\u00e4mns de utsatta omr\u00e5dena uttryckligen i tv\u00e5 punkter. F\u00f6r det f\u00f6rsta ska samverkan f\u00f6rst\u00e4rkas mellan myndigheterna och de privata fastighets\u00e4garna i syfte att lyfta de utsatta omr\u00e5dena, F\u00f6r det andra ska kommunernas och regionernas m\u00f6jligheter \u00f6ka att n\u00e5 ut till de yngsta barnen med spr\u00e5kutbildningar.<sup>8<\/sup><\/p>\n\n\n\n<p>I budgetpropositionen 2023 gjordes specifika satsningar p\u00e5 utsatta omr\u00e5den f\u00f6r att st\u00e4rka idrottsr\u00f6relsen, kvinnors och flickors organisering samt p\u00e5 det h\u00e4lsofr\u00e4mjande arbetet f\u00f6r barn och ungdomar. Liberalerna som ansvarar f\u00f6r integrationsfr\u00e5gorna p\u00e5 Arbetsmarknadsdepartementet har sedan flera \u00e5r haft som m\u00e5l att avskaffa de utsatta omr\u00e5dena till 2030. Inf\u00f6r v\u00e5rpropositionen 2023 uttalade arbetsmarknads- och integrationsminister Johan Pehrson (L) att ambitionen \u00e4r att flytta p\u00e5 stenar fr\u00e5n passivitet och utanf\u00f6rskap till aktivitet och nya m\u00f6jligheter i utanf\u00f6rskapsomr\u00e5dena.<sup>9<\/sup><\/p>\n\n\n\n<p>\u00c4ven den nya regeringen fokuserar p\u00e5 att jobben ska bryta arbetsl\u00f6sheten och lyfta de utsatta omr\u00e5dena.<\/p>\n\n\n\n<blockquote class=\"wp-block-quote is-style-plain is-layout-flow wp-block-quote-is-layout-flow\">\n<p>&#8221;I samband med de omfattande upploppen p\u00e5 flera platser p\u00e5sken 2022, bland annat i \u00d6rebro och Link\u00f6ping, sade nuvarande Arbetsmarknads- och integrationsminister Johan Pehrson att separatisterna som s\u00e4tter upp egna r\u00e4ttsordningar i utanf\u00f6rskapsomr\u00e5den ska bek\u00e4mpas.&#8221;<\/p>\n<\/blockquote>\n\n\n<a class='Share__link Share__link--url copy-text' href='#' rel='nofollow' data-text='utrikesfodda-i-arbete' title='Dela url' data-confirmation='L\u00e4nken kopierades till urklipp'><svg class='icon icon--link'  width='18' height='18' viewBox='0 0 18 18' fill='none' xmlns='http:\/\/www.w3.org\/2000\/svg'>\n            <path d='M10.4142 0.514721L6.87868 4.05025L8.29289 5.46447L11.1213 2.63604L15.364 6.87868L12.5355 9.70711L13.9497 11.1213L17.4853 7.58579C17.8763 7.19476 17.8763 6.5626 17.4853 6.17158L11.8284 0.514721C11.4374 0.123691 10.8052 0.123691 10.4142 0.514721Z' fill='black'\/>\n            <path d='M9.7071 12.5355L6.87868 15.364L2.63604 11.1213L5.46446 8.2929L4.05025 6.87868L0.514716 10.4142C0.123686 10.8052 0.123686 11.4374 0.514716 11.8284L6.17157 17.4853C6.5626 17.8763 7.19475 17.8763 7.58578 17.4853L11.1213 13.9497L9.7071 12.5355Z' fill='black'\/>\n            <path d='M6.17157 11.8284C6.5626 12.2195 7.19475 12.2195 7.58578 11.8284L11.8284 7.58579C12.2195 7.19476 12.2195 6.56261 11.8284 6.17158C11.4374 5.78055 10.8052 5.78055 10.4142 6.17158L6.17157 10.4142C5.78054 10.8052 5.78054 11.4374 6.17157 11.8284Z' fill='black'\/>\n            <\/svg> <\/a>\n<h2 class=\"wp-block-heading\">Utrikesf\u00f6dda i arbete<\/h2>\n\n\n\n<p><strong>Under 2000-talet har Sverige haft en omfattande invandring till st\u00f6rsta del best\u00e5ende av flyktingmottagande och har tagit emot flest asylinvandrare i hela EU i f\u00f6rh\u00e5llande till befolkningsstorleken. Flyktingmottagandet har \u00e5 ena sidan bidragit till att fler \u00e4n en miljon utrikes f\u00f6dda numera arbetar i Sverige samtidigt som det \u00e5 andra sidan finns omfattande problem, inte minst i de s\u00e4rskilt utsatta omr\u00e5dena.<\/strong><\/p>\n\n\n\n<h4 class=\"wp-block-heading\">Figur 1: Andel sysselsatta bland inrikes- och utrikesf\u00f6dda 2020 kv1 -2023 kv1 20\u201364 \u00e5r (procent)<\/h4>\n\n\n\n<figure class=\"wp-block-image size-large\"><img loading=\"lazy\" decoding=\"async\" width=\"1180\" height=\"449\" src=\"https:\/\/www.almega.se\/app\/uploads\/2023\/05\/Figur-1-1180x449.png\" alt=\"Figur 1: Andel sysselsatta bland inrikes- och utrikesf\u00f6dda 2020 kv1 -2023 kv1 20\u201364 \u00e5r (procent)\" class=\"wp-image-63971\" srcset=\"https:\/\/www.almega.se\/app\/uploads\/2023\/05\/Figur-1-1180x449.png 1180w, https:\/\/www.almega.se\/app\/uploads\/2023\/05\/Figur-1-580x221.png 580w, https:\/\/www.almega.se\/app\/uploads\/2023\/05\/Figur-1-380x145.png 380w, https:\/\/www.almega.se\/app\/uploads\/2023\/05\/Figur-1-768x292.png 768w, https:\/\/www.almega.se\/app\/uploads\/2023\/05\/Figur-1-1536x584.png 1536w, https:\/\/www.almega.se\/app\/uploads\/2023\/05\/Figur-1.png 1714w\" sizes=\"auto, (max-width: 1180px) 100vw, 1180px\" \/><\/figure>\n\n\n\n<p>Allt fler utrikes f\u00f6dda har f\u00e5tt jobb p\u00e5 senare \u00e5r, i synnerhet efter pandemin. Syssels\u00e4ttningsgraden bland utrikesf\u00f6dda har \u00f6kat konstant sedan f\u00f6rsta kvartalet 2021. Fr\u00e5n 65 procent kvartal 1 2021 till 74 procent kvartal 1 2023. Detta \u00e4r en positiv utveckling, s\u00e4rskilt f\u00f6r den h\u00e4r gruppen som l\u00e4nge haft en tydligt mycket l\u00e4gre syssels\u00e4ttningsgrad \u00e4n inrikes f\u00f6dda. Enligt Arbetsf\u00f6rmedlingen beror denna utveckling i huvudsak p\u00e5 att efterfr\u00e5gan p\u00e5 arbetskraft har varit v\u00e4ldigt stark i sp\u00e5ren efter pandemin. En annan aktor \u00e4r att antalet inrikes f\u00f6dda i arbetsf\u00f6rbar \u00e5lder (20\u201364 \u00e5r) minskar, vilket inneb\u00e4r att det st\u00f6rsta tillskottet i arbetskraften, och syssels\u00e4ttningen, \u00e4r av utrikes f\u00f6dda.<sup>10<\/sup><\/p>\n\n\n\n<p>Skillnaden i syssels\u00e4ttningsgrad mellan utrikes- och inrikes f\u00f6dda har minskat i motsvarande grad efter pandemin. Hur syssels\u00e4ttningen utvecklas f\u00f6r m\u00e4n och kvinnor i Sverige studerar vi n\u00e4rmare p\u00e5 f\u00f6ljande sida.<\/p>\n\n\n\n<h4 class=\"wp-block-heading\">Figur 2: Andel sysselsatta i Sverige 2014\u20132021 bland m\u00e4n 20 \u2013 64 \u00e5r (procent)<\/h4>\n\n\n\n<figure class=\"wp-block-image size-large\"><img loading=\"lazy\" decoding=\"async\" width=\"1180\" height=\"447\" src=\"https:\/\/www.almega.se\/app\/uploads\/2023\/05\/Figur-2-1180x447.png\" alt=\"Figur 2: Andel sysselsatta i Sverige 2014\u20132021 bland m\u00e4n 20 \u2013 64 \u00e5r (procent)\" class=\"wp-image-63972\" srcset=\"https:\/\/www.almega.se\/app\/uploads\/2023\/05\/Figur-2-1180x447.png 1180w, https:\/\/www.almega.se\/app\/uploads\/2023\/05\/Figur-2-580x220.png 580w, https:\/\/www.almega.se\/app\/uploads\/2023\/05\/Figur-2-380x144.png 380w, https:\/\/www.almega.se\/app\/uploads\/2023\/05\/Figur-2-768x291.png 768w, https:\/\/www.almega.se\/app\/uploads\/2023\/05\/Figur-2-1536x582.png 1536w, https:\/\/www.almega.se\/app\/uploads\/2023\/05\/Figur-2.png 1710w\" sizes=\"auto, (max-width: 1180px) 100vw, 1180px\" \/><\/figure>\n\n\n\n<p>Sedan 2014 har syssels\u00e4ttningen \u00f6kat stadigt f\u00f6r utrikes f\u00f6dda och nyanl\u00e4nda m\u00e4n. Bland samtliga utrikes f\u00f6dda m\u00e4n har syssels\u00e4ttningen vuxit fr\u00e5n 61,3 procent 2014 till 70,3 procent 2021. F\u00f6r de nyanl\u00e4nda m\u00e4nnen har \u00f6kningen varit \u00e4nnu st\u00f6rre. Andelen sysselsatta har vuxit fr\u00e5n 47,4 procent 2014 till 64,9 procent 2021. En \u00f6kning med 17,5 procentenheter. Under coronapandemin 2020 minskade syssels\u00e4ttningen n\u00e5got men nedg\u00e5ngen var tillf\u00e4llig.<\/p>\n\n\n\n<h4 class=\"wp-block-heading\">Figur 3: Andel sysselsatta i Sverige bland kvinnor 20 \u2013 64 \u00e5r (procent)<\/h4>\n\n\n\n<figure class=\"wp-block-image size-large\"><img loading=\"lazy\" decoding=\"async\" width=\"1180\" height=\"447\" src=\"https:\/\/www.almega.se\/app\/uploads\/2023\/05\/Figur-3-1180x447.png\" alt=\"Figur 3: Andel sysselsatta i Sverige bland kvinnor 20 \u2013 64 \u00e5r (procent)\" class=\"wp-image-63973\" srcset=\"https:\/\/www.almega.se\/app\/uploads\/2023\/05\/Figur-3-1180x447.png 1180w, https:\/\/www.almega.se\/app\/uploads\/2023\/05\/Figur-3-580x220.png 580w, https:\/\/www.almega.se\/app\/uploads\/2023\/05\/Figur-3-380x144.png 380w, https:\/\/www.almega.se\/app\/uploads\/2023\/05\/Figur-3-768x291.png 768w, https:\/\/www.almega.se\/app\/uploads\/2023\/05\/Figur-3-1536x582.png 1536w, https:\/\/www.almega.se\/app\/uploads\/2023\/05\/Figur-3.png 1704w\" sizes=\"auto, (max-width: 1180px) 100vw, 1180px\" \/><\/figure>\n\n\n\n<p>Syssels\u00e4ttningen har \u00f6kat \u00e4ven bland utrikes f\u00f6dda kvinnor men n\u00e5got l\u00e5ngsammare \u00e4n bland m\u00e4n. Andelen utrikes f\u00f6dda kvinnor i arbete \u00e4r betydligt l\u00e4gre \u00e4n bland m\u00e4nnen. Bland de utrikes f\u00f6dda kvinnorna \u00f6kade syssels\u00e4ttningen med \u00e5tta procentenheter till 63,7 procent 2021. F\u00f6r de nyanl\u00e4nda kvinnorna var \u00f6kningen \u00e4nnu st\u00f6rre. Fr\u00e5n 2014 \u00f6kade syssels\u00e4ttningen tolv procentenheter till 46,8 procent 2021. Under pandemi\u00e5ret 2020 minskade syssels\u00e4ttningen n\u00e5got men nedg\u00e5ngen var tillf\u00e4llig.<\/p>\n\n\n<a class='Share__link Share__link--url copy-text' href='#' rel='nofollow' data-text='sysselsattning-i-de-sarskilt-utsatta-omradena' title='Dela url' data-confirmation='L\u00e4nken kopierades till urklipp'><svg class='icon icon--link'  width='18' height='18' viewBox='0 0 18 18' fill='none' xmlns='http:\/\/www.w3.org\/2000\/svg'>\n            <path d='M10.4142 0.514721L6.87868 4.05025L8.29289 5.46447L11.1213 2.63604L15.364 6.87868L12.5355 9.70711L13.9497 11.1213L17.4853 7.58579C17.8763 7.19476 17.8763 6.5626 17.4853 6.17158L11.8284 0.514721C11.4374 0.123691 10.8052 0.123691 10.4142 0.514721Z' fill='black'\/>\n            <path d='M9.7071 12.5355L6.87868 15.364L2.63604 11.1213L5.46446 8.2929L4.05025 6.87868L0.514716 10.4142C0.123686 10.8052 0.123686 11.4374 0.514716 11.8284L6.17157 17.4853C6.5626 17.8763 7.19475 17.8763 7.58578 17.4853L11.1213 13.9497L9.7071 12.5355Z' fill='black'\/>\n            <path d='M6.17157 11.8284C6.5626 12.2195 7.19475 12.2195 7.58578 11.8284L11.8284 7.58579C12.2195 7.19476 12.2195 6.56261 11.8284 6.17158C11.4374 5.78055 10.8052 5.78055 10.4142 6.17158L6.17157 10.4142C5.78054 10.8052 5.78054 11.4374 6.17157 11.8284Z' fill='black'\/>\n            <\/svg> <\/a>\n<h2 class=\"wp-block-heading\">Syssels\u00e4ttning i de s\u00e4rskilt utsatta omr\u00e5dena <\/h2>\n\n\n\n<p><strong>Uppg\u00e5ngen i syssels\u00e4ttning \u00e4r \u00e4nnu tydligare i de utsatta omr\u00e5dena. Almegas kartl\u00e4ggningen m\u00e4ter syssels\u00e4ttningen bland alla boende i omr\u00e5dena samt bland nyanl\u00e4nda som varit bosatta i Sverige i h\u00f6gst fem \u00e5r. Den f\u00e4rska statistiken f\u00f6r 2021 presenteras f\u00f6r de 19 omr\u00e5den som polisen bed\u00f6mde som s\u00e4rskilt utsatta 2021.<\/strong><\/p>\n\n\n\n<h4 class=\"wp-block-heading\">Figur 4: Andel sysselsatta m\u00e4n och kvinnor (20\u201364 \u00e5r) i s\u00e4rskilt utsatta omr\u00e5den 2014\u20132021 (procent)<\/h4>\n\n\n\n<figure class=\"wp-block-image size-large\"><img loading=\"lazy\" decoding=\"async\" width=\"1180\" height=\"437\" src=\"https:\/\/www.almega.se\/app\/uploads\/2023\/05\/Figur-4-1180x437.png\" alt=\"Figur 4: Andel sysselsatta m\u00e4n och kvinnor (20\u201364 \u00e5r) i s\u00e4rskilt utsatta omr\u00e5den 2014\u20132021 (procent)\" class=\"wp-image-63976\" srcset=\"https:\/\/www.almega.se\/app\/uploads\/2023\/05\/Figur-4-1180x437.png 1180w, https:\/\/www.almega.se\/app\/uploads\/2023\/05\/Figur-4-580x215.png 580w, https:\/\/www.almega.se\/app\/uploads\/2023\/05\/Figur-4-380x141.png 380w, https:\/\/www.almega.se\/app\/uploads\/2023\/05\/Figur-4-768x285.png 768w, https:\/\/www.almega.se\/app\/uploads\/2023\/05\/Figur-4-1536x569.png 1536w, https:\/\/www.almega.se\/app\/uploads\/2023\/05\/Figur-4.png 1706w\" sizes=\"auto, (max-width: 1180px) 100vw, 1180px\" \/><\/figure>\n\n\n\n<p>Andelen sysselsatta har \u00f6kat med n\u00e4stan tio procentenheter f\u00f6r b\u00e5de m\u00e4n och kvinnor \u00e5ren 2014 till 2021. F\u00f6r m\u00e4n har andelen sysselsatta \u00f6kat fr\u00e5n 57,4 till 66,1 procent och f\u00f6r kvinnor fr\u00e5n 47,4 till 56,2 procent. Mot bakgrund av att en h\u00f6g andel av de boende i de s\u00e4rskilt utsatta omr\u00e5dena \u00e4r utrikesf\u00f6dda kan utvecklingen j\u00e4mf\u00f6ras med hur syssels\u00e4ttningen f\u00f6r utrikesf\u00f6dda i hela Sverige har f\u00f6r\u00e4ndrats under samma period se f\u00f6reg\u00e5ende sida.<\/p>\n\n\n\n<p>En liten tillf\u00e4llig nedg\u00e5ng i syssels\u00e4ttningen intr\u00e4ffade under pandemi\u00e5ret 2020.<\/p>\n\n\n\n<blockquote class=\"wp-block-quote is-style-plain is-layout-flow wp-block-quote-is-layout-flow\">\n<p>&#8221;Andelen sysselsatta har \u00f6kat med n\u00e4stan tio procentenheter f\u00f6r b\u00e5de m\u00e4n och kvinnor \u00e5ren 2014 till 2021. F\u00f6r m\u00e4n har andelen sysselsatta \u00f6kat fr\u00e5n 57,4 till 66,1 procent och f\u00f6r kvinnor<br>fr\u00e5n 47,4 till 56,2 procent.&#8221;<\/p>\n<\/blockquote>\n\n\n\n<p><\/p>\n\n\n\n<h4 class=\"wp-block-heading\">Figur 5: Andel sysselsatta nyanl\u00e4nda m\u00e4n och kvinnor (20\u201364 \u00e5r) i s\u00e4rskilt utsatta omr\u00e5den 2014\u20132021 (procent)<\/h4>\n\n\n\n<figure class=\"wp-block-image size-large\"><img loading=\"lazy\" decoding=\"async\" width=\"1180\" height=\"450\" src=\"https:\/\/www.almega.se\/app\/uploads\/2023\/05\/Figur-5-1180x450.png\" alt=\"Figur 5: Andel sysselsatta nyanl\u00e4nda m\u00e4n och kvinnor (20\u201364 \u00e5r) i s\u00e4rskilt utsatta omr\u00e5den 2014\u20132021 (procent)\" class=\"wp-image-63977\" srcset=\"https:\/\/www.almega.se\/app\/uploads\/2023\/05\/Figur-5-1180x450.png 1180w, https:\/\/www.almega.se\/app\/uploads\/2023\/05\/Figur-5-580x221.png 580w, https:\/\/www.almega.se\/app\/uploads\/2023\/05\/Figur-5-380x145.png 380w, https:\/\/www.almega.se\/app\/uploads\/2023\/05\/Figur-5-768x293.png 768w, https:\/\/www.almega.se\/app\/uploads\/2023\/05\/Figur-5-1536x586.png 1536w, https:\/\/www.almega.se\/app\/uploads\/2023\/05\/Figur-5.png 1694w\" sizes=\"auto, (max-width: 1180px) 100vw, 1180px\" \/><\/figure>\n\n\n\n<p>Bland de nyanl\u00e4nda i s\u00e4rskilt utsatta omr\u00e5den har syssels\u00e4ttningen \u00f6kat kraftigt sedan 2014. Nyanl\u00e4nda m\u00e4ns syssels\u00e4ttning har \u00f6kat mer \u00e4n 20 procentenheter under perioden medan syssels\u00e4ttningen bland nyanl\u00e4nda kvinnor \u00f6kat med 11,5 procentenheter. F\u00f6r kvinnorna har andelen i arbete vuxit i j\u00e4mn takt med en liten nedg\u00e5ng under pandemi\u00e5ret 2020. Bland de nyanl\u00e4nda m\u00e4nnen steg syssels\u00e4ttningen extra kraftigt 2021.<\/p>\n\n\n\n<h3 class=\"wp-block-heading\">Stor syssels\u00e4ttnings\u00f6kning i de s\u00e4rskilt utsatta omr\u00e5dena<\/h3>\n\n\n\n<p>Andelen sysselsatta i de s\u00e4rskilt utsatta omr\u00e5dena ligger i genomsnitt p\u00e5 66 procent f\u00f6r m\u00e4nnen och 56 procent f\u00f6r kvinnorna. Den relativt h\u00f6ga andelen sysselsatta visar att en klar majoritet har f\u00f6rv\u00e4rvsarbete. Detta skapar en grogrund f\u00f6r integration och \u00f6kar motst\u00e5ndskraften mot kriminalitet i de s\u00e4rskilt utsatta omr\u00e5dena. 2021 ser vi ocks\u00e5 att syssels\u00e4ttningen bland nyanl\u00e4nda m\u00e4n \u00e4r h\u00f6gre \u00e4n bland samtliga m\u00e4n. Att nyanl\u00e4nda m\u00e4n s\u00e5 snabbt f\u00e5tt arbete visar att de personer som anl\u00e4nde till Sverige efter 2015 har etablerat sig snabbare p\u00e5 arbetsmarknaden \u00e4n de som anl\u00e4nde tidigare. F\u00f6retagens stora efterfr\u00e5gan p\u00e5 personal har slagit igenom och vi kan se att arbetsl\u00f6sheten minskat i de s\u00e4rskilt utsatta omr\u00e5dena. De s\u00e4rskilt utsatta omr\u00e5den bel\u00e4gna i starka arbetsmarknadsregioner d\u00e4r det funnits gott om lediga jobb att s\u00f6ka under l\u00e4ngre tid.<\/p>\n\n\n\n<p>Dessutom har reformen av Arbetsf\u00f6rmedlingen varit framg\u00e5ngsrik. En h\u00f6g andel av de arbetsl\u00f6sa som deltar i matchningstj\u00e4nsten Rusta och matcha har f\u00e5tt arbete. \u00c4ven de som g\u00e5r p\u00e5 arbetsmarknadsutbildningar f\u00e5r arbete i allt h\u00f6gre utstr\u00e4ckning.<\/p>\n\n\n\n<p>Allt fler av flyktingarna som kom till Sverige 2015\u201316 f\u00e5r arbete. \u00c4ven om \u00f6kningstakten \u00e4r l\u00e5ngsam s\u00e5 \u00f6kar syssels\u00e4ttningen f\u00f6r varje \u00e5r som g\u00e5r.<\/p>\n\n\n\n<h3 class=\"wp-block-heading\">Pandemin hade liten p\u00e5verkan p\u00e5 syssels\u00e4ttningen i de utsatta omr\u00e5dena<\/h3>\n\n\n\n<p>Coronapandemin drabbade de s\u00e4rskilt utsatta omr\u00e5dena h\u00e5rdare \u00e4n andra delar av Sverige. D\u00e4rf\u00f6r \u00e4r det f\u00f6rv\u00e5nande att inte syssels\u00e4ttningen minskade mer \u00e4n den gjorde under 2020. Bland de nyanl\u00e4nda m\u00e4nnen kan vi rent av se en liten \u00f6kning av andelen sysselsatta under pandemin. I grunden beror detta p\u00e5 den urstarka arbetsmarknaden i kombination med att de flesta b\u00e5de m\u00e4n och kvinnor som arbetar g\u00f6r det i den arbetsintensiva privata tj\u00e4nstesektorn. Under pandemin var behovet av personal alltj\u00e4mt h\u00f6g med undantag fr\u00e5n bes\u00f6ksn\u00e4ringarna. Men siffrorna ger \u00e4nd\u00e5 en tydlig bild \u00f6ver att pandemin inte innebar en arbetsl\u00f6shetskris i de s\u00e4rskilt utsatta omr\u00e5dena.<\/p>\n\n\n\n<h3 class=\"wp-block-heading\">Syssels\u00e4ttningsgapet mellan m\u00e4n och kvinnor \u00f6kar i utsatta omr\u00e5den<\/h3>\n\n\n\n<p>Syssels\u00e4ttnings\u00f6kningen f\u00f6r kvinnor stannade av 2019 medan allt fler m\u00e4n har fortsatt f\u00e5 arbete. Skillnaderna mellan m\u00e4n och kvinnor har \u00f6kat beroende p\u00e5 att m\u00e5nga nyanl\u00e4nda m\u00e4n fick jobb.<\/p>\n\n\n\n<blockquote class=\"wp-block-quote is-style-plain is-layout-flow wp-block-quote-is-layout-flow\">\n<p>&#8221;De nyanl\u00e4nda m\u00e4nnen i de s\u00e4rskilt utsatta omr\u00e5dena drar nytta av den stora efterfr\u00e5gan p\u00e5 arbetskraft medan kvinnorna inte alls kunnat g\u00f6ra det i samma utstr\u00e4ckning.&#8221;<\/p>\n<\/blockquote>\n\n\n\n<p>Nyanl\u00e4nda m\u00e4n i de s\u00e4rskilt utsatta omr\u00e5dena arbetar i h\u00f6gre utstr\u00e4ckning \u00e4n m\u00e4nnen i genomsnitt medan situationen \u00e4r den omv\u00e4nda f\u00f6r de nyanl\u00e4nda kvinnorna. Andelen som arbetar \u00e4r tio procentenheter l\u00e4gre \u00e4n f\u00f6r alla nyanl\u00e4nda kvinnor.<\/p>\n\n\n\n<p>De nyanl\u00e4nda m\u00e4nnen i de s\u00e4rskilt utsatta omr\u00e5dena drar nytta av den stora efterfr\u00e5gan p\u00e5 arbetskraft medan kvinnorna inte alls kunnat g\u00f6ra det i samma utstr\u00e4ckning. Det v\u00e4xande syssels\u00e4ttningsgapet \u00e4r en stor utmaning f\u00f6r j\u00e4mst\u00e4lldheten p\u00e5 den svenska arbetsmarknaden d\u00e4r m\u00e4n och kvinnor f\u00f6rv\u00e4ntas delta p\u00e5 lika villkor.<\/p>\n\n\n<a class='Share__link Share__link--url copy-text' href='#' rel='nofollow' data-text='de-vanligaste-yrkena-bland-man-i-sarskilt-utsatta-omraden' title='Dela url' data-confirmation='L\u00e4nken kopierades till urklipp'><svg class='icon icon--link'  width='18' height='18' viewBox='0 0 18 18' fill='none' xmlns='http:\/\/www.w3.org\/2000\/svg'>\n            <path d='M10.4142 0.514721L6.87868 4.05025L8.29289 5.46447L11.1213 2.63604L15.364 6.87868L12.5355 9.70711L13.9497 11.1213L17.4853 7.58579C17.8763 7.19476 17.8763 6.5626 17.4853 6.17158L11.8284 0.514721C11.4374 0.123691 10.8052 0.123691 10.4142 0.514721Z' fill='black'\/>\n            <path d='M9.7071 12.5355L6.87868 15.364L2.63604 11.1213L5.46446 8.2929L4.05025 6.87868L0.514716 10.4142C0.123686 10.8052 0.123686 11.4374 0.514716 11.8284L6.17157 17.4853C6.5626 17.8763 7.19475 17.8763 7.58578 17.4853L11.1213 13.9497L9.7071 12.5355Z' fill='black'\/>\n            <path d='M6.17157 11.8284C6.5626 12.2195 7.19475 12.2195 7.58578 11.8284L11.8284 7.58579C12.2195 7.19476 12.2195 6.56261 11.8284 6.17158C11.4374 5.78055 10.8052 5.78055 10.4142 6.17158L6.17157 10.4142C5.78054 10.8052 5.78054 11.4374 6.17157 11.8284Z' fill='black'\/>\n            <\/svg> <\/a>\n<h2 class=\"wp-block-heading\">De vanligaste yrkena bland m\u00e4n i s\u00e4rskilt utsatta omr\u00e5den<\/h2>\n\n\n\n<p><strong>Drygt 66 procent av m\u00e4nnen i de s\u00e4rskilt utsatta omr\u00e5dena arbetar, en \u00f6kning med nio procentenheter sedan 2014.<\/strong><\/p>\n\n\n\n<h4 class=\"wp-block-heading\">Figur 6: De vanligaste yrkeskategorierna bland alla m\u00e4n i s\u00e4rskilt utsatta omr\u00e5den 2019\u20142021 (procent)<\/h4>\n\n\n\n<figure class=\"wp-block-image size-large\"><img loading=\"lazy\" decoding=\"async\" width=\"1180\" height=\"455\" src=\"https:\/\/www.almega.se\/app\/uploads\/2023\/05\/Figur-6-1180x455.png\" alt=\"Figur 6: De vanligaste yrkeskategorierna bland alla m\u00e4n i s\u00e4rskilt utsatta omr\u00e5den 2019\u20142021 (procent)\" class=\"wp-image-63978\" srcset=\"https:\/\/www.almega.se\/app\/uploads\/2023\/05\/Figur-6-1180x455.png 1180w, https:\/\/www.almega.se\/app\/uploads\/2023\/05\/Figur-6-580x224.png 580w, https:\/\/www.almega.se\/app\/uploads\/2023\/05\/Figur-6-380x147.png 380w, https:\/\/www.almega.se\/app\/uploads\/2023\/05\/Figur-6-768x296.png 768w, https:\/\/www.almega.se\/app\/uploads\/2023\/05\/Figur-6-1536x593.png 1536w, https:\/\/www.almega.se\/app\/uploads\/2023\/05\/Figur-6.png 1690w\" sizes=\"auto, (max-width: 1180px) 100vw, 1180px\" \/><\/figure>\n\n\n\n<p>Bland m\u00e4nnen \u00f6kar andelen stadigt som arbetar med transport och distribution. S\u00e4rskilt \u00e4r det lagerarbetet som v\u00e4xer som vanligt yrke. \u00c4ven en del f\u00f6raryrken blir vanligare. Lager- och terminal personal har passerat st\u00e4dare som det vanligaste yrket bland m\u00e4nnen.<\/p>\n\n\n\n<p>Andelen som arbetar i bygg och hantverksyrken liksom i restaurangbranschen minskade n\u00e5got under pandemi\u00e5ret 2020. <\/p>\n\n\n\n<p>\u00c4ven bland m\u00e4n i s\u00e4rskilt utsatta omr\u00e5den dominerar privat tj\u00e4nstesektor. Fyra av fem m\u00e4n jobbar i tj\u00e4nstesektorn och de \u00e5terst\u00e5ende 20 procenten \u00e5terfinns i bygg och hantverk respektive industriyrken.<\/p>\n\n\n\n<h3 class=\"wp-block-heading\"><strong>De fem vanligaste yrkena bland m\u00e4n i s\u00e4rskilt utsatta omr\u00e5den, andel av samtliga <\/strong>(procent)<\/h3>\n\n\n\n<figure class=\"wp-block-table is-style-stripes\"><table><tbody><tr><td>Lager- och terminalpersonal<\/td><td>6,9%<\/td><\/tr><tr><td>St\u00e4dare<\/td><td>6,7%<\/td><\/tr><tr><td>Resturang- och k\u00f6ksbitr\u00e4den m.fl.<\/td><td>5,6%<\/td><\/tr><tr><td>Buss- och sp\u00e5rvagnsf\u00f6rare<\/td><td>4%<\/td><\/tr><tr><td>Maskinst\u00e4llare och maskinoperat\u00f6rer, metallarbetare<\/td><td>2,3%<\/td><\/tr><tr><td>\u00d6vriga servicearbetare<\/td><td>2,3%<\/td><\/tr><\/tbody><\/table><\/figure>\n\n\n<a class='Share__link Share__link--url copy-text' href='#' rel='nofollow' data-text='de-vanligaste-yrkena-bland-kvinnor-i-sarskilt-utsatta-omraden' title='Dela url' data-confirmation='L\u00e4nken kopierades till urklipp'><svg class='icon icon--link'  width='18' height='18' viewBox='0 0 18 18' fill='none' xmlns='http:\/\/www.w3.org\/2000\/svg'>\n            <path d='M10.4142 0.514721L6.87868 4.05025L8.29289 5.46447L11.1213 2.63604L15.364 6.87868L12.5355 9.70711L13.9497 11.1213L17.4853 7.58579C17.8763 7.19476 17.8763 6.5626 17.4853 6.17158L11.8284 0.514721C11.4374 0.123691 10.8052 0.123691 10.4142 0.514721Z' fill='black'\/>\n            <path d='M9.7071 12.5355L6.87868 15.364L2.63604 11.1213L5.46446 8.2929L4.05025 6.87868L0.514716 10.4142C0.123686 10.8052 0.123686 11.4374 0.514716 11.8284L6.17157 17.4853C6.5626 17.8763 7.19475 17.8763 7.58578 17.4853L11.1213 13.9497L9.7071 12.5355Z' fill='black'\/>\n            <path d='M6.17157 11.8284C6.5626 12.2195 7.19475 12.2195 7.58578 11.8284L11.8284 7.58579C12.2195 7.19476 12.2195 6.56261 11.8284 6.17158C11.4374 5.78055 10.8052 5.78055 10.4142 6.17158L6.17157 10.4142C5.78054 10.8052 5.78054 11.4374 6.17157 11.8284Z' fill='black'\/>\n            <\/svg> <\/a>\n<h2 class=\"wp-block-heading\">De vanligaste yrkena bland kvinnor i s\u00e4rskilt utsatta omr\u00e5den<\/h2>\n\n\n\n<p><strong>I de s\u00e4rskilt utsatta omr\u00e5dena arbetade 56 procent av kvinnorna 2021, en \u00f6kning med nio procentenheter precis som f\u00f6r m\u00e4nnen sedan 2014.<\/strong><\/p>\n\n\n\n<h4 class=\"wp-block-heading\">Figur 7: De vanligaste yrkeskategorierna bland alla kvinnor i s\u00e4rskilt utsatta omr\u00e5den 2019\u20142021 (procent)<\/h4>\n\n\n\n<figure class=\"wp-block-image size-large\"><img loading=\"lazy\" decoding=\"async\" width=\"1180\" height=\"435\" src=\"https:\/\/www.almega.se\/app\/uploads\/2023\/05\/Figur-7-1180x435.png\" alt=\"Figur 7: De vanligaste yrkeskategorierna bland alla kvinnor i s\u00e4rskilt utsatta omr\u00e5den 2019\u20142021 (procent)\" class=\"wp-image-63980\" srcset=\"https:\/\/www.almega.se\/app\/uploads\/2023\/05\/Figur-7-1180x435.png 1180w, https:\/\/www.almega.se\/app\/uploads\/2023\/05\/Figur-7-580x214.png 580w, https:\/\/www.almega.se\/app\/uploads\/2023\/05\/Figur-7-380x140.png 380w, https:\/\/www.almega.se\/app\/uploads\/2023\/05\/Figur-7-768x283.png 768w, https:\/\/www.almega.se\/app\/uploads\/2023\/05\/Figur-7-1536x567.png 1536w, https:\/\/www.almega.se\/app\/uploads\/2023\/05\/Figur-7.png 1702w\" sizes=\"auto, (max-width: 1180px) 100vw, 1180px\" \/><\/figure>\n\n\n\n<p><\/p>\n\n\n\n<blockquote class=\"wp-block-quote is-style-plain is-layout-flow wp-block-quote-is-layout-flow\">\n<p>&#8221;Andelen som jobbar inom v\u00e5rd och omsorg har \u00f6kat med ett par procentenheter sedan 2014 och \u00e4r n\u00e4stan en tredjedel av de yrkesarbetande.&#8221;<\/p>\n<\/blockquote>\n\n\n\n<p>Andelen som jobbar inom v\u00e5rd och omsorg har \u00f6kat med ett par procentenheter sedan 2014 och \u00e4r n\u00e4stan en tredjedel av de yrkesarbetande. Andelen undersk\u00f6terskor inom \u00e4ldreomsorgen \u00e4r h\u00f6gre \u00e4n nio procent. En h\u00f6g andel cirka sex procent arbetar som v\u00e5rdbitr\u00e4den \u00e4ven om andelen minskat n\u00e5got. Detta beror s\u00e4kert p\u00e5 de \u00f6kade kraven p\u00e5 att vara utbildad undersk\u00f6terska inom \u00e4ldreomsorgen.<\/p>\n\n\n\n<p>Andelen som arbetar inom utbildning och skola har \u00f6kat med n\u00e5gra procentenheter de senaste \u00e5ren. N\u00e4stan tio procent arbetar som barnsk\u00f6tare vilket \u00e4r en \u00f6kning med ett par procentenheter sedan 2014. Intressant att se att andelen barnsk\u00f6tare \u00f6kar samtidigt som andelen v\u00e5rdbitr\u00e4den minskar. F\u00f6r v\u00e5rdbitr\u00e4dena finns starka drivkrafter att utbilda sig eftersom arbetsgivarna oftast vill anst\u00e4lla undersk\u00f6terskor. F\u00f6r barnsk\u00f6tare \u00e4r steget l\u00e4ngre till att utbilda sig till f\u00f6rskoll\u00e4rare. I barnsk\u00f6tare kan s\u00e4kert rymmas \u00e4ven de personer som inte g\u00e5tt barn och fritidsprogrammet p\u00e5 gymnasieskolan eller Komvux. P\u00e5 senare \u00e5r har m\u00e5nga nyanl\u00e4nda kvinnor i s\u00e4rskilt utsatta omr\u00e5den f\u00e5tt arbete som barnsk\u00f6tare. Det b\u00f6rjar synas tydligt \u00e4ven i statistiken f\u00f6r samtliga kvinnor.<\/p>\n\n\n\n<h3 class=\"wp-block-heading\">De fem vanligaste yrkena bland kvinnor i s\u00e4rskilt utsatta omr\u00e5den, andel av samtliga (procent)<\/h3>\n\n\n\n<figure class=\"wp-block-table\"><table><tbody><tr><td>St\u00e4dare<\/td><td>11,7%<\/td><\/tr><tr><td>Barnsk\u00f6tare<\/td><td>9,6%<\/td><\/tr><tr><td>Undersk\u00f6terskor, hemtj\u00e4nst, hemsjukv\u00e5rd och \u00e4ldreboende<\/td><td>9,2%<\/td><\/tr><tr><td>V\u00e5rdbitr\u00e4den<\/td><td>5,9%<\/td><\/tr><tr><td>Personliga assistenter<\/td><td>5,2%<\/td><\/tr><\/tbody><\/table><\/figure>\n\n\n<a class='Share__link Share__link--url copy-text' href='#' rel='nofollow' data-text='de-vanligaste-yrkena-bland-nyanlanda-man-i-sarskilt-utsatta-omraden' title='Dela url' data-confirmation='L\u00e4nken kopierades till urklipp'><svg class='icon icon--link'  width='18' height='18' viewBox='0 0 18 18' fill='none' xmlns='http:\/\/www.w3.org\/2000\/svg'>\n            <path d='M10.4142 0.514721L6.87868 4.05025L8.29289 5.46447L11.1213 2.63604L15.364 6.87868L12.5355 9.70711L13.9497 11.1213L17.4853 7.58579C17.8763 7.19476 17.8763 6.5626 17.4853 6.17158L11.8284 0.514721C11.4374 0.123691 10.8052 0.123691 10.4142 0.514721Z' fill='black'\/>\n            <path d='M9.7071 12.5355L6.87868 15.364L2.63604 11.1213L5.46446 8.2929L4.05025 6.87868L0.514716 10.4142C0.123686 10.8052 0.123686 11.4374 0.514716 11.8284L6.17157 17.4853C6.5626 17.8763 7.19475 17.8763 7.58578 17.4853L11.1213 13.9497L9.7071 12.5355Z' fill='black'\/>\n            <path d='M6.17157 11.8284C6.5626 12.2195 7.19475 12.2195 7.58578 11.8284L11.8284 7.58579C12.2195 7.19476 12.2195 6.56261 11.8284 6.17158C11.4374 5.78055 10.8052 5.78055 10.4142 6.17158L6.17157 10.4142C5.78054 10.8052 5.78054 11.4374 6.17157 11.8284Z' fill='black'\/>\n            <\/svg> <\/a>\n<h2 class=\"wp-block-heading\">De vanligaste yrkena bland nyanl\u00e4nda m\u00e4n i s\u00e4rskilt utsatta omr\u00e5den<\/h2>\n\n\n\n<p><strong>Syssels\u00e4ttningen blad de nyanl\u00e4nda m\u00e4nnen var 68 procent i de utsatta omr\u00e5dena var sysselsatta vilket \u00e4r 1,7 procentenheter fler \u00e4n bland alla m\u00e4n. Ett flertal f\u00f6r\u00e4ndringar har skett inom vilka sektorer de nyanl\u00e4nda m\u00e4nnen arbetar under de senaste \u00e5ren.<\/strong><\/p>\n\n\n\n<h4 class=\"wp-block-heading\">Figur 8: De vanligaste yrkeskategorierna bland nyanl\u00e4nda m\u00e4n i s\u00e4rskilt utsatta omr\u00e5den 2019\u20142021. (procent)<\/h4>\n\n\n\n<figure class=\"wp-block-image size-large\"><img loading=\"lazy\" decoding=\"async\" width=\"1180\" height=\"456\" src=\"https:\/\/www.almega.se\/app\/uploads\/2023\/05\/Figur-8-1180x456.png\" alt=\"Figur 8: De vanligaste yrkeskategorierna bland nyanl\u00e4nda m\u00e4n i s\u00e4rskilt utsatta\nomr\u00e5den 2019\u20142021.\n(procent)\" class=\"wp-image-63981\" srcset=\"https:\/\/www.almega.se\/app\/uploads\/2023\/05\/Figur-8-1180x456.png 1180w, https:\/\/www.almega.se\/app\/uploads\/2023\/05\/Figur-8-580x224.png 580w, https:\/\/www.almega.se\/app\/uploads\/2023\/05\/Figur-8-380x147.png 380w, https:\/\/www.almega.se\/app\/uploads\/2023\/05\/Figur-8-768x297.png 768w, https:\/\/www.almega.se\/app\/uploads\/2023\/05\/Figur-8-1536x593.png 1536w, https:\/\/www.almega.se\/app\/uploads\/2023\/05\/Figur-8.png 1704w\" sizes=\"auto, (max-width: 1180px) 100vw, 1180px\" \/><\/figure>\n\n\n\n<p>Andelen nyanl\u00e4nda m\u00e4n som jobbar inom transport och distribution \u00f6kar stadigt och l\u00e5g p\u00e5 19,4 procent 2021. Det var en \u00f6kning med n\u00e4stan tv\u00e5procentenheter sedan 2020 och med 7,5 procentenheter sedan 2014. Lager och terminalarbetare \u00e4r numera det tredje vanligaste yrket bland de nyanl\u00e4nda m\u00e4nnen. <\/p>\n\n\n\n<p>F\u00f6raryrkena blir allt vanligare bland de nyanl\u00e4nda m\u00e4nnen. \u00d6vriga bil-, motorcykel- och cykelf\u00f6rare \u00e4r en yrkesgrupp som \u00f6kat. Ett tydligt tecken p\u00e5 hur cykel-, moped och bilbuden blir fler antagligen till f\u00f6ljd av att gigjobben blir fler.<\/p>\n\n\n\n<p>Restaurangyrkena h\u00e5ller st\u00e4llningarna som en av de viktigaste branscherna f\u00f6r de nyanl\u00e4nda m\u00e4nnen. Restaurang- och k\u00f6ksbitr\u00e4de \u00e4r med stor marginal det enskilt vanligaste yrket f\u00f6r nyanl\u00e4nda m\u00e4n.<\/p>\n\n\n\n<p>N\u00e5got fler av de nyanl\u00e4nda m\u00e4nnen, 15,4 procent, jobbar med bygg- och hantverksyrken. Det \u00e4r en liten \u00f6kning i j\u00e4mf\u00f6relse med 2019 och 2020. Knappt 10 procent jobbar som st\u00e4dare vilket g\u00f6r yrket till det n\u00e4st vanligaste och branschen till den fj\u00e4rde st\u00f6rsta.<\/p>\n\n\n\n<p>Flera faktorer kan ligga bakom att s\u00e5 m\u00e5nga fler nyanl\u00e4nda m\u00e4n i de s\u00e4rskilt utsatta omr\u00e5dena arbetar \u00e4n tidigare. F\u00f6r det f\u00f6rsta har efterfr\u00e5gan p\u00e5 personal efter pandemin varit stor bland f\u00f6retagen. I de yrken d\u00e4r de nyanl\u00e4nda m\u00e4nnen dominerar g\u00e5r det att klara sig utan kvalificerade spr\u00e5kkunskaper.<\/p>\n\n\n\n<h3 class=\"wp-block-heading\">De fem vanligaste yrkena bland nyanl\u00e4nda m\u00e4n i s\u00e4rskilt utsatta omr\u00e5den, andel av samtliga (procent)<\/h3>\n\n\n\n<figure class=\"wp-block-table\"><table><tbody><tr><td>Resturang- och k\u00f6ksbitr\u00e4den m.fl.<\/td><td>12,7%<\/td><\/tr><tr><td>St\u00e4dare<\/td><td>9,8%<\/td><\/tr><tr><td>Lager- och terminalpersonal<\/td><td>7,9%<\/td><\/tr><tr><td>\u00d6vriga byggnads- och anl\u00e4ggningsarbetare<\/td><td>3,1%<\/td><\/tr><tr><td>Kockar och kallsk\u00e4nkor<\/td><td>3%<\/td><\/tr><\/tbody><\/table><\/figure>\n\n\n\n<p><\/p>\n\n\n\n<blockquote class=\"wp-block-quote is-style-plain is-layout-flow wp-block-quote-is-layout-flow\">\n<p>&#8221;Restaurangyrkena h\u00e5ller st\u00e4llningarna som en av de viktigaste branscherna f\u00f6r de nyanl\u00e4nda m\u00e4nnen. Restaurang- och k\u00f6ksbitr\u00e4de \u00e4r det med stor marginal det enskilt vanligaste yrket f\u00f6r nyanl\u00e4nda m\u00e4n.&#8221;<\/p>\n<\/blockquote>\n\n\n<a class='Share__link Share__link--url copy-text' href='#' rel='nofollow' data-text='de-vanligaste-yrkena-bland-nyanlanda-kvinnor-i-sarskilt-utsatta-omraden' title='Dela url' data-confirmation='L\u00e4nken kopierades till urklipp'><svg class='icon icon--link'  width='18' height='18' viewBox='0 0 18 18' fill='none' xmlns='http:\/\/www.w3.org\/2000\/svg'>\n            <path d='M10.4142 0.514721L6.87868 4.05025L8.29289 5.46447L11.1213 2.63604L15.364 6.87868L12.5355 9.70711L13.9497 11.1213L17.4853 7.58579C17.8763 7.19476 17.8763 6.5626 17.4853 6.17158L11.8284 0.514721C11.4374 0.123691 10.8052 0.123691 10.4142 0.514721Z' fill='black'\/>\n            <path d='M9.7071 12.5355L6.87868 15.364L2.63604 11.1213L5.46446 8.2929L4.05025 6.87868L0.514716 10.4142C0.123686 10.8052 0.123686 11.4374 0.514716 11.8284L6.17157 17.4853C6.5626 17.8763 7.19475 17.8763 7.58578 17.4853L11.1213 13.9497L9.7071 12.5355Z' fill='black'\/>\n            <path d='M6.17157 11.8284C6.5626 12.2195 7.19475 12.2195 7.58578 11.8284L11.8284 7.58579C12.2195 7.19476 12.2195 6.56261 11.8284 6.17158C11.4374 5.78055 10.8052 5.78055 10.4142 6.17158L6.17157 10.4142C5.78054 10.8052 5.78054 11.4374 6.17157 11.8284Z' fill='black'\/>\n            <\/svg> <\/a>\n<h2 class=\"wp-block-heading\">De vanligaste yrkena bland nyanl\u00e4nda kvinnor i s\u00e4rskilt utsatta omr\u00e5den<\/h2>\n\n\n\n<p><strong>Syssels\u00e4ttningsgraden bland nyanl\u00e4nda kvinnorna i de s\u00e4rskilt utsatta omr\u00e5dena var 37 procent 2021, vilket \u00e4r en \u00f6kning med drygt elva procentenheter p\u00e5 \u00e5tta \u00e5r<\/strong>.<\/p>\n\n\n\n<h4 class=\"wp-block-heading\">Figur 9: De vanligaste yrkeskategorierna bland nyanl\u00e4nda kvinnor i s\u00e4rskilt utsatta omr\u00e5den 2019\u20142021. (procent)<\/h4>\n\n\n\n<figure class=\"wp-block-image size-large\"><img loading=\"lazy\" decoding=\"async\" width=\"1180\" height=\"454\" src=\"https:\/\/www.almega.se\/app\/uploads\/2023\/05\/Figur-9-1180x454.png\" alt=\"Figur 9: De vanligaste yrkeskategorierna bland nyanl\u00e4nda kvinnor i s\u00e4rskilt utsatta omr\u00e5den 2019\u20142021. (procent)\" class=\"wp-image-63982\" srcset=\"https:\/\/www.almega.se\/app\/uploads\/2023\/05\/Figur-9-1180x454.png 1180w, https:\/\/www.almega.se\/app\/uploads\/2023\/05\/Figur-9-580x223.png 580w, https:\/\/www.almega.se\/app\/uploads\/2023\/05\/Figur-9-380x146.png 380w, https:\/\/www.almega.se\/app\/uploads\/2023\/05\/Figur-9-768x295.png 768w, https:\/\/www.almega.se\/app\/uploads\/2023\/05\/Figur-9-1536x591.png 1536w, https:\/\/www.almega.se\/app\/uploads\/2023\/05\/Figur-9.png 1716w\" sizes=\"auto, (max-width: 1180px) 100vw, 1180px\" \/><\/figure>\n\n\n\n<p>De senaste \u00e5tta \u00e5ren har inneburit att en betydligt l\u00e4gre andel av de sysselsatta nyanl\u00e4nda kvinnorna arbetar som st\u00e4dare. Andelen har minskat fr\u00e5n 38 procent till drygt 28 procent, allts\u00e5 med mer \u00e4n tio procentenheter. <\/p>\n\n\n\n<p>Yrken inom v\u00e5rd och omsorg ligger stabilt \u00f6ver 22 procent med v\u00e5rdbitr\u00e4den och personliga assistenter som de tv\u00e5 st\u00f6rsta yrkena. <\/p>\n\n\n\n<p>Andelen nyanl\u00e4nda kvinnor som jobbar i skola och utbildning minskar klart. \u00c5ren 2014 till 2018 b\u00f6rjade fler och fler nyanl\u00e4nda kvinnor jobba som barnsk\u00f6tare. Utvecklingen har brutits och drygt sju procent jobbar som barnsk\u00f6tare i j\u00e4mf\u00f6relse med 8,5 procent 2019. \u00c4ven om andelarna minskar arbetar fortfarande dubbelt s\u00e5 m\u00e5nga inom skola och utbildning 2021 i j\u00e4mf\u00f6relse med 2014. <\/p>\n\n\n\n<p>Andelen inom restaurangbranschen \u00f6kar n\u00e5got, men ligger p\u00e5 ungef\u00e4r h\u00e4lften j\u00e4mf\u00f6rt med andelen m\u00e4n i branschen. <\/p>\n\n\n\n<p>Varf\u00f6r har inte syssels\u00e4ttningen \u00f6kat lika snabbt bland nyanl\u00e4nda kvinnor som bland nyanl\u00e4nda m\u00e4n? Ingenting tyder p\u00e5 att efterfr\u00e5gan p\u00e5 arbetskraft i de mest popul\u00e4ra yrkena f\u00f6r m\u00e4n och kvinnor skiljer sig \u00e5t. Orsakerna till att inte kvinnorna f\u00e5r jobb i samma utstr\u00e4ckning som m\u00e4nnen m\u00e5ste s\u00f6kas p\u00e5 andra omr\u00e5den. Det tar l\u00e4ngre tid f\u00f6r nyanl\u00e4nda kvinnor att etablera sig p\u00e5 arbetsmarknaden \u00e4n det tar f\u00f6r nyanl\u00e4nda m\u00e4n. Det beror troligen p\u00e5 flera faktorer. Personerna kommer fr\u00e5n l\u00e4nder d\u00e4r kvinnligt f\u00f6rv\u00e4rvsarbete \u00e4r mindre vanligt. De flesta nyanl\u00e4nda kvinnor \u00e4r unga och i barnaf\u00f6dande \u00e5lder vilket ocks\u00e5 f\u00f6rsenar etableringen p\u00e5 arbetsmarknaden. Utrikes f\u00f6dda kvinnors syssels\u00e4ttning brukar dock \u00f6ka m\u00e4rkbart n\u00e4r de varit i Sverige i drygt fem \u00e5r. \u00c5tg\u00e4rder f\u00f6r att snabba p\u00e5 etableringen \u00e4r angel\u00e4gna.<\/p>\n\n\n\n<h3 class=\"wp-block-heading\">De fem vanligaste yrkena bland nyanl\u00e4nda kvinnor i s\u00e4rskilt utsatta omr\u00e5den, andel av samtliga (procent)<\/h3>\n\n\n\n<figure class=\"wp-block-table is-style-stripes\"><table><tbody><tr><td>St\u00e4dare<\/td><td>28,4%<\/td><\/tr><tr><td>V\u00e5rdbitr\u00e4de<\/td><td>7,8%<\/td><\/tr><tr><td>Barnsk\u00f6tare<\/td><td>7,3%<\/td><\/tr><tr><td>Personliga assistenter<\/td><td>6,8%<\/td><\/tr><tr><td>Resturang- och k\u00f6ksbitr\u00e4de m.fl.<\/td><td>6,6%<\/td><\/tr><\/tbody><\/table><\/figure>\n\n\n\n<p><\/p>\n\n\n\n<blockquote class=\"wp-block-quote is-style-plain is-layout-flow wp-block-quote-is-layout-flow\">\n<p>Varf\u00f6r har inte syssels\u00e4ttningen \u00f6kat lika snabbt bland nyanl\u00e4nda kvinnor som bland nyanl\u00e4nda m\u00e4n? Ingenting tyder p\u00e5 att efterfr\u00e5gan p\u00e5 arbetskraft i de mest popul\u00e4ra yrkena f\u00f6r m\u00e4n och kvinnor skiljer sig \u00e5t.<\/p>\n<\/blockquote>\n\n\n<a class='Share__link Share__link--url copy-text' href='#' rel='nofollow' data-text='stora-kompetensbehov-i-yrken-som-dominerar-i-de-sarskilt-utsatta-omradena' title='Dela url' data-confirmation='L\u00e4nken kopierades till urklipp'><svg class='icon icon--link'  width='18' height='18' viewBox='0 0 18 18' fill='none' xmlns='http:\/\/www.w3.org\/2000\/svg'>\n            <path d='M10.4142 0.514721L6.87868 4.05025L8.29289 5.46447L11.1213 2.63604L15.364 6.87868L12.5355 9.70711L13.9497 11.1213L17.4853 7.58579C17.8763 7.19476 17.8763 6.5626 17.4853 6.17158L11.8284 0.514721C11.4374 0.123691 10.8052 0.123691 10.4142 0.514721Z' fill='black'\/>\n            <path d='M9.7071 12.5355L6.87868 15.364L2.63604 11.1213L5.46446 8.2929L4.05025 6.87868L0.514716 10.4142C0.123686 10.8052 0.123686 11.4374 0.514716 11.8284L6.17157 17.4853C6.5626 17.8763 7.19475 17.8763 7.58578 17.4853L11.1213 13.9497L9.7071 12.5355Z' fill='black'\/>\n            <path d='M6.17157 11.8284C6.5626 12.2195 7.19475 12.2195 7.58578 11.8284L11.8284 7.58579C12.2195 7.19476 12.2195 6.56261 11.8284 6.17158C11.4374 5.78055 10.8052 5.78055 10.4142 6.17158L6.17157 10.4142C5.78054 10.8052 5.78054 11.4374 6.17157 11.8284Z' fill='black'\/>\n            <\/svg> <\/a>\n<h2 class=\"wp-block-heading\">Stora kompetensbehov i yrken som dominerar i de s\u00e4rskilt utsatta omr\u00e5dena<\/h2>\n\n\n\n<p><strong>I de f\u00f6reg\u00e5ende kapitlen presenterade vi vilka yrken som dominerar bland de boende i de s\u00e4rskilt utsatta omr\u00e5dena. Kartl\u00e4ggningen visade att en \u00f6verv\u00e4ldigande andel arbetade i den privat tj\u00e4nstesektor. Utifr\u00e5n de prognoser Arbetsf\u00f6rmedlingen presenterar \u00f6ver m\u00f6jligheterna till arbete i olika yrken kan vi se att de boende i de s\u00e4rskilt utsatta omr\u00e5dena arbetar i yrken d\u00e4r det finns kompetensbehov och bristen p\u00e5 personal \u00e4r stor.<\/strong><\/p>\n\n\n\n<h4 class=\"wp-block-heading\"><strong>Tabell 1: Yrkesprognoser samt antal lediga jobb f\u00f6r ett urval av tj\u00e4nsteyrken<\/strong><\/h4>\n\n\n\n<figure class=\"wp-block-table is-style-stripes\"><table><tbody><tr><td><strong>Yrke<\/strong><\/td><td><strong>M\u00f6jligheter till arbete 2023<\/strong><\/td><td><strong>M\u00f6jligheter till arbete 2026<\/strong><\/td><td><strong>Lediga jobb p\u00e5 Platsbanken<\/strong><\/td><\/tr><tr><td>Undersk\u00f6terska<\/td><td>Mycket stora<\/td><td>Mycket stora<\/td><td>30 377<\/td><\/tr><tr><td>V\u00e5rdbitr\u00e4den<\/td><td>Sm\u00e5 till medelstora<\/td><td>Sm\u00e5 till medelstora<\/td><td>14 859<\/td><\/tr><tr><td>Personliga assistenter<\/td><td>Stora m\u00f6jligheter<\/td><td>Stora m\u00f6jligheter<\/td><td>10 907<\/td><\/tr><tr><td>Lastbilsf\u00f6rare<\/td><td>Stora<\/td><td>Stora<\/td><td>6913<\/td><\/tr><tr><td>Lager- och terminalpersonal<\/td><td>Stora<\/td><td>Sm\u00e5 till medelstora<\/td><td>4496<\/td><\/tr><tr><td>Resturang- och kaf\u00e9bitr\u00e4den<\/td><td>Sm\u00e5 till medelstora<\/td><td>Sm\u00e5 till medelstora<\/td><td>3129<\/td><\/tr><tr><td>Kockar, k\u00f6ksm\u00e4stare och souschefer<\/td><td>Stora<\/td><td>Stora<\/td><td>3127<\/td><\/tr><tr><td>St\u00e4dare<\/td><td>Stora<\/td><td>Stora<\/td><td>3079<\/td><\/tr><tr><td>Barnsk\u00f6tare<\/td><td>Stora<\/td><td>Sm\u00e5 till medelstora<\/td><td>2037<\/td><\/tr><tr><td>Maskinoperat\u00f6rer inom tillverkning<\/td><td>Stora<\/td><td>Stora<\/td><td>1537<\/td><\/tr><tr><td>Buss- och sp\u00e5rvagnsf\u00f6rare<\/td><td>Mycket stora<\/td><td>Mycket stora<\/td><td>732<\/td><\/tr><tr><td>Tr\u00e4arbetare och snickare<\/td><td>Stora<\/td><td>Mycket stora<\/td><td>607<\/td><\/tr><\/tbody><\/table><figcaption class=\"wp-element-caption\"><br>K\u00e4lla: Arbetsf\u00f6rmedlingens yrkesprognoser april 2023 respektive Platsbanken 2023-04-24.<\/figcaption><\/figure>\n\n\n\n<p>I slutet av april fanns 193 800 lediga jobb p\u00e5 Arbetsf\u00f6rmedlingens Platsbanken. Flest antal lediga jobb bland bristyrkena i de utsatta finns inom v\u00e5rden: undersk\u00f6terskor, v\u00e5rdbitr\u00e4den och personliga assistenter, f\u00f6ljt av transport, lager och distribution, restaurangbranschen och st\u00f6d och hemservice. <\/p>\n\n\n\n<p>De flesta av de yrken som dominerar i de s\u00e4rskilt utsatta omr\u00e5dena \u00e4r bristyrken som kr\u00e4ver h\u00f6gst gymnasieutbildning. Inom ett par yrkesgrupper \u00e4r det tydligt att anst\u00e4llda g\u00e5r fr\u00e5n ing\u00e5ngsyrken till bristyrken. Det g\u00e4ller till exempel f\u00f6r kvinnor som jobbar som v\u00e5rdbitr\u00e4den i \u00e4ldreomsorgen som studerar till undersk\u00f6terska.<\/p>\n\n\n<a class='Share__link Share__link--url copy-text' href='#' rel='nofollow' data-text='reformer-for-okade-drivkrafter-till-arbete-och-en-effektivare-jobbpolitik' title='Dela url' data-confirmation='L\u00e4nken kopierades till urklipp'><svg class='icon icon--link'  width='18' height='18' viewBox='0 0 18 18' fill='none' xmlns='http:\/\/www.w3.org\/2000\/svg'>\n            <path d='M10.4142 0.514721L6.87868 4.05025L8.29289 5.46447L11.1213 2.63604L15.364 6.87868L12.5355 9.70711L13.9497 11.1213L17.4853 7.58579C17.8763 7.19476 17.8763 6.5626 17.4853 6.17158L11.8284 0.514721C11.4374 0.123691 10.8052 0.123691 10.4142 0.514721Z' fill='black'\/>\n            <path d='M9.7071 12.5355L6.87868 15.364L2.63604 11.1213L5.46446 8.2929L4.05025 6.87868L0.514716 10.4142C0.123686 10.8052 0.123686 11.4374 0.514716 11.8284L6.17157 17.4853C6.5626 17.8763 7.19475 17.8763 7.58578 17.4853L11.1213 13.9497L9.7071 12.5355Z' fill='black'\/>\n            <path d='M6.17157 11.8284C6.5626 12.2195 7.19475 12.2195 7.58578 11.8284L11.8284 7.58579C12.2195 7.19476 12.2195 6.56261 11.8284 6.17158C11.4374 5.78055 10.8052 5.78055 10.4142 6.17158L6.17157 10.4142C5.78054 10.8052 5.78054 11.4374 6.17157 11.8284Z' fill='black'\/>\n            <\/svg> <\/a>\n<h2 class=\"wp-block-heading\">Reformer f\u00f6r \u00f6kade drivkrafter till arbete och en effektivare jobbpolitik<\/h2>\n\n\n\n<p><strong>I kontrast till den allm\u00e4nna uppfattningen i debatten kan vi i den h\u00e4r rapporten visa att fler och fler i de s\u00e4rskilt utsatta omr\u00e5dena f\u00e5r jobb. Det g\u00e4ller b\u00e5de bland samtliga boende i omr\u00e5dena och bland de nyanl\u00e4nda.<\/strong><\/p>\n\n\n\n<p>Men arbetsl\u00f6sheten \u00e4r fortsatt alarmerande h\u00f6g i omr\u00e5dena. \u00c4ven om utvecklingen g\u00e5r i r\u00e4tt riktning \u00e5terst\u00e5r mycket att g\u00f6ra f\u00f6r att syssels\u00e4ttningsgapet b\u00e5de mellan boende i s\u00e4rskilt utsatta omr\u00e5den och Sverige som helhet och mellan inhemskt och utrikes f\u00f6dda ska minska.<\/p>\n\n\n\n<p>F\u00f6r att f\u00f6rst\u00e4rka de positiva trender vi ser i den h\u00e4r rapporten beh\u00f6vs ett flertal reformer f\u00f6r att s\u00e4nka tr\u00f6sklarna in p\u00e5 arbetsmarknaden f\u00f6r de arbetsl\u00f6sa.<\/p>\n\n\n\n<h3 class=\"wp-block-heading\">V\u00e5ra reformf\u00f6rslag f\u00f6r \u00f6kade drivkrafter till arbete och en effektivare jobbpolitik utg\u00e5r fr\u00e5n fem viktiga principer<\/h3>\n\n\n\n<h4 class=\"wp-block-heading\"><strong>Det ska alltid l\u00f6na sig att arbeta<\/strong><\/h4>\n\n\n\n<p>Drivkrafterna att b\u00f6rja arbete m\u00e5ste f\u00f6rst\u00e4rkas. Arbetsl\u00f6sa ska aldrig beh\u00f6va fundera \u00f6ver om det \u00e4r v\u00e4rt att arbeta. Detta g\u00e4ller alla typer av anst\u00e4llningar.<\/p>\n\n\n\n<h4 class=\"wp-block-heading\"><strong>Att st\u00e4lla krav \u00e4r att bry sig<\/strong><\/h4>\n\n\n\n<p>Reglerna och framf\u00f6r allt efterlevnaden av de arbetsmarknadspolitiska regelverken beh\u00f6ver sk\u00e4rpas. Detta g\u00e4ller \u00e4ven regelverken f\u00f6r ekonomiskt bist\u00e5nd i kommunerna.<\/p>\n\n\n\n<h4 class=\"wp-block-heading\"><strong>F\u00f6rb\u00e4ttra f\u00f6retagens kompetensf\u00f6rs\u00f6rjning<\/strong><\/h4>\n\n\n\n<p>En effektiv jobbpolitik utg\u00e5r fr\u00e5n f\u00f6retagens personalbehov. De arbetsmarknadspolitiska insatserna ska riktas in p\u00e5 att matcha, rusta och utbilda de arbetsl\u00f6sa till de lediga jobben. Insatserna ska ocks\u00e5 utg\u00e5 fr\u00e5n de arbetss\u00f6kandes kompetenser.<\/p>\n\n\n\n<h4 class=\"wp-block-heading\"><strong>Det ska alltid l\u00f6na sig att anst\u00e4lla \u2013 s\u00e4nk f\u00f6retagens arbetskraftskostnader<\/strong><\/h4>\n\n\n\n<p>Sex av tio nya jobb skapas i privat tj\u00e4nstesektor. Tj\u00e4nstef\u00f6retagens st\u00f6rsta kostnader ligger p\u00e5 personalen. Genom att s\u00e4nka kostnaderna f\u00f6r att anst\u00e4lla g\u00f6r vi det m\u00f6jligt f\u00f6r tj\u00e4nstef\u00f6retagen att anst\u00e4lla \u00e4nnu fler medarbetare.<\/p>\n\n\n\n<h4 class=\"wp-block-heading\"><strong>F\u00f6retagen som anst\u00e4ller l\u00e5ngtidsarbetsl\u00f6sa ska m\u00f6tas av l\u00e4gre anst\u00e4llningskostnader.<sup>11<\/sup><\/strong><\/h4>\n\n\n\n<p>F\u00f6r att minska riskerna f\u00f6r f\u00f6retagen att anst\u00e4lla och f\u00f6r att fler l\u00e5ngtidsarbetsl\u00f6sa ska f\u00e5 jobb beh\u00f6vs effektiva och v\u00e4l avgr\u00e4nsade l\u00f6nest\u00f6d f\u00f6r att anst\u00e4lla.<\/p>\n\n\n<a class='Share__link Share__link--url copy-text' href='#' rel='nofollow' data-text='' title='Dela url' data-confirmation='L\u00e4nken kopierades till urklipp'><svg class='icon icon--link'  width='18' height='18' viewBox='0 0 18 18' fill='none' xmlns='http:\/\/www.w3.org\/2000\/svg'>\n            <path d='M10.4142 0.514721L6.87868 4.05025L8.29289 5.46447L11.1213 2.63604L15.364 6.87868L12.5355 9.70711L13.9497 11.1213L17.4853 7.58579C17.8763 7.19476 17.8763 6.5626 17.4853 6.17158L11.8284 0.514721C11.4374 0.123691 10.8052 0.123691 10.4142 0.514721Z' fill='black'\/>\n            <path d='M9.7071 12.5355L6.87868 15.364L2.63604 11.1213L5.46446 8.2929L4.05025 6.87868L0.514716 10.4142C0.123686 10.8052 0.123686 11.4374 0.514716 11.8284L6.17157 17.4853C6.5626 17.8763 7.19475 17.8763 7.58578 17.4853L11.1213 13.9497L9.7071 12.5355Z' fill='black'\/>\n            <path d='M6.17157 11.8284C6.5626 12.2195 7.19475 12.2195 7.58578 11.8284L11.8284 7.58579C12.2195 7.19476 12.2195 6.56261 11.8284 6.17158C11.4374 5.78055 10.8052 5.78055 10.4142 6.17158L6.17157 10.4142C5.78054 10.8052 5.78054 11.4374 6.17157 11.8284Z' fill='black'\/>\n            <\/svg> <\/a>\n<h2 class=\"wp-block-heading\"><\/h2>\n","protected":false},"excerpt":{"rendered":"<p>Ladda ner rapport Rapporten finns i sin helhet p\u00e5 denna sida men kan ocks\u00e5 h\u00e4mtas som pdf-fil. Sammanfattning F\u00f6retagen inom privat tj\u00e4nstesektor har stora utmaningar med kompetensf\u00f6rs\u00f6rjningen, \u00e4ven till yrken som kr\u00e4ver liten arbetslivserfarenhet och &hellip;<\/p>\n","protected":false},"author":15264,"featured_media":67209,"comment_status":"closed","ping_status":"closed","sticky":false,"template":"","format":"standard","meta":{"_acf_changed":false,"footnotes":""},"categories":[64,419,1],"tags":[],"article_type":[42],"agreement":[],"class_list":["post-63795","post","type-post","status-publish","format-standard","has-post-thumbnail","hentry","category-arbetsmarknad","category-kompetensforsorjning","category-okategoriserade","type-rapporter"],"acf":[],"yoast_head":"<!-- This site is optimized with the Yoast SEO Premium plugin v26.8 (Yoast SEO v26.8) - https:\/\/yoast.com\/product\/yoast-seo-premium-wordpress\/ -->\n<title>Jobben som bryter arbetsl\u00f6sheten i s\u00e4rskilt utsatta omr\u00e5den | Almega<\/title>\n<meta name=\"description\" content=\"L\u00e4s Almegas nya rapport \u201dAtt arbeta eller inte arbeta\u201d som visar att runt var \u00e5ttonde person mellan 20 och 62 \u00e5r f\u00f6rs\u00f6rjs helt eller delvis av sociala ers\u00e4ttningar.\" \/>\n<meta name=\"robots\" content=\"index, follow, max-snippet:-1, max-image-preview:large, max-video-preview:-1\" \/>\n<link rel=\"canonical\" href=\"https:\/\/www.almega.se\/2023\/05\/jobben-som-bryter-arbetslosheten-i-sarskilt-utsatta-omraden\/\" \/>\n<meta property=\"og:locale\" content=\"sv_SE\" \/>\n<meta property=\"og:type\" content=\"article\" \/>\n<meta property=\"og:title\" content=\"Jobben som bryter arbetsl\u00f6sheten i s\u00e4rskilt utsatta omr\u00e5den\" \/>\n<meta property=\"og:description\" content=\"L\u00e4s Almegas nya rapport \u201dAtt arbeta eller inte arbeta\u201d som visar att runt var \u00e5ttonde person mellan 20 och 62 \u00e5r f\u00f6rs\u00f6rjs helt eller delvis av sociala ers\u00e4ttningar.\" \/>\n<meta property=\"og:url\" content=\"https:\/\/www.almega.se\/2023\/05\/jobben-som-bryter-arbetslosheten-i-sarskilt-utsatta-omraden\/\" \/>\n<meta property=\"og:site_name\" content=\"Almega\" \/>\n<meta property=\"article:published_time\" content=\"2023-05-31T09:24:39+00:00\" \/>\n<meta property=\"article:modified_time\" content=\"2023-11-07T14:29:45+00:00\" \/>\n<meta property=\"og:image\" content=\"https:\/\/www.almega.se\/app\/uploads\/2023\/10\/ima221189-1180x787.jpg\" \/>\n\t<meta property=\"og:image:width\" content=\"1180\" \/>\n\t<meta property=\"og:image:height\" content=\"787\" \/>\n\t<meta property=\"og:image:type\" content=\"image\/jpeg\" \/>\n<meta name=\"author\" content=\"filippaostling\" \/>\n<meta name=\"twitter:card\" content=\"summary_large_image\" \/>\n<meta name=\"twitter:label1\" content=\"Skriven av\" \/>\n\t<meta name=\"twitter:data1\" content=\"filippaostling\" \/>\n\t<meta name=\"twitter:label2\" content=\"Ber\u00e4knad l\u00e4stid\" \/>\n\t<meta name=\"twitter:data2\" content=\"23 minuter\" \/>\n<!-- \/ Yoast SEO Premium plugin. -->","yoast_head_json":{"title":"Jobben som bryter arbetsl\u00f6sheten i s\u00e4rskilt utsatta omr\u00e5den | Almega","description":"L\u00e4s Almegas nya rapport \u201dAtt arbeta eller inte arbeta\u201d som visar att runt var \u00e5ttonde person mellan 20 och 62 \u00e5r f\u00f6rs\u00f6rjs helt eller delvis av sociala ers\u00e4ttningar.","robots":{"index":"index","follow":"follow","max-snippet":"max-snippet:-1","max-image-preview":"max-image-preview:large","max-video-preview":"max-video-preview:-1"},"canonical":"https:\/\/www.almega.se\/2023\/05\/jobben-som-bryter-arbetslosheten-i-sarskilt-utsatta-omraden\/","og_locale":"sv_SE","og_type":"article","og_title":"Jobben som bryter arbetsl\u00f6sheten i s\u00e4rskilt utsatta omr\u00e5den","og_description":"L\u00e4s Almegas nya rapport \u201dAtt arbeta eller inte arbeta\u201d som visar att runt var \u00e5ttonde person mellan 20 och 62 \u00e5r f\u00f6rs\u00f6rjs helt eller delvis av sociala ers\u00e4ttningar.","og_url":"https:\/\/www.almega.se\/2023\/05\/jobben-som-bryter-arbetslosheten-i-sarskilt-utsatta-omraden\/","og_site_name":"Almega","article_published_time":"2023-05-31T09:24:39+00:00","article_modified_time":"2023-11-07T14:29:45+00:00","og_image":[{"width":1180,"height":787,"url":"https:\/\/www.almega.se\/app\/uploads\/2023\/10\/ima221189-1180x787.jpg","type":"image\/jpeg"}],"author":"filippaostling","twitter_card":"summary_large_image","twitter_misc":{"Skriven av":"filippaostling","Ber\u00e4knad l\u00e4stid":"23 minuter"},"schema":{"@context":"https:\/\/schema.org","@graph":[{"@type":"NewsArticle","@id":"https:\/\/www.almega.se\/2023\/05\/jobben-som-bryter-arbetslosheten-i-sarskilt-utsatta-omraden\/#article","isPartOf":{"@id":"https:\/\/www.almega.se\/2023\/05\/jobben-som-bryter-arbetslosheten-i-sarskilt-utsatta-omraden\/"},"author":{"name":"filippaostling","@id":"https:\/\/www.almega.se\/#\/schema\/person\/6a769e8c64bfc060d97757abccc542a4"},"headline":"Jobben som bryter arbetsl\u00f6sheten i s\u00e4rskilt utsatta omr\u00e5den","datePublished":"2023-05-31T09:24:39+00:00","dateModified":"2023-11-07T14:29:45+00:00","mainEntityOfPage":{"@id":"https:\/\/www.almega.se\/2023\/05\/jobben-som-bryter-arbetslosheten-i-sarskilt-utsatta-omraden\/"},"wordCount":5103,"image":{"@id":"https:\/\/www.almega.se\/2023\/05\/jobben-som-bryter-arbetslosheten-i-sarskilt-utsatta-omraden\/#primaryimage"},"thumbnailUrl":"https:\/\/www.almega.se\/app\/uploads\/2023\/10\/ima221189.jpg","articleSection":["Arbetsmarknad","Kompetensf\u00f6rs\u00f6rjning"],"inLanguage":"sv-SE"},{"@type":"WebPage","@id":"https:\/\/www.almega.se\/2023\/05\/jobben-som-bryter-arbetslosheten-i-sarskilt-utsatta-omraden\/","url":"https:\/\/www.almega.se\/2023\/05\/jobben-som-bryter-arbetslosheten-i-sarskilt-utsatta-omraden\/","name":"Jobben som bryter arbetsl\u00f6sheten i s\u00e4rskilt utsatta omr\u00e5den | Almega","isPartOf":{"@id":"https:\/\/www.almega.se\/#website"},"primaryImageOfPage":{"@id":"https:\/\/www.almega.se\/2023\/05\/jobben-som-bryter-arbetslosheten-i-sarskilt-utsatta-omraden\/#primaryimage"},"image":{"@id":"https:\/\/www.almega.se\/2023\/05\/jobben-som-bryter-arbetslosheten-i-sarskilt-utsatta-omraden\/#primaryimage"},"thumbnailUrl":"https:\/\/www.almega.se\/app\/uploads\/2023\/10\/ima221189.jpg","datePublished":"2023-05-31T09:24:39+00:00","dateModified":"2023-11-07T14:29:45+00:00","author":{"@id":"https:\/\/www.almega.se\/#\/schema\/person\/6a769e8c64bfc060d97757abccc542a4"},"description":"L\u00e4s Almegas nya rapport \u201dAtt arbeta eller inte arbeta\u201d som visar att runt var \u00e5ttonde person mellan 20 och 62 \u00e5r f\u00f6rs\u00f6rjs helt eller delvis av sociala ers\u00e4ttningar.","breadcrumb":{"@id":"https:\/\/www.almega.se\/2023\/05\/jobben-som-bryter-arbetslosheten-i-sarskilt-utsatta-omraden\/#breadcrumb"},"inLanguage":"sv-SE","potentialAction":[{"@type":"ReadAction","target":["https:\/\/www.almega.se\/2023\/05\/jobben-som-bryter-arbetslosheten-i-sarskilt-utsatta-omraden\/"]}]},{"@type":"ImageObject","inLanguage":"sv-SE","@id":"https:\/\/www.almega.se\/2023\/05\/jobben-som-bryter-arbetslosheten-i-sarskilt-utsatta-omraden\/#primaryimage","url":"https:\/\/www.almega.se\/app\/uploads\/2023\/10\/ima221189.jpg","contentUrl":"https:\/\/www.almega.se\/app\/uploads\/2023\/10\/ima221189.jpg","width":2500,"height":1667,"caption":"Man arbetar vid en dator"},{"@type":"BreadcrumbList","@id":"https:\/\/www.almega.se\/2023\/05\/jobben-som-bryter-arbetslosheten-i-sarskilt-utsatta-omraden\/#breadcrumb","itemListElement":[{"@type":"ListItem","position":1,"name":"Home","item":"https:\/\/www.almega.se\/"},{"@type":"ListItem","position":2,"name":"Jobben som bryter arbetsl\u00f6sheten i s\u00e4rskilt utsatta omr\u00e5den"}]},{"@type":"WebSite","@id":"https:\/\/www.almega.se\/#website","url":"https:\/\/www.almega.se\/","name":"Almega","description":"","potentialAction":[{"@type":"SearchAction","target":{"@type":"EntryPoint","urlTemplate":"https:\/\/www.almega.se\/?s={search_term_string}"},"query-input":{"@type":"PropertyValueSpecification","valueRequired":true,"valueName":"search_term_string"}}],"inLanguage":"sv-SE"},{"@type":"Person","@id":"https:\/\/www.almega.se\/#\/schema\/person\/6a769e8c64bfc060d97757abccc542a4","name":"filippaostling","image":{"@type":"ImageObject","inLanguage":"sv-SE","@id":"https:\/\/www.almega.se\/#\/schema\/person\/image\/","url":"https:\/\/secure.gravatar.com\/avatar\/e9de4cc4600aa1657856eb831cc6fdfe64510cceefd71a933b69e2a42ac5b31f?s=96&d=mm&r=g","contentUrl":"https:\/\/secure.gravatar.com\/avatar\/e9de4cc4600aa1657856eb831cc6fdfe64510cceefd71a933b69e2a42ac5b31f?s=96&d=mm&r=g","caption":"filippaostling"},"url":"https:\/\/www.almega.se\/person\/filippaostling\/"}]}},"_links":{"self":[{"href":"https:\/\/www.almega.se\/api\/wp\/v2\/posts\/63795","targetHints":{"allow":["GET"]}}],"collection":[{"href":"https:\/\/www.almega.se\/api\/wp\/v2\/posts"}],"about":[{"href":"https:\/\/www.almega.se\/api\/wp\/v2\/types\/post"}],"author":[{"embeddable":true,"href":"https:\/\/www.almega.se\/api\/wp\/v2\/users\/15264"}],"replies":[{"embeddable":true,"href":"https:\/\/www.almega.se\/api\/wp\/v2\/comments?post=63795"}],"version-history":[{"count":60,"href":"https:\/\/www.almega.se\/api\/wp\/v2\/posts\/63795\/revisions"}],"predecessor-version":[{"id":68213,"href":"https:\/\/www.almega.se\/api\/wp\/v2\/posts\/63795\/revisions\/68213"}],"wp:featuredmedia":[{"embeddable":true,"href":"https:\/\/www.almega.se\/api\/wp\/v2\/media\/67209"}],"wp:attachment":[{"href":"https:\/\/www.almega.se\/api\/wp\/v2\/media?parent=63795"}],"wp:term":[{"taxonomy":"category","embeddable":true,"href":"https:\/\/www.almega.se\/api\/wp\/v2\/categories?post=63795"},{"taxonomy":"post_tag","embeddable":true,"href":"https:\/\/www.almega.se\/api\/wp\/v2\/tags?post=63795"},{"taxonomy":"type","embeddable":true,"href":"https:\/\/www.almega.se\/api\/wp\/v2\/article_type?post=63795"},{"taxonomy":"agreement","embeddable":true,"href":"https:\/\/www.almega.se\/api\/wp\/v2\/agreement?post=63795"}],"curies":[{"name":"wp","href":"https:\/\/api.w.org\/{rel}","templated":true}]}}