{"id":6354,"date":"2014-12-11T00:00:00","date_gmt":"2014-12-11T00:00:00","guid":{"rendered":"http:\/\/almega-bento\/wp\/blog\/2014\/12\/11\/ny-afa-forsakring-om-foraldrapenningtillagg\/"},"modified":"2014-12-11T00:00:00","modified_gmt":"2014-12-11T00:00:00","slug":"ny-afa-forsakring-om-foraldrapenningtillagg","status":"publish","type":"post","link":"https:\/\/www.almega.se\/2014\/12\/ny-afa-forsakring-om-foraldrapenningtillagg\/","title":{"rendered":"Ny AFA-f\u00f6rs\u00e4kring om f\u00f6r\u00e4ldrapenningtill\u00e4gg"},"content":{"rendered":"\n<p class=\"intro\">Best\u00e4mmelserna om havandeskapsl\u00f6n i 7 \u00a7 mom 5 i kollektivavtalet f\u00f6r Biografer har ersatts med F\u00f6rs\u00e4kring om f\u00f6r\u00e4ldrapenningtill\u00e4gg (FPT). F\u00f6rs\u00e4kringen g\u00e4ller sedan den 1 januari 2014 och best\u00e4mmelserna om havandeskapsl\u00f6n i kollektivavtalet upph\u00f6rde d\u00e4rmed att g\u00e4lla per den 1 januari 2014. Fr\u00e5n och med den 1 januari 2014 finns s\u00e5ledes inte l\u00e4ngre n\u00e5gon r\u00e4tt till havandeskapsl\u00f6n enligt kollektivavtalet.<\/p>\n<p>Bakgrunden till denna f&ouml;r&auml;ndring &auml;r f&ouml;ljande. Medief&ouml;retagen och Teaterf&ouml;rbundet kom i avtalsf&ouml;rhandlingarna &aring;r 2013 &ouml;verens om att inte anta denna f&ouml;rs&auml;kring (som Svenskt N&auml;ringsliv och LO avtalat om) p&aring; v&aring;rt avtalsomr&aring;de. F&ouml;rs&auml;kringsn&auml;mnden f&ouml;r arbetsmarknadsf&ouml;rs&auml;kringar har dock avslagit v&aring;r gemensamma ans&ouml;kan om undantag och meddelat att f&ouml;rs&auml;kringen &auml;nd&aring; ska g&auml;lla. Efter detta besked har Medief&ouml;retagen och Teaterf&ouml;rbundet nu d&auml;rf&ouml;r&nbsp;kommit &ouml;verens om att best&auml;mmelserna om havandeskapsl&ouml;n utg&aring;r fr&aring;n kollektivavtalet.&nbsp;<\/p>\n<p>Den nya f&ouml;rs&auml;kringen tecknas via Fora. Det f&ouml;rs&auml;kringsavtal som f&ouml;retagen tecknar i Fora ut&ouml;kas d&auml;rmed med ytterligare en f&ouml;rs&auml;kring. Fora har under 2014 skickat en bekr&auml;ftelse p&aring; den nya f&ouml;rs&auml;kringen till de f&ouml;retag som omfattas av den nya f&ouml;rs&auml;kringen. Under 2014 har ingen premie tagits ut f&ouml;r f&ouml;rs&auml;kringen, vilket inte heller kommer att g&ouml;ras under 2015.<\/p>\n<p>  <strong>S&aring; hanterar du som arbetsgivare f&ouml;r&auml;ldraledighet fr&aring;n och med den 1 januari 2014<\/strong>:<\/p>\n<ul>\n<li>G&ouml;r l&ouml;neavdrag f&ouml;r f&ouml;r&auml;ldraledighet som tidigare.<\/li>\n<li>Havandeskapsl&ouml;n enligt kollektivavtalet 7 &sect; 5 mom ska inte l&auml;ngre betalas ut f&ouml;r tid efter den 31 december 2013. Kollektivavtalet upph&ouml;rde att g&auml;lla i den del som avser havandeskapsl&ouml;n per den 1 januari 2014.<\/li>\n<li>Den anst&auml;llde ska ans&ouml;ka om f&ouml;r&auml;ldrapenningtill&auml;gg enligt f&ouml;rs&auml;kringen hos AFA F&ouml;rs&auml;kring. &Auml;ven arbetsgivare kan g&ouml;ra en s&aring;dan anm&auml;lan, men n&aring;gon skyldighet f&ouml;r arbetsgivaren att anm&auml;la finns inte. Anm&auml;lan g&ouml;rs till AFA F&ouml;rs&auml;kring p&aring; <a href=\"http:\/\/www.afaforsakring.se\/Forsakringar\/Forsakring-vid-foraldraledighet-och-graviditet\/Foraldrapenningtillagg\/\">hemsidan<\/a>,&nbsp; eller per telefon, 0771-88 00 99.&nbsp;<\/li>\n<li>Den anst&auml;llde ska, som tidigare, anm&auml;la &ouml;nskem&aring;l om f&ouml;r&auml;ldraledighet till sin arbetsgivare.<\/li>\n<\/ul>\n<p>  <strong>Mer information<\/strong><\/p>\n<p>Mer information om f&ouml;rs&auml;kringen, &ouml;verg&aring;ngsregler samt de fullst&auml;ndiga villkoren m.m. finns i arbetsgivarguiden (<a href=\"f809c8fdf2b446538dc04b3e5d851a5f\">h&auml;r<\/a>) och p&aring; <span style=\"font-size: 12pt\"><a href=\"http:\/\/www.afaforsakring.se\/\"><font color=\"#5a94ca\">www.afaforsakring.se<\/font><\/a>.<\/span><\/p>\n<\/p>\n","protected":false},"excerpt":{"rendered":"<p>Best\u00e4mmelserna om havandeskapsl\u00f6n i 7 \u00a7 mom 5 i kollektivavtalet f\u00f6r Biografer har ersatts med F\u00f6rs\u00e4kring om f\u00f6r\u00e4ldrapenningtill\u00e4gg (FPT). F\u00f6rs\u00e4kringen g\u00e4ller sedan den 1 januari 2014 och best\u00e4mmelserna om havandeskapsl\u00f6n i kollektivavtalet upph\u00f6rde d\u00e4rmed att g\u00e4lla per den 1 januari 2014. Fr\u00e5n och med den 1 januari 2014 finns s\u00e5ledes inte l\u00e4ngre n\u00e5gon r\u00e4tt till havandeskapsl\u00f6n enligt kollektivavtalet.<\/p>\n","protected":false},"author":1,"featured_media":0,"comment_status":"closed","ping_status":"open","sticky":false,"template":"","format":"standard","meta":{"_acf_changed":false,"footnotes":""},"categories":[1],"tags":[],"article_type":[313],"agreement":[132],"class_list":["post-6354","post","type-post","status-publish","format-standard","hentry","category-okategoriserade","type-arbetsgivarnytt","agreement-12ce80f7-ff07-de11-b4e1-02bf9e69ca65"],"acf":[],"yoast_head":"<!-- This site is optimized with the Yoast SEO Premium plugin v26.8 (Yoast SEO v26.8) - https:\/\/yoast.com\/product\/yoast-seo-premium-wordpress\/ -->\n<title>Ny AFA-f\u00f6rs\u00e4kring om f\u00f6r\u00e4ldrapenningtill\u00e4gg | Almega<\/title>\n<meta name=\"robots\" content=\"index, follow, max-snippet:-1, max-image-preview:large, max-video-preview:-1\" \/>\n<link rel=\"canonical\" href=\"https:\/\/www.almega.se\/2014\/12\/ny-afa-forsakring-om-foraldrapenningtillagg\/\" \/>\n<meta property=\"og:locale\" content=\"sv_SE\" \/>\n<meta property=\"og:type\" content=\"article\" \/>\n<meta property=\"og:title\" content=\"Ny AFA-f\u00f6rs\u00e4kring om f\u00f6r\u00e4ldrapenningtill\u00e4gg\" \/>\n<meta property=\"og:description\" content=\"Best\u00e4mmelserna om havandeskapsl\u00f6n i 7 \u00a7 mom 5 i kollektivavtalet f\u00f6r Biografer har ersatts med F\u00f6rs\u00e4kring om f\u00f6r\u00e4ldrapenningtill\u00e4gg (FPT). F\u00f6rs\u00e4kringen g\u00e4ller sedan den 1 januari 2014 och best\u00e4mmelserna om havandeskapsl\u00f6n i kollektivavtalet upph\u00f6rde d\u00e4rmed att g\u00e4lla per den 1 januari 2014. Fr\u00e5n och med den 1 januari 2014 finns s\u00e5ledes inte l\u00e4ngre n\u00e5gon r\u00e4tt till havandeskapsl\u00f6n enligt kollektivavtalet.\" \/>\n<meta property=\"og:url\" content=\"https:\/\/www.almega.se\/2014\/12\/ny-afa-forsakring-om-foraldrapenningtillagg\/\" \/>\n<meta property=\"og:site_name\" content=\"Almega\" \/>\n<meta property=\"article:published_time\" content=\"2014-12-11T00:00:00+00:00\" \/>\n<meta property=\"og:image\" content=\"https:\/\/www.almega.se\/app\/uploads\/2020\/12\/almega-share-logo.png\" \/>\n\t<meta property=\"og:image:width\" content=\"1200\" \/>\n\t<meta property=\"og:image:height\" content=\"630\" \/>\n\t<meta property=\"og:image:type\" content=\"image\/png\" \/>\n<meta name=\"author\" content=\"admin\" \/>\n<meta name=\"twitter:card\" content=\"summary_large_image\" \/>\n<meta name=\"twitter:label1\" content=\"Skriven av\" \/>\n\t<meta name=\"twitter:data1\" content=\"admin\" \/>\n\t<meta name=\"twitter:label2\" content=\"Ber\u00e4knad l\u00e4stid\" \/>\n\t<meta name=\"twitter:data2\" content=\"3 minuter\" \/>\n<!-- \/ Yoast SEO Premium plugin. -->","yoast_head_json":{"title":"Ny AFA-f\u00f6rs\u00e4kring om f\u00f6r\u00e4ldrapenningtill\u00e4gg | Almega","robots":{"index":"index","follow":"follow","max-snippet":"max-snippet:-1","max-image-preview":"max-image-preview:large","max-video-preview":"max-video-preview:-1"},"canonical":"https:\/\/www.almega.se\/2014\/12\/ny-afa-forsakring-om-foraldrapenningtillagg\/","og_locale":"sv_SE","og_type":"article","og_title":"Ny AFA-f\u00f6rs\u00e4kring om f\u00f6r\u00e4ldrapenningtill\u00e4gg","og_description":"Best\u00e4mmelserna om havandeskapsl\u00f6n i 7 \u00a7 mom 5 i kollektivavtalet f\u00f6r Biografer har ersatts med F\u00f6rs\u00e4kring om f\u00f6r\u00e4ldrapenningtill\u00e4gg (FPT). F\u00f6rs\u00e4kringen g\u00e4ller sedan den 1 januari 2014 och best\u00e4mmelserna om havandeskapsl\u00f6n i kollektivavtalet upph\u00f6rde d\u00e4rmed att g\u00e4lla per den 1 januari 2014. Fr\u00e5n och med den 1 januari 2014 finns s\u00e5ledes inte l\u00e4ngre n\u00e5gon r\u00e4tt till havandeskapsl\u00f6n enligt kollektivavtalet.","og_url":"https:\/\/www.almega.se\/2014\/12\/ny-afa-forsakring-om-foraldrapenningtillagg\/","og_site_name":"Almega","article_published_time":"2014-12-11T00:00:00+00:00","og_image":[{"width":1200,"height":630,"url":"https:\/\/www.almega.se\/app\/uploads\/2020\/12\/almega-share-logo.png","type":"image\/png"}],"author":"admin","twitter_card":"summary_large_image","twitter_misc":{"Skriven av":"admin","Ber\u00e4knad l\u00e4stid":"3 minuter"},"schema":{"@context":"https:\/\/schema.org","@graph":[{"@type":"NewsArticle","@id":"https:\/\/www.almega.se\/2014\/12\/ny-afa-forsakring-om-foraldrapenningtillagg\/#article","isPartOf":{"@id":"https:\/\/www.almega.se\/2014\/12\/ny-afa-forsakring-om-foraldrapenningtillagg\/"},"author":{"name":"admin","@id":"https:\/\/www.almega.se\/#\/schema\/person\/9c3674d192fb8b2d1d8b7a3f31c5151d"},"headline":"Ny AFA-f\u00f6rs\u00e4kring om f\u00f6r\u00e4ldrapenningtill\u00e4gg","datePublished":"2014-12-11T00:00:00+00:00","mainEntityOfPage":{"@id":"https:\/\/www.almega.se\/2014\/12\/ny-afa-forsakring-om-foraldrapenningtillagg\/"},"wordCount":519,"inLanguage":"sv-SE"},{"@type":"WebPage","@id":"https:\/\/www.almega.se\/2014\/12\/ny-afa-forsakring-om-foraldrapenningtillagg\/","url":"https:\/\/www.almega.se\/2014\/12\/ny-afa-forsakring-om-foraldrapenningtillagg\/","name":"Ny AFA-f\u00f6rs\u00e4kring om f\u00f6r\u00e4ldrapenningtill\u00e4gg | Almega","isPartOf":{"@id":"https:\/\/www.almega.se\/#website"},"datePublished":"2014-12-11T00:00:00+00:00","author":{"@id":"https:\/\/www.almega.se\/#\/schema\/person\/9c3674d192fb8b2d1d8b7a3f31c5151d"},"breadcrumb":{"@id":"https:\/\/www.almega.se\/2014\/12\/ny-afa-forsakring-om-foraldrapenningtillagg\/#breadcrumb"},"inLanguage":"sv-SE","potentialAction":[{"@type":"ReadAction","target":["https:\/\/www.almega.se\/2014\/12\/ny-afa-forsakring-om-foraldrapenningtillagg\/"]}]},{"@type":"BreadcrumbList","@id":"https:\/\/www.almega.se\/2014\/12\/ny-afa-forsakring-om-foraldrapenningtillagg\/#breadcrumb","itemListElement":[{"@type":"ListItem","position":1,"name":"Home","item":"https:\/\/www.almega.se\/"},{"@type":"ListItem","position":2,"name":"Ny AFA-f\u00f6rs\u00e4kring om f\u00f6r\u00e4ldrapenningtill\u00e4gg"}]},{"@type":"WebSite","@id":"https:\/\/www.almega.se\/#website","url":"https:\/\/www.almega.se\/","name":"Almega","description":"","potentialAction":[{"@type":"SearchAction","target":{"@type":"EntryPoint","urlTemplate":"https:\/\/www.almega.se\/?s={search_term_string}"},"query-input":{"@type":"PropertyValueSpecification","valueRequired":true,"valueName":"search_term_string"}}],"inLanguage":"sv-SE"},{"@type":"Person","@id":"https:\/\/www.almega.se\/#\/schema\/person\/9c3674d192fb8b2d1d8b7a3f31c5151d","name":"admin","image":{"@type":"ImageObject","inLanguage":"sv-SE","@id":"https:\/\/www.almega.se\/#\/schema\/person\/image\/","url":"https:\/\/secure.gravatar.com\/avatar\/13aac7e7a7582f599e3ba7706cec051e12eac4ad6c2ffe6f9d24800e63294187?s=96&d=mm&r=g","contentUrl":"https:\/\/secure.gravatar.com\/avatar\/13aac7e7a7582f599e3ba7706cec051e12eac4ad6c2ffe6f9d24800e63294187?s=96&d=mm&r=g","caption":"admin"},"url":"https:\/\/www.almega.se\/person\/admin\/"}]}},"_links":{"self":[{"href":"https:\/\/www.almega.se\/api\/wp\/v2\/posts\/6354","targetHints":{"allow":["GET"]}}],"collection":[{"href":"https:\/\/www.almega.se\/api\/wp\/v2\/posts"}],"about":[{"href":"https:\/\/www.almega.se\/api\/wp\/v2\/types\/post"}],"author":[{"embeddable":true,"href":"https:\/\/www.almega.se\/api\/wp\/v2\/users\/1"}],"replies":[{"embeddable":true,"href":"https:\/\/www.almega.se\/api\/wp\/v2\/comments?post=6354"}],"version-history":[{"count":1,"href":"https:\/\/www.almega.se\/api\/wp\/v2\/posts\/6354\/revisions"}],"predecessor-version":[{"id":58585,"href":"https:\/\/www.almega.se\/api\/wp\/v2\/posts\/6354\/revisions\/58585"}],"wp:attachment":[{"href":"https:\/\/www.almega.se\/api\/wp\/v2\/media?parent=6354"}],"wp:term":[{"taxonomy":"category","embeddable":true,"href":"https:\/\/www.almega.se\/api\/wp\/v2\/categories?post=6354"},{"taxonomy":"post_tag","embeddable":true,"href":"https:\/\/www.almega.se\/api\/wp\/v2\/tags?post=6354"},{"taxonomy":"type","embeddable":true,"href":"https:\/\/www.almega.se\/api\/wp\/v2\/article_type?post=6354"},{"taxonomy":"agreement","embeddable":true,"href":"https:\/\/www.almega.se\/api\/wp\/v2\/agreement?post=6354"}],"curies":[{"name":"wp","href":"https:\/\/api.w.org\/{rel}","templated":true}]}}