{"id":63472,"date":"2023-05-17T13:43:50","date_gmt":"2023-05-17T11:43:50","guid":{"rendered":"https:\/\/www.almega.se\/?p=63472"},"modified":"2023-05-17T13:43:52","modified_gmt":"2023-05-17T11:43:52","slug":"nytt-kollektivavtal-for-tidningsdistribution-2","status":"publish","type":"post","link":"https:\/\/www.almega.se\/2023\/05\/nytt-kollektivavtal-for-tidningsdistribution-2\/","title":{"rendered":"Nytt kollektivavtal f\u00f6r Tidningsdistribution"},"content":{"rendered":"<p class=\"intro\">Medief\u00f6retagen och Transportarbetaref\u00f6rbundet har den 16 maj 2023 tr\u00e4ffat ett nytt kollektivavtal f\u00f6r Tidningsdistribution f\u00f6r perioden 2023-05-01\u20132025-04-30.<\/p>\n\n<p>Avtalet str\u00e4cker sig \u00f6ver 24 m\u00e5nader och \u00e4r i niv\u00e5 med det s\u00e5 kallade m\u00e4rket med ett avtalsv\u00e4rde p\u00e5 7,4 %. Det inneb\u00e4r att l\u00f6netariffer och till\u00e4gg h\u00f6js med 4,1 % fr\u00e5n och med den 1 maj 2023 och med 3,3 % fr\u00e5n och med den 1 maj 2024.<\/p>\n\n\n\n<p>Vidare har parterna enats om att tills\u00e4tta tv\u00e5 arbetsgrupper. En arbetsgrupp ska g\u00f6ra en \u00f6versyn av f\u00f6rhandlingsordningen i avtalet. Inom ramen f\u00f6r den andra arbetsgruppen ska en ny arbetstidsmodell utredas och om f\u00f6ruts\u00e4ttningar finns, provas under avtalsperioden.<\/p>\n\n\n\n<p><a href=\"https:\/\/www.almega.se\/app\/uploads\/protected\/2023\/05\/Protokoll-Tidningsdistribution-Medieforetagen-2023-2025-sign.pdf\" target=\"_blank\" rel=\"noreferrer noopener\">\u00d6verenskommelsen med bilaga<\/a> (inloggning kr\u00e4vs)<\/p>\n\n\n<a class='Share__link Share__link--url copy-text' href='#' rel='nofollow' data-text='avtalstryck' title='Dela url' data-confirmation='L\u00e4nken kopierades till urklipp'><svg class='icon icon--link'  width='18' height='18' viewBox='0 0 18 18' fill='none' xmlns='http:\/\/www.w3.org\/2000\/svg'>\n            <path d='M10.4142 0.514721L6.87868 4.05025L8.29289 5.46447L11.1213 2.63604L15.364 6.87868L12.5355 9.70711L13.9497 11.1213L17.4853 7.58579C17.8763 7.19476 17.8763 6.5626 17.4853 6.17158L11.8284 0.514721C11.4374 0.123691 10.8052 0.123691 10.4142 0.514721Z' fill='black'\/>\n            <path d='M9.7071 12.5355L6.87868 15.364L2.63604 11.1213L5.46446 8.2929L4.05025 6.87868L0.514716 10.4142C0.123686 10.8052 0.123686 11.4374 0.514716 11.8284L6.17157 17.4853C6.5626 17.8763 7.19475 17.8763 7.58578 17.4853L11.1213 13.9497L9.7071 12.5355Z' fill='black'\/>\n            <path d='M6.17157 11.8284C6.5626 12.2195 7.19475 12.2195 7.58578 11.8284L11.8284 7.58579C12.2195 7.19476 12.2195 6.56261 11.8284 6.17158C11.4374 5.78055 10.8052 5.78055 10.4142 6.17158L6.17157 10.4142C5.78054 10.8052 5.78054 11.4374 6.17157 11.8284Z' fill='black'\/>\n            <\/svg> <\/a>\n<h2 class=\"wp-block-heading\">Avtalstryck<\/h2>\n\n\n\n<p>\u00c4ndringarna i avtalet kommer att l\u00e4ggas in i Arbetsgivarguiden. Kollektivavtalet kommer inte att tryckas i fysisk form. S\u00e5 snart det digitala avtalet \u00e4r klart (vi f\u00f6r in \u00e4ndringarna s\u00e5 fort som m\u00f6jligt) kommer det att l\u00e4ggas ut p\u00e5 Arbetsgivarguiden<\/p>\n\n\n<a class='Share__link Share__link--url copy-text' href='#' rel='nofollow' data-text='fragor?' title='Dela url' data-confirmation='L\u00e4nken kopierades till urklipp'><svg class='icon icon--link'  width='18' height='18' viewBox='0 0 18 18' fill='none' xmlns='http:\/\/www.w3.org\/2000\/svg'>\n            <path d='M10.4142 0.514721L6.87868 4.05025L8.29289 5.46447L11.1213 2.63604L15.364 6.87868L12.5355 9.70711L13.9497 11.1213L17.4853 7.58579C17.8763 7.19476 17.8763 6.5626 17.4853 6.17158L11.8284 0.514721C11.4374 0.123691 10.8052 0.123691 10.4142 0.514721Z' fill='black'\/>\n            <path d='M9.7071 12.5355L6.87868 15.364L2.63604 11.1213L5.46446 8.2929L4.05025 6.87868L0.514716 10.4142C0.123686 10.8052 0.123686 11.4374 0.514716 11.8284L6.17157 17.4853C6.5626 17.8763 7.19475 17.8763 7.58578 17.4853L11.1213 13.9497L9.7071 12.5355Z' fill='black'\/>\n            <path d='M6.17157 11.8284C6.5626 12.2195 7.19475 12.2195 7.58578 11.8284L11.8284 7.58579C12.2195 7.19476 12.2195 6.56261 11.8284 6.17158C11.4374 5.78055 10.8052 5.78055 10.4142 6.17158L6.17157 10.4142C5.78054 10.8052 5.78054 11.4374 6.17157 11.8284Z' fill='black'\/>\n            <\/svg> <\/a>\n<h2 class=\"wp-block-heading\">Fr\u00e5gor?<\/h2>\n\n\n\n<p>Har du fr\u00e5gor \u00e4r du alltid v\u00e4lkommen att kontakta oss.<\/p>\n","protected":false},"excerpt":{"rendered":"<p>Avtalet str\u00e4cker sig \u00f6ver 24 m\u00e5nader och \u00e4r i niv\u00e5 med det s\u00e5 kallade m\u00e4rket med ett avtalsv\u00e4rde p\u00e5 7,4 %. Det inneb\u00e4r att l\u00f6netariffer och till\u00e4gg h\u00f6js med 4,1 % fr\u00e5n och med den &hellip;<\/p>\n","protected":false},"author":14836,"featured_media":0,"comment_status":"closed","ping_status":"closed","sticky":false,"template":"","format":"standard","meta":{"_acf_changed":false,"footnotes":""},"categories":[451],"tags":[],"article_type":[313],"agreement":[221],"class_list":["post-63472","post","type-post","status-publish","format-standard","hentry","category-arbetsgivarfragor","type-arbetsgivarnytt","agreement-587f7203-7b56-de11-bdb9-02bf9e69ca65"],"acf":[],"yoast_head":"<!-- This site is optimized with the Yoast SEO Premium plugin v26.8 (Yoast SEO v26.8) - https:\/\/yoast.com\/product\/yoast-seo-premium-wordpress\/ -->\n<title>Nytt kollektivavtal f\u00f6r Tidningsdistribution | Almega<\/title>\n<meta name=\"robots\" content=\"index, follow, max-snippet:-1, max-image-preview:large, max-video-preview:-1\" \/>\n<link rel=\"canonical\" href=\"https:\/\/www.almega.se\/2023\/05\/nytt-kollektivavtal-for-tidningsdistribution-2\/\" \/>\n<meta property=\"og:locale\" content=\"sv_SE\" \/>\n<meta property=\"og:type\" content=\"article\" \/>\n<meta property=\"og:title\" content=\"Nytt kollektivavtal f\u00f6r Tidningsdistribution\" \/>\n<meta property=\"og:description\" content=\"Avtalet str\u00e4cker sig \u00f6ver 24 m\u00e5nader och \u00e4r i niv\u00e5 med det s\u00e5 kallade m\u00e4rket med ett avtalsv\u00e4rde p\u00e5 7,4 %. Det inneb\u00e4r att l\u00f6netariffer och till\u00e4gg h\u00f6js med 4,1 % fr\u00e5n och med den &hellip;\" \/>\n<meta property=\"og:url\" content=\"https:\/\/www.almega.se\/2023\/05\/nytt-kollektivavtal-for-tidningsdistribution-2\/\" \/>\n<meta property=\"og:site_name\" content=\"Almega\" \/>\n<meta property=\"article:published_time\" content=\"2023-05-17T11:43:50+00:00\" \/>\n<meta property=\"article:modified_time\" content=\"2023-05-17T11:43:52+00:00\" \/>\n<meta property=\"og:image\" content=\"https:\/\/www.almega.se\/app\/uploads\/2020\/12\/almega-share-logo.png\" \/>\n\t<meta property=\"og:image:width\" content=\"1200\" \/>\n\t<meta property=\"og:image:height\" content=\"630\" \/>\n\t<meta property=\"og:image:type\" content=\"image\/png\" \/>\n<meta name=\"author\" content=\"Eva Pettersson\" \/>\n<meta name=\"twitter:card\" content=\"summary_large_image\" \/>\n<meta name=\"twitter:label1\" content=\"Skriven av\" \/>\n\t<meta name=\"twitter:data1\" content=\"Eva Pettersson\" \/>\n\t<meta name=\"twitter:label2\" content=\"Ber\u00e4knad l\u00e4stid\" \/>\n\t<meta name=\"twitter:data2\" content=\"1 minut\" \/>\n<!-- \/ Yoast SEO Premium plugin. -->","yoast_head_json":{"title":"Nytt kollektivavtal f\u00f6r Tidningsdistribution | Almega","robots":{"index":"index","follow":"follow","max-snippet":"max-snippet:-1","max-image-preview":"max-image-preview:large","max-video-preview":"max-video-preview:-1"},"canonical":"https:\/\/www.almega.se\/2023\/05\/nytt-kollektivavtal-for-tidningsdistribution-2\/","og_locale":"sv_SE","og_type":"article","og_title":"Nytt kollektivavtal f\u00f6r Tidningsdistribution","og_description":"Avtalet str\u00e4cker sig \u00f6ver 24 m\u00e5nader och \u00e4r i niv\u00e5 med det s\u00e5 kallade m\u00e4rket med ett avtalsv\u00e4rde p\u00e5 7,4 %. Det inneb\u00e4r att l\u00f6netariffer och till\u00e4gg h\u00f6js med 4,1 % fr\u00e5n och med den &hellip;","og_url":"https:\/\/www.almega.se\/2023\/05\/nytt-kollektivavtal-for-tidningsdistribution-2\/","og_site_name":"Almega","article_published_time":"2023-05-17T11:43:50+00:00","article_modified_time":"2023-05-17T11:43:52+00:00","og_image":[{"width":1200,"height":630,"url":"https:\/\/www.almega.se\/app\/uploads\/2020\/12\/almega-share-logo.png","type":"image\/png"}],"author":"Eva Pettersson","twitter_card":"summary_large_image","twitter_misc":{"Skriven av":"Eva Pettersson","Ber\u00e4knad l\u00e4stid":"1 minut"},"schema":{"@context":"https:\/\/schema.org","@graph":[{"@type":"NewsArticle","@id":"https:\/\/www.almega.se\/2023\/05\/nytt-kollektivavtal-for-tidningsdistribution-2\/#article","isPartOf":{"@id":"https:\/\/www.almega.se\/2023\/05\/nytt-kollektivavtal-for-tidningsdistribution-2\/"},"author":{"name":"Eva Pettersson","@id":"https:\/\/www.almega.se\/#\/schema\/person\/50d695bb8f918c77bd2be177892f84b1"},"headline":"Nytt kollektivavtal f\u00f6r Tidningsdistribution","datePublished":"2023-05-17T11:43:50+00:00","dateModified":"2023-05-17T11:43:52+00:00","mainEntityOfPage":{"@id":"https:\/\/www.almega.se\/2023\/05\/nytt-kollektivavtal-for-tidningsdistribution-2\/"},"wordCount":160,"articleSection":["Arbetsgivarfr\u00e5gor"],"inLanguage":"sv-SE"},{"@type":"WebPage","@id":"https:\/\/www.almega.se\/2023\/05\/nytt-kollektivavtal-for-tidningsdistribution-2\/","url":"https:\/\/www.almega.se\/2023\/05\/nytt-kollektivavtal-for-tidningsdistribution-2\/","name":"Nytt kollektivavtal f\u00f6r Tidningsdistribution | Almega","isPartOf":{"@id":"https:\/\/www.almega.se\/#website"},"datePublished":"2023-05-17T11:43:50+00:00","dateModified":"2023-05-17T11:43:52+00:00","author":{"@id":"https:\/\/www.almega.se\/#\/schema\/person\/50d695bb8f918c77bd2be177892f84b1"},"breadcrumb":{"@id":"https:\/\/www.almega.se\/2023\/05\/nytt-kollektivavtal-for-tidningsdistribution-2\/#breadcrumb"},"inLanguage":"sv-SE","potentialAction":[{"@type":"ReadAction","target":["https:\/\/www.almega.se\/2023\/05\/nytt-kollektivavtal-for-tidningsdistribution-2\/"]}]},{"@type":"BreadcrumbList","@id":"https:\/\/www.almega.se\/2023\/05\/nytt-kollektivavtal-for-tidningsdistribution-2\/#breadcrumb","itemListElement":[{"@type":"ListItem","position":1,"name":"Home","item":"https:\/\/www.almega.se\/"},{"@type":"ListItem","position":2,"name":"Nytt kollektivavtal f\u00f6r Tidningsdistribution"}]},{"@type":"WebSite","@id":"https:\/\/www.almega.se\/#website","url":"https:\/\/www.almega.se\/","name":"Almega","description":"","potentialAction":[{"@type":"SearchAction","target":{"@type":"EntryPoint","urlTemplate":"https:\/\/www.almega.se\/?s={search_term_string}"},"query-input":{"@type":"PropertyValueSpecification","valueRequired":true,"valueName":"search_term_string"}}],"inLanguage":"sv-SE"},{"@type":"Person","@id":"https:\/\/www.almega.se\/#\/schema\/person\/50d695bb8f918c77bd2be177892f84b1","name":"Eva Pettersson","image":{"@type":"ImageObject","inLanguage":"sv-SE","@id":"https:\/\/www.almega.se\/#\/schema\/person\/image\/","url":"https:\/\/secure.gravatar.com\/avatar\/c4811d04bd37924073d3b0ce1984d0651f0f37902ffb665f3ca439bb5b3e306f?s=96&d=mm&r=g","contentUrl":"https:\/\/secure.gravatar.com\/avatar\/c4811d04bd37924073d3b0ce1984d0651f0f37902ffb665f3ca439bb5b3e306f?s=96&d=mm&r=g","caption":"Eva Pettersson"},"url":"https:\/\/www.almega.se\/person\/evapettersson-2\/"}]}},"_links":{"self":[{"href":"https:\/\/www.almega.se\/api\/wp\/v2\/posts\/63472","targetHints":{"allow":["GET"]}}],"collection":[{"href":"https:\/\/www.almega.se\/api\/wp\/v2\/posts"}],"about":[{"href":"https:\/\/www.almega.se\/api\/wp\/v2\/types\/post"}],"author":[{"embeddable":true,"href":"https:\/\/www.almega.se\/api\/wp\/v2\/users\/14836"}],"replies":[{"embeddable":true,"href":"https:\/\/www.almega.se\/api\/wp\/v2\/comments?post=63472"}],"version-history":[{"count":11,"href":"https:\/\/www.almega.se\/api\/wp\/v2\/posts\/63472\/revisions"}],"predecessor-version":[{"id":63485,"href":"https:\/\/www.almega.se\/api\/wp\/v2\/posts\/63472\/revisions\/63485"}],"wp:attachment":[{"href":"https:\/\/www.almega.se\/api\/wp\/v2\/media?parent=63472"}],"wp:term":[{"taxonomy":"category","embeddable":true,"href":"https:\/\/www.almega.se\/api\/wp\/v2\/categories?post=63472"},{"taxonomy":"post_tag","embeddable":true,"href":"https:\/\/www.almega.se\/api\/wp\/v2\/tags?post=63472"},{"taxonomy":"type","embeddable":true,"href":"https:\/\/www.almega.se\/api\/wp\/v2\/article_type?post=63472"},{"taxonomy":"agreement","embeddable":true,"href":"https:\/\/www.almega.se\/api\/wp\/v2\/agreement?post=63472"}],"curies":[{"name":"wp","href":"https:\/\/api.w.org\/{rel}","templated":true}]}}