{"id":63447,"date":"2023-05-16T17:38:22","date_gmt":"2023-05-16T15:38:22","guid":{"rendered":"https:\/\/www.almega.se\/?p=63447"},"modified":"2023-05-16T17:38:24","modified_gmt":"2023-05-16T15:38:24","slug":"nytt-lageravtal-med-handelsanstalldas-forbund","status":"publish","type":"post","link":"https:\/\/www.almega.se\/2023\/05\/nytt-lageravtal-med-handelsanstalldas-forbund\/","title":{"rendered":"Nytt Lageravtal med Handelsanst\u00e4lldas f\u00f6rbund"},"content":{"rendered":"<p class=\"intro\">Den 11 maj 2023 tr\u00e4ffade Medief\u00f6retagen och Almega Tj\u00e4nstef\u00f6retagen ett nytt avtal f\u00f6r Lagerpersonal och chauff\u00f6rer inom tj\u00e4nstef\u00f6retag &#8211; med Handelsanst\u00e4lldas f\u00f6rbund &#8211; om l\u00f6ner och allm\u00e4nna anst\u00e4llningsvillkor f\u00f6r tiden <strong>1 april 2023 \u2013 31 mars 2025<\/strong>.<\/p>\n<p class=\"intro\"><a href=\"https:\/\/www.almega.se\/app\/uploads\/2023\/05\/Overenskommelse-Handels-Lagerpersonal-o-chauffor-Tjftg-o-Medieftg-2023.pdf\">\u00d6verenskommelsen i sin helhet med bilaga<\/a> (inloggning kr\u00e4vs)<\/p>\n<a class='Share__link Share__link--url copy-text' href='#' rel='nofollow' data-text='avtalet-innehaller-bland-annat-foljande:' title='Dela url' data-confirmation='L\u00e4nken kopierades till urklipp'><svg class='icon icon--link'  width='18' height='18' viewBox='0 0 18 18' fill='none' xmlns='http:\/\/www.w3.org\/2000\/svg'>\n            <path d='M10.4142 0.514721L6.87868 4.05025L8.29289 5.46447L11.1213 2.63604L15.364 6.87868L12.5355 9.70711L13.9497 11.1213L17.4853 7.58579C17.8763 7.19476 17.8763 6.5626 17.4853 6.17158L11.8284 0.514721C11.4374 0.123691 10.8052 0.123691 10.4142 0.514721Z' fill='black'\/>\n            <path d='M9.7071 12.5355L6.87868 15.364L2.63604 11.1213L5.46446 8.2929L4.05025 6.87868L0.514716 10.4142C0.123686 10.8052 0.123686 11.4374 0.514716 11.8284L6.17157 17.4853C6.5626 17.8763 7.19475 17.8763 7.58578 17.4853L11.1213 13.9497L9.7071 12.5355Z' fill='black'\/>\n            <path d='M6.17157 11.8284C6.5626 12.2195 7.19475 12.2195 7.58578 11.8284L11.8284 7.58579C12.2195 7.19476 12.2195 6.56261 11.8284 6.17158C11.4374 5.78055 10.8052 5.78055 10.4142 6.17158L6.17157 10.4142C5.78054 10.8052 5.78054 11.4374 6.17157 11.8284Z' fill='black'\/>\n            <\/svg> <\/a>\n<h2 class=\"wp-block-heading\">Avtalet inneh\u00e5ller bland annat f\u00f6ljande:<\/h2>\n\n\n\n<ul class=\"wp-block-list\">\n<li>Avtalsperiod 24 m\u00e5nader med ett totalt avtalsv\u00e4rde p\u00e5 7,4 procent.<\/li>\n\n\n\n<li>L\u00f6nerna h\u00f6js med det f\u00f6rsta avtals\u00e5ret med 1 110 kronor per m\u00e5nad och det anda avtals\u00e5ret med 985 kr.<\/li>\n\n\n\n<li>Minimil\u00f6nerna h\u00f6js f\u00f6rsta avtals\u00e5ret med 1&nbsp;120 kr och andra avtals\u00e5ret med 985 kr.<\/li>\n\n\n\n<li>Avtalet \u00e4ndas s\u00e5 minimil\u00f6n numera m\u00e5ste uppfyllas efter att b\u00e5de den generella och individuella f\u00f6rdelningen skett.<\/li>\n\n\n\n<li>Chauff\u00f6rer tas bort fr\u00e5n minimil\u00f6netabellen som ocks\u00e5 tillf\u00f6rs m\u00e5nadsl\u00f6n. <\/li>\n\n\n\n<li>Vissa redaktionella f\u00f6r\u00e4ndringar i avtalet har genomf\u00f6rts.<\/li>\n<\/ul>\n\n\n\n<p><\/p>\n\n\n<a class='Share__link Share__link--url copy-text' href='#' rel='nofollow' data-text='loner-forsta-avtalsaret-1-april-2023---31-mars-2024' title='Dela url' data-confirmation='L\u00e4nken kopierades till urklipp'><svg class='icon icon--link'  width='18' height='18' viewBox='0 0 18 18' fill='none' xmlns='http:\/\/www.w3.org\/2000\/svg'>\n            <path d='M10.4142 0.514721L6.87868 4.05025L8.29289 5.46447L11.1213 2.63604L15.364 6.87868L12.5355 9.70711L13.9497 11.1213L17.4853 7.58579C17.8763 7.19476 17.8763 6.5626 17.4853 6.17158L11.8284 0.514721C11.4374 0.123691 10.8052 0.123691 10.4142 0.514721Z' fill='black'\/>\n            <path d='M9.7071 12.5355L6.87868 15.364L2.63604 11.1213L5.46446 8.2929L4.05025 6.87868L0.514716 10.4142C0.123686 10.8052 0.123686 11.4374 0.514716 11.8284L6.17157 17.4853C6.5626 17.8763 7.19475 17.8763 7.58578 17.4853L11.1213 13.9497L9.7071 12.5355Z' fill='black'\/>\n            <path d='M6.17157 11.8284C6.5626 12.2195 7.19475 12.2195 7.58578 11.8284L11.8284 7.58579C12.2195 7.19476 12.2195 6.56261 11.8284 6.17158C11.4374 5.78055 10.8052 5.78055 10.4142 6.17158L6.17157 10.4142C5.78054 10.8052 5.78054 11.4374 6.17157 11.8284Z' fill='black'\/>\n            <\/svg> <\/a>\n<h2 class=\"wp-block-heading\">L\u00f6ner f\u00f6rsta avtals\u00e5ret 1 april 2023 &#8211; 31 mars 2024<\/h2>\n\n\n\n<h3 class=\"wp-block-heading\"><strong>A     Generell l\u00f6ne\u00f6kning<\/strong><\/h3>\n\n\n\n<p>Per den 1 april 2023 h\u00f6js utg\u00e5ende l\u00f6ner f\u00f6r anst\u00e4llda som fyllt 18 \u00e5r, med 555 kr per m\u00e5nad (3,19 kronor per timme).<\/p>\n\n\n\n<h3 class=\"wp-block-heading\"><strong>B     L\u00f6neutrymme f\u00f6r individuell f\u00f6rdelning (pott)<\/strong><\/h3>\n\n\n\n<p>Ut\u00f6ver den generella h\u00f6jningen enligt ovan A ska f\u00f6r arbetstagare som fyllt 18 \u00e5r ett l\u00f6neutrymme om i genomsnitt 555 kr per m\u00e5nad (3,19 kronor per timme) l\u00e4ggas ut fr\u00e5n och med den 1 april 2023. <\/p>\n\n\n\n<p>I de fall de lokala parterna efter f\u00f6rhandlingar inte kan tr\u00e4ffa en \u00f6verenskommelse om ber\u00e4kning respektive f\u00f6rdelning har lokal part r\u00e4tt att f\u00f6ra fr\u00e5gan till central f\u00f6rhandling. Om inte heller de centrala parterna kan enas ska potten f\u00f6rdelas generellt det vill s\u00e4ga l\u00e4ggas ut lika f\u00f6r alla med 555 kr per m\u00e5nad (3,19 kronor per timme).<\/p>\n\n\n\n<p>Part som \u00f6nskar f\u00f6rhandla om f\u00f6rdelning ska senast den 2 juni 2023 beg\u00e4ra f\u00f6rhandling hos den andra parten. Om s\u00e5dan f\u00f6rhandling inte beg\u00e4rs ska potten l\u00e4ggas ut generellt. Beg\u00e4ran om central f\u00f6rhandling ska vara motparten tillhanda senast den 25 augusti 2023.<\/p>\n\n\n\n<h3 class=\"wp-block-heading\">Lokal l\u00f6nebildning<\/h3>\n\n\n\n<p>Lokala parter kan komma \u00f6verens om att disponera det sammanlagda utrymmet f\u00f6r utg\u00e5ende l\u00f6ner och individuell f\u00f6rdelning som en lokal l\u00f6nebildning. L\u00f6neniv\u00e5erna f\u00e5r dock inte understiga l\u00f6nen i minimil\u00f6netabellen. <\/p>\n\n\n\n<p>De centrala parterna \u00e4r positivt inst\u00e4llda till att de lokala parterna arbetar med l\u00f6nebildning. Lokala parterna ges d\u00e4rf\u00f6r m\u00f6jligheter att arbeta med lokal l\u00f6nebildningsmodell som ett alternativ till den modell som fastst\u00e4llts i detta avtal.<\/p>\n\n\n\n<h3 class=\"wp-block-heading\">C     Minimil\u00f6ner<\/h3>\n\n\n\n<p>Fr\u00e5n och med den 1 april 2023 h\u00f6js avtalets minimil\u00f6ner med 1 120 kr per m\u00e5nad (6,44 kronor per timme).<\/p>\n\n\n\n<p><strong>F\u00f6r tiden 2023-04-01 &#8211; 2024-03-31 g\u00e4ller f\u00f6ljande minimil\u00f6netabell:<\/strong><\/p>\n\n\n\n<p><\/p>\n\n\n\n<figure class=\"wp-block-table\"><table><tbody><tr><td>L\u00f6negrupp<\/td><td>Timl\u00f6n<\/td><td>M\u00e5nadsl\u00f6n<\/td><\/tr><tr><td>16 \u00e5r<\/td><td>97,99 kr<\/td><td>17 050 kr<\/td><\/tr><tr><td>17 \u00e5r<\/td><td>103,99 kr<\/td><td>18 094 kr<\/td><\/tr><tr><td>18 \u00e5r<\/td><td>154,54 kr<\/td><td>26 889 kr<\/td><\/tr><tr><td>19 \u00e5r<\/td><td>154,89 kr<\/td><td>26 950 kr<\/td><\/tr><tr><td>20 \u00e5r<\/td><td>155,79 kr<\/td><td>27 107 kr<\/td><\/tr><tr><td>+ 6 m\u00e5n<\/td><td>156,69 kr<\/td><td>27 263 kr<\/td><\/tr><\/tbody><\/table><\/figure>\n\n\n\n<h3 class=\"wp-block-heading\">\u00d6vrigt<\/h3>\n\n\n\n<p><strong>Lokala l\u00f6netill\u00e4gg<\/strong><br>De lokalt \u00f6verenskomna l\u00f6netill\u00e4ggen h\u00f6js med 4,1 %.<\/p>\n\n\n\n<p><strong>Semesterl\u00f6negaranti<\/strong><br>F\u00f6r heltidsanst\u00e4lld arbetstagare med minst tre m\u00e5naders sammanh\u00e4ngande anst\u00e4llningstid ska semesterl\u00f6nen per betald semesterdag under semester\u00e5ret 1 april 2023 \u2013 31 mars 2024 vara l\u00e4gst f\u00f6r;<\/p>\n\n\n\n<figure class=\"wp-block-table\"><table><tbody><tr><td>Arbetstagare som fyllt 18 \u00e5r<\/td><td>1 381 kr<\/td><\/tr><tr><td>Arbetstagare som fyllt 21 \u00e5r<\/td><td>1 638 kr<\/td><\/tr><\/tbody><\/table><\/figure>\n\n\n\n<p><strong>M\u00e5ltidsers\u00e4ttning<\/strong><br>M\u00e5ltidsers\u00e4ttning enligt \u00a7 10 Mom 1 h\u00f6js fr\u00e5n den 1 april 2023 till 120 kronor.<\/p>\n\n\n\n<p><\/p>\n\n\n<a class='Share__link Share__link--url copy-text' href='#' rel='nofollow' data-text='loner-andra-avtalsaret-1-april-2024---31-mars-2025' title='Dela url' data-confirmation='L\u00e4nken kopierades till urklipp'><svg class='icon icon--link'  width='18' height='18' viewBox='0 0 18 18' fill='none' xmlns='http:\/\/www.w3.org\/2000\/svg'>\n            <path d='M10.4142 0.514721L6.87868 4.05025L8.29289 5.46447L11.1213 2.63604L15.364 6.87868L12.5355 9.70711L13.9497 11.1213L17.4853 7.58579C17.8763 7.19476 17.8763 6.5626 17.4853 6.17158L11.8284 0.514721C11.4374 0.123691 10.8052 0.123691 10.4142 0.514721Z' fill='black'\/>\n            <path d='M9.7071 12.5355L6.87868 15.364L2.63604 11.1213L5.46446 8.2929L4.05025 6.87868L0.514716 10.4142C0.123686 10.8052 0.123686 11.4374 0.514716 11.8284L6.17157 17.4853C6.5626 17.8763 7.19475 17.8763 7.58578 17.4853L11.1213 13.9497L9.7071 12.5355Z' fill='black'\/>\n            <path d='M6.17157 11.8284C6.5626 12.2195 7.19475 12.2195 7.58578 11.8284L11.8284 7.58579C12.2195 7.19476 12.2195 6.56261 11.8284 6.17158C11.4374 5.78055 10.8052 5.78055 10.4142 6.17158L6.17157 10.4142C5.78054 10.8052 5.78054 11.4374 6.17157 11.8284Z' fill='black'\/>\n            <\/svg> <\/a>\n<h2 class=\"wp-block-heading\">L\u00f6ner andra avtals\u00e5ret 1 april 2024 &#8211; 31 mars 2025<\/h2>\n\n\n\n<h3 class=\"wp-block-heading\"><strong>A     Generell l\u00f6ne\u00f6kning<\/strong><\/h3>\n\n\n\n<p>Per den 1 april 2024 h\u00f6js utg\u00e5ende l\u00f6ner f\u00f6r anst\u00e4llda som fyllt 18 \u00e5r, med 492 kr per m\u00e5nad (2,83 kronor per timme).<\/p>\n\n\n\n<h3 class=\"wp-block-heading\"><strong>B     L\u00f6neutrymme f\u00f6r individuell f\u00f6rdelning (pott)<\/strong><\/h3>\n\n\n\n<p>Ut\u00f6ver den generella h\u00f6jningen enligt ovan A ska f\u00f6r arbetstagare som fyllt 18 \u00e5r ett l\u00f6neutrymme om i genomsnitt 493 kr per m\u00e5nad (2,83 kronor per timme) l\u00e4ggas ut fr\u00e5n och med den 1 april 2024. <\/p>\n\n\n\n<p>I de fall de lokala parterna efter f\u00f6rhandlingar inte kan tr\u00e4ffa en \u00f6verenskommelse om ber\u00e4kning respektive f\u00f6rdelning har lokal part r\u00e4tt att f\u00f6ra fr\u00e5gan till central f\u00f6rhandling. Om inte heller de centrala parterna kan enas ska potten f\u00f6rdelas generellt det vill s\u00e4ga l\u00e4ggas ut lika f\u00f6r alla med 493 kr per m\u00e5nad (2,93 kronor per timme).<\/p>\n\n\n\n<p>Part som \u00f6nskar f\u00f6rhandla om f\u00f6rdelning ska senast den 9 februari 2024 beg\u00e4ra f\u00f6rhandling hos den andra parten. Om s\u00e5dan f\u00f6rhandling inte beg\u00e4rs ska potten l\u00e4ggas ut generellt. Beg\u00e4ran om central f\u00f6rhandling ska vara motparten tillhanda senast den 12 april 2024.<\/p>\n\n\n\n<h3 class=\"wp-block-heading\">Lokal l\u00f6nebildning<\/h3>\n\n\n\n<p>Lokala parter kan komma \u00f6verens om att disponera det sammanlagda utrymmet f\u00f6r utg\u00e5ende l\u00f6ner och individuell f\u00f6rdelning som en lokal l\u00f6nebildning. L\u00f6neniv\u00e5erna f\u00e5r dock inte understiga l\u00f6nen i minimil\u00f6netabellen. <\/p>\n\n\n\n<p>De centrala parterna \u00e4r positivt inst\u00e4llda till att de lokala parterna arbetar med l\u00f6nebildning. Lokala parterna ges d\u00e4rf\u00f6r m\u00f6jligheter att arbeta med lokal l\u00f6nebildningsmodell som ett alternativ till den modell som fastst\u00e4llts i detta avtal.<\/p>\n\n\n\n<h3 class=\"wp-block-heading\">C     Minimil\u00f6ner<\/h3>\n\n\n\n<p>Fr\u00e5n och med den 1 april 2024 h\u00f6js avtalets minimil\u00f6ner med 985 kr per m\u00e5nad (5,66 kronor per timme).<\/p>\n\n\n\n<p><strong>F\u00f6r tiden 2024-04-01 &#8211; 2025-03-31 g\u00e4ller f\u00f6ljande minimil\u00f6netabell:<\/strong><\/p>\n\n\n\n<figure class=\"wp-block-table\"><table><tbody><tr><td>L\u00f6negrupp<\/td><td>Timl\u00f6n<\/td><td>M\u00e5nadsl\u00f6n<\/td><\/tr><tr><td>16 \u00e5r<\/td><td>102,23 kr<\/td><td>17 789 kr<\/td><\/tr><tr><td>17 \u00e5r<\/td><td>108,23 kr<\/td><td>18 833 kr<\/td><\/tr><tr><td>18 \u00e5r<\/td><td>160,20 kr<\/td><td>27 874 kr<\/td><\/tr><tr><td>19 \u00e5r<\/td><td>160,55 kr<\/td><td>27 935 kr<\/td><\/tr><tr><td>20 \u00e5r<\/td><td>161,45 kr<\/td><td>28 092 kr<\/td><\/tr><tr><td>+ 6 m\u00e5n<\/td><td>162,35 kr<\/td><td>28 248 kr<\/td><\/tr><\/tbody><\/table><\/figure>\n\n\n\n<h3 class=\"wp-block-heading\">\u00d6vrigt<\/h3>\n\n\n\n<p><strong>Lokala l\u00f6netill\u00e4gg<\/strong><br>De lokalt \u00f6verenskomna l\u00f6netill\u00e4ggen h\u00f6js med 3,3 %.<\/p>\n\n\n\n<p><strong>Semesterl\u00f6negaranti<\/strong><br>F\u00f6r heltidsanst\u00e4lld arbetstagare med minst tre m\u00e5naders sammanh\u00e4ngande anst\u00e4llningstid ska semesterl\u00f6nen per betald semesterdag under semester\u00e5ret 1 april 2024 \u2013 31 mars 2025 vara l\u00e4gst f\u00f6r;<\/p>\n\n\n\n<figure class=\"wp-block-table\"><table><tbody><tr><td>Arbetstagare som fyllt 18 \u00e5r<\/td><td>1 427 kr<\/td><\/tr><tr><td>Arbetstagare som fyllt 21 \u00e5r<\/td><td>1 692 kr<\/td><\/tr><\/tbody><\/table><\/figure>\n\n\n<a class='Share__link Share__link--url copy-text' href='#' rel='nofollow' data-text='avtalstryck' title='Dela url' data-confirmation='L\u00e4nken kopierades till urklipp'><svg class='icon icon--link'  width='18' height='18' viewBox='0 0 18 18' fill='none' xmlns='http:\/\/www.w3.org\/2000\/svg'>\n            <path d='M10.4142 0.514721L6.87868 4.05025L8.29289 5.46447L11.1213 2.63604L15.364 6.87868L12.5355 9.70711L13.9497 11.1213L17.4853 7.58579C17.8763 7.19476 17.8763 6.5626 17.4853 6.17158L11.8284 0.514721C11.4374 0.123691 10.8052 0.123691 10.4142 0.514721Z' fill='black'\/>\n            <path d='M9.7071 12.5355L6.87868 15.364L2.63604 11.1213L5.46446 8.2929L4.05025 6.87868L0.514716 10.4142C0.123686 10.8052 0.123686 11.4374 0.514716 11.8284L6.17157 17.4853C6.5626 17.8763 7.19475 17.8763 7.58578 17.4853L11.1213 13.9497L9.7071 12.5355Z' fill='black'\/>\n            <path d='M6.17157 11.8284C6.5626 12.2195 7.19475 12.2195 7.58578 11.8284L11.8284 7.58579C12.2195 7.19476 12.2195 6.56261 11.8284 6.17158C11.4374 5.78055 10.8052 5.78055 10.4142 6.17158L6.17157 10.4142C5.78054 10.8052 5.78054 11.4374 6.17157 11.8284Z' fill='black'\/>\n            <\/svg> <\/a>\n<h2 class=\"wp-block-heading\">Avtalstryck<\/h2>\n\n\n\n<p>Kollektivavtalet kommer inte att tryckas i fysisk form. I arbetsgivarguiden kommer det uppdaterade kollektivavtalet att finnas i PDF-format. (Inloggning kr\u00e4vs.)<\/p>\n\n\n\n<h4 class=\"wp-block-heading\">Har du fr\u00e5gor som r\u00f6r Lageravtalet \u00e4r du alltid v\u00e4lkommen att kontakta oss.<\/h4>\n","protected":false},"excerpt":{"rendered":"<p>Avtalet inneh\u00e5ller bland annat f\u00f6ljande: L\u00f6ner f\u00f6rsta avtals\u00e5ret 1 april 2023 &#8211; 31 mars 2024 A Generell l\u00f6ne\u00f6kning Per den 1 april 2023 h\u00f6js utg\u00e5ende l\u00f6ner f\u00f6r anst\u00e4llda som fyllt 18 \u00e5r, med 555 kr &hellip;<\/p>\n","protected":false},"author":14836,"featured_media":0,"comment_status":"closed","ping_status":"closed","sticky":false,"template":"","format":"standard","meta":{"_acf_changed":false,"footnotes":""},"categories":[636],"tags":[],"article_type":[313],"agreement":[178],"class_list":["post-63447","post","type-post","status-publish","format-standard","hentry","category-avtalsrorelse","type-arbetsgivarnytt","agreement-1dce80f7-ff07-de11-b4e1-02bf9e69ca65"],"acf":[],"yoast_head":"<!-- This site is optimized with the Yoast SEO Premium plugin v26.8 (Yoast SEO v26.8) - https:\/\/yoast.com\/product\/yoast-seo-premium-wordpress\/ -->\n<title>Nytt Lageravtal med Handelsanst\u00e4lldas f\u00f6rbund | Almega<\/title>\n<meta name=\"robots\" content=\"index, follow, max-snippet:-1, max-image-preview:large, max-video-preview:-1\" \/>\n<link rel=\"canonical\" href=\"https:\/\/www.almega.se\/2023\/05\/nytt-lageravtal-med-handelsanstalldas-forbund\/\" \/>\n<meta property=\"og:locale\" content=\"sv_SE\" \/>\n<meta property=\"og:type\" content=\"article\" \/>\n<meta property=\"og:title\" content=\"Nytt Lageravtal med Handelsanst\u00e4lldas f\u00f6rbund\" \/>\n<meta property=\"og:description\" content=\"Avtalet inneh\u00e5ller bland annat f\u00f6ljande: L\u00f6ner f\u00f6rsta avtals\u00e5ret 1 april 2023 &#8211; 31 mars 2024 A Generell l\u00f6ne\u00f6kning Per den 1 april 2023 h\u00f6js utg\u00e5ende l\u00f6ner f\u00f6r anst\u00e4llda som fyllt 18 \u00e5r, med 555 kr &hellip;\" \/>\n<meta property=\"og:url\" content=\"https:\/\/www.almega.se\/2023\/05\/nytt-lageravtal-med-handelsanstalldas-forbund\/\" \/>\n<meta property=\"og:site_name\" content=\"Almega\" \/>\n<meta property=\"article:published_time\" content=\"2023-05-16T15:38:22+00:00\" \/>\n<meta property=\"article:modified_time\" content=\"2023-05-16T15:38:24+00:00\" \/>\n<meta property=\"og:image\" content=\"https:\/\/www.almega.se\/app\/uploads\/2020\/12\/almega-share-logo.png\" \/>\n\t<meta property=\"og:image:width\" content=\"1200\" \/>\n\t<meta property=\"og:image:height\" content=\"630\" \/>\n\t<meta property=\"og:image:type\" content=\"image\/png\" \/>\n<meta name=\"author\" content=\"Eva Pettersson\" \/>\n<meta name=\"twitter:card\" content=\"summary_large_image\" \/>\n<meta name=\"twitter:label1\" content=\"Skriven av\" \/>\n\t<meta name=\"twitter:data1\" content=\"Eva Pettersson\" \/>\n\t<meta name=\"twitter:label2\" content=\"Ber\u00e4knad l\u00e4stid\" \/>\n\t<meta name=\"twitter:data2\" content=\"5 minuter\" \/>\n<!-- \/ Yoast SEO Premium plugin. -->","yoast_head_json":{"title":"Nytt Lageravtal med Handelsanst\u00e4lldas f\u00f6rbund | Almega","robots":{"index":"index","follow":"follow","max-snippet":"max-snippet:-1","max-image-preview":"max-image-preview:large","max-video-preview":"max-video-preview:-1"},"canonical":"https:\/\/www.almega.se\/2023\/05\/nytt-lageravtal-med-handelsanstalldas-forbund\/","og_locale":"sv_SE","og_type":"article","og_title":"Nytt Lageravtal med Handelsanst\u00e4lldas f\u00f6rbund","og_description":"Avtalet inneh\u00e5ller bland annat f\u00f6ljande: L\u00f6ner f\u00f6rsta avtals\u00e5ret 1 april 2023 &#8211; 31 mars 2024 A Generell l\u00f6ne\u00f6kning Per den 1 april 2023 h\u00f6js utg\u00e5ende l\u00f6ner f\u00f6r anst\u00e4llda som fyllt 18 \u00e5r, med 555 kr &hellip;","og_url":"https:\/\/www.almega.se\/2023\/05\/nytt-lageravtal-med-handelsanstalldas-forbund\/","og_site_name":"Almega","article_published_time":"2023-05-16T15:38:22+00:00","article_modified_time":"2023-05-16T15:38:24+00:00","og_image":[{"width":1200,"height":630,"url":"https:\/\/www.almega.se\/app\/uploads\/2020\/12\/almega-share-logo.png","type":"image\/png"}],"author":"Eva Pettersson","twitter_card":"summary_large_image","twitter_misc":{"Skriven av":"Eva Pettersson","Ber\u00e4knad l\u00e4stid":"5 minuter"},"schema":{"@context":"https:\/\/schema.org","@graph":[{"@type":"NewsArticle","@id":"https:\/\/www.almega.se\/2023\/05\/nytt-lageravtal-med-handelsanstalldas-forbund\/#article","isPartOf":{"@id":"https:\/\/www.almega.se\/2023\/05\/nytt-lageravtal-med-handelsanstalldas-forbund\/"},"author":{"name":"Eva Pettersson","@id":"https:\/\/www.almega.se\/#\/schema\/person\/50d695bb8f918c77bd2be177892f84b1"},"headline":"Nytt Lageravtal med Handelsanst\u00e4lldas f\u00f6rbund","datePublished":"2023-05-16T15:38:22+00:00","dateModified":"2023-05-16T15:38:24+00:00","mainEntityOfPage":{"@id":"https:\/\/www.almega.se\/2023\/05\/nytt-lageravtal-med-handelsanstalldas-forbund\/"},"wordCount":963,"articleSection":["Avtalsr\u00f6relse"],"inLanguage":"sv-SE"},{"@type":"WebPage","@id":"https:\/\/www.almega.se\/2023\/05\/nytt-lageravtal-med-handelsanstalldas-forbund\/","url":"https:\/\/www.almega.se\/2023\/05\/nytt-lageravtal-med-handelsanstalldas-forbund\/","name":"Nytt Lageravtal med Handelsanst\u00e4lldas f\u00f6rbund | Almega","isPartOf":{"@id":"https:\/\/www.almega.se\/#website"},"datePublished":"2023-05-16T15:38:22+00:00","dateModified":"2023-05-16T15:38:24+00:00","author":{"@id":"https:\/\/www.almega.se\/#\/schema\/person\/50d695bb8f918c77bd2be177892f84b1"},"breadcrumb":{"@id":"https:\/\/www.almega.se\/2023\/05\/nytt-lageravtal-med-handelsanstalldas-forbund\/#breadcrumb"},"inLanguage":"sv-SE","potentialAction":[{"@type":"ReadAction","target":["https:\/\/www.almega.se\/2023\/05\/nytt-lageravtal-med-handelsanstalldas-forbund\/"]}]},{"@type":"BreadcrumbList","@id":"https:\/\/www.almega.se\/2023\/05\/nytt-lageravtal-med-handelsanstalldas-forbund\/#breadcrumb","itemListElement":[{"@type":"ListItem","position":1,"name":"Home","item":"https:\/\/www.almega.se\/"},{"@type":"ListItem","position":2,"name":"Nytt Lageravtal med Handelsanst\u00e4lldas f\u00f6rbund"}]},{"@type":"WebSite","@id":"https:\/\/www.almega.se\/#website","url":"https:\/\/www.almega.se\/","name":"Almega","description":"","potentialAction":[{"@type":"SearchAction","target":{"@type":"EntryPoint","urlTemplate":"https:\/\/www.almega.se\/?s={search_term_string}"},"query-input":{"@type":"PropertyValueSpecification","valueRequired":true,"valueName":"search_term_string"}}],"inLanguage":"sv-SE"},{"@type":"Person","@id":"https:\/\/www.almega.se\/#\/schema\/person\/50d695bb8f918c77bd2be177892f84b1","name":"Eva Pettersson","image":{"@type":"ImageObject","inLanguage":"sv-SE","@id":"https:\/\/www.almega.se\/#\/schema\/person\/image\/","url":"https:\/\/secure.gravatar.com\/avatar\/c4811d04bd37924073d3b0ce1984d0651f0f37902ffb665f3ca439bb5b3e306f?s=96&d=mm&r=g","contentUrl":"https:\/\/secure.gravatar.com\/avatar\/c4811d04bd37924073d3b0ce1984d0651f0f37902ffb665f3ca439bb5b3e306f?s=96&d=mm&r=g","caption":"Eva Pettersson"},"url":"https:\/\/www.almega.se\/person\/evapettersson-2\/"}]}},"_links":{"self":[{"href":"https:\/\/www.almega.se\/api\/wp\/v2\/posts\/63447","targetHints":{"allow":["GET"]}}],"collection":[{"href":"https:\/\/www.almega.se\/api\/wp\/v2\/posts"}],"about":[{"href":"https:\/\/www.almega.se\/api\/wp\/v2\/types\/post"}],"author":[{"embeddable":true,"href":"https:\/\/www.almega.se\/api\/wp\/v2\/users\/14836"}],"replies":[{"embeddable":true,"href":"https:\/\/www.almega.se\/api\/wp\/v2\/comments?post=63447"}],"version-history":[{"count":8,"href":"https:\/\/www.almega.se\/api\/wp\/v2\/posts\/63447\/revisions"}],"predecessor-version":[{"id":63455,"href":"https:\/\/www.almega.se\/api\/wp\/v2\/posts\/63447\/revisions\/63455"}],"wp:attachment":[{"href":"https:\/\/www.almega.se\/api\/wp\/v2\/media?parent=63447"}],"wp:term":[{"taxonomy":"category","embeddable":true,"href":"https:\/\/www.almega.se\/api\/wp\/v2\/categories?post=63447"},{"taxonomy":"post_tag","embeddable":true,"href":"https:\/\/www.almega.se\/api\/wp\/v2\/tags?post=63447"},{"taxonomy":"type","embeddable":true,"href":"https:\/\/www.almega.se\/api\/wp\/v2\/article_type?post=63447"},{"taxonomy":"agreement","embeddable":true,"href":"https:\/\/www.almega.se\/api\/wp\/v2\/agreement?post=63447"}],"curies":[{"name":"wp","href":"https:\/\/api.w.org\/{rel}","templated":true}]}}