{"id":6319,"date":"2015-01-08T09:00:00","date_gmt":"2015-01-08T09:00:00","guid":{"rendered":"http:\/\/almega-bento\/wp\/blog\/2015\/01\/08\/ob-ersattningar-2014-i-samband-med-helger\/"},"modified":"2015-01-08T09:00:00","modified_gmt":"2015-01-08T09:00:00","slug":"ob-ersattningar-2014-i-samband-med-helger","status":"publish","type":"post","link":"https:\/\/www.almega.se\/2015\/01\/ob-ersattningar-2014-i-samband-med-helger\/","title":{"rendered":"Ob-ers\u00e4ttningar 2014 i samband med helger"},"content":{"rendered":"\n<p class=\"intro\">Med anledning av att vi f\u00e5r m\u00e5nga fr\u00e5gor avseende vilken ob-ers\u00e4ttning som ska betalas ut i samband med jul- och ny\u00e5rshelgerna repeterar vi nu tidigare utskick om ob-ers\u00e4ttningar 2014.<\/p>\n<p>Nedanst&aring;ende &auml;r en redog&ouml;relse av vad regelverket i avtalen med Kommunal, Vision, V&aring;rdf&ouml;rbundet samt LSR m fl f&ouml;r branscherna V&aring;rd- och behandling samt Omsorgsverksamhet (E), &Auml;ldreomsorg (F) samt vad avtalet med Kommunal f&ouml;r Personlig Assistans (G) inneb&auml;r f&ouml;r de aktuella helgerna.<\/p>\n<p><strong>Ny&aring;rshelgen 2014<\/strong><\/p>\n<table border=\"1\" cellpadding=\"1\" cellspacing=\"1\" style=\"width: 430px\">\n<tbody>\n<tr>\n<td>1\/1 Onsdag (Ny&aring;rsdagen)<\/td>\n<td>00.00 &#8211; 24.00<\/td>\n<td>0-till&auml;ggstid A<\/td>\n<\/tr>\n<tr>\n<td>2\/1 Torsdag<\/td>\n<td>00.00 &#8211; 07.00<\/td>\n<td>0-till&auml;ggstid A<\/td>\n<\/tr>\n<\/tbody>\n<\/table>\n<p><strong>Trettondagshelgen 2014<\/strong><\/p>\n<table border=\"1\" cellpadding=\"1\" cellspacing=\"1\" style=\"width: 430px\">\n<tbody>\n<tr>\n<td>4\/1 L&ouml;rdag<\/td>\n<td>00.00 &#8211; 24.00<\/td>\n<td>0-till&auml;ggstid B<\/td>\n<\/tr>\n<tr>\n<td>5\/1 S&ouml;ndag (Trettondagsafton)<\/td>\n<td>00.00 &#8211; 24.00<\/td>\n<td>0-till&auml;ggstid B<\/td>\n<\/tr>\n<tr>\n<td>6\/1 M&aring;ndag (Trettondag jul)<\/td>\n<td>00.00 &#8211; 24.00<\/td>\n<td>0-till&auml;ggstid B<\/td>\n<\/tr>\n<tr>\n<td>7\/1 Tisdag<\/td>\n<td>00.00 &#8211; 07.00<\/td>\n<td>0-till&auml;ggstid B<\/td>\n<\/tr>\n<\/tbody>\n<\/table>\n<p><strong>P&aring;skhelgen 2014<\/strong><\/p>\n<table border=\"1\" cellpadding=\"1\" cellspacing=\"1\" style=\"width: 430px\">\n<tbody>\n<tr>\n<td>17\/4 Torsdag<\/td>\n<td>18.00 &#8211; 24.00<\/td>\n<td>0-till&auml;ggstid A<\/td>\n<\/tr>\n<tr>\n<td>18\/4 Fredag (L&aring;ngfredag)<\/td>\n<td>00.00 -24.00<\/td>\n<td>0-till&auml;ggstid A<\/td>\n<\/tr>\n<tr>\n<td>19\/4 L&ouml;rdag (P&aring;skafton)<\/td>\n<td>00.00 -24.00<\/td>\n<td>0-till&auml;ggstid A<\/td>\n<\/tr>\n<tr>\n<td>20\/4 S&ouml;ndag (P&aring;skdagen)<\/td>\n<td>00.00 -24.00<\/td>\n<td>0-till&auml;ggstid A<\/td>\n<\/tr>\n<tr>\n<td>21\/4 M&aring;ndag (Annandag P&aring;sk)<\/td>\n<td>00.00 -24.00<\/td>\n<td>0-till&auml;ggstid A<\/td>\n<\/tr>\n<tr>\n<td>22\/4 Tisdag<\/td>\n<td>00.00 &#8211; 07.00<\/td>\n<td>0-till&auml;ggstid A<\/td>\n<\/tr>\n<\/tbody>\n<\/table>\n<p><strong>F&ouml;rsta maj 2014<\/strong><\/p>\n<table border=\"1\" cellpadding=\"1\" cellspacing=\"1\" style=\"width: 430px\">\n<tbody>\n<tr>\n<td>30\/4 Onsdag<\/td>\n<td>16.00 &#8211; 24.00<\/td>\n<td>0-till&auml;ggstid B<\/td>\n<\/tr>\n<tr>\n<td>1\/5 Torsdag (F&ouml;rsta maj)<\/td>\n<td>00.00 &#8211; 24.00<\/td>\n<td>0-till&auml;ggstid B<\/td>\n<\/tr>\n<tr>\n<td>2\/5 Fredag<\/td>\n<td>00.00 &#8211; 07.00<\/td>\n<td>0-till&auml;ggstid B<\/td>\n<\/tr>\n<\/tbody>\n<\/table>\n<p><strong>Kristi Himmelsf&auml;rdsdag 2014<\/strong><\/p>\n<table border=\"1\" cellpadding=\"1\" cellspacing=\"1\" style=\"width: 430px\">\n<tbody>\n<tr>\n<td>28\/5 Onsdag<\/td>\n<td>16.00 &#8211; 24.00<\/td>\n<td>0-till&auml;ggstid B<\/td>\n<\/tr>\n<tr>\n<td>29\/5 Torsdag<br \/>  (Kristi Himmelsf&auml;rdsdag)<\/td>\n<td>00.00 &#8211; 24.00<br \/>  &nbsp;<\/td>\n<td>0-till&auml;ggstid B<br \/>  &nbsp;<\/td>\n<\/tr>\n<tr>\n<td>30\/5 Fredag<\/td>\n<td>00.00 &#8211; 07.00<\/td>\n<td>0-till&auml;ggstid B<\/td>\n<\/tr>\n<\/tbody>\n<\/table>\n<p><strong>Nationaldag samt Pingst 2014<\/strong><\/p>\n<table border=\"1\" cellpadding=\"1\" cellspacing=\"1\" style=\"width: 430px\">\n<tbody>\n<tr>\n<td>5\/6 Torsdag<\/td>\n<td>16.00 &#8211; 24.00<\/td>\n<td>0-till&auml;ggstid B<\/td>\n<\/tr>\n<tr>\n<td>6\/6 Fredag (Nationaldagen)<\/td>\n<td>00.00 &#8211; 18.00<\/td>\n<td>0-till&auml;ggstid B<\/td>\n<\/tr>\n<tr>\n<td>&nbsp;<\/td>\n<td>18.00 &#8211; 24.00<\/td>\n<td>0-till&auml;ggstid A<\/td>\n<\/tr>\n<tr>\n<td>7\/6 L&ouml;rdag (Pingstafton)<\/td>\n<td>00.00 &#8211; 24.00<\/td>\n<td>0-till&auml;ggstid A<\/td>\n<\/tr>\n<tr>\n<td>8\/6 S&ouml;ndag (Pingstdagen)<\/td>\n<td>00.00 &#8211; 24.00<\/td>\n<td>0-till&auml;ggstid A<\/td>\n<\/tr>\n<tr>\n<td>9\/6 M&aring;ndag<\/td>\n<td>00.00 &#8211; 07.00<\/td>\n<td>0-till&auml;ggstid A<\/td>\n<\/tr>\n<\/tbody>\n<\/table>\n<p>Observera att det under 2014 uppst&aring;r en konflikt mellan Ob-ers&auml;ttningsreglerna f&ouml;r Nationaldagen och Pingst d&auml;r O-till&auml;ggstid A (Pingsthelgen) tar &ouml;ver som ers&auml;ttningsregel ist&auml;llet f&ouml;r O-till&auml;ggstid B (Nationaldagen) fr&aring;n och med klockan 18.00 fredag den 6 juni.<\/p>\n<p><strong>Midsommar 2014<\/strong><\/p>\n<table border=\"1\" cellpadding=\"1\" cellspacing=\"1\" style=\"width: 430px\">\n<tbody>\n<tr>\n<td>19\/6 Torsdag<\/td>\n<td>18.00 &#8211; 24.00<\/td>\n<td>0-till&auml;ggstid A<\/td>\n<\/tr>\n<tr>\n<td>20\/6 Fredag<br \/>  (Midsommarafton)<\/td>\n<td>00.00 &#8211; 24.00<br \/>  &nbsp;<\/td>\n<td>0-till&auml;ggstid A<br \/>  &nbsp;<\/td>\n<\/tr>\n<tr>\n<td>21\/6 L&ouml;rdag<br \/>  (Midsommardagen)<\/td>\n<td>00.00 &#8211; 24.00<br \/>  &nbsp;<\/td>\n<td>0-till&auml;ggstid A<br \/>  &nbsp;<\/td>\n<\/tr>\n<tr>\n<td>22\/6 S&ouml;ndag<\/td>\n<td>00.00 &#8211; 24.00<\/td>\n<td>0-till&auml;ggstid A<\/td>\n<\/tr>\n<tr>\n<td>23\/6 M&aring;ndag<\/td>\n<td>00.00 &#8211; 07.00<\/td>\n<td>0-till&auml;ggstid A<\/td>\n<\/tr>\n<\/tbody>\n<\/table>\n<p><strong>Alla helgons dag 2014<\/strong><\/p>\n<table border=\"1\" cellpadding=\"1\" cellspacing=\"1\" style=\"width: 430px\">\n<tbody>\n<tr>\n<td>31\/10 Fredag<\/td>\n<td>16.00 &#8211; 24.00<\/td>\n<td>0-till&auml;ggstid B<\/td>\n<\/tr>\n<tr>\n<td>1\/11 L&ouml;rdag<br \/>  (Alla Helgons dag)<\/td>\n<td>00.00 &#8211; 24.00<br \/>  &nbsp;<\/td>\n<td>0-till&auml;ggstid B<br \/>  &nbsp;<\/td>\n<\/tr>\n<\/tbody>\n<\/table>\n<p><strong>Julhelgen 2014<\/strong><\/p>\n<table border=\"1\" cellpadding=\"1\" cellspacing=\"1\" style=\"width: 430px\">\n<tbody>\n<tr>\n<td>23\/12 Tisdag<\/td>\n<td>18.00 &#8211; 24.00<\/td>\n<td>0-till&auml;ggstid A<\/td>\n<\/tr>\n<tr>\n<td>24\/12 Onsdag<br \/>  (Julafton)<\/td>\n<td>00.00 &#8211; 24.00<br \/>  &nbsp;<\/td>\n<td>0-till&auml;ggstid A<br \/>  &nbsp;<\/td>\n<\/tr>\n<tr>\n<td>25\/12 Torsdag<br \/>  (Juldagen)<\/td>\n<td>00.00 &#8211; 24.00<br \/>  &nbsp;<\/td>\n<td>0-till&auml;ggstid A<br \/>  &nbsp;<\/td>\n<\/tr>\n<tr>\n<td>26\/12 Fredag<br \/>  (Annandag jul)<\/td>\n<td>00.00 &#8211; 24.00<br \/>  &nbsp;<\/td>\n<td>0-till&auml;ggstid A<br \/>  &nbsp;<\/td>\n<\/tr>\n<tr>\n<td>27\/12 L&ouml;rdag<\/td>\n<td>00.00 &#8211; 24.00<\/td>\n<td>0-till&auml;ggstid A<\/td>\n<\/tr>\n<tr>\n<td>28\/12 S&ouml;ndag<\/td>\n<td>00.00 &#8211; 24.00<\/td>\n<td>0-till&auml;ggstid A<\/td>\n<\/tr>\n<tr>\n<td>29\/12 M&aring;ndag<\/td>\n<td>00.00 &#8211; 07.00<\/td>\n<td>0-till&auml;ggstid A<\/td>\n<\/tr>\n<\/tbody>\n<\/table>\n<p><strong>Ny&aring;r 2014<\/strong><\/p>\n<table border=\"1\" cellpadding=\"1\" cellspacing=\"1\" style=\"width: 430px\">\n<tbody>\n<tr>\n<td>30\/12 Tisdag<\/td>\n<td>18.00 &#8211; 24.00<\/td>\n<td>0-till&auml;ggstid A<\/td>\n<\/tr>\n<tr>\n<td>31\/12 Onsdag<br \/>  (Ny&aring;rsafton)<\/td>\n<td>00.00 &#8211; 24.00<br \/>  &nbsp;<\/td>\n<td>0-till&auml;ggstid A<br \/>  &nbsp;<\/td>\n<\/tr>\n<\/tbody>\n<\/table>\n<p>Observera att arbetsgivare som tr&auml;ffat avtal om annan ers&auml;ttning f&ouml;r arbete p&aring; angivna tider i enlighet med de best&auml;mmelser som finns i respektive avtal inte p&aring;verkas av ovanst&aring;ende.<\/p>\n<\/p>\n","protected":false},"excerpt":{"rendered":"<p>Med anledning av att vi f\u00e5r m\u00e5nga fr\u00e5gor avseende vilken ob-ers\u00e4ttning som ska betalas ut i samband med jul- och ny\u00e5rshelgerna repeterar vi nu tidigare utskick om ob-ers\u00e4ttningar 2014.<\/p>\n","protected":false},"author":1,"featured_media":0,"comment_status":"closed","ping_status":"open","sticky":false,"template":"","format":"standard","meta":{"_acf_changed":false,"footnotes":""},"categories":[1],"tags":[],"article_type":[313],"agreement":[191,238,245,243,244],"class_list":["post-6319","post","type-post","status-publish","format-standard","hentry","category-okategoriserade","type-arbetsgivarnytt","agreement-c5cd80f7-ff07-de11-b4e1-02bf9e69ca65","agreement-bfcd80f7-ff07-de11-b4e1-02bf9e69ca65","agreement-d8372015-3f44-e211-be83-005056b20fd8","agreement-1ac6e1f5-3f44-e211-be83-005056b20fd8","agreement-70ee1081-3f44-e211-be83-005056b20fd8"],"acf":[],"yoast_head":"<!-- This site is optimized with the Yoast SEO Premium plugin v26.8 (Yoast SEO v26.8) - https:\/\/yoast.com\/product\/yoast-seo-premium-wordpress\/ -->\n<title>Ob-ers\u00e4ttningar 2014 i samband med helger | Almega<\/title>\n<meta name=\"robots\" content=\"index, follow, max-snippet:-1, max-image-preview:large, max-video-preview:-1\" \/>\n<link rel=\"canonical\" href=\"https:\/\/www.almega.se\/2015\/01\/ob-ersattningar-2014-i-samband-med-helger\/\" \/>\n<meta property=\"og:locale\" content=\"sv_SE\" \/>\n<meta property=\"og:type\" content=\"article\" \/>\n<meta property=\"og:title\" content=\"Ob-ers\u00e4ttningar 2014 i samband med helger\" \/>\n<meta property=\"og:description\" content=\"Med anledning av att vi f\u00e5r m\u00e5nga fr\u00e5gor avseende vilken ob-ers\u00e4ttning som ska betalas ut i samband med jul- och ny\u00e5rshelgerna repeterar vi nu tidigare utskick om ob-ers\u00e4ttningar 2014.\" \/>\n<meta property=\"og:url\" content=\"https:\/\/www.almega.se\/2015\/01\/ob-ersattningar-2014-i-samband-med-helger\/\" \/>\n<meta property=\"og:site_name\" content=\"Almega\" \/>\n<meta property=\"article:published_time\" content=\"2015-01-08T09:00:00+00:00\" \/>\n<meta property=\"og:image\" content=\"https:\/\/www.almega.se\/app\/uploads\/2020\/12\/almega-share-logo.png\" \/>\n\t<meta property=\"og:image:width\" content=\"1200\" \/>\n\t<meta property=\"og:image:height\" content=\"630\" \/>\n\t<meta property=\"og:image:type\" content=\"image\/png\" \/>\n<meta name=\"author\" content=\"admin\" \/>\n<meta name=\"twitter:card\" content=\"summary_large_image\" \/>\n<meta name=\"twitter:label1\" content=\"Skriven av\" \/>\n\t<meta name=\"twitter:data1\" content=\"admin\" \/>\n\t<meta name=\"twitter:label2\" content=\"Ber\u00e4knad l\u00e4stid\" \/>\n\t<meta name=\"twitter:data2\" content=\"3 minuter\" \/>\n<!-- \/ Yoast SEO Premium plugin. -->","yoast_head_json":{"title":"Ob-ers\u00e4ttningar 2014 i samband med helger | Almega","robots":{"index":"index","follow":"follow","max-snippet":"max-snippet:-1","max-image-preview":"max-image-preview:large","max-video-preview":"max-video-preview:-1"},"canonical":"https:\/\/www.almega.se\/2015\/01\/ob-ersattningar-2014-i-samband-med-helger\/","og_locale":"sv_SE","og_type":"article","og_title":"Ob-ers\u00e4ttningar 2014 i samband med helger","og_description":"Med anledning av att vi f\u00e5r m\u00e5nga fr\u00e5gor avseende vilken ob-ers\u00e4ttning som ska betalas ut i samband med jul- och ny\u00e5rshelgerna repeterar vi nu tidigare utskick om ob-ers\u00e4ttningar 2014.","og_url":"https:\/\/www.almega.se\/2015\/01\/ob-ersattningar-2014-i-samband-med-helger\/","og_site_name":"Almega","article_published_time":"2015-01-08T09:00:00+00:00","og_image":[{"width":1200,"height":630,"url":"https:\/\/www.almega.se\/app\/uploads\/2020\/12\/almega-share-logo.png","type":"image\/png"}],"author":"admin","twitter_card":"summary_large_image","twitter_misc":{"Skriven av":"admin","Ber\u00e4knad l\u00e4stid":"3 minuter"},"schema":{"@context":"https:\/\/schema.org","@graph":[{"@type":"NewsArticle","@id":"https:\/\/www.almega.se\/2015\/01\/ob-ersattningar-2014-i-samband-med-helger\/#article","isPartOf":{"@id":"https:\/\/www.almega.se\/2015\/01\/ob-ersattningar-2014-i-samband-med-helger\/"},"author":{"name":"admin","@id":"https:\/\/www.almega.se\/#\/schema\/person\/9c3674d192fb8b2d1d8b7a3f31c5151d"},"headline":"Ob-ers\u00e4ttningar 2014 i samband med helger","datePublished":"2015-01-08T09:00:00+00:00","mainEntityOfPage":{"@id":"https:\/\/www.almega.se\/2015\/01\/ob-ersattningar-2014-i-samband-med-helger\/"},"wordCount":552,"inLanguage":"sv-SE"},{"@type":"WebPage","@id":"https:\/\/www.almega.se\/2015\/01\/ob-ersattningar-2014-i-samband-med-helger\/","url":"https:\/\/www.almega.se\/2015\/01\/ob-ersattningar-2014-i-samband-med-helger\/","name":"Ob-ers\u00e4ttningar 2014 i samband med helger | Almega","isPartOf":{"@id":"https:\/\/www.almega.se\/#website"},"datePublished":"2015-01-08T09:00:00+00:00","author":{"@id":"https:\/\/www.almega.se\/#\/schema\/person\/9c3674d192fb8b2d1d8b7a3f31c5151d"},"breadcrumb":{"@id":"https:\/\/www.almega.se\/2015\/01\/ob-ersattningar-2014-i-samband-med-helger\/#breadcrumb"},"inLanguage":"sv-SE","potentialAction":[{"@type":"ReadAction","target":["https:\/\/www.almega.se\/2015\/01\/ob-ersattningar-2014-i-samband-med-helger\/"]}]},{"@type":"BreadcrumbList","@id":"https:\/\/www.almega.se\/2015\/01\/ob-ersattningar-2014-i-samband-med-helger\/#breadcrumb","itemListElement":[{"@type":"ListItem","position":1,"name":"Home","item":"https:\/\/www.almega.se\/"},{"@type":"ListItem","position":2,"name":"Ob-ers\u00e4ttningar 2014 i samband med helger"}]},{"@type":"WebSite","@id":"https:\/\/www.almega.se\/#website","url":"https:\/\/www.almega.se\/","name":"Almega","description":"","potentialAction":[{"@type":"SearchAction","target":{"@type":"EntryPoint","urlTemplate":"https:\/\/www.almega.se\/?s={search_term_string}"},"query-input":{"@type":"PropertyValueSpecification","valueRequired":true,"valueName":"search_term_string"}}],"inLanguage":"sv-SE"},{"@type":"Person","@id":"https:\/\/www.almega.se\/#\/schema\/person\/9c3674d192fb8b2d1d8b7a3f31c5151d","name":"admin","image":{"@type":"ImageObject","inLanguage":"sv-SE","@id":"https:\/\/www.almega.se\/#\/schema\/person\/image\/","url":"https:\/\/secure.gravatar.com\/avatar\/13aac7e7a7582f599e3ba7706cec051e12eac4ad6c2ffe6f9d24800e63294187?s=96&d=mm&r=g","contentUrl":"https:\/\/secure.gravatar.com\/avatar\/13aac7e7a7582f599e3ba7706cec051e12eac4ad6c2ffe6f9d24800e63294187?s=96&d=mm&r=g","caption":"admin"},"url":"https:\/\/www.almega.se\/person\/admin\/"}]}},"_links":{"self":[{"href":"https:\/\/www.almega.se\/api\/wp\/v2\/posts\/6319","targetHints":{"allow":["GET"]}}],"collection":[{"href":"https:\/\/www.almega.se\/api\/wp\/v2\/posts"}],"about":[{"href":"https:\/\/www.almega.se\/api\/wp\/v2\/types\/post"}],"author":[{"embeddable":true,"href":"https:\/\/www.almega.se\/api\/wp\/v2\/users\/1"}],"replies":[{"embeddable":true,"href":"https:\/\/www.almega.se\/api\/wp\/v2\/comments?post=6319"}],"version-history":[{"count":1,"href":"https:\/\/www.almega.se\/api\/wp\/v2\/posts\/6319\/revisions"}],"predecessor-version":[{"id":58576,"href":"https:\/\/www.almega.se\/api\/wp\/v2\/posts\/6319\/revisions\/58576"}],"wp:attachment":[{"href":"https:\/\/www.almega.se\/api\/wp\/v2\/media?parent=6319"}],"wp:term":[{"taxonomy":"category","embeddable":true,"href":"https:\/\/www.almega.se\/api\/wp\/v2\/categories?post=6319"},{"taxonomy":"post_tag","embeddable":true,"href":"https:\/\/www.almega.se\/api\/wp\/v2\/tags?post=6319"},{"taxonomy":"type","embeddable":true,"href":"https:\/\/www.almega.se\/api\/wp\/v2\/article_type?post=6319"},{"taxonomy":"agreement","embeddable":true,"href":"https:\/\/www.almega.se\/api\/wp\/v2\/agreement?post=6319"}],"curies":[{"name":"wp","href":"https:\/\/api.w.org\/{rel}","templated":true}]}}