{"id":6306,"date":"2015-01-15T00:00:00","date_gmt":"2015-01-15T00:00:00","guid":{"rendered":"http:\/\/almega-bento\/wp\/blog\/2015\/01\/15\/nationaldagen-och-permission-2015-2\/"},"modified":"2015-01-15T00:00:00","modified_gmt":"2015-01-15T00:00:00","slug":"nationaldagen-och-permission-2015-2","status":"publish","type":"post","link":"https:\/\/www.almega.se\/2015\/01\/nationaldagen-och-permission-2015-2\/","title":{"rendered":"National&shy;dagen och permission 2015"},"content":{"rendered":"\n<p class=\"intro\">Tj\u00e4nstemannaavtalet mellan Almega Tj\u00e4nstef\u00f6retagen\/Medief\u00f6retagen och Unionen (fd HTF) och Akademikerf\u00f6rbunden (det gr\u00f6na avtalet)<\/p>\n<p>I &aring;r 2015 infaller Nationaldagen den 6 juni p&aring; en l&ouml;rdag.<\/p>\n<p>I &sect; 11.1 kollektivavtalet f&ouml;r tj&auml;nstem&auml;n med Unionen och Akademikerf&ouml;rbunden anges att den anst&auml;llde har r&auml;tt till en annan ledig dag utan l&ouml;neavdrag (permission) d&aring; Nationaldagen infaller p&aring; en l&ouml;rdag eller s&ouml;ndag.<\/p>\n<p>R&auml;tten till permisson f&ouml;ruts&auml;tter att tj&auml;nstemannen &auml;r anst&auml;lld och i tj&auml;nst den 6 juni. Det &auml;r arbetsgivaren som best&auml;mmer n&auml;r ledigheten ska f&ouml;rl&auml;ggas. Arbetsgivaren har ocks&aring; en skyldighet att se till att den lediga dagen kan tas ut. Ledigheten m&aring;ste f&ouml;rl&auml;ggas till en dag n&auml;r medarbetaren fortfarande &auml;r anst&auml;lld.<\/p>\n<p>Om arbetsgivaren vill f&ouml;rl&auml;gga ledigheten till en best&auml;md dag eller samma dag f&ouml;r alla tj&auml;nstem&auml;n eller grupp av tj&auml;nstem&auml;n ska detta mbl-f&ouml;rhandlas med kollektivavtalsmotparterna det vill s&auml;ga Unionen och eventuellt med Akademikerf&ouml;rbunden.<\/p>\n<p>Det &auml;r inget som hindrar att permissionsdagen l&auml;ggs en vardag som arbetsgivaren brukar ge ledighet varje &aring;r till exempel en kl&auml;mdag om det inte &auml;r en s&aring;dan dag som de anst&auml;llda enligt kollektivavtalet b&ouml;r ha permission (p&aring;sk- midsommar- och julafton). En l&auml;mplig dag kan vara fredagen den 15 maj som infaller efter Kristi Himmelf&auml;rdsdag, om ledighet denna dag inte &auml;r inarbetad.<\/p>\n<p>Om arbetsgivaren medger kan de anst&auml;llda beviljas permission valfri dag ist&auml;llet.<\/p>\n<p>F&ouml;r deltidsanst&auml;llda ska ledigheten proportioneras i f&ouml;rh&aring;llande till deltiden.<\/p>\n<p>Ledighet som inte har tagits ut under 2015 f&ouml;rfaller och kan inte sparas.<\/p>\n<\/p>\n","protected":false},"excerpt":{"rendered":"<p>Tj\u00e4nstemannaavtalet mellan Almega Tj\u00e4nstef\u00f6retagen\/Medief\u00f6retagen och Unionen (fd HTF) och Akademikerf\u00f6rbunden (det gr\u00f6na avtalet)<\/p>\n","protected":false},"author":1,"featured_media":0,"comment_status":"closed","ping_status":"open","sticky":false,"template":"","format":"standard","meta":{"_acf_changed":false,"footnotes":""},"categories":[1],"tags":[],"article_type":[313],"agreement":[226,228,227,229],"class_list":["post-6306","post","type-post","status-publish","format-standard","hentry","category-okategoriserade","type-arbetsgivarnytt","agreement-29ce80f7-ff07-de11-b4e1-02bf9e69ca65","agreement-1ece80f7-ff07-de11-b4e1-02bf9e69ca65","agreement-59ce80f7-ff07-de11-b4e1-02bf9e69ca65","agreement-53ce80f7-ff07-de11-b4e1-02bf9e69ca65"],"acf":[],"yoast_head":"<!-- This site is optimized with the Yoast SEO Premium plugin v26.8 (Yoast SEO v26.8) - https:\/\/yoast.com\/product\/yoast-seo-premium-wordpress\/ -->\n<title>Nationaldagen och permission 2015 | Almega<\/title>\n<meta name=\"robots\" content=\"index, follow, max-snippet:-1, max-image-preview:large, max-video-preview:-1\" \/>\n<link rel=\"canonical\" href=\"https:\/\/www.almega.se\/2015\/01\/nationaldagen-och-permission-2015-2\/\" \/>\n<meta property=\"og:locale\" content=\"sv_SE\" \/>\n<meta property=\"og:type\" content=\"article\" \/>\n<meta property=\"og:title\" content=\"Nationaldagen och permission 2015\" \/>\n<meta property=\"og:description\" content=\"Tj\u00e4nstemannaavtalet mellan Almega Tj\u00e4nstef\u00f6retagen\/Medief\u00f6retagen och Unionen (fd HTF) och Akademikerf\u00f6rbunden (det gr\u00f6na avtalet)\" \/>\n<meta property=\"og:url\" content=\"https:\/\/www.almega.se\/2015\/01\/nationaldagen-och-permission-2015-2\/\" \/>\n<meta property=\"og:site_name\" content=\"Almega\" \/>\n<meta property=\"article:published_time\" content=\"2015-01-15T00:00:00+00:00\" \/>\n<meta property=\"og:image\" content=\"https:\/\/www.almega.se\/app\/uploads\/2020\/12\/almega-share-logo.png\" \/>\n\t<meta property=\"og:image:width\" content=\"1200\" \/>\n\t<meta property=\"og:image:height\" content=\"630\" \/>\n\t<meta property=\"og:image:type\" content=\"image\/png\" \/>\n<meta name=\"author\" content=\"admin\" \/>\n<meta name=\"twitter:card\" content=\"summary_large_image\" \/>\n<meta name=\"twitter:label1\" content=\"Skriven av\" \/>\n\t<meta name=\"twitter:data1\" content=\"admin\" \/>\n\t<meta name=\"twitter:label2\" content=\"Ber\u00e4knad l\u00e4stid\" \/>\n\t<meta name=\"twitter:data2\" content=\"2 minuter\" \/>\n<!-- \/ Yoast SEO Premium plugin. -->","yoast_head_json":{"title":"Nationaldagen och permission 2015 | Almega","robots":{"index":"index","follow":"follow","max-snippet":"max-snippet:-1","max-image-preview":"max-image-preview:large","max-video-preview":"max-video-preview:-1"},"canonical":"https:\/\/www.almega.se\/2015\/01\/nationaldagen-och-permission-2015-2\/","og_locale":"sv_SE","og_type":"article","og_title":"Nationaldagen och permission 2015","og_description":"Tj\u00e4nstemannaavtalet mellan Almega Tj\u00e4nstef\u00f6retagen\/Medief\u00f6retagen och Unionen (fd HTF) och Akademikerf\u00f6rbunden (det gr\u00f6na avtalet)","og_url":"https:\/\/www.almega.se\/2015\/01\/nationaldagen-och-permission-2015-2\/","og_site_name":"Almega","article_published_time":"2015-01-15T00:00:00+00:00","og_image":[{"width":1200,"height":630,"url":"https:\/\/www.almega.se\/app\/uploads\/2020\/12\/almega-share-logo.png","type":"image\/png"}],"author":"admin","twitter_card":"summary_large_image","twitter_misc":{"Skriven av":"admin","Ber\u00e4knad l\u00e4stid":"2 minuter"},"schema":{"@context":"https:\/\/schema.org","@graph":[{"@type":"NewsArticle","@id":"https:\/\/www.almega.se\/2015\/01\/nationaldagen-och-permission-2015-2\/#article","isPartOf":{"@id":"https:\/\/www.almega.se\/2015\/01\/nationaldagen-och-permission-2015-2\/"},"author":{"name":"admin","@id":"https:\/\/www.almega.se\/#\/schema\/person\/9c3674d192fb8b2d1d8b7a3f31c5151d"},"headline":"National&shy;dagen och permission 2015","datePublished":"2015-01-15T00:00:00+00:00","mainEntityOfPage":{"@id":"https:\/\/www.almega.se\/2015\/01\/nationaldagen-och-permission-2015-2\/"},"wordCount":349,"inLanguage":"sv-SE"},{"@type":"WebPage","@id":"https:\/\/www.almega.se\/2015\/01\/nationaldagen-och-permission-2015-2\/","url":"https:\/\/www.almega.se\/2015\/01\/nationaldagen-och-permission-2015-2\/","name":"Nationaldagen och permission 2015 | Almega","isPartOf":{"@id":"https:\/\/www.almega.se\/#website"},"datePublished":"2015-01-15T00:00:00+00:00","author":{"@id":"https:\/\/www.almega.se\/#\/schema\/person\/9c3674d192fb8b2d1d8b7a3f31c5151d"},"breadcrumb":{"@id":"https:\/\/www.almega.se\/2015\/01\/nationaldagen-och-permission-2015-2\/#breadcrumb"},"inLanguage":"sv-SE","potentialAction":[{"@type":"ReadAction","target":["https:\/\/www.almega.se\/2015\/01\/nationaldagen-och-permission-2015-2\/"]}]},{"@type":"BreadcrumbList","@id":"https:\/\/www.almega.se\/2015\/01\/nationaldagen-och-permission-2015-2\/#breadcrumb","itemListElement":[{"@type":"ListItem","position":1,"name":"Home","item":"https:\/\/www.almega.se\/"},{"@type":"ListItem","position":2,"name":"Nationaldagen och permission 2015"}]},{"@type":"WebSite","@id":"https:\/\/www.almega.se\/#website","url":"https:\/\/www.almega.se\/","name":"Almega","description":"","potentialAction":[{"@type":"SearchAction","target":{"@type":"EntryPoint","urlTemplate":"https:\/\/www.almega.se\/?s={search_term_string}"},"query-input":{"@type":"PropertyValueSpecification","valueRequired":true,"valueName":"search_term_string"}}],"inLanguage":"sv-SE"},{"@type":"Person","@id":"https:\/\/www.almega.se\/#\/schema\/person\/9c3674d192fb8b2d1d8b7a3f31c5151d","name":"admin","image":{"@type":"ImageObject","inLanguage":"sv-SE","@id":"https:\/\/www.almega.se\/#\/schema\/person\/image\/","url":"https:\/\/secure.gravatar.com\/avatar\/13aac7e7a7582f599e3ba7706cec051e12eac4ad6c2ffe6f9d24800e63294187?s=96&d=mm&r=g","contentUrl":"https:\/\/secure.gravatar.com\/avatar\/13aac7e7a7582f599e3ba7706cec051e12eac4ad6c2ffe6f9d24800e63294187?s=96&d=mm&r=g","caption":"admin"},"url":"https:\/\/www.almega.se\/person\/admin\/"}]}},"_links":{"self":[{"href":"https:\/\/www.almega.se\/api\/wp\/v2\/posts\/6306","targetHints":{"allow":["GET"]}}],"collection":[{"href":"https:\/\/www.almega.se\/api\/wp\/v2\/posts"}],"about":[{"href":"https:\/\/www.almega.se\/api\/wp\/v2\/types\/post"}],"author":[{"embeddable":true,"href":"https:\/\/www.almega.se\/api\/wp\/v2\/users\/1"}],"replies":[{"embeddable":true,"href":"https:\/\/www.almega.se\/api\/wp\/v2\/comments?post=6306"}],"version-history":[{"count":1,"href":"https:\/\/www.almega.se\/api\/wp\/v2\/posts\/6306\/revisions"}],"predecessor-version":[{"id":58569,"href":"https:\/\/www.almega.se\/api\/wp\/v2\/posts\/6306\/revisions\/58569"}],"wp:attachment":[{"href":"https:\/\/www.almega.se\/api\/wp\/v2\/media?parent=6306"}],"wp:term":[{"taxonomy":"category","embeddable":true,"href":"https:\/\/www.almega.se\/api\/wp\/v2\/categories?post=6306"},{"taxonomy":"post_tag","embeddable":true,"href":"https:\/\/www.almega.se\/api\/wp\/v2\/tags?post=6306"},{"taxonomy":"type","embeddable":true,"href":"https:\/\/www.almega.se\/api\/wp\/v2\/article_type?post=6306"},{"taxonomy":"agreement","embeddable":true,"href":"https:\/\/www.almega.se\/api\/wp\/v2\/agreement?post=6306"}],"curies":[{"name":"wp","href":"https:\/\/api.w.org\/{rel}","templated":true}]}}