{"id":6294,"date":"2015-02-02T00:00:00","date_gmt":"2015-02-02T00:00:00","guid":{"rendered":"http:\/\/almega-bento\/wp\/blog\/2015\/02\/02\/arets-lonerevision-samt-information-angaende-nationaldagen\/"},"modified":"2015-02-02T00:00:00","modified_gmt":"2015-02-02T00:00:00","slug":"arets-lonerevision-samt-information-angaende-nationaldagen","status":"publish","type":"post","link":"https:\/\/www.almega.se\/2015\/02\/arets-lonerevision-samt-information-angaende-nationaldagen\/","title":{"rendered":"\u00c5rets l\u00f6nerevision samt information ang\u00e5ende national&shy;dagen"},"content":{"rendered":"\n<p class=\"intro\">\u00c5rets l\u00f6nerevision avseende Svenska Teknik&amp;Designf\u00f6retagen f\u00f6r tiden 1 april 2015 till 30 mars 2016 samt information ang\u00e5ende nationaldagen <\/p>\n<p><em>Det &auml;r snart dags f&ouml;r &aring;rets l&ouml;nerevision och vi vill p&aring;minna om f&ouml;ljande utg&aring;ngspunkter:<\/em><\/p>\n<h3>L&ouml;ner Sveriges Arkitekter och Sveriges Ingenj&ouml;rer<\/h3>\n<p>L&ouml;nerevisionstidpunkten &auml;r den 1 april 2015 om inte lokala parter har kommit &ouml;verens om annat.<br \/>  Liksom tidigare g&auml;ller lokal l&ouml;nebildning och l&ouml;nerevisionen sker utifr&aring;n f&ouml;retagets ekonomiska och marknadsm&auml;ssiga f&ouml;ruts&auml;ttningar samt hur den anst&auml;llde har uppfyllt sina m&aring;l och kriterier.<\/p>\n<p>  L&ouml;neavtalet avseende Sveriges Arkitekter och Sveriges Ingenj&ouml;rer g&auml;ller f&ouml;r de tj&auml;nstem&auml;n som &auml;r <strong>medlemmar<\/strong> i Sveriges Arkitekter, i Sveriges Ingenj&ouml;rer eller i n&aring;got av f&ouml;ljande SACO-f&ouml;rbund:<br \/>  Akademikerf&ouml;rbundet SSR, Civilekonomerna, DIK, F&ouml;rbundet Sveriges Arbetsterapeuter, JUSEK, Fysioterapeuterna, L&auml;rarnas Riksf&ouml;rbund, Naturvetarna, Saco-f&ouml;rbundet Trafik &amp; J&auml;rnv&auml;g, SRAT, Sveriges Farmaceuter, Sveriges l&auml;karf&ouml;rbund, Sveriges Psykologf&ouml;rbund, Sveriges skolledarf&ouml;rbund, Sveriges Tandl&auml;karf&ouml;rbund, Sveriges universitetsl&auml;rarf&ouml;rbund och Sveriges veterin&auml;rf&ouml;rbund.<\/p>\n<p>  Finns det inte n&aring;gon akademikerf&ouml;rening p&aring; f&ouml;retaget sker l&ouml;nesamtal med den enskilde tj&auml;nstemannen.<br \/>  Mer information om l&ouml;neprocessen finns i l&ouml;neavtalet samt riktlinjerna till l&ouml;neavtalet. Dessa hittar du p&aring; v&aring;r hemsida <a href=\"cccf467813ed442fbff0313e1f214726\">www.almega.se<\/a> och vidare in under Arbetsgivarguiden\/Dina kollektivavtal.<\/p>\n<h3>L&ouml;ner Unionen<\/h3>\n<p>L&ouml;nerevisionstidpunkten &auml;r den 1 april 2015 om inte lokala parter har kommit &ouml;verens om annat. Det finns enligt avtalet en m&ouml;jlighet att komma &ouml;verens om att till&auml;mpa lokal l&ouml;nebildning. Om lokala parter inte kommer &ouml;verens om att till&auml;mpa lokal l&ouml;nebildning och de inte lyckas tr&auml;ffa en &ouml;verenskommelse om l&ouml;nerevisionen, ska f&ouml;r l&ouml;nerevisionen r&ouml;rande medlemmar i Unionen avs&auml;ttas 2,5 % f&ouml;r 2015.<br \/>  Det finns ingen garanterad minsta l&ouml;ne&ouml;kning, s k individgaranti. L&ouml;nerevisionen sker utifr&aring;n f&ouml;retagets ekonomiska och marknadsm&auml;ssiga f&ouml;ruts&auml;ttningar samt hur den anst&auml;llde har uppfyllt sina m&aring;l och kriterier.<\/p>\n<p>  L&ouml;neavtalet avseende Unionen g&auml;ller f&ouml;r de tj&auml;nstem&auml;n som &auml;r medlemmar i Unionen.<\/p>\n<p>  Finns det inte n&aring;gon Unionenklubb p&aring; f&ouml;retaget sker l&ouml;nesamtal med den enskilde tj&auml;nstemannen.<br \/>  Mer information om l&ouml;neprocessen finns i l&ouml;neavtalet samt riktlinjerna till l&ouml;neavtalet. Dessa hittar du p&aring; v&aring;r hemsida <a href=\"cccf467813ed442fbff0313e1f214726\">www.almega.se<\/a> och vidare in under Arbetsgivarguiden\/Dina kollektivavtal.<\/p>\n<h3>Oorganiserade<\/h3>\n<p>De som &auml;r oorganiserade, d v s de som inte &auml;r medlemmar i n&aring;got av ovanst&aring;ende fackf&ouml;rbund eller inte &auml;r medlemmar i n&aring;got fackf&ouml;rbund, omfattas inte av l&ouml;neavtalen. I dessa fall f&ouml;rs det en dialog mellan f&ouml;retag och individ. V&aring;r rekommendation &auml;r att principerna enligt l&ouml;neavtalen till&auml;mpas &auml;ven p&aring; oorganiserade.<\/p>\n<h3>Sveriges Nationaldag<\/h3>\n<p>I kollektivavtalet p&aring; sidan 8 (&sect; 4) finns reglerna om nationaldagen. Om inte de lokala parterna har kommit &ouml;verens om annat g&auml;ller att:<br \/>  Tj&auml;nsteman som &auml;r anst&auml;lld p&aring; Sveriges nationaldag erh&aring;ller 2,3 timmar per &aring;r, ber&auml;knad som f&ouml;r en heltidsanst&auml;lld, i en tidbank eller motsvarande. F&ouml;r en deltidsanst&auml;lld proportioneras antalet timmar.<\/p>\n<p>  De 2,3 timmarna erh&aring;lls varje &aring;r oavsett om nationaldagen infaller p&aring; en vardag eller en s&ouml;ndag.<\/p>\n<\/p>\n","protected":false},"excerpt":{"rendered":"<p>\u00c5rets l\u00f6nerevision avseende Svenska Teknik&amp;Designf\u00f6retagen f\u00f6r tiden 1 april 2015 till 30 mars 2016 samt information ang\u00e5ende nationaldagen <\/p>\n","protected":false},"author":1,"featured_media":0,"comment_status":"closed","ping_status":"open","sticky":false,"template":"","format":"standard","meta":{"_acf_changed":false,"footnotes":""},"categories":[1],"tags":[],"article_type":[313],"agreement":[459,215],"class_list":["post-6294","post","type-post","status-publish","format-standard","hentry","category-okategoriserade","type-arbetsgivarnytt","agreement-9de9353e-79fc-e811-811f-003dd8b71e49","agreement-7ece80f7-ff07-de11-b4e1-02bf9e69ca65"],"acf":[],"yoast_head":"<!-- This site is optimized with the Yoast SEO Premium plugin v26.8 (Yoast SEO v26.8) - https:\/\/yoast.com\/product\/yoast-seo-premium-wordpress\/ -->\n<title>\u00c5rets l\u00f6nerevision samt information ang\u00e5ende nationaldagen | Almega<\/title>\n<meta name=\"robots\" content=\"index, follow, max-snippet:-1, max-image-preview:large, max-video-preview:-1\" \/>\n<link rel=\"canonical\" href=\"https:\/\/www.almega.se\/2015\/02\/arets-lonerevision-samt-information-angaende-nationaldagen\/\" \/>\n<meta property=\"og:locale\" content=\"sv_SE\" \/>\n<meta property=\"og:type\" content=\"article\" \/>\n<meta property=\"og:title\" content=\"\u00c5rets l\u00f6nerevision samt information ang\u00e5ende nationaldagen\" \/>\n<meta property=\"og:description\" content=\"\u00c5rets l\u00f6nerevision avseende Svenska Teknik&amp;Designf\u00f6retagen f\u00f6r tiden 1 april 2015 till 30 mars 2016 samt information ang\u00e5ende nationaldagen\" \/>\n<meta property=\"og:url\" content=\"https:\/\/www.almega.se\/2015\/02\/arets-lonerevision-samt-information-angaende-nationaldagen\/\" \/>\n<meta property=\"og:site_name\" content=\"Almega\" \/>\n<meta property=\"article:published_time\" content=\"2015-02-02T00:00:00+00:00\" \/>\n<meta property=\"og:image\" content=\"https:\/\/www.almega.se\/app\/uploads\/2020\/12\/almega-share-logo.png\" \/>\n\t<meta property=\"og:image:width\" content=\"1200\" \/>\n\t<meta property=\"og:image:height\" content=\"630\" \/>\n\t<meta property=\"og:image:type\" content=\"image\/png\" \/>\n<meta name=\"author\" content=\"admin\" \/>\n<meta name=\"twitter:card\" content=\"summary_large_image\" \/>\n<meta name=\"twitter:label1\" content=\"Skriven av\" \/>\n\t<meta name=\"twitter:data1\" content=\"admin\" \/>\n\t<meta name=\"twitter:label2\" content=\"Ber\u00e4knad l\u00e4stid\" \/>\n\t<meta name=\"twitter:data2\" content=\"3 minuter\" \/>\n<!-- \/ Yoast SEO Premium plugin. -->","yoast_head_json":{"title":"\u00c5rets l\u00f6nerevision samt information ang\u00e5ende nationaldagen | Almega","robots":{"index":"index","follow":"follow","max-snippet":"max-snippet:-1","max-image-preview":"max-image-preview:large","max-video-preview":"max-video-preview:-1"},"canonical":"https:\/\/www.almega.se\/2015\/02\/arets-lonerevision-samt-information-angaende-nationaldagen\/","og_locale":"sv_SE","og_type":"article","og_title":"\u00c5rets l\u00f6nerevision samt information ang\u00e5ende nationaldagen","og_description":"\u00c5rets l\u00f6nerevision avseende Svenska Teknik&amp;Designf\u00f6retagen f\u00f6r tiden 1 april 2015 till 30 mars 2016 samt information ang\u00e5ende nationaldagen","og_url":"https:\/\/www.almega.se\/2015\/02\/arets-lonerevision-samt-information-angaende-nationaldagen\/","og_site_name":"Almega","article_published_time":"2015-02-02T00:00:00+00:00","og_image":[{"width":1200,"height":630,"url":"https:\/\/www.almega.se\/app\/uploads\/2020\/12\/almega-share-logo.png","type":"image\/png"}],"author":"admin","twitter_card":"summary_large_image","twitter_misc":{"Skriven av":"admin","Ber\u00e4knad l\u00e4stid":"3 minuter"},"schema":{"@context":"https:\/\/schema.org","@graph":[{"@type":"NewsArticle","@id":"https:\/\/www.almega.se\/2015\/02\/arets-lonerevision-samt-information-angaende-nationaldagen\/#article","isPartOf":{"@id":"https:\/\/www.almega.se\/2015\/02\/arets-lonerevision-samt-information-angaende-nationaldagen\/"},"author":{"name":"admin","@id":"https:\/\/www.almega.se\/#\/schema\/person\/9c3674d192fb8b2d1d8b7a3f31c5151d"},"headline":"\u00c5rets l\u00f6nerevision samt information ang\u00e5ende national&shy;dagen","datePublished":"2015-02-02T00:00:00+00:00","mainEntityOfPage":{"@id":"https:\/\/www.almega.se\/2015\/02\/arets-lonerevision-samt-information-angaende-nationaldagen\/"},"wordCount":690,"inLanguage":"sv-SE"},{"@type":"WebPage","@id":"https:\/\/www.almega.se\/2015\/02\/arets-lonerevision-samt-information-angaende-nationaldagen\/","url":"https:\/\/www.almega.se\/2015\/02\/arets-lonerevision-samt-information-angaende-nationaldagen\/","name":"\u00c5rets l\u00f6nerevision samt information ang\u00e5ende nationaldagen | Almega","isPartOf":{"@id":"https:\/\/www.almega.se\/#website"},"datePublished":"2015-02-02T00:00:00+00:00","author":{"@id":"https:\/\/www.almega.se\/#\/schema\/person\/9c3674d192fb8b2d1d8b7a3f31c5151d"},"breadcrumb":{"@id":"https:\/\/www.almega.se\/2015\/02\/arets-lonerevision-samt-information-angaende-nationaldagen\/#breadcrumb"},"inLanguage":"sv-SE","potentialAction":[{"@type":"ReadAction","target":["https:\/\/www.almega.se\/2015\/02\/arets-lonerevision-samt-information-angaende-nationaldagen\/"]}]},{"@type":"BreadcrumbList","@id":"https:\/\/www.almega.se\/2015\/02\/arets-lonerevision-samt-information-angaende-nationaldagen\/#breadcrumb","itemListElement":[{"@type":"ListItem","position":1,"name":"Home","item":"https:\/\/www.almega.se\/"},{"@type":"ListItem","position":2,"name":"\u00c5rets l\u00f6nerevision samt information ang\u00e5ende nationaldagen"}]},{"@type":"WebSite","@id":"https:\/\/www.almega.se\/#website","url":"https:\/\/www.almega.se\/","name":"Almega","description":"","potentialAction":[{"@type":"SearchAction","target":{"@type":"EntryPoint","urlTemplate":"https:\/\/www.almega.se\/?s={search_term_string}"},"query-input":{"@type":"PropertyValueSpecification","valueRequired":true,"valueName":"search_term_string"}}],"inLanguage":"sv-SE"},{"@type":"Person","@id":"https:\/\/www.almega.se\/#\/schema\/person\/9c3674d192fb8b2d1d8b7a3f31c5151d","name":"admin","image":{"@type":"ImageObject","inLanguage":"sv-SE","@id":"https:\/\/www.almega.se\/#\/schema\/person\/image\/","url":"https:\/\/secure.gravatar.com\/avatar\/13aac7e7a7582f599e3ba7706cec051e12eac4ad6c2ffe6f9d24800e63294187?s=96&d=mm&r=g","contentUrl":"https:\/\/secure.gravatar.com\/avatar\/13aac7e7a7582f599e3ba7706cec051e12eac4ad6c2ffe6f9d24800e63294187?s=96&d=mm&r=g","caption":"admin"},"url":"https:\/\/www.almega.se\/person\/admin\/"}]}},"_links":{"self":[{"href":"https:\/\/www.almega.se\/api\/wp\/v2\/posts\/6294","targetHints":{"allow":["GET"]}}],"collection":[{"href":"https:\/\/www.almega.se\/api\/wp\/v2\/posts"}],"about":[{"href":"https:\/\/www.almega.se\/api\/wp\/v2\/types\/post"}],"author":[{"embeddable":true,"href":"https:\/\/www.almega.se\/api\/wp\/v2\/users\/1"}],"replies":[{"embeddable":true,"href":"https:\/\/www.almega.se\/api\/wp\/v2\/comments?post=6294"}],"version-history":[{"count":1,"href":"https:\/\/www.almega.se\/api\/wp\/v2\/posts\/6294\/revisions"}],"predecessor-version":[{"id":58556,"href":"https:\/\/www.almega.se\/api\/wp\/v2\/posts\/6294\/revisions\/58556"}],"wp:attachment":[{"href":"https:\/\/www.almega.se\/api\/wp\/v2\/media?parent=6294"}],"wp:term":[{"taxonomy":"category","embeddable":true,"href":"https:\/\/www.almega.se\/api\/wp\/v2\/categories?post=6294"},{"taxonomy":"post_tag","embeddable":true,"href":"https:\/\/www.almega.se\/api\/wp\/v2\/tags?post=6294"},{"taxonomy":"type","embeddable":true,"href":"https:\/\/www.almega.se\/api\/wp\/v2\/article_type?post=6294"},{"taxonomy":"agreement","embeddable":true,"href":"https:\/\/www.almega.se\/api\/wp\/v2\/agreement?post=6294"}],"curies":[{"name":"wp","href":"https:\/\/api.w.org\/{rel}","templated":true}]}}