{"id":62790,"date":"2023-05-08T10:43:04","date_gmt":"2023-05-08T08:43:04","guid":{"rendered":"https:\/\/www.almega.se\/?p=62790"},"modified":"2023-05-08T10:43:06","modified_gmt":"2023-05-08T08:43:06","slug":"information-angaende-forhandlingarna-om-nytt-tjanstemannaavtal-for-kompetensforetagen","status":"publish","type":"post","link":"https:\/\/www.almega.se\/2023\/05\/information-angaende-forhandlingarna-om-nytt-tjanstemannaavtal-for-kompetensforetagen\/","title":{"rendered":"Information ang\u00e5ende f\u00f6rhandlingarna om nytt tj\u00e4nstemannaavtal f\u00f6r Kompetens&shy;f\u00f6retagen"},"content":{"rendered":"<p class=\"intro\">Kompetensf\u00f6retagens tj\u00e4nstemannaavtal med Unionen och Akademikerf\u00f6rbunden l\u00f6pte ut den 30 april 2023. Kompetensf\u00f6retagen och Unionen har idag gemensamt beg\u00e4rt frivillig medling hos Medlingsinstitutet.<\/p>\n\n<p>F\u00f6rhandlingarna med v\u00e5ra fackliga motparter avseende nytt kollektivavtal p\u00e5g\u00e5r fortsatt, men \u00e4r \u00e4nnu inte klara. Kompetensf\u00f6retagen och Unionen har nu gemensamt valt att beg\u00e4ra frivillig medling hos Medlingsinstitutet f\u00f6r att arbeta vidare i f\u00f6rhandlingarna med m\u00e5ls\u00e4ttningen att teckna nytt kollektivavtal s\u00e5 snart som m\u00f6jligt.<\/p>\n\n\n\n<p>Frivillig medling inneb\u00e4r att medlare utses f\u00f6r att hitta en l\u00f6sning som b\u00e5da parter kan acceptera. Medlarna har till uppgift att presentera en hemst\u00e4llan (f\u00f6rslag p\u00e5 l\u00f6sning) f\u00f6r parterna. Hemst\u00e4llan kan antas eller avsl\u00e5s.<\/p>\n\n\n\n<p>Nuvarande tj\u00e4nstemannaavtal forts\u00e4tter att l\u00f6pa fram till att parterna kommer \u00f6verens om nytt avtal, om ingenting annat meddelas. Direkt n\u00e4r kollektivavtalet \u00e4r klart \u00e5terkommer vi med information om det nya avtalets inneh\u00e5ll i Arbetsgivarnytt.<\/p>\n\n\n\n<p>F\u00f6rhandlingarna med Akademikerf\u00f6rbunden fortg\u00e5r, de \u00e4r inte part i medlingen.<\/p>\n","protected":false},"excerpt":{"rendered":"<p>F\u00f6rhandlingarna med v\u00e5ra fackliga motparter avseende nytt kollektivavtal p\u00e5g\u00e5r fortsatt, men \u00e4r \u00e4nnu inte klara. Kompetensf\u00f6retagen och Unionen har nu gemensamt valt att beg\u00e4ra frivillig medling hos Medlingsinstitutet f\u00f6r att arbeta vidare i f\u00f6rhandlingarna med &hellip;<\/p>\n","protected":false},"author":14836,"featured_media":0,"comment_status":"closed","ping_status":"closed","sticky":false,"template":"","format":"standard","meta":{"_acf_changed":false,"footnotes":""},"categories":[451],"tags":[],"article_type":[313],"agreement":[108,128],"class_list":["post-62790","post","type-post","status-publish","format-standard","hentry","category-arbetsgivarfragor","type-arbetsgivarnytt","agreement-acce80f7-ff07-de11-b4e1-02bf9e69ca65","agreement-abce80f7-ff07-de11-b4e1-02bf9e69ca65"],"acf":[],"yoast_head":"<!-- This site is optimized with the Yoast SEO Premium plugin v26.8 (Yoast SEO v26.8) - https:\/\/yoast.com\/product\/yoast-seo-premium-wordpress\/ -->\n<title>Information ang\u00e5ende f\u00f6rhandlingarna om nytt tj\u00e4nstemannaavtal f\u00f6r Kompetensf\u00f6retagen | Almega<\/title>\n<meta name=\"robots\" content=\"index, follow, max-snippet:-1, max-image-preview:large, max-video-preview:-1\" \/>\n<link rel=\"canonical\" href=\"https:\/\/www.almega.se\/2023\/05\/information-angaende-forhandlingarna-om-nytt-tjanstemannaavtal-for-kompetensforetagen\/\" \/>\n<meta property=\"og:locale\" content=\"sv_SE\" \/>\n<meta property=\"og:type\" content=\"article\" \/>\n<meta property=\"og:title\" content=\"Information ang\u00e5ende f\u00f6rhandlingarna om nytt tj\u00e4nstemannaavtal f\u00f6r Kompetensf\u00f6retagen\" \/>\n<meta property=\"og:description\" content=\"F\u00f6rhandlingarna med v\u00e5ra fackliga motparter avseende nytt kollektivavtal p\u00e5g\u00e5r fortsatt, men \u00e4r \u00e4nnu inte klara. Kompetensf\u00f6retagen och Unionen har nu gemensamt valt att beg\u00e4ra frivillig medling hos Medlingsinstitutet f\u00f6r att arbeta vidare i f\u00f6rhandlingarna med &hellip;\" \/>\n<meta property=\"og:url\" content=\"https:\/\/www.almega.se\/2023\/05\/information-angaende-forhandlingarna-om-nytt-tjanstemannaavtal-for-kompetensforetagen\/\" \/>\n<meta property=\"og:site_name\" content=\"Almega\" \/>\n<meta property=\"article:published_time\" content=\"2023-05-08T08:43:04+00:00\" \/>\n<meta property=\"article:modified_time\" content=\"2023-05-08T08:43:06+00:00\" \/>\n<meta property=\"og:image\" content=\"https:\/\/www.almega.se\/app\/uploads\/2020\/12\/almega-share-logo.png\" \/>\n\t<meta property=\"og:image:width\" content=\"1200\" \/>\n\t<meta property=\"og:image:height\" content=\"630\" \/>\n\t<meta property=\"og:image:type\" content=\"image\/png\" \/>\n<meta name=\"author\" content=\"Eva Pettersson\" \/>\n<meta name=\"twitter:card\" content=\"summary_large_image\" \/>\n<meta name=\"twitter:label1\" content=\"Skriven av\" \/>\n\t<meta name=\"twitter:data1\" content=\"Eva Pettersson\" \/>\n\t<meta name=\"twitter:label2\" content=\"Ber\u00e4knad l\u00e4stid\" \/>\n\t<meta name=\"twitter:data2\" content=\"1 minut\" \/>\n<!-- \/ Yoast SEO Premium plugin. -->","yoast_head_json":{"title":"Information ang\u00e5ende f\u00f6rhandlingarna om nytt tj\u00e4nstemannaavtal f\u00f6r Kompetensf\u00f6retagen | Almega","robots":{"index":"index","follow":"follow","max-snippet":"max-snippet:-1","max-image-preview":"max-image-preview:large","max-video-preview":"max-video-preview:-1"},"canonical":"https:\/\/www.almega.se\/2023\/05\/information-angaende-forhandlingarna-om-nytt-tjanstemannaavtal-for-kompetensforetagen\/","og_locale":"sv_SE","og_type":"article","og_title":"Information ang\u00e5ende f\u00f6rhandlingarna om nytt tj\u00e4nstemannaavtal f\u00f6r Kompetensf\u00f6retagen","og_description":"F\u00f6rhandlingarna med v\u00e5ra fackliga motparter avseende nytt kollektivavtal p\u00e5g\u00e5r fortsatt, men \u00e4r \u00e4nnu inte klara. Kompetensf\u00f6retagen och Unionen har nu gemensamt valt att beg\u00e4ra frivillig medling hos Medlingsinstitutet f\u00f6r att arbeta vidare i f\u00f6rhandlingarna med &hellip;","og_url":"https:\/\/www.almega.se\/2023\/05\/information-angaende-forhandlingarna-om-nytt-tjanstemannaavtal-for-kompetensforetagen\/","og_site_name":"Almega","article_published_time":"2023-05-08T08:43:04+00:00","article_modified_time":"2023-05-08T08:43:06+00:00","og_image":[{"width":1200,"height":630,"url":"https:\/\/www.almega.se\/app\/uploads\/2020\/12\/almega-share-logo.png","type":"image\/png"}],"author":"Eva Pettersson","twitter_card":"summary_large_image","twitter_misc":{"Skriven av":"Eva Pettersson","Ber\u00e4knad l\u00e4stid":"1 minut"},"schema":{"@context":"https:\/\/schema.org","@graph":[{"@type":"NewsArticle","@id":"https:\/\/www.almega.se\/2023\/05\/information-angaende-forhandlingarna-om-nytt-tjanstemannaavtal-for-kompetensforetagen\/#article","isPartOf":{"@id":"https:\/\/www.almega.se\/2023\/05\/information-angaende-forhandlingarna-om-nytt-tjanstemannaavtal-for-kompetensforetagen\/"},"author":{"name":"Eva Pettersson","@id":"https:\/\/www.almega.se\/#\/schema\/person\/50d695bb8f918c77bd2be177892f84b1"},"headline":"Information ang\u00e5ende f\u00f6rhandlingarna om nytt tj\u00e4nstemannaavtal f\u00f6r Kompetens&shy;f\u00f6retagen","datePublished":"2023-05-08T08:43:04+00:00","dateModified":"2023-05-08T08:43:06+00:00","mainEntityOfPage":{"@id":"https:\/\/www.almega.se\/2023\/05\/information-angaende-forhandlingarna-om-nytt-tjanstemannaavtal-for-kompetensforetagen\/"},"wordCount":164,"articleSection":["Arbetsgivarfr\u00e5gor"],"inLanguage":"sv-SE"},{"@type":"WebPage","@id":"https:\/\/www.almega.se\/2023\/05\/information-angaende-forhandlingarna-om-nytt-tjanstemannaavtal-for-kompetensforetagen\/","url":"https:\/\/www.almega.se\/2023\/05\/information-angaende-forhandlingarna-om-nytt-tjanstemannaavtal-for-kompetensforetagen\/","name":"Information ang\u00e5ende f\u00f6rhandlingarna om nytt tj\u00e4nstemannaavtal f\u00f6r Kompetensf\u00f6retagen | Almega","isPartOf":{"@id":"https:\/\/www.almega.se\/#website"},"datePublished":"2023-05-08T08:43:04+00:00","dateModified":"2023-05-08T08:43:06+00:00","author":{"@id":"https:\/\/www.almega.se\/#\/schema\/person\/50d695bb8f918c77bd2be177892f84b1"},"breadcrumb":{"@id":"https:\/\/www.almega.se\/2023\/05\/information-angaende-forhandlingarna-om-nytt-tjanstemannaavtal-for-kompetensforetagen\/#breadcrumb"},"inLanguage":"sv-SE","potentialAction":[{"@type":"ReadAction","target":["https:\/\/www.almega.se\/2023\/05\/information-angaende-forhandlingarna-om-nytt-tjanstemannaavtal-for-kompetensforetagen\/"]}]},{"@type":"BreadcrumbList","@id":"https:\/\/www.almega.se\/2023\/05\/information-angaende-forhandlingarna-om-nytt-tjanstemannaavtal-for-kompetensforetagen\/#breadcrumb","itemListElement":[{"@type":"ListItem","position":1,"name":"Home","item":"https:\/\/www.almega.se\/"},{"@type":"ListItem","position":2,"name":"Information ang\u00e5ende f\u00f6rhandlingarna om nytt tj\u00e4nstemannaavtal f\u00f6r Kompetens&shy;f\u00f6retagen"}]},{"@type":"WebSite","@id":"https:\/\/www.almega.se\/#website","url":"https:\/\/www.almega.se\/","name":"Almega","description":"","potentialAction":[{"@type":"SearchAction","target":{"@type":"EntryPoint","urlTemplate":"https:\/\/www.almega.se\/?s={search_term_string}"},"query-input":{"@type":"PropertyValueSpecification","valueRequired":true,"valueName":"search_term_string"}}],"inLanguage":"sv-SE"},{"@type":"Person","@id":"https:\/\/www.almega.se\/#\/schema\/person\/50d695bb8f918c77bd2be177892f84b1","name":"Eva Pettersson","image":{"@type":"ImageObject","inLanguage":"sv-SE","@id":"https:\/\/www.almega.se\/#\/schema\/person\/image\/","url":"https:\/\/secure.gravatar.com\/avatar\/c4811d04bd37924073d3b0ce1984d0651f0f37902ffb665f3ca439bb5b3e306f?s=96&d=mm&r=g","contentUrl":"https:\/\/secure.gravatar.com\/avatar\/c4811d04bd37924073d3b0ce1984d0651f0f37902ffb665f3ca439bb5b3e306f?s=96&d=mm&r=g","caption":"Eva Pettersson"},"url":"https:\/\/www.almega.se\/person\/evapettersson-2\/"}]}},"_links":{"self":[{"href":"https:\/\/www.almega.se\/api\/wp\/v2\/posts\/62790","targetHints":{"allow":["GET"]}}],"collection":[{"href":"https:\/\/www.almega.se\/api\/wp\/v2\/posts"}],"about":[{"href":"https:\/\/www.almega.se\/api\/wp\/v2\/types\/post"}],"author":[{"embeddable":true,"href":"https:\/\/www.almega.se\/api\/wp\/v2\/users\/14836"}],"replies":[{"embeddable":true,"href":"https:\/\/www.almega.se\/api\/wp\/v2\/comments?post=62790"}],"version-history":[{"count":9,"href":"https:\/\/www.almega.se\/api\/wp\/v2\/posts\/62790\/revisions"}],"predecessor-version":[{"id":62799,"href":"https:\/\/www.almega.se\/api\/wp\/v2\/posts\/62790\/revisions\/62799"}],"wp:attachment":[{"href":"https:\/\/www.almega.se\/api\/wp\/v2\/media?parent=62790"}],"wp:term":[{"taxonomy":"category","embeddable":true,"href":"https:\/\/www.almega.se\/api\/wp\/v2\/categories?post=62790"},{"taxonomy":"post_tag","embeddable":true,"href":"https:\/\/www.almega.se\/api\/wp\/v2\/tags?post=62790"},{"taxonomy":"type","embeddable":true,"href":"https:\/\/www.almega.se\/api\/wp\/v2\/article_type?post=62790"},{"taxonomy":"agreement","embeddable":true,"href":"https:\/\/www.almega.se\/api\/wp\/v2\/agreement?post=62790"}],"curies":[{"name":"wp","href":"https:\/\/api.w.org\/{rel}","templated":true}]}}