{"id":6222,"date":"2015-03-27T14:00:00","date_gmt":"2015-03-27T14:00:00","guid":{"rendered":"http:\/\/almega-bento\/wp\/blog\/2015\/03\/27\/ledig-dag-pa-grund-av-att-nationaldagen-i-ar-infaller-pa-en-lordag-2\/"},"modified":"2015-03-27T14:00:00","modified_gmt":"2015-03-27T14:00:00","slug":"ledig-dag-pa-grund-av-att-nationaldagen-i-ar-infaller-pa-en-lordag-2","status":"publish","type":"post","link":"https:\/\/www.almega.se\/2015\/03\/ledig-dag-pa-grund-av-att-nationaldagen-i-ar-infaller-pa-en-lordag-2\/","title":{"rendered":"Ledig dag p\u00e5 grund av att national&shy;dagen i \u00e5r infaller p\u00e5 en l\u00f6rdag"},"content":{"rendered":"\n<p>&Aring;r 2015 infaller nationaldagen den 6 juni p&aring; en l&ouml;rdag.<\/p>\n<p>Enligt Anm&auml;rkningen till &sect; 5 Mom 1 i kollektivavtalen som V&aring;rdf&ouml;retagarna tecknar med Fysioterapeuterna, V&aring;rdf&ouml;rbundet, Vision respektive Kommunal f&ouml;r bransch V&aring;rd och behandlingsverksamhet samt omsorgsverksamhet (E) har medarbetare med ordinarie arbetstid f&ouml;rlagd m&aring;ndag till och med fredag r&auml;tt till en dags ledighet de &aring;r som nationaldagen infaller en l&ouml;rdag eller s&ouml;ndag.<\/p>\n<p>Motsvarande regel finns i &sect; 4 Mom 5 i kollektivavtalet som V&aring;rdf&ouml;retagarna tecknar med Sveriges l&auml;karf&ouml;rbund f&ouml;r bransch V&aring;rd och behandlingsverksamhet samt omsorgsverksamhet (E) samt &Auml;ldreomsorg (F).<\/p>\n<p>Notera att det endast &auml;r medarbetare som har en ordinarie arbetstid vid heltidsanst&auml;llning som &auml;r i genomsnitt 40 timmar per helgfri vecka som har r&auml;tt till en dags ledighet. Medarbetare som har en ordinarie arbetstid vid heltidsanst&auml;llning som &auml;r i genomsnitt 37 timmar per vecka p&aring; grund av att arbetstiden &auml;r f&ouml;rlagd till s&aring;v&auml;l vardagar som s&ouml;n- och helgdagar och medarbetare som har en ordinarie arbetstid vid heltidsanst&auml;llning som i genomsnitt &auml;r 36 timmar och 20 minuter per vecka p&aring; grund av st&auml;ndig nattj&auml;nstg&ouml;ring, har inte r&auml;tt till en ledig dag.<\/p>\n<p>F&ouml;r deltidsanst&auml;llda ska ledigheten proportioneras i f&ouml;rh&aring;llande till medarbetarens syssels&auml;ttningsgrad.<\/p>\n<p>Ytterligare en f&ouml;ruts&auml;ttning f&ouml;r r&auml;tten till en ledig dag &auml;r att anst&auml;llningen best&aring;r den 6 juni och att medarbetaren &auml;r i tj&auml;nst. Medarbetare som &auml;r tj&auml;nstlediga (exempelvis p&aring; grund av f&ouml;r&auml;ldraledighet, studieledighet, l&aring;ngtidssjukfr&aring;nvaro etc) den 6 juni har inte r&auml;tt till en ledig dag.<\/p>\n<p>Arbetsgivare och medarbetare kommer &ouml;verens om n&auml;r under 2015 som den lediga dagen ska f&ouml;rl&auml;ggas. Arbetsgivare har en skyldighet att se till att den lediga dagen kan tas ut. Den lediga dagen kan inte sparas till annat &aring;r, utan f&ouml;rfaller om den inte tas ut under 2015.<\/p>\n<\/p>\n","protected":false},"excerpt":{"rendered":"<p>&Aring;r 2015 infaller nationaldagen den 6 juni p&aring; en l&ouml;rdag. Enligt Anm&auml;rkningen till &sect; 5 Mom 1 i kollektivavtalen som V&aring;rdf&ouml;retagarna tecknar med Fysioterapeuterna, V&aring;rdf&ouml;rbundet, Vision respektive Kommunal f&ouml;r bransch V&aring;rd och behandlingsverksamhet samt omsorgsverksamhet &hellip;<\/p>\n","protected":false},"author":1,"featured_media":0,"comment_status":"closed","ping_status":"open","sticky":false,"template":"","format":"standard","meta":{"_acf_changed":false,"footnotes":""},"categories":[1],"tags":[],"article_type":[313],"agreement":[238,239],"class_list":["post-6222","post","type-post","status-publish","format-standard","hentry","category-okategoriserade","type-arbetsgivarnytt","agreement-bfcd80f7-ff07-de11-b4e1-02bf9e69ca65","agreement-c0cd80f7-ff07-de11-b4e1-02bf9e69ca65"],"acf":[],"yoast_head":"<!-- This site is optimized with the Yoast SEO Premium plugin v26.8 (Yoast SEO v26.8) - https:\/\/yoast.com\/product\/yoast-seo-premium-wordpress\/ -->\n<title>Ledig dag p\u00e5 grund av att nationaldagen i \u00e5r infaller p\u00e5 en l\u00f6rdag | Almega<\/title>\n<meta name=\"robots\" content=\"index, follow, max-snippet:-1, max-image-preview:large, max-video-preview:-1\" \/>\n<link rel=\"canonical\" href=\"https:\/\/www.almega.se\/2015\/03\/ledig-dag-pa-grund-av-att-nationaldagen-i-ar-infaller-pa-en-lordag-2\/\" \/>\n<meta property=\"og:locale\" content=\"sv_SE\" \/>\n<meta property=\"og:type\" content=\"article\" \/>\n<meta property=\"og:title\" content=\"Ledig dag p\u00e5 grund av att nationaldagen i \u00e5r infaller p\u00e5 en l\u00f6rdag\" \/>\n<meta property=\"og:description\" content=\"&Aring;r 2015 infaller nationaldagen den 6 juni p&aring; en l&ouml;rdag. Enligt Anm&auml;rkningen till &sect; 5 Mom 1 i kollektivavtalen som V&aring;rdf&ouml;retagarna tecknar med Fysioterapeuterna, V&aring;rdf&ouml;rbundet, Vision respektive Kommunal f&ouml;r bransch V&aring;rd och behandlingsverksamhet samt omsorgsverksamhet &hellip;\" \/>\n<meta property=\"og:url\" content=\"https:\/\/www.almega.se\/2015\/03\/ledig-dag-pa-grund-av-att-nationaldagen-i-ar-infaller-pa-en-lordag-2\/\" \/>\n<meta property=\"og:site_name\" content=\"Almega\" \/>\n<meta property=\"article:published_time\" content=\"2015-03-27T14:00:00+00:00\" \/>\n<meta property=\"og:image\" content=\"https:\/\/www.almega.se\/app\/uploads\/2020\/12\/almega-share-logo.png\" \/>\n\t<meta property=\"og:image:width\" content=\"1200\" \/>\n\t<meta property=\"og:image:height\" content=\"630\" \/>\n\t<meta property=\"og:image:type\" content=\"image\/png\" \/>\n<meta name=\"author\" content=\"admin\" \/>\n<meta name=\"twitter:card\" content=\"summary_large_image\" \/>\n<meta name=\"twitter:label1\" content=\"Skriven av\" \/>\n\t<meta name=\"twitter:data1\" content=\"admin\" \/>\n\t<meta name=\"twitter:label2\" content=\"Ber\u00e4knad l\u00e4stid\" \/>\n\t<meta name=\"twitter:data2\" content=\"2 minuter\" \/>\n<!-- \/ Yoast SEO Premium plugin. -->","yoast_head_json":{"title":"Ledig dag p\u00e5 grund av att nationaldagen i \u00e5r infaller p\u00e5 en l\u00f6rdag | Almega","robots":{"index":"index","follow":"follow","max-snippet":"max-snippet:-1","max-image-preview":"max-image-preview:large","max-video-preview":"max-video-preview:-1"},"canonical":"https:\/\/www.almega.se\/2015\/03\/ledig-dag-pa-grund-av-att-nationaldagen-i-ar-infaller-pa-en-lordag-2\/","og_locale":"sv_SE","og_type":"article","og_title":"Ledig dag p\u00e5 grund av att nationaldagen i \u00e5r infaller p\u00e5 en l\u00f6rdag","og_description":"&Aring;r 2015 infaller nationaldagen den 6 juni p&aring; en l&ouml;rdag. Enligt Anm&auml;rkningen till &sect; 5 Mom 1 i kollektivavtalen som V&aring;rdf&ouml;retagarna tecknar med Fysioterapeuterna, V&aring;rdf&ouml;rbundet, Vision respektive Kommunal f&ouml;r bransch V&aring;rd och behandlingsverksamhet samt omsorgsverksamhet &hellip;","og_url":"https:\/\/www.almega.se\/2015\/03\/ledig-dag-pa-grund-av-att-nationaldagen-i-ar-infaller-pa-en-lordag-2\/","og_site_name":"Almega","article_published_time":"2015-03-27T14:00:00+00:00","og_image":[{"width":1200,"height":630,"url":"https:\/\/www.almega.se\/app\/uploads\/2020\/12\/almega-share-logo.png","type":"image\/png"}],"author":"admin","twitter_card":"summary_large_image","twitter_misc":{"Skriven av":"admin","Ber\u00e4knad l\u00e4stid":"2 minuter"},"schema":{"@context":"https:\/\/schema.org","@graph":[{"@type":"NewsArticle","@id":"https:\/\/www.almega.se\/2015\/03\/ledig-dag-pa-grund-av-att-nationaldagen-i-ar-infaller-pa-en-lordag-2\/#article","isPartOf":{"@id":"https:\/\/www.almega.se\/2015\/03\/ledig-dag-pa-grund-av-att-nationaldagen-i-ar-infaller-pa-en-lordag-2\/"},"author":{"name":"admin","@id":"https:\/\/www.almega.se\/#\/schema\/person\/9c3674d192fb8b2d1d8b7a3f31c5151d"},"headline":"Ledig dag p\u00e5 grund av att national&shy;dagen i \u00e5r infaller p\u00e5 en l\u00f6rdag","datePublished":"2015-03-27T14:00:00+00:00","mainEntityOfPage":{"@id":"https:\/\/www.almega.se\/2015\/03\/ledig-dag-pa-grund-av-att-nationaldagen-i-ar-infaller-pa-en-lordag-2\/"},"wordCount":403,"inLanguage":"sv-SE"},{"@type":"WebPage","@id":"https:\/\/www.almega.se\/2015\/03\/ledig-dag-pa-grund-av-att-nationaldagen-i-ar-infaller-pa-en-lordag-2\/","url":"https:\/\/www.almega.se\/2015\/03\/ledig-dag-pa-grund-av-att-nationaldagen-i-ar-infaller-pa-en-lordag-2\/","name":"Ledig dag p\u00e5 grund av att nationaldagen i \u00e5r infaller p\u00e5 en l\u00f6rdag | Almega","isPartOf":{"@id":"https:\/\/www.almega.se\/#website"},"datePublished":"2015-03-27T14:00:00+00:00","author":{"@id":"https:\/\/www.almega.se\/#\/schema\/person\/9c3674d192fb8b2d1d8b7a3f31c5151d"},"breadcrumb":{"@id":"https:\/\/www.almega.se\/2015\/03\/ledig-dag-pa-grund-av-att-nationaldagen-i-ar-infaller-pa-en-lordag-2\/#breadcrumb"},"inLanguage":"sv-SE","potentialAction":[{"@type":"ReadAction","target":["https:\/\/www.almega.se\/2015\/03\/ledig-dag-pa-grund-av-att-nationaldagen-i-ar-infaller-pa-en-lordag-2\/"]}]},{"@type":"BreadcrumbList","@id":"https:\/\/www.almega.se\/2015\/03\/ledig-dag-pa-grund-av-att-nationaldagen-i-ar-infaller-pa-en-lordag-2\/#breadcrumb","itemListElement":[{"@type":"ListItem","position":1,"name":"Home","item":"https:\/\/www.almega.se\/"},{"@type":"ListItem","position":2,"name":"Ledig dag p\u00e5 grund av att nationaldagen i \u00e5r infaller p\u00e5 en l\u00f6rdag"}]},{"@type":"WebSite","@id":"https:\/\/www.almega.se\/#website","url":"https:\/\/www.almega.se\/","name":"Almega","description":"","potentialAction":[{"@type":"SearchAction","target":{"@type":"EntryPoint","urlTemplate":"https:\/\/www.almega.se\/?s={search_term_string}"},"query-input":{"@type":"PropertyValueSpecification","valueRequired":true,"valueName":"search_term_string"}}],"inLanguage":"sv-SE"},{"@type":"Person","@id":"https:\/\/www.almega.se\/#\/schema\/person\/9c3674d192fb8b2d1d8b7a3f31c5151d","name":"admin","image":{"@type":"ImageObject","inLanguage":"sv-SE","@id":"https:\/\/www.almega.se\/#\/schema\/person\/image\/","url":"https:\/\/secure.gravatar.com\/avatar\/13aac7e7a7582f599e3ba7706cec051e12eac4ad6c2ffe6f9d24800e63294187?s=96&d=mm&r=g","contentUrl":"https:\/\/secure.gravatar.com\/avatar\/13aac7e7a7582f599e3ba7706cec051e12eac4ad6c2ffe6f9d24800e63294187?s=96&d=mm&r=g","caption":"admin"},"url":"https:\/\/www.almega.se\/person\/admin\/"}]}},"_links":{"self":[{"href":"https:\/\/www.almega.se\/api\/wp\/v2\/posts\/6222","targetHints":{"allow":["GET"]}}],"collection":[{"href":"https:\/\/www.almega.se\/api\/wp\/v2\/posts"}],"about":[{"href":"https:\/\/www.almega.se\/api\/wp\/v2\/types\/post"}],"author":[{"embeddable":true,"href":"https:\/\/www.almega.se\/api\/wp\/v2\/users\/1"}],"replies":[{"embeddable":true,"href":"https:\/\/www.almega.se\/api\/wp\/v2\/comments?post=6222"}],"version-history":[{"count":1,"href":"https:\/\/www.almega.se\/api\/wp\/v2\/posts\/6222\/revisions"}],"predecessor-version":[{"id":58536,"href":"https:\/\/www.almega.se\/api\/wp\/v2\/posts\/6222\/revisions\/58536"}],"wp:attachment":[{"href":"https:\/\/www.almega.se\/api\/wp\/v2\/media?parent=6222"}],"wp:term":[{"taxonomy":"category","embeddable":true,"href":"https:\/\/www.almega.se\/api\/wp\/v2\/categories?post=6222"},{"taxonomy":"post_tag","embeddable":true,"href":"https:\/\/www.almega.se\/api\/wp\/v2\/tags?post=6222"},{"taxonomy":"type","embeddable":true,"href":"https:\/\/www.almega.se\/api\/wp\/v2\/article_type?post=6222"},{"taxonomy":"agreement","embeddable":true,"href":"https:\/\/www.almega.se\/api\/wp\/v2\/agreement?post=6222"}],"curies":[{"name":"wp","href":"https:\/\/api.w.org\/{rel}","templated":true}]}}