{"id":6150,"date":"2015-06-11T08:00:00","date_gmt":"2015-06-11T08:00:00","guid":{"rendered":"http:\/\/almega-bento\/wp\/blog\/2015\/06\/11\/het-arbetsmarknad-moter-kyla\/"},"modified":"2023-02-14T14:51:19","modified_gmt":"2023-02-14T13:51:19","slug":"het-arbetsmarknad-moter-kyla","status":"publish","type":"post","link":"https:\/\/www.almega.se\/2015\/06\/het-arbetsmarknad-moter-kyla\/","title":{"rendered":"Het arbetsmarknad m\u00f6ter kyla"},"content":{"rendered":"\n<p>Nu rapporterar flera branscher att bristen p\u00e5 personal stiger, vilket h\u00f6r samman med \u00f6kade sv\u00e5righeter f\u00f6r f\u00f6retagen att hitta den kompetens de s\u00f6ker p\u00e5 arbetsmarknaden. Det skapar flaskhalsar som h\u00e5ller tillbaka en starkare produktionstillv\u00e4xt i tj\u00e4nstesektorn.<\/p>\n\n\n\n<p>Almegas tj\u00e4nsteindikator tyder p\u00e5 att tillv\u00e4xten inom den privata tj\u00e4nstesektorn utvecklas sidledes under \u00e5rets andra kvartal. Tj\u00e4nsteindikatorn pekar p\u00e5 en marginellt svagare produktionstillv\u00e4xt under andra kvartalet, men tillv\u00e4xttakten kan \u00e4nd\u00e5 v\u00e4ntas ligga kvar kring 3 procent, vilket var takten under f\u00f6rsta kvartalet. Efterfr\u00e5gan p\u00e5 tj\u00e4nster riktade till b\u00e5de hush\u00e5ll och f\u00f6retag ser fortsatt stark ut, men kapacitetsutnyttjandet \u00e4r redan h\u00f6gt inom flera tungt v\u00e4gande branscher, vilket motverkar en fortsatt upptrappning av produktionstillv\u00e4xten inom den privata tj\u00e4nstesektorn.<\/p>\n\n\n\n<p>Almegas arbetsmarknadsindikator tyder p\u00e5 att \u00f6kningstakten f\u00f6r syssels\u00e4ttningen inom den privata tj\u00e4nstesektorn kommer att ligga p\u00e5 ungef\u00e4r samma takt som under f\u00f6rsta kvartalet. Efterfr\u00e5gan p\u00e5 arbetskraft \u00f6kar, men mycket talar f\u00f6r att \u00f6kade problem f\u00f6r flera tungt v\u00e4gande tj\u00e4nstebranscher att hitta den kompetens f\u00f6retagen s\u00f6ker h\u00e5ller tillbaka \u00f6kningen f\u00f6r antalet sysselsatta i tj\u00e4nstesektorn totalt.<\/p>\n\n\n\n<p>Till den \u00f6kade bristen p\u00e5 den kompetens f\u00f6retagen s\u00f6ker bidrar det faktum att alltfler inrikes f\u00f6dda har l\u00e4mnat arbetskraften i samband med de senaste \u00e5rens \u00f6kade pensionsavg\u00e5ngar. Dessutom minskade syssels\u00e4ttningen kraftigt bland inrikes f\u00f6dda i samband med finanskrisen 2008-2009. Fr\u00e5n 2012 och fram\u00e5t har utrikes f\u00f6dda bidragit alltmer till den \u00f6kade syssels\u00e4ttningen i Sverige medan inrikes f\u00f6dda bidragit allt mindre. Det \u00f6kade bidraget fr\u00e5n utrikes f\u00f6dda r\u00e4cker emellertid inte till f\u00f6r den \u00f6kade efterfr\u00e5gan p\u00e5 fr\u00e4mst h\u00f6gkvalificerad arbetskraft inom tj\u00e4nstesektorn.<\/p>\n\n\n\n<p>Almegas prisindikator visar att pris\u00f6kningstakten f\u00f6r producentpriserna inom den privata tj\u00e4nstesektorn v\u00e4ntas \u00f6ka under andra kvartalet i \u00e5r. En bidragande orsak till detta \u00e4r ett f\u00f6rb\u00e4ttrat efterfr\u00e5gel\u00e4ge, fr\u00e4mst inom detaljhandeln. F\u00f6r \u00f6vriga tj\u00e4nstepriser tyder Almegas prisindikator p\u00e5 en fortsatt svag prisutveckling. Det h\u00f6r sannolikt samman med en fortsatt h\u00e5rd internationell konkurrens, med begr\u00e4nsade m\u00f6jligheter att h\u00f6ja producentpriserna.<\/p>\n","protected":false},"excerpt":{"rendered":"<p>Nu rapporterar flera branscher att bristen p\u00e5 personal stiger, vilket h\u00f6r samman med \u00f6kade sv\u00e5righeter f\u00f6r f\u00f6retagen att hitta den kompetens de s\u00f6ker p\u00e5 arbetsmarknaden. Det skapar flaskhalsar som h\u00e5ller tillbaka en starkare produktionstillv\u00e4xt i tj\u00e4nstesektorn.<\/p>\n","protected":false},"author":1,"featured_media":0,"comment_status":"closed","ping_status":"open","sticky":false,"template":"","format":"standard","meta":{"_acf_changed":false,"footnotes":""},"categories":[581],"tags":[50],"article_type":[56,42],"agreement":[],"class_list":["post-6150","post","type-post","status-publish","format-standard","hentry","category-tjanstesektorns-betydelse","tag-tjanstesektorns-utveckling","type-nyheter","type-rapporter"],"acf":[],"yoast_head":"<!-- This site is optimized with the Yoast SEO Premium plugin v26.8 (Yoast SEO v26.8) - https:\/\/yoast.com\/product\/yoast-seo-premium-wordpress\/ -->\n<title>Het arbetsmarknad m\u00f6ter kyla | Almega<\/title>\n<meta name=\"robots\" content=\"index, follow, max-snippet:-1, max-image-preview:large, max-video-preview:-1\" \/>\n<link rel=\"canonical\" href=\"https:\/\/www.almega.se\/2015\/06\/het-arbetsmarknad-moter-kyla\/\" \/>\n<meta property=\"og:locale\" content=\"sv_SE\" \/>\n<meta property=\"og:type\" content=\"article\" \/>\n<meta property=\"og:title\" content=\"Het arbetsmarknad m\u00f6ter kyla\" \/>\n<meta property=\"og:description\" content=\"Nu rapporterar flera branscher att bristen p\u00e5 personal stiger, vilket h\u00f6r samman med \u00f6kade sv\u00e5righeter f\u00f6r f\u00f6retagen att hitta den kompetens de s\u00f6ker p\u00e5 arbetsmarknaden. Det skapar flaskhalsar som h\u00e5ller tillbaka en starkare produktionstillv\u00e4xt i tj\u00e4nstesektorn.\" \/>\n<meta property=\"og:url\" content=\"https:\/\/www.almega.se\/2015\/06\/het-arbetsmarknad-moter-kyla\/\" \/>\n<meta property=\"og:site_name\" content=\"Almega\" \/>\n<meta property=\"article:published_time\" content=\"2015-06-11T08:00:00+00:00\" \/>\n<meta property=\"article:modified_time\" content=\"2023-02-14T13:51:19+00:00\" \/>\n<meta property=\"og:image\" content=\"https:\/\/www.almega.se\/app\/uploads\/2020\/12\/almega-share-logo.png\" \/>\n\t<meta property=\"og:image:width\" content=\"1200\" \/>\n\t<meta property=\"og:image:height\" content=\"630\" \/>\n\t<meta property=\"og:image:type\" content=\"image\/png\" \/>\n<meta name=\"author\" content=\"admin\" \/>\n<meta name=\"twitter:card\" content=\"summary_large_image\" \/>\n<meta name=\"twitter:label1\" content=\"Skriven av\" \/>\n\t<meta name=\"twitter:data1\" content=\"admin\" \/>\n\t<meta name=\"twitter:label2\" content=\"Ber\u00e4knad l\u00e4stid\" \/>\n\t<meta name=\"twitter:data2\" content=\"2 minuter\" \/>\n<!-- \/ Yoast SEO Premium plugin. -->","yoast_head_json":{"title":"Het arbetsmarknad m\u00f6ter kyla | Almega","robots":{"index":"index","follow":"follow","max-snippet":"max-snippet:-1","max-image-preview":"max-image-preview:large","max-video-preview":"max-video-preview:-1"},"canonical":"https:\/\/www.almega.se\/2015\/06\/het-arbetsmarknad-moter-kyla\/","og_locale":"sv_SE","og_type":"article","og_title":"Het arbetsmarknad m\u00f6ter kyla","og_description":"Nu rapporterar flera branscher att bristen p\u00e5 personal stiger, vilket h\u00f6r samman med \u00f6kade sv\u00e5righeter f\u00f6r f\u00f6retagen att hitta den kompetens de s\u00f6ker p\u00e5 arbetsmarknaden. Det skapar flaskhalsar som h\u00e5ller tillbaka en starkare produktionstillv\u00e4xt i tj\u00e4nstesektorn.","og_url":"https:\/\/www.almega.se\/2015\/06\/het-arbetsmarknad-moter-kyla\/","og_site_name":"Almega","article_published_time":"2015-06-11T08:00:00+00:00","article_modified_time":"2023-02-14T13:51:19+00:00","og_image":[{"width":1200,"height":630,"url":"https:\/\/www.almega.se\/app\/uploads\/2020\/12\/almega-share-logo.png","type":"image\/png"}],"author":"admin","twitter_card":"summary_large_image","twitter_misc":{"Skriven av":"admin","Ber\u00e4knad l\u00e4stid":"2 minuter"},"schema":{"@context":"https:\/\/schema.org","@graph":[{"@type":"NewsArticle","@id":"https:\/\/www.almega.se\/2015\/06\/het-arbetsmarknad-moter-kyla\/#article","isPartOf":{"@id":"https:\/\/www.almega.se\/2015\/06\/het-arbetsmarknad-moter-kyla\/"},"author":{"name":"admin","@id":"https:\/\/www.almega.se\/#\/schema\/person\/9c3674d192fb8b2d1d8b7a3f31c5151d"},"headline":"Het arbetsmarknad m\u00f6ter kyla","datePublished":"2015-06-11T08:00:00+00:00","dateModified":"2023-02-14T13:51:19+00:00","mainEntityOfPage":{"@id":"https:\/\/www.almega.se\/2015\/06\/het-arbetsmarknad-moter-kyla\/"},"wordCount":382,"keywords":["Tj\u00e4nstesektorns utveckling"],"articleSection":["Tj\u00e4nstesektorns betydelse"],"inLanguage":"sv-SE"},{"@type":"WebPage","@id":"https:\/\/www.almega.se\/2015\/06\/het-arbetsmarknad-moter-kyla\/","url":"https:\/\/www.almega.se\/2015\/06\/het-arbetsmarknad-moter-kyla\/","name":"Het arbetsmarknad m\u00f6ter kyla | Almega","isPartOf":{"@id":"https:\/\/www.almega.se\/#website"},"datePublished":"2015-06-11T08:00:00+00:00","dateModified":"2023-02-14T13:51:19+00:00","author":{"@id":"https:\/\/www.almega.se\/#\/schema\/person\/9c3674d192fb8b2d1d8b7a3f31c5151d"},"breadcrumb":{"@id":"https:\/\/www.almega.se\/2015\/06\/het-arbetsmarknad-moter-kyla\/#breadcrumb"},"inLanguage":"sv-SE","potentialAction":[{"@type":"ReadAction","target":["https:\/\/www.almega.se\/2015\/06\/het-arbetsmarknad-moter-kyla\/"]}]},{"@type":"BreadcrumbList","@id":"https:\/\/www.almega.se\/2015\/06\/het-arbetsmarknad-moter-kyla\/#breadcrumb","itemListElement":[{"@type":"ListItem","position":1,"name":"Home","item":"https:\/\/www.almega.se\/"},{"@type":"ListItem","position":2,"name":"Het arbetsmarknad m\u00f6ter kyla"}]},{"@type":"WebSite","@id":"https:\/\/www.almega.se\/#website","url":"https:\/\/www.almega.se\/","name":"Almega","description":"","potentialAction":[{"@type":"SearchAction","target":{"@type":"EntryPoint","urlTemplate":"https:\/\/www.almega.se\/?s={search_term_string}"},"query-input":{"@type":"PropertyValueSpecification","valueRequired":true,"valueName":"search_term_string"}}],"inLanguage":"sv-SE"},{"@type":"Person","@id":"https:\/\/www.almega.se\/#\/schema\/person\/9c3674d192fb8b2d1d8b7a3f31c5151d","name":"admin","image":{"@type":"ImageObject","inLanguage":"sv-SE","@id":"https:\/\/www.almega.se\/#\/schema\/person\/image\/","url":"https:\/\/secure.gravatar.com\/avatar\/13aac7e7a7582f599e3ba7706cec051e12eac4ad6c2ffe6f9d24800e63294187?s=96&d=mm&r=g","contentUrl":"https:\/\/secure.gravatar.com\/avatar\/13aac7e7a7582f599e3ba7706cec051e12eac4ad6c2ffe6f9d24800e63294187?s=96&d=mm&r=g","caption":"admin"},"url":"https:\/\/www.almega.se\/person\/admin\/"}]}},"_links":{"self":[{"href":"https:\/\/www.almega.se\/api\/wp\/v2\/posts\/6150","targetHints":{"allow":["GET"]}}],"collection":[{"href":"https:\/\/www.almega.se\/api\/wp\/v2\/posts"}],"about":[{"href":"https:\/\/www.almega.se\/api\/wp\/v2\/types\/post"}],"author":[{"embeddable":true,"href":"https:\/\/www.almega.se\/api\/wp\/v2\/users\/1"}],"replies":[{"embeddable":true,"href":"https:\/\/www.almega.se\/api\/wp\/v2\/comments?post=6150"}],"version-history":[{"count":2,"href":"https:\/\/www.almega.se\/api\/wp\/v2\/posts\/6150\/revisions"}],"predecessor-version":[{"id":59345,"href":"https:\/\/www.almega.se\/api\/wp\/v2\/posts\/6150\/revisions\/59345"}],"wp:attachment":[{"href":"https:\/\/www.almega.se\/api\/wp\/v2\/media?parent=6150"}],"wp:term":[{"taxonomy":"category","embeddable":true,"href":"https:\/\/www.almega.se\/api\/wp\/v2\/categories?post=6150"},{"taxonomy":"post_tag","embeddable":true,"href":"https:\/\/www.almega.se\/api\/wp\/v2\/tags?post=6150"},{"taxonomy":"type","embeddable":true,"href":"https:\/\/www.almega.se\/api\/wp\/v2\/article_type?post=6150"},{"taxonomy":"agreement","embeddable":true,"href":"https:\/\/www.almega.se\/api\/wp\/v2\/agreement?post=6150"}],"curies":[{"name":"wp","href":"https:\/\/api.w.org\/{rel}","templated":true}]}}