{"id":6146,"date":"2015-06-12T14:00:00","date_gmt":"2015-06-12T14:00:00","guid":{"rendered":"http:\/\/almega-bento\/wp\/blog\/2015\/06\/12\/lonerevision-2015-och-2016-med-lararfacken\/"},"modified":"2015-06-12T14:00:00","modified_gmt":"2015-06-12T14:00:00","slug":"lonerevision-2015-och-2016-med-lararfacken","status":"publish","type":"post","link":"https:\/\/www.almega.se\/2015\/06\/lonerevision-2015-och-2016-med-lararfacken\/","title":{"rendered":"L\u00f6nerevision 2015 och 2016 med l\u00e4rarfacken"},"content":{"rendered":"\n<p class=\"intro\">L\u00f6neavtalet med L\u00e4rarnas Riksf\u00f6rbund och L\u00e4rarf\u00f6rbundet inneh\u00e5ller inga siffersatta l\u00f6ne\u00f6kningar utan detta ska g\u00f6ras p\u00e5 f\u00f6retagsniv\u00e5. D\u00e5 l\u00f6neavtalet har \u00e4ndrats i denna del, har f\u00f6rhandlingsordningen anpassats. Den nya f\u00f6rhandlingsordningen ers\u00e4tter f\u00f6rhandlingsordningen i l\u00f6neavtalets punkt 4.<\/p>\n<p>De grundl&auml;ggande delarna med principer f&ouml;r l&ouml;nes&auml;ttningen, m&aring;l-, resultat- och l&ouml;nesamtal &auml;r of&ouml;r&auml;ndrade.<\/p>\n<p>Liksom tidigare omfattar avtalet bara medlemmarna i respektive l&auml;rarfack. Rapportering av de nya l&ouml;nerna ska ske till respektive fack och avseende deras medlemmar.<\/p>\n<p>Utg&aring;ngspunkten &auml;r, till skillnad mot f&ouml;rut, att facken ska ange vilka som &auml;r deras medlemmar. Det finns ingen regel om att f&ouml;retaget ska f&ouml;rse facken med en f&ouml;rteckning &ouml;ver de anst&auml;llda.<\/p>\n<p>  Den nya processen inneh&aring;ller f&ouml;ljande;<br \/>  1. Information om avtalet ska l&auml;mnas till era anst&auml;llda som &auml;r medlemmar i facket. Detta ska &auml;ven g&ouml;ras av de fackliga organisationerna.<\/p>\n<p>  2. De lokala parterna, d v s de som facken anm&auml;lt som fackliga f&ouml;retr&auml;dare p&aring; ert f&ouml;retag, och f&ouml;retaget ska g&aring; igenom de grundl&auml;ggande f&ouml;ruts&auml;ttningarna enligt punkt 2 i l&ouml;neavtalet, liksom g&aring; igenom l&ouml;nepolicyn med kriterier f&ouml;r att uppdatera och att man &auml;r &ouml;verens om processen. I detta inledande m&ouml;te &auml;r det meningen att man ska g&aring; igenom f&ouml;retagets ekonomiska f&ouml;ruts&auml;ttningar och att ta fram en tidplan f&ouml;r l&ouml;neprocessen p&aring; f&ouml;retaget. Det som &auml;r av st&ouml;rst vikt &auml;r hur l&ouml;neprocessen ser ut hos er p&aring; f&ouml;retaget.<\/p>\n<p>  Det &auml;r inte de centrala parternas avsikt att ett utrymme ska f&ouml;rhandlas fram eller att en pott ska tas fram f&ouml;r f&ouml;rdelning. Det finns i och f&ouml;r sig inget som hindrar att detta sker om ni anser att detta &auml;r ett bra s&auml;tt att arbeta.<\/p>\n<p>  Vid sidan om denna process &auml;r utg&aring;ngspunkten att f&ouml;retaget haft det system med m&aring;l- och resultatsamtal som anges i 2.2. I dessa samtal sker normalt en dialog om den nya l&ouml;nen.<\/p>\n<p>  3. Efter dessa samtal l&auml;mnar, enligt f&ouml;rhandlingsordningen, f&ouml;retaget ett besked om ny l&ouml;n med motivering till den anst&auml;llde. Det sker ingen f&ouml;rhandling och tr&auml;ffas ingen &ouml;verenskommelse med den fackliga organisationen p&aring; individniv&aring; eller om l&ouml;ne&ouml;kningens storlek p&aring; f&ouml;retaget.<\/p>\n<p>  4. Efter att de anst&auml;llda f&aring;tt besked om ny l&ouml;n s&aring; ska dessa nya l&ouml;ner rapporteras in till respektive facklig organisation. De fackliga organisationerna g&ouml;r en avst&auml;mning men denna inrapportering &auml;r inget f&ouml;rhandlingsunderlag.<\/p>\n<p>  5. Om n&aring;gon av de fackliga organisationerna &ouml;nskar f&ouml;rhandla om l&ouml;nerevisionen ska detta beg&auml;ras senast 14 dagar efter det att f&ouml;retaget l&auml;mnat underlaget till den fackliga organisationen. Denna lokala f&ouml;rhandling avser egentligen n&auml;r det kan vara fr&aring;ga om diskriminering, stor avvikelse fr&aring;n andra f&ouml;retag och individfall. Individfall &auml;r egentligen i de fall utfallet inte &ouml;verensst&auml;mmer med den f&ouml;rda dialogen vid m&aring;l- och resultatsamtal.<\/p>\n<p>  6. Kan parterna inte enas vid den lokala f&ouml;rhandlingen kan central f&ouml;rhandling beg&auml;ras inom 14 kalenderdagar efter det den lokala f&ouml;rhandlingen avslutats.<\/p>\n<p>  Utg&aring;ngspunkten &auml;r att de nya l&ouml;nerna ska kunna vara klara s&aring; att de kan betalas ut med l&ouml;nen i september. L&ouml;nerevisionstidpunkten &auml;r den 1 september 2015 respektive 2016. Skulle detta inte hinnas med utges l&ouml;nen retroaktivt fr&aring;n denna dag.<\/p>\n<p>  I denna process kan det uppst&aring; olika uppfattningar om hur processen ska g&aring; till och det finns en m&ouml;jlighet att anlita de centrala parterna f&ouml;r konsultation. En konsultation, till skillnad mot en f&ouml;rhandling, inneb&auml;r inte att vi som centrala parter tar st&auml;llning f&ouml;r eller emot en viss part utan att vi f&ouml;r en dialog f&ouml;r att hj&auml;lpa er att finna en l&ouml;sning.<\/p>\n<p>  Eftersom det inte finns n&aring;got garanterat l&ouml;neutrymme &auml;r det mycket viktigt att ni i de inledande samtalen lokalt, som av praktiska sk&auml;l &auml;r &ouml;vergripande p&aring; f&ouml;retagsniv&aring;, har en dialog om f&ouml;retagets ekonomi, marknadsl&auml;get f&ouml;r l&auml;rarl&ouml;ner och er &ouml;nskade l&ouml;nestruktur. Slutligen &auml;r det ni p&aring; f&ouml;retaget som best&auml;mmer utfallet p&aring; individuell niv&aring; och d&auml;rmed &auml;ven p&aring; f&ouml;retagsniv&aring;.<\/p>\n<p>  <strong>Nya f&ouml;rhandlingsordningen enligt nedan:<\/strong><\/p>\n<p>  <strong>4. F&ouml;rhandlingsordning<\/strong><br \/>  L&ouml;nerevision sker den 1 september respektive &aring;r. De lokala parterna kan inf&ouml;r respektive &aring;r komma &ouml;verens om annat l&ouml;nerevisionsdatum.<\/p>\n<p>  Nedanst&aring;ende f&ouml;rhandlingsordning g&auml;ller om inte arbetsgivaren och lokal facklig organisation kommer &ouml;verens om annat. Med lokal facklig organisation menas p&aring; arbetsplatsen utsedda fackliga f&ouml;rtroendem&auml;n med mandat att hantera lokala l&ouml;nef&ouml;rhandlingar alternativt f&ouml;r L&auml;rarf&ouml;rbundet: avdelning och f&ouml;r L&auml;rarnas Riksf&ouml;rbund: kommunf&ouml;rening eller s&auml;rskild f&ouml;rening.<\/p>\n<p>  1. Information om detta avtals inneb&ouml;rd l&auml;mnas till medlemmarna i L&auml;rarf&ouml;rbundet respektive L&auml;rarnas Riksf&ouml;rbund.<\/p>\n<p>  2. De lokala parterna ska g&aring; igenom l&ouml;neavtalets punkt 2, s&aring;som grundl&auml;ggande f&ouml;ruts&auml;ttningar, gemensam omv&auml;rldsanalys, marknadskrafterna, arbetsinneh&aring;ll och l&ouml;nestrukturen p&aring; f&ouml;retaget. En tidsplan f&ouml;r l&ouml;nerevisionen b&ouml;r uppr&auml;ttas.<\/p>\n<p>  De lokala parterna b&ouml;r &auml;ven g&aring; igenom l&ouml;nepolicyn med kriterier f&ouml;r att s&auml;kerst&auml;lla att den &auml;r uppdaterad och k&auml;nd.<\/p>\n<p>  Inf&ouml;r l&ouml;nerevisionen s&auml;kerst&auml;ller respektive f&ouml;rbund de medlemmar som omfattas av l&ouml;nerevisionen.<br \/>  Respektive f&ouml;rbund meddelar till arbetsgivaren vem som har f&ouml;rhandlingsmandatet och ska vara mottagare av avst&auml;mningen av de nya l&ouml;nerna.<\/p>\n<p>  3. Vid l&ouml;nesamtalet l&auml;mnar arbetsgivaren besked om ny l&ouml;n till medarbetaren samt motiverar den nya l&ouml;nen.<\/p>\n<p>  <em>Anm&auml;rkning<br \/>  Detta bygger p&aring; att dialogen enligt 2.2 har skett.<\/em><\/p>\n<p>  4. Arbetsgivaren ska till respektive f&ouml;rbund l&auml;mna underlag f&ouml;r avst&auml;mning av de nya l&ouml;nerna r&ouml;rande L&auml;rarf&ouml;rbundets och L&auml;rarnas Riksf&ouml;rbunds medlemmar. (Se punkt 2.)<\/p>\n<p>  5. &Ouml;nskar de lokala fackliga organisationerna p&aring;kalla lokal f&ouml;rhandling ska detta ske inom 14 dagar efter det att arbetsgivaren l&auml;mnade underlaget f&ouml;r avst&auml;mning till respektive f&ouml;rbund.<\/p>\n<p>  Om enighet inte uppn&aring;s kan endera part beg&auml;ra central f&ouml;rhandling inom 14 dagar fr&aring;n att den lokala f&ouml;rhandlingen avslutades.<\/p>\n<\/p>\n","protected":false},"excerpt":{"rendered":"<p>L\u00f6neavtalet med L\u00e4rarnas Riksf\u00f6rbund och L\u00e4rarf\u00f6rbundet inneh\u00e5ller inga siffersatta l\u00f6ne\u00f6kningar utan detta ska g\u00f6ras p\u00e5 f\u00f6retagsniv\u00e5. D\u00e5 l\u00f6neavtalet har \u00e4ndrats i denna del, har f\u00f6rhandlingsordningen anpassats. Den nya f\u00f6rhandlingsordningen ers\u00e4tter f\u00f6rhandlingsordningen i l\u00f6neavtalets punkt 4.<\/p>\n","protected":false},"author":1,"featured_media":0,"comment_status":"closed","ping_status":"open","sticky":false,"template":"","format":"standard","meta":{"_acf_changed":false,"footnotes":""},"categories":[1],"tags":[],"article_type":[313],"agreement":[152,149,151,150],"class_list":["post-6146","post","type-post","status-publish","format-standard","hentry","category-okategoriserade","type-arbetsgivarnytt","agreement-64ce80f7-ff07-de11-b4e1-02bf9e69ca65","agreement-62ce80f7-ff07-de11-b4e1-02bf9e69ca65","agreement-61ce80f7-ff07-de11-b4e1-02bf9e69ca65","agreement-63ce80f7-ff07-de11-b4e1-02bf9e69ca65"],"acf":[],"yoast_head":"<!-- This site is optimized with the Yoast SEO Premium plugin v26.8 (Yoast SEO v26.8) - https:\/\/yoast.com\/product\/yoast-seo-premium-wordpress\/ -->\n<title>L\u00f6nerevision 2015 och 2016 med l\u00e4rarfacken | Almega<\/title>\n<meta name=\"robots\" content=\"index, follow, max-snippet:-1, max-image-preview:large, max-video-preview:-1\" \/>\n<link rel=\"canonical\" href=\"https:\/\/www.almega.se\/2015\/06\/lonerevision-2015-och-2016-med-lararfacken\/\" \/>\n<meta property=\"og:locale\" content=\"sv_SE\" \/>\n<meta property=\"og:type\" content=\"article\" \/>\n<meta property=\"og:title\" content=\"L\u00f6nerevision 2015 och 2016 med l\u00e4rarfacken\" \/>\n<meta property=\"og:description\" content=\"L\u00f6neavtalet med L\u00e4rarnas Riksf\u00f6rbund och L\u00e4rarf\u00f6rbundet inneh\u00e5ller inga siffersatta l\u00f6ne\u00f6kningar utan detta ska g\u00f6ras p\u00e5 f\u00f6retagsniv\u00e5. D\u00e5 l\u00f6neavtalet har \u00e4ndrats i denna del, har f\u00f6rhandlingsordningen anpassats. Den nya f\u00f6rhandlingsordningen ers\u00e4tter f\u00f6rhandlingsordningen i l\u00f6neavtalets punkt 4.\" \/>\n<meta property=\"og:url\" content=\"https:\/\/www.almega.se\/2015\/06\/lonerevision-2015-och-2016-med-lararfacken\/\" \/>\n<meta property=\"og:site_name\" content=\"Almega\" \/>\n<meta property=\"article:published_time\" content=\"2015-06-12T14:00:00+00:00\" \/>\n<meta property=\"og:image\" content=\"https:\/\/www.almega.se\/app\/uploads\/2020\/12\/almega-share-logo.png\" \/>\n\t<meta property=\"og:image:width\" content=\"1200\" \/>\n\t<meta property=\"og:image:height\" content=\"630\" \/>\n\t<meta property=\"og:image:type\" content=\"image\/png\" \/>\n<meta name=\"author\" content=\"admin\" \/>\n<meta name=\"twitter:card\" content=\"summary_large_image\" \/>\n<meta name=\"twitter:label1\" content=\"Skriven av\" \/>\n\t<meta name=\"twitter:data1\" content=\"admin\" \/>\n\t<meta name=\"twitter:label2\" content=\"Ber\u00e4knad l\u00e4stid\" \/>\n\t<meta name=\"twitter:data2\" content=\"7 minuter\" \/>\n<!-- \/ Yoast SEO Premium plugin. -->","yoast_head_json":{"title":"L\u00f6nerevision 2015 och 2016 med l\u00e4rarfacken | Almega","robots":{"index":"index","follow":"follow","max-snippet":"max-snippet:-1","max-image-preview":"max-image-preview:large","max-video-preview":"max-video-preview:-1"},"canonical":"https:\/\/www.almega.se\/2015\/06\/lonerevision-2015-och-2016-med-lararfacken\/","og_locale":"sv_SE","og_type":"article","og_title":"L\u00f6nerevision 2015 och 2016 med l\u00e4rarfacken","og_description":"L\u00f6neavtalet med L\u00e4rarnas Riksf\u00f6rbund och L\u00e4rarf\u00f6rbundet inneh\u00e5ller inga siffersatta l\u00f6ne\u00f6kningar utan detta ska g\u00f6ras p\u00e5 f\u00f6retagsniv\u00e5. D\u00e5 l\u00f6neavtalet har \u00e4ndrats i denna del, har f\u00f6rhandlingsordningen anpassats. Den nya f\u00f6rhandlingsordningen ers\u00e4tter f\u00f6rhandlingsordningen i l\u00f6neavtalets punkt 4.","og_url":"https:\/\/www.almega.se\/2015\/06\/lonerevision-2015-och-2016-med-lararfacken\/","og_site_name":"Almega","article_published_time":"2015-06-12T14:00:00+00:00","og_image":[{"width":1200,"height":630,"url":"https:\/\/www.almega.se\/app\/uploads\/2020\/12\/almega-share-logo.png","type":"image\/png"}],"author":"admin","twitter_card":"summary_large_image","twitter_misc":{"Skriven av":"admin","Ber\u00e4knad l\u00e4stid":"7 minuter"},"schema":{"@context":"https:\/\/schema.org","@graph":[{"@type":"NewsArticle","@id":"https:\/\/www.almega.se\/2015\/06\/lonerevision-2015-och-2016-med-lararfacken\/#article","isPartOf":{"@id":"https:\/\/www.almega.se\/2015\/06\/lonerevision-2015-och-2016-med-lararfacken\/"},"author":{"name":"admin","@id":"https:\/\/www.almega.se\/#\/schema\/person\/9c3674d192fb8b2d1d8b7a3f31c5151d"},"headline":"L\u00f6nerevision 2015 och 2016 med l\u00e4rarfacken","datePublished":"2015-06-12T14:00:00+00:00","mainEntityOfPage":{"@id":"https:\/\/www.almega.se\/2015\/06\/lonerevision-2015-och-2016-med-lararfacken\/"},"wordCount":1306,"inLanguage":"sv-SE"},{"@type":"WebPage","@id":"https:\/\/www.almega.se\/2015\/06\/lonerevision-2015-och-2016-med-lararfacken\/","url":"https:\/\/www.almega.se\/2015\/06\/lonerevision-2015-och-2016-med-lararfacken\/","name":"L\u00f6nerevision 2015 och 2016 med l\u00e4rarfacken | Almega","isPartOf":{"@id":"https:\/\/www.almega.se\/#website"},"datePublished":"2015-06-12T14:00:00+00:00","author":{"@id":"https:\/\/www.almega.se\/#\/schema\/person\/9c3674d192fb8b2d1d8b7a3f31c5151d"},"breadcrumb":{"@id":"https:\/\/www.almega.se\/2015\/06\/lonerevision-2015-och-2016-med-lararfacken\/#breadcrumb"},"inLanguage":"sv-SE","potentialAction":[{"@type":"ReadAction","target":["https:\/\/www.almega.se\/2015\/06\/lonerevision-2015-och-2016-med-lararfacken\/"]}]},{"@type":"BreadcrumbList","@id":"https:\/\/www.almega.se\/2015\/06\/lonerevision-2015-och-2016-med-lararfacken\/#breadcrumb","itemListElement":[{"@type":"ListItem","position":1,"name":"Home","item":"https:\/\/www.almega.se\/"},{"@type":"ListItem","position":2,"name":"L\u00f6nerevision 2015 och 2016 med l\u00e4rarfacken"}]},{"@type":"WebSite","@id":"https:\/\/www.almega.se\/#website","url":"https:\/\/www.almega.se\/","name":"Almega","description":"","potentialAction":[{"@type":"SearchAction","target":{"@type":"EntryPoint","urlTemplate":"https:\/\/www.almega.se\/?s={search_term_string}"},"query-input":{"@type":"PropertyValueSpecification","valueRequired":true,"valueName":"search_term_string"}}],"inLanguage":"sv-SE"},{"@type":"Person","@id":"https:\/\/www.almega.se\/#\/schema\/person\/9c3674d192fb8b2d1d8b7a3f31c5151d","name":"admin","image":{"@type":"ImageObject","inLanguage":"sv-SE","@id":"https:\/\/www.almega.se\/#\/schema\/person\/image\/","url":"https:\/\/secure.gravatar.com\/avatar\/13aac7e7a7582f599e3ba7706cec051e12eac4ad6c2ffe6f9d24800e63294187?s=96&d=mm&r=g","contentUrl":"https:\/\/secure.gravatar.com\/avatar\/13aac7e7a7582f599e3ba7706cec051e12eac4ad6c2ffe6f9d24800e63294187?s=96&d=mm&r=g","caption":"admin"},"url":"https:\/\/www.almega.se\/person\/admin\/"}]}},"_links":{"self":[{"href":"https:\/\/www.almega.se\/api\/wp\/v2\/posts\/6146","targetHints":{"allow":["GET"]}}],"collection":[{"href":"https:\/\/www.almega.se\/api\/wp\/v2\/posts"}],"about":[{"href":"https:\/\/www.almega.se\/api\/wp\/v2\/types\/post"}],"author":[{"embeddable":true,"href":"https:\/\/www.almega.se\/api\/wp\/v2\/users\/1"}],"replies":[{"embeddable":true,"href":"https:\/\/www.almega.se\/api\/wp\/v2\/comments?post=6146"}],"version-history":[{"count":1,"href":"https:\/\/www.almega.se\/api\/wp\/v2\/posts\/6146\/revisions"}],"predecessor-version":[{"id":58500,"href":"https:\/\/www.almega.se\/api\/wp\/v2\/posts\/6146\/revisions\/58500"}],"wp:attachment":[{"href":"https:\/\/www.almega.se\/api\/wp\/v2\/media?parent=6146"}],"wp:term":[{"taxonomy":"category","embeddable":true,"href":"https:\/\/www.almega.se\/api\/wp\/v2\/categories?post=6146"},{"taxonomy":"post_tag","embeddable":true,"href":"https:\/\/www.almega.se\/api\/wp\/v2\/tags?post=6146"},{"taxonomy":"type","embeddable":true,"href":"https:\/\/www.almega.se\/api\/wp\/v2\/article_type?post=6146"},{"taxonomy":"agreement","embeddable":true,"href":"https:\/\/www.almega.se\/api\/wp\/v2\/agreement?post=6146"}],"curies":[{"name":"wp","href":"https:\/\/api.w.org\/{rel}","templated":true}]}}