{"id":60617,"date":"2023-03-23T08:00:00","date_gmt":"2023-03-23T07:00:00","guid":{"rendered":"https:\/\/www.almega.se\/?p=60617"},"modified":"2023-03-22T14:30:37","modified_gmt":"2023-03-22T13:30:37","slug":"medlemsforetagen-forbereder-sig-pa-neddragningar","status":"publish","type":"post","link":"https:\/\/www.almega.se\/2023\/03\/medlemsforetagen-forbereder-sig-pa-neddragningar\/","title":{"rendered":"<strong>\u201dMedlems&shy;f\u00f6retagen f\u00f6rbereder sig p\u00e5 neddragningar\u201d<\/strong>"},"content":{"rendered":"<p class=\"intro\">Almegas arbetsgivarjour \u00e4r en bra temperaturm\u00e4tare p\u00e5 l\u00e4get bland medlemsf\u00f6retagen. F\u00f6r ett \u00e5r sedan handlade knappt vart tionde \u00e4rende om arbetsbrist. I dag \u00e4r det vart sjunde.<\/p>\n\n<p>\u2013 Fr\u00e5gor r\u00f6rande arbetsbrist har \u00f6kat markant, ett tydligt tecken p\u00e5 att m\u00e5nga medlemmar b\u00f6rjar planera f\u00f6r neddragningar, s\u00e4ger Peter Lindgren, arbetsr\u00e4ttsjurist p\u00e5 Almega med ansvar f\u00f6r Almegas arbetsgivarjour.<\/p>\n\n\n<a class='Share__link Share__link--url copy-text' href='#' rel='nofollow' data-text='20-000-arenden-per-ar' title='Dela url' data-confirmation='L\u00e4nken kopierades till urklipp'><svg class='icon icon--link'  width='18' height='18' viewBox='0 0 18 18' fill='none' xmlns='http:\/\/www.w3.org\/2000\/svg'>\n            <path d='M10.4142 0.514721L6.87868 4.05025L8.29289 5.46447L11.1213 2.63604L15.364 6.87868L12.5355 9.70711L13.9497 11.1213L17.4853 7.58579C17.8763 7.19476 17.8763 6.5626 17.4853 6.17158L11.8284 0.514721C11.4374 0.123691 10.8052 0.123691 10.4142 0.514721Z' fill='black'\/>\n            <path d='M9.7071 12.5355L6.87868 15.364L2.63604 11.1213L5.46446 8.2929L4.05025 6.87868L0.514716 10.4142C0.123686 10.8052 0.123686 11.4374 0.514716 11.8284L6.17157 17.4853C6.5626 17.8763 7.19475 17.8763 7.58578 17.4853L11.1213 13.9497L9.7071 12.5355Z' fill='black'\/>\n            <path d='M6.17157 11.8284C6.5626 12.2195 7.19475 12.2195 7.58578 11.8284L11.8284 7.58579C12.2195 7.19476 12.2195 6.56261 11.8284 6.17158C11.4374 5.78055 10.8052 5.78055 10.4142 6.17158L6.17157 10.4142C5.78054 10.8052 5.78054 11.4374 6.17157 11.8284Z' fill='black'\/>\n            <\/svg> <\/a>\n<h2 class=\"wp-block-heading\">20 000 \u00e4renden per \u00e5r<\/h2>\n\n\n\n<p>Som Sveriges ledande och st\u00f6rsta arbetsgivarorganisation f\u00f6r tj\u00e4nstef\u00f6retag, st\u00f6ttar Almega varje dag de drygt 11 000 medlemmarna i arbetsr\u00e4ttsliga fr\u00e5gor, inte minst i arbetsgivarjouren, dit medlemmarna kan ringa eller mejla f\u00f6r att f\u00e5 svar p\u00e5 sina fr\u00e5gor.<\/p>\n\n\n\n<p>\u2013 Jouren \u00e4r en central del av v\u00e5r medlemsservice. Varje \u00e5r hanterar v\u00e5ra erfarna medarbetare drygt 20 000 medlems\u00e4renden, s\u00e4ger Peter Lindgren.<\/p>\n\n\n<a class='Share__link Share__link--url copy-text' href='#' rel='nofollow' data-text='en-bra-temperaturmatare' title='Dela url' data-confirmation='L\u00e4nken kopierades till urklipp'><svg class='icon icon--link'  width='18' height='18' viewBox='0 0 18 18' fill='none' xmlns='http:\/\/www.w3.org\/2000\/svg'>\n            <path d='M10.4142 0.514721L6.87868 4.05025L8.29289 5.46447L11.1213 2.63604L15.364 6.87868L12.5355 9.70711L13.9497 11.1213L17.4853 7.58579C17.8763 7.19476 17.8763 6.5626 17.4853 6.17158L11.8284 0.514721C11.4374 0.123691 10.8052 0.123691 10.4142 0.514721Z' fill='black'\/>\n            <path d='M9.7071 12.5355L6.87868 15.364L2.63604 11.1213L5.46446 8.2929L4.05025 6.87868L0.514716 10.4142C0.123686 10.8052 0.123686 11.4374 0.514716 11.8284L6.17157 17.4853C6.5626 17.8763 7.19475 17.8763 7.58578 17.4853L11.1213 13.9497L9.7071 12.5355Z' fill='black'\/>\n            <path d='M6.17157 11.8284C6.5626 12.2195 7.19475 12.2195 7.58578 11.8284L11.8284 7.58579C12.2195 7.19476 12.2195 6.56261 11.8284 6.17158C11.4374 5.78055 10.8052 5.78055 10.4142 6.17158L6.17157 10.4142C5.78054 10.8052 5.78054 11.4374 6.17157 11.8284Z' fill='black'\/>\n            <\/svg> <\/a>\n<h2 class=\"wp-block-heading\">En bra temperaturm\u00e4tare<\/h2>\n\n\n\n<p>Antalet \u00e4renden g\u00f6r ocks\u00e5 arbetsgivarjouren till en bra temperaturm\u00e4tare p\u00e5 vilka fr\u00e5gor som medlemsf\u00f6retagen brottas med f\u00f6r tillf\u00e4llet.<\/p>\n\n\n\n<p>\u2013 \u00c4rendenas art ger en tydlig indikation hur det \u00e4r st\u00e4llt bland medlemsf\u00f6retagen. Under pandemin handlade det om korttidspermitteringar och distansarbete. Nu har vi dessv\u00e4rre sett att fr\u00e5gor r\u00f6rande arbetsbrist har \u00f6kat, s\u00e4ger Peter Lindgren.<\/p>\n\n\n<a class='Share__link Share__link--url copy-text' href='#' rel='nofollow' data-text='\u00c4rendena-okar-kraftigt' title='Dela url' data-confirmation='L\u00e4nken kopierades till urklipp'><svg class='icon icon--link'  width='18' height='18' viewBox='0 0 18 18' fill='none' xmlns='http:\/\/www.w3.org\/2000\/svg'>\n            <path d='M10.4142 0.514721L6.87868 4.05025L8.29289 5.46447L11.1213 2.63604L15.364 6.87868L12.5355 9.70711L13.9497 11.1213L17.4853 7.58579C17.8763 7.19476 17.8763 6.5626 17.4853 6.17158L11.8284 0.514721C11.4374 0.123691 10.8052 0.123691 10.4142 0.514721Z' fill='black'\/>\n            <path d='M9.7071 12.5355L6.87868 15.364L2.63604 11.1213L5.46446 8.2929L4.05025 6.87868L0.514716 10.4142C0.123686 10.8052 0.123686 11.4374 0.514716 11.8284L6.17157 17.4853C6.5626 17.8763 7.19475 17.8763 7.58578 17.4853L11.1213 13.9497L9.7071 12.5355Z' fill='black'\/>\n            <path d='M6.17157 11.8284C6.5626 12.2195 7.19475 12.2195 7.58578 11.8284L11.8284 7.58579C12.2195 7.19476 12.2195 6.56261 11.8284 6.17158C11.4374 5.78055 10.8052 5.78055 10.4142 6.17158L6.17157 10.4142C5.78054 10.8052 5.78054 11.4374 6.17157 11.8284Z' fill='black'\/>\n            <\/svg> <\/a>\n<h2 class=\"wp-block-heading\">\u00c4rendena \u00f6kar kraftigt<\/h2>\n\n\n\n<p>De senaste fyra m\u00e5naderna har antalet jour\u00e4renden r\u00f6rande arbetsbrist \u00f6kat med 28 procent j\u00e4mf\u00f6rt med samma period ett \u00e5r tidigare.<\/p>\n\n\n\n<p>\u2013 Tidigare handlade knappt vart tionde \u00e4rende om arbetsbrist, nu \u00e4r det vart sjunde. Dessv\u00e4rre \u00e4r det allts\u00e5 allt fler medlemsf\u00f6retag som f\u00f6rbereder sig p\u00e5 personalminskningar, s\u00e4ger Peter Lindgren.<\/p>\n","protected":false},"excerpt":{"rendered":"<p>\u2013 Fr\u00e5gor r\u00f6rande arbetsbrist har \u00f6kat markant, ett tydligt tecken p\u00e5 att m\u00e5nga medlemmar b\u00f6rjar planera f\u00f6r neddragningar, s\u00e4ger Peter Lindgren, arbetsr\u00e4ttsjurist p\u00e5 Almega med ansvar f\u00f6r Almegas arbetsgivarjour. 20 000 \u00e4renden per \u00e5r Som &hellip;<\/p>\n","protected":false},"author":6356,"featured_media":60622,"comment_status":"closed","ping_status":"closed","sticky":false,"template":"","format":"standard","meta":{"_acf_changed":false,"footnotes":""},"categories":[451,64],"tags":[],"article_type":[55,56],"agreement":[],"class_list":["post-60617","post","type-post","status-publish","format-standard","has-post-thumbnail","hentry","category-arbetsgivarfragor","category-arbetsmarknad","type-artiklar","type-nyheter"],"acf":[],"yoast_head":"<!-- This site is optimized with the Yoast SEO Premium plugin v26.8 (Yoast SEO v26.8) - https:\/\/yoast.com\/product\/yoast-seo-premium-wordpress\/ -->\n<title>\u201dMedlemsf\u00f6retagen f\u00f6rbereder sig p\u00e5 neddragningar\u201d | Almega<\/title>\n<meta name=\"description\" content=\"Almegas medlemmar f\u00f6rbereder neddragningar. Detta enligt en kraftig \u00f6kning av antal \u00e4renden i Almegas arbetsgivarjour r\u00f6rande arbetsbrist.\" \/>\n<meta name=\"robots\" content=\"index, follow, max-snippet:-1, max-image-preview:large, max-video-preview:-1\" \/>\n<link rel=\"canonical\" href=\"https:\/\/www.almega.se\/2023\/03\/medlemsforetagen-forbereder-sig-pa-neddragningar\/\" \/>\n<meta property=\"og:locale\" content=\"sv_SE\" \/>\n<meta property=\"og:type\" content=\"article\" \/>\n<meta property=\"og:title\" content=\"\u201dMedlemsf\u00f6retagen f\u00f6rbereder sig p\u00e5 neddragningar\u201d\" \/>\n<meta property=\"og:description\" content=\"Almegas medlemmar f\u00f6rbereder neddragningar. Detta enligt en kraftig \u00f6kning av antal \u00e4renden i Almegas arbetsgivarjour r\u00f6rande arbetsbrist.\" \/>\n<meta property=\"og:url\" content=\"https:\/\/www.almega.se\/2023\/03\/medlemsforetagen-forbereder-sig-pa-neddragningar\/\" \/>\n<meta property=\"og:site_name\" content=\"Almega\" \/>\n<meta property=\"article:published_time\" content=\"2023-03-23T07:00:00+00:00\" \/>\n<meta property=\"og:image\" content=\"https:\/\/www.almega.se\/app\/uploads\/2023\/03\/PL-scaled.jpg\" \/>\n\t<meta property=\"og:image:width\" content=\"2560\" \/>\n\t<meta property=\"og:image:height\" content=\"1380\" \/>\n\t<meta property=\"og:image:type\" content=\"image\/jpeg\" \/>\n<meta name=\"author\" content=\"Erik Juhlin\" \/>\n<meta name=\"twitter:card\" content=\"summary_large_image\" \/>\n<meta name=\"twitter:label1\" content=\"Skriven av\" \/>\n\t<meta name=\"twitter:data1\" content=\"Erik Juhlin\" \/>\n\t<meta name=\"twitter:label2\" content=\"Ber\u00e4knad l\u00e4stid\" \/>\n\t<meta name=\"twitter:data2\" content=\"1 minut\" \/>\n<!-- \/ Yoast SEO Premium plugin. -->","yoast_head_json":{"title":"\u201dMedlemsf\u00f6retagen f\u00f6rbereder sig p\u00e5 neddragningar\u201d | Almega","description":"Almegas medlemmar f\u00f6rbereder neddragningar. Detta enligt en kraftig \u00f6kning av antal \u00e4renden i Almegas arbetsgivarjour r\u00f6rande arbetsbrist.","robots":{"index":"index","follow":"follow","max-snippet":"max-snippet:-1","max-image-preview":"max-image-preview:large","max-video-preview":"max-video-preview:-1"},"canonical":"https:\/\/www.almega.se\/2023\/03\/medlemsforetagen-forbereder-sig-pa-neddragningar\/","og_locale":"sv_SE","og_type":"article","og_title":"\u201dMedlemsf\u00f6retagen f\u00f6rbereder sig p\u00e5 neddragningar\u201d","og_description":"Almegas medlemmar f\u00f6rbereder neddragningar. Detta enligt en kraftig \u00f6kning av antal \u00e4renden i Almegas arbetsgivarjour r\u00f6rande arbetsbrist.","og_url":"https:\/\/www.almega.se\/2023\/03\/medlemsforetagen-forbereder-sig-pa-neddragningar\/","og_site_name":"Almega","article_published_time":"2023-03-23T07:00:00+00:00","og_image":[{"width":2560,"height":1380,"url":"https:\/\/www.almega.se\/app\/uploads\/2023\/03\/PL-scaled.jpg","type":"image\/jpeg"}],"author":"Erik Juhlin","twitter_card":"summary_large_image","twitter_misc":{"Skriven av":"Erik Juhlin","Ber\u00e4knad l\u00e4stid":"1 minut"},"schema":{"@context":"https:\/\/schema.org","@graph":[{"@type":"NewsArticle","@id":"https:\/\/www.almega.se\/2023\/03\/medlemsforetagen-forbereder-sig-pa-neddragningar\/#article","isPartOf":{"@id":"https:\/\/www.almega.se\/2023\/03\/medlemsforetagen-forbereder-sig-pa-neddragningar\/"},"author":{"name":"Erik Juhlin","@id":"https:\/\/www.almega.se\/#\/schema\/person\/3c181ea7ead5ab7b14c61584637720f5"},"headline":"\u201dMedlems&shy;f\u00f6retagen f\u00f6rbereder sig p\u00e5 neddragningar\u201d","datePublished":"2023-03-23T07:00:00+00:00","mainEntityOfPage":{"@id":"https:\/\/www.almega.se\/2023\/03\/medlemsforetagen-forbereder-sig-pa-neddragningar\/"},"wordCount":240,"image":{"@id":"https:\/\/www.almega.se\/2023\/03\/medlemsforetagen-forbereder-sig-pa-neddragningar\/#primaryimage"},"thumbnailUrl":"https:\/\/www.almega.se\/app\/uploads\/2023\/03\/PL-scaled.jpg","articleSection":["Arbetsgivarfr\u00e5gor","Arbetsmarknad"],"inLanguage":"sv-SE"},{"@type":"WebPage","@id":"https:\/\/www.almega.se\/2023\/03\/medlemsforetagen-forbereder-sig-pa-neddragningar\/","url":"https:\/\/www.almega.se\/2023\/03\/medlemsforetagen-forbereder-sig-pa-neddragningar\/","name":"\u201dMedlemsf\u00f6retagen f\u00f6rbereder sig p\u00e5 neddragningar\u201d | Almega","isPartOf":{"@id":"https:\/\/www.almega.se\/#website"},"primaryImageOfPage":{"@id":"https:\/\/www.almega.se\/2023\/03\/medlemsforetagen-forbereder-sig-pa-neddragningar\/#primaryimage"},"image":{"@id":"https:\/\/www.almega.se\/2023\/03\/medlemsforetagen-forbereder-sig-pa-neddragningar\/#primaryimage"},"thumbnailUrl":"https:\/\/www.almega.se\/app\/uploads\/2023\/03\/PL-scaled.jpg","datePublished":"2023-03-23T07:00:00+00:00","author":{"@id":"https:\/\/www.almega.se\/#\/schema\/person\/3c181ea7ead5ab7b14c61584637720f5"},"description":"Almegas medlemmar f\u00f6rbereder neddragningar. Detta enligt en kraftig \u00f6kning av antal \u00e4renden i Almegas arbetsgivarjour r\u00f6rande arbetsbrist.","breadcrumb":{"@id":"https:\/\/www.almega.se\/2023\/03\/medlemsforetagen-forbereder-sig-pa-neddragningar\/#breadcrumb"},"inLanguage":"sv-SE","potentialAction":[{"@type":"ReadAction","target":["https:\/\/www.almega.se\/2023\/03\/medlemsforetagen-forbereder-sig-pa-neddragningar\/"]}]},{"@type":"ImageObject","inLanguage":"sv-SE","@id":"https:\/\/www.almega.se\/2023\/03\/medlemsforetagen-forbereder-sig-pa-neddragningar\/#primaryimage","url":"https:\/\/www.almega.se\/app\/uploads\/2023\/03\/PL-scaled.jpg","contentUrl":"https:\/\/www.almega.se\/app\/uploads\/2023\/03\/PL-scaled.jpg","width":2560,"height":1380,"caption":"Peter Lindgren \u00e4r ansvarig f\u00f6r Almegas arbetsgivarjour."},{"@type":"BreadcrumbList","@id":"https:\/\/www.almega.se\/2023\/03\/medlemsforetagen-forbereder-sig-pa-neddragningar\/#breadcrumb","itemListElement":[{"@type":"ListItem","position":1,"name":"Home","item":"https:\/\/www.almega.se\/"},{"@type":"ListItem","position":2,"name":"\u201dMedlems&shy;f\u00f6retagen f\u00f6rbereder sig p\u00e5 neddragningar\u201d"}]},{"@type":"WebSite","@id":"https:\/\/www.almega.se\/#website","url":"https:\/\/www.almega.se\/","name":"Almega","description":"","potentialAction":[{"@type":"SearchAction","target":{"@type":"EntryPoint","urlTemplate":"https:\/\/www.almega.se\/?s={search_term_string}"},"query-input":{"@type":"PropertyValueSpecification","valueRequired":true,"valueName":"search_term_string"}}],"inLanguage":"sv-SE"},{"@type":"Person","@id":"https:\/\/www.almega.se\/#\/schema\/person\/3c181ea7ead5ab7b14c61584637720f5","name":"Erik Juhlin","image":{"@type":"ImageObject","inLanguage":"sv-SE","@id":"https:\/\/www.almega.se\/#\/schema\/person\/image\/","url":"https:\/\/secure.gravatar.com\/avatar\/ef0e97454357041724f27ea1630fa5bf78b30eea6fc56998e6a03142ad5b1370?s=96&d=mm&r=g","contentUrl":"https:\/\/secure.gravatar.com\/avatar\/ef0e97454357041724f27ea1630fa5bf78b30eea6fc56998e6a03142ad5b1370?s=96&d=mm&r=g","caption":"Erik Juhlin"},"url":"https:\/\/www.almega.se\/person\/erikjuhlin\/"}]}},"_links":{"self":[{"href":"https:\/\/www.almega.se\/api\/wp\/v2\/posts\/60617","targetHints":{"allow":["GET"]}}],"collection":[{"href":"https:\/\/www.almega.se\/api\/wp\/v2\/posts"}],"about":[{"href":"https:\/\/www.almega.se\/api\/wp\/v2\/types\/post"}],"author":[{"embeddable":true,"href":"https:\/\/www.almega.se\/api\/wp\/v2\/users\/6356"}],"replies":[{"embeddable":true,"href":"https:\/\/www.almega.se\/api\/wp\/v2\/comments?post=60617"}],"version-history":[{"count":3,"href":"https:\/\/www.almega.se\/api\/wp\/v2\/posts\/60617\/revisions"}],"predecessor-version":[{"id":60621,"href":"https:\/\/www.almega.se\/api\/wp\/v2\/posts\/60617\/revisions\/60621"}],"wp:featuredmedia":[{"embeddable":true,"href":"https:\/\/www.almega.se\/api\/wp\/v2\/media\/60622"}],"wp:attachment":[{"href":"https:\/\/www.almega.se\/api\/wp\/v2\/media?parent=60617"}],"wp:term":[{"taxonomy":"category","embeddable":true,"href":"https:\/\/www.almega.se\/api\/wp\/v2\/categories?post=60617"},{"taxonomy":"post_tag","embeddable":true,"href":"https:\/\/www.almega.se\/api\/wp\/v2\/tags?post=60617"},{"taxonomy":"type","embeddable":true,"href":"https:\/\/www.almega.se\/api\/wp\/v2\/article_type?post=60617"},{"taxonomy":"agreement","embeddable":true,"href":"https:\/\/www.almega.se\/api\/wp\/v2\/agreement?post=60617"}],"curies":[{"name":"wp","href":"https:\/\/api.w.org\/{rel}","templated":true}]}}