{"id":6055,"date":"2015-10-08T09:00:00","date_gmt":"2015-10-08T09:00:00","guid":{"rendered":"http:\/\/almega-bento\/wp\/blog\/2015\/10\/08\/fornyat-krav-pa-deltidspension-fran-unionen\/"},"modified":"2015-10-08T09:00:00","modified_gmt":"2015-10-08T09:00:00","slug":"fornyat-krav-pa-deltidspension-fran-unionen","status":"publish","type":"post","link":"https:\/\/www.almega.se\/2015\/10\/fornyat-krav-pa-deltidspension-fran-unionen\/","title":{"rendered":"F\u00f6rnyat krav p\u00e5 deltids&shy;pension fr\u00e5n Unionen"},"content":{"rendered":"\n<p class=\"intro\">F\u00f6rberedelserna inf\u00f6r avtalsf\u00f6rhandlingar \u00e5r 2016 \u00e4r inledda och det finns sk\u00e4l att redan nu informera om en kommande f\u00f6rhandlingsfr\u00e5ga.<\/p>\n<p>Deltidspension\/flexpension blir h&ouml;gaktuell i avtalsr&ouml;relsen igen eftersom Unionen pekat ut fr&aring;gan som en av avtalsr&ouml;relsens viktigaste. Kort handlar det om ett yrkanden om en &ouml;kad avs&auml;ttning till tj&auml;nstepensionen g&auml;llande tj&auml;nstem&auml;n kopplad till m&ouml;jlighet att arbeta deltid innan pensionering.<\/p>\n<p>  Under den senaste avtalsr&ouml;relsen &aring;r 2013 blev resultatet, efter besv&auml;rliga f&ouml;rhandlingar, att deltidspensionen inf&ouml;rdes i Unionens kollektivavtal med alla f&ouml;rbund inom Svenskt N&auml;ringsliv f&ouml;rutom Almega &ndash; d&auml;r Bemanningsf&ouml;retagen ing&aring;r. Ist&auml;llet f&ouml;r avs&auml;ttning till deltidspensionen innebar v&aring;ra kollektivavtal att samma v&auml;rde ist&auml;llet p&aring;f&ouml;rdes l&ouml;ne&ouml;kningarna. Anst&auml;llda i branschen f&aring;r d&auml;rmed pengarna i l&ouml;ne&ouml;kningar nu ist&auml;llet f&ouml;r deltidspension mycket l&auml;ngre fram.<\/p>\n<p>  Det finns &auml;ven ett principiellt motst&aring;nd f&ouml;r reglering av deltidspension bland Almegas medlemsf&ouml;retag. Det finns risk f&ouml;r &ouml;kad l&ouml;nekostnad d&aring; facken kan komma att kr&auml;va b&aring;de h&ouml;gre l&ouml;ne&ouml;kningar och h&ouml;gre avs&auml;ttning till deltidspension. Man ser ocks&aring; med oro p&aring; att f&ouml;retag i st&ouml;rre utstr&auml;ckning skulle v&auml;lja att st&auml;lla sig utan kollektivavtal och d&auml;rmed f&aring; en konkurrensf&ouml;rdel.<\/p>\n<p>  Unionen kommer under h&ouml;sten och vintern att intensifiera sitt arbete med att mobilisera st&ouml;d fr&aring;n sina medlemmar kring deltidspension\/flexpension. I f&ouml;rra veckan skickade Unionen ut en s&auml;rskild bilaga till sin medlemstidning om flexpensionen. Unionen informerar inte om att f&ouml;r medlemmar som tj&auml;nar under 39 100 kronor i m&aring;naden blir flexpensionen en ren f&ouml;rlustaff&auml;r.<\/p>\n<p>  Almega har d&auml;rf&ouml;r tagit fram material om hur deltidspension\/flexpension kan p&aring;verka medarbetarnas privatekonomi. Vi har tagit fram en utf&ouml;rlig rapport och en mer l&auml;ttillg&auml;nglig folder. Dessa finns p&aring; v&aring;r sida om <a href=\"f41ccaaf2de2469e8f5394efbf8688b6\" target=\"_blank\" rel=\"noopener\">flexpension<\/a> d&auml;r vi &auml;ven samlat fr&aring;gor och svar kring flexpension.<\/p>\n<p>  Vi hoppas att ni har m&ouml;jlighet att sprida foldern till era medarbetare via era intran&auml;t eller p&aring; andra s&auml;tt ni finner l&auml;mpliga, det g&aring;r naturligtvis &auml;ven bra att l&auml;nka till v&aring;r sida om flexpension. Tryckt folder kan best&auml;llas utan kostnad av <a href=\"mailto:ann.callvik@almega.se\">Ann Callvik<\/a>.<\/p>\n<p>  &nbsp;<\/p>\n<\/p>\n","protected":false},"excerpt":{"rendered":"<p>F\u00f6rberedelserna inf\u00f6r avtalsf\u00f6rhandlingar \u00e5r 2016 \u00e4r inledda och det finns sk\u00e4l att redan nu informera om en kommande f\u00f6rhandlingsfr\u00e5ga.<\/p>\n","protected":false},"author":1,"featured_media":0,"comment_status":"closed","ping_status":"open","sticky":false,"template":"","format":"standard","meta":{"_acf_changed":false,"footnotes":""},"categories":[1],"tags":[],"article_type":[313],"agreement":[109,114,110,111,112,113,115,116,117,118,119,120,121,122,123,124,125,127,126,108,128],"class_list":["post-6055","post","type-post","status-publish","format-standard","hentry","category-okategoriserade","type-arbetsgivarnytt","agreement-9cce80f7-ff07-de11-b4e1-02bf9e69ca65","agreement-a8ce80f7-ff07-de11-b4e1-02bf9e69ca65","agreement-a2ce80f7-ff07-de11-b4e1-02bf9e69ca65","agreement-a1ce80f7-ff07-de11-b4e1-02bf9e69ca65","agreement-9dce80f7-ff07-de11-b4e1-02bf9e69ca65","agreement-a3ce80f7-ff07-de11-b4e1-02bf9e69ca65","agreement-9ece80f7-ff07-de11-b4e1-02bf9e69ca65","agreement-a4ce80f7-ff07-de11-b4e1-02bf9e69ca65","agreement-20c6e08e-fe12-de11-b4e1-02bf9e69ca65","agreement-a7ce80f7-ff07-de11-b4e1-02bf9e69ca65","agreement-a5ce80f7-ff07-de11-b4e1-02bf9e69ca65","agreement-a6ce80f7-ff07-de11-b4e1-02bf9e69ca65","agreement-a0ce80f7-ff07-de11-b4e1-02bf9e69ca65","agreement-9fce80f7-ff07-de11-b4e1-02bf9e69ca65","agreement-aace80f7-ff07-de11-b4e1-02bf9e69ca65","agreement-a9ce80f7-ff07-de11-b4e1-02bf9e69ca65","agreement-705d8229-a064-de11-bdb9-02bf9e69ca65","agreement-875fe194-42a2-e411-95d0-005056b20fd6","agreement-2767ab55-42a2-e411-95d0-005056b20fd6","agreement-acce80f7-ff07-de11-b4e1-02bf9e69ca65","agreement-abce80f7-ff07-de11-b4e1-02bf9e69ca65"],"acf":[],"yoast_head":"<!-- This site is optimized with the Yoast SEO Premium plugin v26.8 (Yoast SEO v26.8) - https:\/\/yoast.com\/product\/yoast-seo-premium-wordpress\/ -->\n<title>F\u00f6rnyat krav p\u00e5 deltidspension fr\u00e5n Unionen | Almega<\/title>\n<meta name=\"robots\" content=\"index, follow, max-snippet:-1, max-image-preview:large, max-video-preview:-1\" \/>\n<link rel=\"canonical\" href=\"https:\/\/www.almega.se\/2015\/10\/fornyat-krav-pa-deltidspension-fran-unionen\/\" \/>\n<meta property=\"og:locale\" content=\"sv_SE\" \/>\n<meta property=\"og:type\" content=\"article\" \/>\n<meta property=\"og:title\" content=\"F\u00f6rnyat krav p\u00e5 deltidspension fr\u00e5n Unionen\" \/>\n<meta property=\"og:description\" content=\"F\u00f6rberedelserna inf\u00f6r avtalsf\u00f6rhandlingar \u00e5r 2016 \u00e4r inledda och det finns sk\u00e4l att redan nu informera om en kommande f\u00f6rhandlingsfr\u00e5ga.\" \/>\n<meta property=\"og:url\" content=\"https:\/\/www.almega.se\/2015\/10\/fornyat-krav-pa-deltidspension-fran-unionen\/\" \/>\n<meta property=\"og:site_name\" content=\"Almega\" \/>\n<meta property=\"article:published_time\" content=\"2015-10-08T09:00:00+00:00\" \/>\n<meta property=\"og:image\" content=\"https:\/\/www.almega.se\/app\/uploads\/2020\/12\/almega-share-logo.png\" \/>\n\t<meta property=\"og:image:width\" content=\"1200\" \/>\n\t<meta property=\"og:image:height\" content=\"630\" \/>\n\t<meta property=\"og:image:type\" content=\"image\/png\" \/>\n<meta name=\"author\" content=\"admin\" \/>\n<meta name=\"twitter:card\" content=\"summary_large_image\" \/>\n<meta name=\"twitter:label1\" content=\"Skriven av\" \/>\n\t<meta name=\"twitter:data1\" content=\"admin\" \/>\n\t<meta name=\"twitter:label2\" content=\"Ber\u00e4knad l\u00e4stid\" \/>\n\t<meta name=\"twitter:data2\" content=\"2 minuter\" \/>\n<!-- \/ Yoast SEO Premium plugin. -->","yoast_head_json":{"title":"F\u00f6rnyat krav p\u00e5 deltidspension fr\u00e5n Unionen | Almega","robots":{"index":"index","follow":"follow","max-snippet":"max-snippet:-1","max-image-preview":"max-image-preview:large","max-video-preview":"max-video-preview:-1"},"canonical":"https:\/\/www.almega.se\/2015\/10\/fornyat-krav-pa-deltidspension-fran-unionen\/","og_locale":"sv_SE","og_type":"article","og_title":"F\u00f6rnyat krav p\u00e5 deltidspension fr\u00e5n Unionen","og_description":"F\u00f6rberedelserna inf\u00f6r avtalsf\u00f6rhandlingar \u00e5r 2016 \u00e4r inledda och det finns sk\u00e4l att redan nu informera om en kommande f\u00f6rhandlingsfr\u00e5ga.","og_url":"https:\/\/www.almega.se\/2015\/10\/fornyat-krav-pa-deltidspension-fran-unionen\/","og_site_name":"Almega","article_published_time":"2015-10-08T09:00:00+00:00","og_image":[{"width":1200,"height":630,"url":"https:\/\/www.almega.se\/app\/uploads\/2020\/12\/almega-share-logo.png","type":"image\/png"}],"author":"admin","twitter_card":"summary_large_image","twitter_misc":{"Skriven av":"admin","Ber\u00e4knad l\u00e4stid":"2 minuter"},"schema":{"@context":"https:\/\/schema.org","@graph":[{"@type":"NewsArticle","@id":"https:\/\/www.almega.se\/2015\/10\/fornyat-krav-pa-deltidspension-fran-unionen\/#article","isPartOf":{"@id":"https:\/\/www.almega.se\/2015\/10\/fornyat-krav-pa-deltidspension-fran-unionen\/"},"author":{"name":"admin","@id":"https:\/\/www.almega.se\/#\/schema\/person\/9c3674d192fb8b2d1d8b7a3f31c5151d"},"headline":"F\u00f6rnyat krav p\u00e5 deltids&shy;pension fr\u00e5n Unionen","datePublished":"2015-10-08T09:00:00+00:00","mainEntityOfPage":{"@id":"https:\/\/www.almega.se\/2015\/10\/fornyat-krav-pa-deltidspension-fran-unionen\/"},"wordCount":502,"inLanguage":"sv-SE"},{"@type":"WebPage","@id":"https:\/\/www.almega.se\/2015\/10\/fornyat-krav-pa-deltidspension-fran-unionen\/","url":"https:\/\/www.almega.se\/2015\/10\/fornyat-krav-pa-deltidspension-fran-unionen\/","name":"F\u00f6rnyat krav p\u00e5 deltidspension fr\u00e5n Unionen | Almega","isPartOf":{"@id":"https:\/\/www.almega.se\/#website"},"datePublished":"2015-10-08T09:00:00+00:00","author":{"@id":"https:\/\/www.almega.se\/#\/schema\/person\/9c3674d192fb8b2d1d8b7a3f31c5151d"},"breadcrumb":{"@id":"https:\/\/www.almega.se\/2015\/10\/fornyat-krav-pa-deltidspension-fran-unionen\/#breadcrumb"},"inLanguage":"sv-SE","potentialAction":[{"@type":"ReadAction","target":["https:\/\/www.almega.se\/2015\/10\/fornyat-krav-pa-deltidspension-fran-unionen\/"]}]},{"@type":"BreadcrumbList","@id":"https:\/\/www.almega.se\/2015\/10\/fornyat-krav-pa-deltidspension-fran-unionen\/#breadcrumb","itemListElement":[{"@type":"ListItem","position":1,"name":"Home","item":"https:\/\/www.almega.se\/"},{"@type":"ListItem","position":2,"name":"F\u00f6rnyat krav p\u00e5 deltids&shy;pension fr\u00e5n Unionen"}]},{"@type":"WebSite","@id":"https:\/\/www.almega.se\/#website","url":"https:\/\/www.almega.se\/","name":"Almega","description":"","potentialAction":[{"@type":"SearchAction","target":{"@type":"EntryPoint","urlTemplate":"https:\/\/www.almega.se\/?s={search_term_string}"},"query-input":{"@type":"PropertyValueSpecification","valueRequired":true,"valueName":"search_term_string"}}],"inLanguage":"sv-SE"},{"@type":"Person","@id":"https:\/\/www.almega.se\/#\/schema\/person\/9c3674d192fb8b2d1d8b7a3f31c5151d","name":"admin","image":{"@type":"ImageObject","inLanguage":"sv-SE","@id":"https:\/\/www.almega.se\/#\/schema\/person\/image\/","url":"https:\/\/secure.gravatar.com\/avatar\/13aac7e7a7582f599e3ba7706cec051e12eac4ad6c2ffe6f9d24800e63294187?s=96&d=mm&r=g","contentUrl":"https:\/\/secure.gravatar.com\/avatar\/13aac7e7a7582f599e3ba7706cec051e12eac4ad6c2ffe6f9d24800e63294187?s=96&d=mm&r=g","caption":"admin"},"url":"https:\/\/www.almega.se\/person\/admin\/"}]}},"_links":{"self":[{"href":"https:\/\/www.almega.se\/api\/wp\/v2\/posts\/6055","targetHints":{"allow":["GET"]}}],"collection":[{"href":"https:\/\/www.almega.se\/api\/wp\/v2\/posts"}],"about":[{"href":"https:\/\/www.almega.se\/api\/wp\/v2\/types\/post"}],"author":[{"embeddable":true,"href":"https:\/\/www.almega.se\/api\/wp\/v2\/users\/1"}],"replies":[{"embeddable":true,"href":"https:\/\/www.almega.se\/api\/wp\/v2\/comments?post=6055"}],"version-history":[{"count":1,"href":"https:\/\/www.almega.se\/api\/wp\/v2\/posts\/6055\/revisions"}],"predecessor-version":[{"id":58473,"href":"https:\/\/www.almega.se\/api\/wp\/v2\/posts\/6055\/revisions\/58473"}],"wp:attachment":[{"href":"https:\/\/www.almega.se\/api\/wp\/v2\/media?parent=6055"}],"wp:term":[{"taxonomy":"category","embeddable":true,"href":"https:\/\/www.almega.se\/api\/wp\/v2\/categories?post=6055"},{"taxonomy":"post_tag","embeddable":true,"href":"https:\/\/www.almega.se\/api\/wp\/v2\/tags?post=6055"},{"taxonomy":"type","embeddable":true,"href":"https:\/\/www.almega.se\/api\/wp\/v2\/article_type?post=6055"},{"taxonomy":"agreement","embeddable":true,"href":"https:\/\/www.almega.se\/api\/wp\/v2\/agreement?post=6055"}],"curies":[{"name":"wp","href":"https:\/\/api.w.org\/{rel}","templated":true}]}}