{"id":60503,"date":"2023-03-21T08:00:00","date_gmt":"2023-03-21T07:00:00","guid":{"rendered":"https:\/\/www.almega.se\/?p=60503"},"modified":"2023-03-20T16:22:38","modified_gmt":"2023-03-20T15:22:38","slug":"inflationen-pa-vag-att-na-sin-topp","status":"publish","type":"post","link":"https:\/\/www.almega.se\/2023\/03\/inflationen-pa-vag-att-na-sin-topp\/","title":{"rendered":"Inflationen p\u00e5 v\u00e4g att n\u00e5 sin topp?"},"content":{"rendered":"<p class=\"intro\">\u00c5rets f\u00f6rsta tj\u00e4nsteindikator visar en kraftig inbromsning p\u00e5 tillv\u00e4xten inom tj\u00e4nstesektorn. Samtidigt forts\u00e4tter dock tj\u00e4nstef\u00f6retagen att nyanst\u00e4lla och priserna p\u00e5 tj\u00e4nster \u00f6kar inte lika snabbt som tidigare. \u201dAtt tj\u00e4nstepriserna \u00f6kar l\u00e5ngsammare kan vara en indikation p\u00e5 att inflationen \u00e4r p\u00e5 v\u00e4g att n\u00e5 sin topp\u201d, s\u00e4ger Patrick Joyce, chefsekonom p\u00e5 Almega.<\/p>\n\n<p>Den privata tj\u00e4nstesektorn har bromsat in snabbt under 2022, fr\u00e5n nio procents tillv\u00e4xt i b\u00f6rjan av \u00e5ret till drygt en procent vid \u00e5rets slut. Almegas indikator visar att tillv\u00e4xten i tj\u00e4nstesektorn blir negativ under v\u00e5ren att tj\u00e4nsteproduktionen kommer att minska \u00f6ver \u00e5ret.&nbsp;<\/p>\n\n\n\n<p>\u2013 Nedg\u00e5ngen \u00e4r tydligast bland f\u00f6retagstj\u00e4nster som \u00e4r beroende av industrin och byggsektorn. Arkitekter och teknikkonsulter kommer att f\u00e5 tuffa tider kan f\u00e5 det besv\u00e4rligt fram\u00f6ver. Bemanningsf\u00f6retagen v\u00e4xer fortfarande starkt, men \u00e4ven de m\u00e4rker av en minskande efterfr\u00e5gan, s\u00e4ger Patrick Joyce.<\/p>\n\n\n\n<blockquote class=\"wp-block-quote is-layout-flow wp-block-quote-is-layout-flow\">\n<p>S\u00e5 l\u00e4nge jobben finns kvar s\u00e5 blir fallet l\u00e4gre \u00e4n vid tidigare l\u00e5gkonjunkturer. <\/p>\n<cite>Patrick Joyce, Almegas chefsekonom. <\/cite><\/blockquote>\n\n\n\n<p>Arbetsmarknaden \u00e4r dock fortfarande stark. I februari l\u00e5g arbetsl\u00f6sheten p\u00e5 7,6 procent, vilket kan j\u00e4mf\u00f6ras med 7,3 procent samma m\u00e5nad 2022.&nbsp;Inom tj\u00e4nstesektorn forts\u00e4tter jobben att bli fler, och utvecklingen kan h\u00e5lla i sig ytterligare n\u00e5got kvartal.&nbsp;<\/p>\n\n\n\n<p>\u2013 En fortsatt stark arbetsmarknad kan inneb\u00e4ra att l\u00e5gkonjunkturen inte blir lika djup. S\u00e4nkta reall\u00f6ner och h\u00f6jda r\u00e4ntor minskar konsumtionen, men s\u00e5 l\u00e4nge jobben finns kvar s\u00e5 blir fallet l\u00e4gre \u00e4n vid tidigare l\u00e5gkonjunkturer, s\u00e4ger Patrick Joyce.<\/p>\n\n\n\n<p>F\u00f6r andra kvartalet i rad \u00f6kar tj\u00e4nstef\u00f6retagens f\u00f6rs\u00e4ljningspriser l\u00e5ngsammare \u00e4n tidigare. Detta beror fr\u00e4mst p\u00e5 sjunkande br\u00e4nslepriser som minskat priserna p\u00e5 transporter.<\/p>\n\n\n\n<p>\u2013 \u00adAtt inflationstakten inom tj\u00e4nstesektorn avtar kan vara en f\u00f6raning om att den allm\u00e4nna inflationstakten \u00e4r p\u00e5 v\u00e4g ned. Det \u00e4r i alla fall en ljusglimt i m\u00f6rkret, avslutar Patrick Joyce.<\/p>\n\n\n\n      <a href=\"https:\/\/www.almega.se\/app\/uploads\/2023\/03\/Tjansteindikatorn-Kvartal-Ett-2023-Slutversion97.pdf\" target=\"_blank\" class=\"Button is-button is-style-fill has-primary-background-color has-primary-border-color Button--download\">\n      \n        Ladda ner Tj\u00e4nsteindikatorn Q1 2023\n      \n      \n                <svg class='icon icon--download'  width=\"16\" height=\"16\" viewBox=\"0 0 16 16\" fill=\"none\" xmlns=\"http:\/\/www.w3.org\/2000\/svg\">\n<path d=\"M8 -2.18557e-07L8 10M8 10L13 5M8 10L3 5\" stroke=\"black\" stroke-width=\"2\" stroke-miterlimit=\"10\"\/>\n<path d=\"M15 11.5V15H1V11.5\" stroke=\"black\" stroke-width=\"2\" stroke-miterlimit=\"10\"\/>\n<\/svg>\n\n        \n    <\/a>\n  \n","protected":false},"excerpt":{"rendered":"<p>Den privata tj\u00e4nstesektorn har bromsat in snabbt under 2022, fr\u00e5n nio procents tillv\u00e4xt i b\u00f6rjan av \u00e5ret till drygt en procent vid \u00e5rets slut. Almegas indikator visar att tillv\u00e4xten i tj\u00e4nstesektorn blir negativ under v\u00e5ren &hellip;<\/p>\n","protected":false},"author":6058,"featured_media":59959,"comment_status":"closed","ping_status":"closed","sticky":false,"template":"","format":"standard","meta":{"_acf_changed":false,"footnotes":""},"categories":[630],"tags":[],"article_type":[56],"agreement":[],"class_list":["post-60503","post","type-post","status-publish","format-standard","has-post-thumbnail","hentry","category-konjunktur","type-nyheter"],"acf":[],"yoast_head":"<!-- This site is optimized with the Yoast SEO Premium plugin v26.8 (Yoast SEO v26.8) - https:\/\/yoast.com\/product\/yoast-seo-premium-wordpress\/ -->\n<title>Inflationen p\u00e5 v\u00e4g att n\u00e5 sin topp? | Almega<\/title>\n<meta name=\"robots\" content=\"index, follow, max-snippet:-1, max-image-preview:large, max-video-preview:-1\" \/>\n<link rel=\"canonical\" href=\"https:\/\/www.almega.se\/2023\/03\/inflationen-pa-vag-att-na-sin-topp\/\" \/>\n<meta property=\"og:locale\" content=\"sv_SE\" \/>\n<meta property=\"og:type\" content=\"article\" \/>\n<meta property=\"og:title\" content=\"Inflationen p\u00e5 v\u00e4g att n\u00e5 sin topp?\" \/>\n<meta property=\"og:description\" content=\"Den privata tj\u00e4nstesektorn har bromsat in snabbt under 2022, fr\u00e5n nio procents tillv\u00e4xt i b\u00f6rjan av \u00e5ret till drygt en procent vid \u00e5rets slut. Almegas indikator visar att tillv\u00e4xten i tj\u00e4nstesektorn blir negativ under v\u00e5ren &hellip;\" \/>\n<meta property=\"og:url\" content=\"https:\/\/www.almega.se\/2023\/03\/inflationen-pa-vag-att-na-sin-topp\/\" \/>\n<meta property=\"og:site_name\" content=\"Almega\" \/>\n<meta property=\"article:published_time\" content=\"2023-03-21T07:00:00+00:00\" \/>\n<meta property=\"og:image\" content=\"https:\/\/www.almega.se\/app\/uploads\/2023\/02\/43eff31d-f877-40fe-ad24-cbec8ce47ed9.jpg\" \/>\n\t<meta property=\"og:image:width\" content=\"1\" \/>\n\t<meta property=\"og:image:height\" content=\"1\" \/>\n\t<meta property=\"og:image:type\" content=\"image\/jpeg\" \/>\n<meta name=\"author\" content=\"Shashika Sellgren\" \/>\n<meta name=\"twitter:card\" content=\"summary_large_image\" \/>\n<meta name=\"twitter:label1\" content=\"Skriven av\" \/>\n\t<meta name=\"twitter:data1\" content=\"Shashika Sellgren\" \/>\n\t<meta name=\"twitter:label2\" content=\"Ber\u00e4knad l\u00e4stid\" \/>\n\t<meta name=\"twitter:data2\" content=\"2 minuter\" \/>\n<!-- \/ Yoast SEO Premium plugin. -->","yoast_head_json":{"title":"Inflationen p\u00e5 v\u00e4g att n\u00e5 sin topp? | Almega","robots":{"index":"index","follow":"follow","max-snippet":"max-snippet:-1","max-image-preview":"max-image-preview:large","max-video-preview":"max-video-preview:-1"},"canonical":"https:\/\/www.almega.se\/2023\/03\/inflationen-pa-vag-att-na-sin-topp\/","og_locale":"sv_SE","og_type":"article","og_title":"Inflationen p\u00e5 v\u00e4g att n\u00e5 sin topp?","og_description":"Den privata tj\u00e4nstesektorn har bromsat in snabbt under 2022, fr\u00e5n nio procents tillv\u00e4xt i b\u00f6rjan av \u00e5ret till drygt en procent vid \u00e5rets slut. Almegas indikator visar att tillv\u00e4xten i tj\u00e4nstesektorn blir negativ under v\u00e5ren &hellip;","og_url":"https:\/\/www.almega.se\/2023\/03\/inflationen-pa-vag-att-na-sin-topp\/","og_site_name":"Almega","article_published_time":"2023-03-21T07:00:00+00:00","og_image":[{"url":"https:\/\/www.almega.se\/app\/uploads\/2023\/02\/43eff31d-f877-40fe-ad24-cbec8ce47ed9.jpg","width":1,"height":1,"type":"image\/jpeg"}],"author":"Shashika Sellgren","twitter_card":"summary_large_image","twitter_misc":{"Skriven av":"Shashika Sellgren","Ber\u00e4knad l\u00e4stid":"2 minuter"},"schema":{"@context":"https:\/\/schema.org","@graph":[{"@type":"NewsArticle","@id":"https:\/\/www.almega.se\/2023\/03\/inflationen-pa-vag-att-na-sin-topp\/#article","isPartOf":{"@id":"https:\/\/www.almega.se\/2023\/03\/inflationen-pa-vag-att-na-sin-topp\/"},"author":{"name":"Shashika Sellgren","@id":"https:\/\/www.almega.se\/#\/schema\/person\/38c6b37b81c530c93246c3d1993d5662"},"headline":"Inflationen p\u00e5 v\u00e4g att n\u00e5 sin topp?","datePublished":"2023-03-21T07:00:00+00:00","mainEntityOfPage":{"@id":"https:\/\/www.almega.se\/2023\/03\/inflationen-pa-vag-att-na-sin-topp\/"},"wordCount":284,"image":{"@id":"https:\/\/www.almega.se\/2023\/03\/inflationen-pa-vag-att-na-sin-topp\/#primaryimage"},"thumbnailUrl":"https:\/\/www.almega.se\/app\/uploads\/2023\/02\/43eff31d-f877-40fe-ad24-cbec8ce47ed9.jpg","articleSection":["Konjunktur"],"inLanguage":"sv-SE"},{"@type":"WebPage","@id":"https:\/\/www.almega.se\/2023\/03\/inflationen-pa-vag-att-na-sin-topp\/","url":"https:\/\/www.almega.se\/2023\/03\/inflationen-pa-vag-att-na-sin-topp\/","name":"Inflationen p\u00e5 v\u00e4g att n\u00e5 sin topp? | Almega","isPartOf":{"@id":"https:\/\/www.almega.se\/#website"},"primaryImageOfPage":{"@id":"https:\/\/www.almega.se\/2023\/03\/inflationen-pa-vag-att-na-sin-topp\/#primaryimage"},"image":{"@id":"https:\/\/www.almega.se\/2023\/03\/inflationen-pa-vag-att-na-sin-topp\/#primaryimage"},"thumbnailUrl":"https:\/\/www.almega.se\/app\/uploads\/2023\/02\/43eff31d-f877-40fe-ad24-cbec8ce47ed9.jpg","datePublished":"2023-03-21T07:00:00+00:00","author":{"@id":"https:\/\/www.almega.se\/#\/schema\/person\/38c6b37b81c530c93246c3d1993d5662"},"breadcrumb":{"@id":"https:\/\/www.almega.se\/2023\/03\/inflationen-pa-vag-att-na-sin-topp\/#breadcrumb"},"inLanguage":"sv-SE","potentialAction":[{"@type":"ReadAction","target":["https:\/\/www.almega.se\/2023\/03\/inflationen-pa-vag-att-na-sin-topp\/"]}]},{"@type":"ImageObject","inLanguage":"sv-SE","@id":"https:\/\/www.almega.se\/2023\/03\/inflationen-pa-vag-att-na-sin-topp\/#primaryimage","url":"https:\/\/www.almega.se\/app\/uploads\/2023\/02\/43eff31d-f877-40fe-ad24-cbec8ce47ed9.jpg","contentUrl":"https:\/\/www.almega.se\/app\/uploads\/2023\/02\/43eff31d-f877-40fe-ad24-cbec8ce47ed9.jpg","caption":"Patrick Joyce, chefekonom p\u00e5 Almega"},{"@type":"BreadcrumbList","@id":"https:\/\/www.almega.se\/2023\/03\/inflationen-pa-vag-att-na-sin-topp\/#breadcrumb","itemListElement":[{"@type":"ListItem","position":1,"name":"Home","item":"https:\/\/www.almega.se\/"},{"@type":"ListItem","position":2,"name":"Inflationen p\u00e5 v\u00e4g att n\u00e5 sin topp?"}]},{"@type":"WebSite","@id":"https:\/\/www.almega.se\/#website","url":"https:\/\/www.almega.se\/","name":"Almega","description":"","potentialAction":[{"@type":"SearchAction","target":{"@type":"EntryPoint","urlTemplate":"https:\/\/www.almega.se\/?s={search_term_string}"},"query-input":{"@type":"PropertyValueSpecification","valueRequired":true,"valueName":"search_term_string"}}],"inLanguage":"sv-SE"},{"@type":"Person","@id":"https:\/\/www.almega.se\/#\/schema\/person\/38c6b37b81c530c93246c3d1993d5662","name":"Shashika Sellgren","image":{"@type":"ImageObject","inLanguage":"sv-SE","@id":"https:\/\/www.almega.se\/#\/schema\/person\/image\/","url":"https:\/\/secure.gravatar.com\/avatar\/b225c479880df9eb82d1501dd105dd8040f27c8563f3d4bf5dd62ce0a1630abd?s=96&d=mm&r=g","contentUrl":"https:\/\/secure.gravatar.com\/avatar\/b225c479880df9eb82d1501dd105dd8040f27c8563f3d4bf5dd62ce0a1630abd?s=96&d=mm&r=g","caption":"Shashika Sellgren"},"url":"https:\/\/www.almega.se\/person\/shashikasellgren\/"}]}},"_links":{"self":[{"href":"https:\/\/www.almega.se\/api\/wp\/v2\/posts\/60503","targetHints":{"allow":["GET"]}}],"collection":[{"href":"https:\/\/www.almega.se\/api\/wp\/v2\/posts"}],"about":[{"href":"https:\/\/www.almega.se\/api\/wp\/v2\/types\/post"}],"author":[{"embeddable":true,"href":"https:\/\/www.almega.se\/api\/wp\/v2\/users\/6058"}],"replies":[{"embeddable":true,"href":"https:\/\/www.almega.se\/api\/wp\/v2\/comments?post=60503"}],"version-history":[{"count":14,"href":"https:\/\/www.almega.se\/api\/wp\/v2\/posts\/60503\/revisions"}],"predecessor-version":[{"id":60556,"href":"https:\/\/www.almega.se\/api\/wp\/v2\/posts\/60503\/revisions\/60556"}],"wp:featuredmedia":[{"embeddable":true,"href":"https:\/\/www.almega.se\/api\/wp\/v2\/media\/59959"}],"wp:attachment":[{"href":"https:\/\/www.almega.se\/api\/wp\/v2\/media?parent=60503"}],"wp:term":[{"taxonomy":"category","embeddable":true,"href":"https:\/\/www.almega.se\/api\/wp\/v2\/categories?post=60503"},{"taxonomy":"post_tag","embeddable":true,"href":"https:\/\/www.almega.se\/api\/wp\/v2\/tags?post=60503"},{"taxonomy":"type","embeddable":true,"href":"https:\/\/www.almega.se\/api\/wp\/v2\/article_type?post=60503"},{"taxonomy":"agreement","embeddable":true,"href":"https:\/\/www.almega.se\/api\/wp\/v2\/agreement?post=60503"}],"curies":[{"name":"wp","href":"https:\/\/api.w.org\/{rel}","templated":true}]}}