{"id":6004,"date":"2015-12-12T12:00:00","date_gmt":"2015-12-12T11:00:00","guid":{"rendered":"http:\/\/almega-bento\/wp\/blog\/2015\/12\/12\/beslut-om-undantag-fortbildning-vaktare\/"},"modified":"2015-12-12T12:00:00","modified_gmt":"2015-12-12T11:00:00","slug":"beslut-om-undantag-fortbildning-vaktare","status":"publish","type":"post","link":"https:\/\/www.almega.se\/2015\/12\/beslut-om-undantag-fortbildning-vaktare\/","title":{"rendered":"Beslut om undantag fortbildning v\u00e4ktare"},"content":{"rendered":"\n<p class=\"intro\">Vi har nu f\u00e5tt det skriftliga beviljandet av undantag fr\u00e5n fyra\u00e5rsregeln avseende fortbildning v\u00e4ktare. <\/p>\n<p>ID-kontroll: Almega S&auml;kerhetsf&ouml;retagen har en n&auml;ra dialog med b&aring;de NOA och R&auml;ttsavdelningen avseende ID-kontroll. Flera kunder har v&auml;nt sig till bevakningsbolagen f&ouml;r att be om att f&aring; tj&auml;nsten utf&ouml;rd.<\/p>\n<p>  Jag vill avr&aring;da fr&aring;n att ta dessa uppdrag tills vi f&aring;r tydligare besked fr&aring;n r&auml;ttsavdelningen p&aring; Polis-myndigheten om de juridiska aspekterna kring utf&ouml;randet av ID-kontroll, kompetensen att avg&ouml;ra giltigt fr&aring;n ogiltigt pass, konsekvensen av att kontrollerad person saknar id-handlingar, var kontrollen utf&ouml;rs etc.<\/p>\n<p>  NOA har haft m&ouml;te med Justitiedepartementet idag och r&auml;ttsavdelningen kommer kontakta mig s&aring; snart de har besked i fr&aring;gan.<\/p>\n<p><a href=\"\/app\/uploads\/imported\/Beslut-Fortbildning-forskjutning-2016-Inscannat-dokument-(17)-(2).pdf\" title=\"Beslut Fortbildning f\u00f6rskjutning 2016 Inscannat dokument (17) (2).pdf\">Beslut om undantag fortbildning v&auml;ktare<\/a><\/p>\n<\/p>\n","protected":false},"excerpt":{"rendered":"<p>Vi har nu f\u00e5tt det skriftliga beviljandet av undantag fr\u00e5n fyra\u00e5rsregeln avseende fortbildning v\u00e4ktare. <\/p>\n","protected":false},"author":1,"featured_media":0,"comment_status":"closed","ping_status":"open","sticky":false,"template":"","format":"standard","meta":{"_acf_changed":false,"footnotes":""},"categories":[1],"tags":[],"article_type":[313],"agreement":[224,216],"class_list":["post-6004","post","type-post","status-publish","format-standard","hentry","category-okategoriserade","type-arbetsgivarnytt","agreement-88ce80f7-ff07-de11-b4e1-02bf9e69ca65","agreement-83ce80f7-ff07-de11-b4e1-02bf9e69ca65"],"acf":[],"yoast_head":"<!-- This site is optimized with the Yoast SEO Premium plugin v26.8 (Yoast SEO v26.8) - https:\/\/yoast.com\/product\/yoast-seo-premium-wordpress\/ -->\n<title>Beslut om undantag fortbildning v\u00e4ktare | Almega<\/title>\n<meta name=\"robots\" content=\"index, follow, max-snippet:-1, max-image-preview:large, max-video-preview:-1\" \/>\n<link rel=\"canonical\" href=\"https:\/\/www.almega.se\/2015\/12\/beslut-om-undantag-fortbildning-vaktare\/\" \/>\n<meta property=\"og:locale\" content=\"sv_SE\" \/>\n<meta property=\"og:type\" content=\"article\" \/>\n<meta property=\"og:title\" content=\"Beslut om undantag fortbildning v\u00e4ktare\" \/>\n<meta property=\"og:description\" content=\"Vi har nu f\u00e5tt det skriftliga beviljandet av undantag fr\u00e5n fyra\u00e5rsregeln avseende fortbildning v\u00e4ktare.\" \/>\n<meta property=\"og:url\" content=\"https:\/\/www.almega.se\/2015\/12\/beslut-om-undantag-fortbildning-vaktare\/\" \/>\n<meta property=\"og:site_name\" content=\"Almega\" \/>\n<meta property=\"article:published_time\" content=\"2015-12-12T11:00:00+00:00\" \/>\n<meta property=\"og:image\" content=\"https:\/\/www.almega.se\/app\/uploads\/2020\/12\/almega-share-logo.png\" \/>\n\t<meta property=\"og:image:width\" content=\"1200\" \/>\n\t<meta property=\"og:image:height\" content=\"630\" \/>\n\t<meta property=\"og:image:type\" content=\"image\/png\" \/>\n<meta name=\"author\" content=\"admin\" \/>\n<meta name=\"twitter:card\" content=\"summary_large_image\" \/>\n<meta name=\"twitter:label1\" content=\"Skriven av\" \/>\n\t<meta name=\"twitter:data1\" content=\"admin\" \/>\n\t<meta name=\"twitter:label2\" content=\"Ber\u00e4knad l\u00e4stid\" \/>\n\t<meta name=\"twitter:data2\" content=\"1 minut\" \/>\n<!-- \/ Yoast SEO Premium plugin. -->","yoast_head_json":{"title":"Beslut om undantag fortbildning v\u00e4ktare | Almega","robots":{"index":"index","follow":"follow","max-snippet":"max-snippet:-1","max-image-preview":"max-image-preview:large","max-video-preview":"max-video-preview:-1"},"canonical":"https:\/\/www.almega.se\/2015\/12\/beslut-om-undantag-fortbildning-vaktare\/","og_locale":"sv_SE","og_type":"article","og_title":"Beslut om undantag fortbildning v\u00e4ktare","og_description":"Vi har nu f\u00e5tt det skriftliga beviljandet av undantag fr\u00e5n fyra\u00e5rsregeln avseende fortbildning v\u00e4ktare.","og_url":"https:\/\/www.almega.se\/2015\/12\/beslut-om-undantag-fortbildning-vaktare\/","og_site_name":"Almega","article_published_time":"2015-12-12T11:00:00+00:00","og_image":[{"width":1200,"height":630,"url":"https:\/\/www.almega.se\/app\/uploads\/2020\/12\/almega-share-logo.png","type":"image\/png"}],"author":"admin","twitter_card":"summary_large_image","twitter_misc":{"Skriven av":"admin","Ber\u00e4knad l\u00e4stid":"1 minut"},"schema":{"@context":"https:\/\/schema.org","@graph":[{"@type":"NewsArticle","@id":"https:\/\/www.almega.se\/2015\/12\/beslut-om-undantag-fortbildning-vaktare\/#article","isPartOf":{"@id":"https:\/\/www.almega.se\/2015\/12\/beslut-om-undantag-fortbildning-vaktare\/"},"author":{"name":"admin","@id":"https:\/\/www.almega.se\/#\/schema\/person\/9c3674d192fb8b2d1d8b7a3f31c5151d"},"headline":"Beslut om undantag fortbildning v\u00e4ktare","datePublished":"2015-12-12T11:00:00+00:00","mainEntityOfPage":{"@id":"https:\/\/www.almega.se\/2015\/12\/beslut-om-undantag-fortbildning-vaktare\/"},"wordCount":167,"inLanguage":"sv-SE"},{"@type":"WebPage","@id":"https:\/\/www.almega.se\/2015\/12\/beslut-om-undantag-fortbildning-vaktare\/","url":"https:\/\/www.almega.se\/2015\/12\/beslut-om-undantag-fortbildning-vaktare\/","name":"Beslut om undantag fortbildning v\u00e4ktare | Almega","isPartOf":{"@id":"https:\/\/www.almega.se\/#website"},"datePublished":"2015-12-12T11:00:00+00:00","author":{"@id":"https:\/\/www.almega.se\/#\/schema\/person\/9c3674d192fb8b2d1d8b7a3f31c5151d"},"breadcrumb":{"@id":"https:\/\/www.almega.se\/2015\/12\/beslut-om-undantag-fortbildning-vaktare\/#breadcrumb"},"inLanguage":"sv-SE","potentialAction":[{"@type":"ReadAction","target":["https:\/\/www.almega.se\/2015\/12\/beslut-om-undantag-fortbildning-vaktare\/"]}]},{"@type":"BreadcrumbList","@id":"https:\/\/www.almega.se\/2015\/12\/beslut-om-undantag-fortbildning-vaktare\/#breadcrumb","itemListElement":[{"@type":"ListItem","position":1,"name":"Home","item":"https:\/\/www.almega.se\/"},{"@type":"ListItem","position":2,"name":"Beslut om undantag fortbildning v\u00e4ktare"}]},{"@type":"WebSite","@id":"https:\/\/www.almega.se\/#website","url":"https:\/\/www.almega.se\/","name":"Almega","description":"","potentialAction":[{"@type":"SearchAction","target":{"@type":"EntryPoint","urlTemplate":"https:\/\/www.almega.se\/?s={search_term_string}"},"query-input":{"@type":"PropertyValueSpecification","valueRequired":true,"valueName":"search_term_string"}}],"inLanguage":"sv-SE"},{"@type":"Person","@id":"https:\/\/www.almega.se\/#\/schema\/person\/9c3674d192fb8b2d1d8b7a3f31c5151d","name":"admin","image":{"@type":"ImageObject","inLanguage":"sv-SE","@id":"https:\/\/www.almega.se\/#\/schema\/person\/image\/","url":"https:\/\/secure.gravatar.com\/avatar\/13aac7e7a7582f599e3ba7706cec051e12eac4ad6c2ffe6f9d24800e63294187?s=96&d=mm&r=g","contentUrl":"https:\/\/secure.gravatar.com\/avatar\/13aac7e7a7582f599e3ba7706cec051e12eac4ad6c2ffe6f9d24800e63294187?s=96&d=mm&r=g","caption":"admin"},"url":"https:\/\/www.almega.se\/person\/admin\/"}]}},"_links":{"self":[{"href":"https:\/\/www.almega.se\/api\/wp\/v2\/posts\/6004","targetHints":{"allow":["GET"]}}],"collection":[{"href":"https:\/\/www.almega.se\/api\/wp\/v2\/posts"}],"about":[{"href":"https:\/\/www.almega.se\/api\/wp\/v2\/types\/post"}],"author":[{"embeddable":true,"href":"https:\/\/www.almega.se\/api\/wp\/v2\/users\/1"}],"replies":[{"embeddable":true,"href":"https:\/\/www.almega.se\/api\/wp\/v2\/comments?post=6004"}],"version-history":[{"count":1,"href":"https:\/\/www.almega.se\/api\/wp\/v2\/posts\/6004\/revisions"}],"predecessor-version":[{"id":58459,"href":"https:\/\/www.almega.se\/api\/wp\/v2\/posts\/6004\/revisions\/58459"}],"wp:attachment":[{"href":"https:\/\/www.almega.se\/api\/wp\/v2\/media?parent=6004"}],"wp:term":[{"taxonomy":"category","embeddable":true,"href":"https:\/\/www.almega.se\/api\/wp\/v2\/categories?post=6004"},{"taxonomy":"post_tag","embeddable":true,"href":"https:\/\/www.almega.se\/api\/wp\/v2\/tags?post=6004"},{"taxonomy":"type","embeddable":true,"href":"https:\/\/www.almega.se\/api\/wp\/v2\/article_type?post=6004"},{"taxonomy":"agreement","embeddable":true,"href":"https:\/\/www.almega.se\/api\/wp\/v2\/agreement?post=6004"}],"curies":[{"name":"wp","href":"https:\/\/api.w.org\/{rel}","templated":true}]}}