{"id":59910,"date":"2023-02-28T08:00:00","date_gmt":"2023-02-28T07:00:00","guid":{"rendered":"https:\/\/www.almega.se\/?p=59910"},"modified":"2023-03-09T12:20:24","modified_gmt":"2023-03-09T11:20:24","slug":"en-ekvation-som-inte-gar-ihop","status":"publish","type":"post","link":"https:\/\/www.almega.se\/2023\/02\/en-ekvation-som-inte-gar-ihop\/","title":{"rendered":"En ekvation som inte g\u00e5r ihop"},"content":{"rendered":"<p style=\"font-weight: 400;\">Almegas nya rapport \u201dAtt arbeta eller inte arbeta\u201d visar att var \u00e5ttonde person mellan 20 och 62 \u00e5r f\u00f6rs\u00f6rjs helt eller delvis av sociala ers\u00e4ttningar \u2013 trots att h\u00e4lften \u00e4r friska och arbetsf\u00f6ra. Samtidigt \u00e4r Sveriges tj\u00e4nstef\u00f6retag i stort behov av medarbetare. \u201dDet \u00e4r en ekvation som inte g\u00e5r ihop\u201d, s\u00e4ger Johannes Nathell, n\u00e4ringspolitisk expert p\u00e5 Almega.<\/p>\n\n\n<p>Sverige \u00e4r inne i en l\u00e5gkonjunktur med h\u00f6g inflation, samtidigt som tj\u00e4nstef\u00f6retagen har sv\u00e5rt att hitta medarbetare. \u00c4nd\u00e5 finns det drygt 350&nbsp;000 friska och arbetsf\u00f6ra personer i Sverige som inte arbetar.&nbsp;<\/p>\n\n\n\n<figure class=\"wp-block-image aligncenter size-large is-resized\"><img loading=\"lazy\" decoding=\"async\" src=\"https:\/\/www.almega.se\/app\/uploads\/2023\/02\/179309555_4304014466289998_111789786377376299_n69-1180x1180.png\" alt=\"\" class=\"wp-image-59911\" width=\"590\" height=\"590\" srcset=\"https:\/\/www.almega.se\/app\/uploads\/2023\/02\/179309555_4304014466289998_111789786377376299_n69-1180x1180.png 1180w, https:\/\/www.almega.se\/app\/uploads\/2023\/02\/179309555_4304014466289998_111789786377376299_n69-580x580.png 580w, https:\/\/www.almega.se\/app\/uploads\/2023\/02\/179309555_4304014466289998_111789786377376299_n69-380x380.png 380w, https:\/\/www.almega.se\/app\/uploads\/2023\/02\/179309555_4304014466289998_111789786377376299_n69-768x768.png 768w, https:\/\/www.almega.se\/app\/uploads\/2023\/02\/179309555_4304014466289998_111789786377376299_n69.png 1440w\" sizes=\"auto, (max-width: 590px) 100vw, 590px\" \/><figcaption class=\"wp-element-caption\">Johannes Nathell, n\u00e4ringspolitisk expert p\u00e5 Almega och medf\u00f6rfattare till rapporten <\/figcaption><\/figure>\n\n\n\n<p>\u2013 Det \u00e4r en ekvation som inte g\u00e5r ihop, s\u00e4rskilt inte eftersom det \u00e4r sv\u00e5rt att rekrytera \u00e4ven till jobb som endast kr\u00e4ver gymnasial kunskap eller en kortare introduktionskurs, s\u00e4ger Johannes Nathell.<\/p>\n\n\n\n<p>I rapporten j\u00e4mf\u00f6rs den disponibla inkomsten f\u00f6r hush\u00e5ll d\u00e4r de vuxna arbetar heltid med ing\u00e5ngsl\u00f6n som v\u00e5rdbitr\u00e4de med hush\u00e5ll d\u00e4r en eller b\u00e5da vuxna i st\u00e4llet f\u00f6rs\u00f6rjs p\u00e5 heltid av sociala ers\u00e4ttningar och bidrag. Resultatet visar att f\u00f6r en familj med&nbsp;tv\u00e5&nbsp;barn finns inga ekonomiska drivkrafter alls till att ta ett arbete. <\/p>\n\n\n\n<p>\u2013 Det l\u00f6nar sig helt enkelt inte att g\u00e5 fr\u00e5n bidrag till arbete. Har man ett eller flera barn s\u00e5 l\u00f6nar det sig lite eller inte alls att ta ett jobb, s\u00e4ger Johannes Nathell. <\/p>\n\n\n\n<p><\/p>\n\n\n\n<blockquote class=\"wp-block-quote is-layout-flow wp-block-quote-is-layout-flow\">\n<p>Det \u00e4r en ekvation som inte g\u00e5r ihop, s\u00e4rskilt inte eftersom det \u00e4r sv\u00e5rt att rekrytera \u00e4ven till jobb som endast kr\u00e4ver gymnasial kunskap eller en kortare introduktionskurs.<\/p>\n<\/blockquote>\n\n\n<a class='Share__link Share__link--url copy-text' href='#' rel='nofollow' data-text='tjansteforetagen-ar-en-integrationsmotor' title='Dela url' data-confirmation='L\u00e4nken kopierades till urklipp'><svg class='icon icon--link'  width='18' height='18' viewBox='0 0 18 18' fill='none' xmlns='http:\/\/www.w3.org\/2000\/svg'>\n            <path d='M10.4142 0.514721L6.87868 4.05025L8.29289 5.46447L11.1213 2.63604L15.364 6.87868L12.5355 9.70711L13.9497 11.1213L17.4853 7.58579C17.8763 7.19476 17.8763 6.5626 17.4853 6.17158L11.8284 0.514721C11.4374 0.123691 10.8052 0.123691 10.4142 0.514721Z' fill='black'\/>\n            <path d='M9.7071 12.5355L6.87868 15.364L2.63604 11.1213L5.46446 8.2929L4.05025 6.87868L0.514716 10.4142C0.123686 10.8052 0.123686 11.4374 0.514716 11.8284L6.17157 17.4853C6.5626 17.8763 7.19475 17.8763 7.58578 17.4853L11.1213 13.9497L9.7071 12.5355Z' fill='black'\/>\n            <path d='M6.17157 11.8284C6.5626 12.2195 7.19475 12.2195 7.58578 11.8284L11.8284 7.58579C12.2195 7.19476 12.2195 6.56261 11.8284 6.17158C11.4374 5.78055 10.8052 5.78055 10.4142 6.17158L6.17157 10.4142C5.78054 10.8052 5.78054 11.4374 6.17157 11.8284Z' fill='black'\/>\n            <\/svg> <\/a>\n<h2 class=\"wp-block-heading\">Tj\u00e4nstef\u00f6retagen \u00e4r en integrationsmotor <\/h2>\n\n\n\n<p>Ensamst\u00e5ende och utrikesf\u00f6dda sticker ut i statistiken. Vissa grupper har mycket l\u00e5g sj\u00e4lvf\u00f6rs\u00f6rjningsgrad, det g\u00e4ller fr\u00e4mst de som vistats i Sverige en kortare tid.&nbsp;<\/p>\n\n\n\n<p>\u2013 Vi har ett stort utanf\u00f6rskap i samh\u00e4llet, samtidigt som vi har f\u00f6retag som kan erbjuda jobb. Tj\u00e4nstef\u00f6retagen \u00e4r en integrationsmotor och majoriteten av alla utrikesf\u00f6dda f\u00e5r idag jobb inom tj\u00e4nstesektorn. Men fler beh\u00f6ver komma in p\u00e5 arbetsmarknaden och d\u00e5 m\u00e5ste incitamenten f\u00f6r att ta ett jobb \u00f6ka, s\u00e4ger Johannes Nathell.<\/p>\n\n\n<a class='Share__link Share__link--url copy-text' href='#' rel='nofollow' data-text='\u00d6ka-skillnaden-mellan-bidragsforsorjning-och-arbetsinkomster' title='Dela url' data-confirmation='L\u00e4nken kopierades till urklipp'><svg class='icon icon--link'  width='18' height='18' viewBox='0 0 18 18' fill='none' xmlns='http:\/\/www.w3.org\/2000\/svg'>\n            <path d='M10.4142 0.514721L6.87868 4.05025L8.29289 5.46447L11.1213 2.63604L15.364 6.87868L12.5355 9.70711L13.9497 11.1213L17.4853 7.58579C17.8763 7.19476 17.8763 6.5626 17.4853 6.17158L11.8284 0.514721C11.4374 0.123691 10.8052 0.123691 10.4142 0.514721Z' fill='black'\/>\n            <path d='M9.7071 12.5355L6.87868 15.364L2.63604 11.1213L5.46446 8.2929L4.05025 6.87868L0.514716 10.4142C0.123686 10.8052 0.123686 11.4374 0.514716 11.8284L6.17157 17.4853C6.5626 17.8763 7.19475 17.8763 7.58578 17.4853L11.1213 13.9497L9.7071 12.5355Z' fill='black'\/>\n            <path d='M6.17157 11.8284C6.5626 12.2195 7.19475 12.2195 7.58578 11.8284L11.8284 7.58579C12.2195 7.19476 12.2195 6.56261 11.8284 6.17158C11.4374 5.78055 10.8052 5.78055 10.4142 6.17158L6.17157 10.4142C5.78054 10.8052 5.78054 11.4374 6.17157 11.8284Z' fill='black'\/>\n            <\/svg> <\/a>\n<h2 class=\"wp-block-heading\">\u00d6ka skillnaden mellan bidragsf\u00f6rs\u00f6rjning och arbetsinkomster <\/h2>\n\n\n\n<p>Almega f\u00f6resl\u00e5r fem \u00e5tg\u00e4rder f\u00f6r att \u00f6ka vinsten av att arbeta och minska tr\u00f6sklarna in p\u00e5 arbetsmarknaden. Det handlar bland annat om att bygga ut jobbskatteavdraget, sk\u00e4rpa kraven p\u00e5 aktivitet i bidragssystemen och f\u00f6rst\u00e4rka nystartsjobben.&nbsp;<\/p>\n\n\n\n<p>\u2013 Det m\u00e5ste alltid l\u00f6na sig mer att arbeta j\u00e4mf\u00f6rt med att leva p\u00e5 bidrag. Jobben finns, men uppenbarligen \u00e4r drivkrafterna till att ta jobben inte tillr\u00e4ckligt starka. Almegas reformpaket \u00e4r&nbsp;d\u00e4rf\u00f6r&nbsp;ett steg i r\u00e4tt riktning, avslutar Johannes Nathell.<\/p>\n\n\n\n\n<a class='Share__link Share__link--url copy-text' href='#' rel='nofollow' data-text='almegas-fem-reformsforslag' title='Dela url' data-confirmation='L\u00e4nken kopierades till urklipp'><svg class='icon icon--link'  width='18' height='18' viewBox='0 0 18 18' fill='none' xmlns='http:\/\/www.w3.org\/2000\/svg'>\n            <path d='M10.4142 0.514721L6.87868 4.05025L8.29289 5.46447L11.1213 2.63604L15.364 6.87868L12.5355 9.70711L13.9497 11.1213L17.4853 7.58579C17.8763 7.19476 17.8763 6.5626 17.4853 6.17158L11.8284 0.514721C11.4374 0.123691 10.8052 0.123691 10.4142 0.514721Z' fill='black'\/>\n            <path d='M9.7071 12.5355L6.87868 15.364L2.63604 11.1213L5.46446 8.2929L4.05025 6.87868L0.514716 10.4142C0.123686 10.8052 0.123686 11.4374 0.514716 11.8284L6.17157 17.4853C6.5626 17.8763 7.19475 17.8763 7.58578 17.4853L11.1213 13.9497L9.7071 12.5355Z' fill='black'\/>\n            <path d='M6.17157 11.8284C6.5626 12.2195 7.19475 12.2195 7.58578 11.8284L11.8284 7.58579C12.2195 7.19476 12.2195 6.56261 11.8284 6.17158C11.4374 5.78055 10.8052 5.78055 10.4142 6.17158L6.17157 10.4142C5.78054 10.8052 5.78054 11.4374 6.17157 11.8284Z' fill='black'\/>\n            <\/svg> <\/a>\n<h2 class=\"wp-block-heading\">Almegas fem reformsf\u00f6rslag <\/h2>\n\n\n\n<ul class=\"wp-block-list\">\n<li>F\u00f6rst\u00e4rk nystartsjobben <\/li>\n\n\n\n<li>Bygg ut jobbskatteavdraget <\/li>\n\n\n\n<li>Forts\u00e4tt reformera Arbetsf\u00f6rmedlingen <\/li>\n\n\n\n<li>Sk\u00e4rp kraven p\u00e5 aktivitet i bidragssystemen <\/li>\n\n\n\n<li>\u00d6ka skillnaden mellan bidrag och arbete <\/li>\n<\/ul>\n\n\n\n      <a href=\"https:\/\/www.almega.se\/2023\/02\/att-borja-eller-inte-borja-arbeta\/\" target=\"_blank\" class=\"Button is-button is-style-fill has-black-background-color has-black-border-color has-white-color Button--arrow-tip white-space-nowrap\">\n      \n        Till rapporten\n      \n      \n                \n                <svg class='icon icon--arrow-tip'  width=\"11\" height=\"16\" viewBox=\"0 0 11 16\" fill=\"none\" xmlns=\"http:\/\/www.w3.org\/2000\/svg\">\n<path d=\"M0.858398 15L9.2304 7.99664L0.967732 1.00001\" stroke=\"black\" stroke-width=\"2\" stroke-miterlimit=\"10\"\/>\n<\/svg>\n\n        \n    <\/a>\n  \n\n","protected":false},"excerpt":{"rendered":"<p>Sverige \u00e4r inne i en l\u00e5gkonjunktur med h\u00f6g inflation, samtidigt som tj\u00e4nstef\u00f6retagen har sv\u00e5rt att hitta medarbetare. \u00c4nd\u00e5 finns det drygt 350&nbsp;000 friska och arbetsf\u00f6ra personer i Sverige som inte arbetar.&nbsp; \u2013 Det \u00e4r en &hellip;<\/p>\n","protected":false},"author":6058,"featured_media":59952,"comment_status":"closed","ping_status":"closed","sticky":false,"template":"","format":"standard","meta":{"_acf_changed":false,"footnotes":""},"categories":[419,57],"tags":[],"article_type":[56],"agreement":[],"class_list":["post-59910","post","type-post","status-publish","format-standard","has-post-thumbnail","hentry","category-kompetensforsorjning","category-skatter","type-nyheter"],"acf":[],"yoast_head":"<!-- This site is optimized with the Yoast SEO Premium plugin v26.8 (Yoast SEO v26.8) - https:\/\/yoast.com\/product\/yoast-seo-premium-wordpress\/ -->\n<title>En ekvation som inte g\u00e5r ihop | Almega<\/title>\n<meta name=\"robots\" content=\"index, follow, max-snippet:-1, max-image-preview:large, max-video-preview:-1\" \/>\n<link rel=\"canonical\" href=\"https:\/\/www.almega.se\/2023\/02\/en-ekvation-som-inte-gar-ihop\/\" \/>\n<meta property=\"og:locale\" content=\"sv_SE\" \/>\n<meta property=\"og:type\" content=\"article\" \/>\n<meta property=\"og:title\" content=\"En ekvation som inte g\u00e5r ihop\" \/>\n<meta property=\"og:description\" content=\"Sverige \u00e4r inne i en l\u00e5gkonjunktur med h\u00f6g inflation, samtidigt som tj\u00e4nstef\u00f6retagen har sv\u00e5rt att hitta medarbetare. \u00c4nd\u00e5 finns det drygt 350&nbsp;000 friska och arbetsf\u00f6ra personer i Sverige som inte arbetar.&nbsp; \u2013 Det \u00e4r en &hellip;\" \/>\n<meta property=\"og:url\" content=\"https:\/\/www.almega.se\/2023\/02\/en-ekvation-som-inte-gar-ihop\/\" \/>\n<meta property=\"og:site_name\" content=\"Almega\" \/>\n<meta property=\"article:published_time\" content=\"2023-02-28T07:00:00+00:00\" \/>\n<meta property=\"article:modified_time\" content=\"2023-03-09T11:20:24+00:00\" \/>\n<meta property=\"og:image\" content=\"https:\/\/www.almega.se\/app\/uploads\/2023\/02\/Namnlos-design-2.png\" \/>\n\t<meta property=\"og:image:width\" content=\"1200\" \/>\n\t<meta property=\"og:image:height\" content=\"800\" \/>\n\t<meta property=\"og:image:type\" content=\"image\/png\" \/>\n<meta name=\"author\" content=\"Shashika Sellgren\" \/>\n<meta name=\"twitter:card\" content=\"summary_large_image\" \/>\n<meta name=\"twitter:label1\" content=\"Skriven av\" \/>\n\t<meta name=\"twitter:data1\" content=\"Shashika Sellgren\" \/>\n\t<meta name=\"twitter:label2\" content=\"Ber\u00e4knad l\u00e4stid\" \/>\n\t<meta name=\"twitter:data2\" content=\"3 minuter\" \/>\n<!-- \/ Yoast SEO Premium plugin. -->","yoast_head_json":{"title":"En ekvation som inte g\u00e5r ihop | Almega","robots":{"index":"index","follow":"follow","max-snippet":"max-snippet:-1","max-image-preview":"max-image-preview:large","max-video-preview":"max-video-preview:-1"},"canonical":"https:\/\/www.almega.se\/2023\/02\/en-ekvation-som-inte-gar-ihop\/","og_locale":"sv_SE","og_type":"article","og_title":"En ekvation som inte g\u00e5r ihop","og_description":"Sverige \u00e4r inne i en l\u00e5gkonjunktur med h\u00f6g inflation, samtidigt som tj\u00e4nstef\u00f6retagen har sv\u00e5rt att hitta medarbetare. \u00c4nd\u00e5 finns det drygt 350&nbsp;000 friska och arbetsf\u00f6ra personer i Sverige som inte arbetar.&nbsp; \u2013 Det \u00e4r en &hellip;","og_url":"https:\/\/www.almega.se\/2023\/02\/en-ekvation-som-inte-gar-ihop\/","og_site_name":"Almega","article_published_time":"2023-02-28T07:00:00+00:00","article_modified_time":"2023-03-09T11:20:24+00:00","og_image":[{"width":1200,"height":800,"url":"https:\/\/www.almega.se\/app\/uploads\/2023\/02\/Namnlos-design-2.png","type":"image\/png"}],"author":"Shashika Sellgren","twitter_card":"summary_large_image","twitter_misc":{"Skriven av":"Shashika Sellgren","Ber\u00e4knad l\u00e4stid":"3 minuter"},"schema":{"@context":"https:\/\/schema.org","@graph":[{"@type":"NewsArticle","@id":"https:\/\/www.almega.se\/2023\/02\/en-ekvation-som-inte-gar-ihop\/#article","isPartOf":{"@id":"https:\/\/www.almega.se\/2023\/02\/en-ekvation-som-inte-gar-ihop\/"},"author":{"name":"Shashika Sellgren","@id":"https:\/\/www.almega.se\/#\/schema\/person\/38c6b37b81c530c93246c3d1993d5662"},"headline":"En ekvation som inte g\u00e5r ihop","datePublished":"2023-02-28T07:00:00+00:00","dateModified":"2023-03-09T11:20:24+00:00","mainEntityOfPage":{"@id":"https:\/\/www.almega.se\/2023\/02\/en-ekvation-som-inte-gar-ihop\/"},"wordCount":465,"image":{"@id":"https:\/\/www.almega.se\/2023\/02\/en-ekvation-som-inte-gar-ihop\/#primaryimage"},"thumbnailUrl":"https:\/\/www.almega.se\/app\/uploads\/2023\/02\/Namnlos-design-2.png","articleSection":["Kompetensf\u00f6rs\u00f6rjning","Skatter"],"inLanguage":"sv-SE"},{"@type":"WebPage","@id":"https:\/\/www.almega.se\/2023\/02\/en-ekvation-som-inte-gar-ihop\/","url":"https:\/\/www.almega.se\/2023\/02\/en-ekvation-som-inte-gar-ihop\/","name":"En ekvation som inte g\u00e5r ihop | Almega","isPartOf":{"@id":"https:\/\/www.almega.se\/#website"},"primaryImageOfPage":{"@id":"https:\/\/www.almega.se\/2023\/02\/en-ekvation-som-inte-gar-ihop\/#primaryimage"},"image":{"@id":"https:\/\/www.almega.se\/2023\/02\/en-ekvation-som-inte-gar-ihop\/#primaryimage"},"thumbnailUrl":"https:\/\/www.almega.se\/app\/uploads\/2023\/02\/Namnlos-design-2.png","datePublished":"2023-02-28T07:00:00+00:00","dateModified":"2023-03-09T11:20:24+00:00","author":{"@id":"https:\/\/www.almega.se\/#\/schema\/person\/38c6b37b81c530c93246c3d1993d5662"},"breadcrumb":{"@id":"https:\/\/www.almega.se\/2023\/02\/en-ekvation-som-inte-gar-ihop\/#breadcrumb"},"inLanguage":"sv-SE","potentialAction":[{"@type":"ReadAction","target":["https:\/\/www.almega.se\/2023\/02\/en-ekvation-som-inte-gar-ihop\/"]}]},{"@type":"ImageObject","inLanguage":"sv-SE","@id":"https:\/\/www.almega.se\/2023\/02\/en-ekvation-som-inte-gar-ihop\/#primaryimage","url":"https:\/\/www.almega.se\/app\/uploads\/2023\/02\/Namnlos-design-2.png","contentUrl":"https:\/\/www.almega.se\/app\/uploads\/2023\/02\/Namnlos-design-2.png","width":1200,"height":800},{"@type":"BreadcrumbList","@id":"https:\/\/www.almega.se\/2023\/02\/en-ekvation-som-inte-gar-ihop\/#breadcrumb","itemListElement":[{"@type":"ListItem","position":1,"name":"Home","item":"https:\/\/www.almega.se\/"},{"@type":"ListItem","position":2,"name":"En ekvation som inte g\u00e5r ihop"}]},{"@type":"WebSite","@id":"https:\/\/www.almega.se\/#website","url":"https:\/\/www.almega.se\/","name":"Almega","description":"","potentialAction":[{"@type":"SearchAction","target":{"@type":"EntryPoint","urlTemplate":"https:\/\/www.almega.se\/?s={search_term_string}"},"query-input":{"@type":"PropertyValueSpecification","valueRequired":true,"valueName":"search_term_string"}}],"inLanguage":"sv-SE"},{"@type":"Person","@id":"https:\/\/www.almega.se\/#\/schema\/person\/38c6b37b81c530c93246c3d1993d5662","name":"Shashika Sellgren","image":{"@type":"ImageObject","inLanguage":"sv-SE","@id":"https:\/\/www.almega.se\/#\/schema\/person\/image\/","url":"https:\/\/secure.gravatar.com\/avatar\/b225c479880df9eb82d1501dd105dd8040f27c8563f3d4bf5dd62ce0a1630abd?s=96&d=mm&r=g","contentUrl":"https:\/\/secure.gravatar.com\/avatar\/b225c479880df9eb82d1501dd105dd8040f27c8563f3d4bf5dd62ce0a1630abd?s=96&d=mm&r=g","caption":"Shashika Sellgren"},"url":"https:\/\/www.almega.se\/person\/shashikasellgren\/"}]}},"_links":{"self":[{"href":"https:\/\/www.almega.se\/api\/wp\/v2\/posts\/59910","targetHints":{"allow":["GET"]}}],"collection":[{"href":"https:\/\/www.almega.se\/api\/wp\/v2\/posts"}],"about":[{"href":"https:\/\/www.almega.se\/api\/wp\/v2\/types\/post"}],"author":[{"embeddable":true,"href":"https:\/\/www.almega.se\/api\/wp\/v2\/users\/6058"}],"replies":[{"embeddable":true,"href":"https:\/\/www.almega.se\/api\/wp\/v2\/comments?post=59910"}],"version-history":[{"count":45,"href":"https:\/\/www.almega.se\/api\/wp\/v2\/posts\/59910\/revisions"}],"predecessor-version":[{"id":60260,"href":"https:\/\/www.almega.se\/api\/wp\/v2\/posts\/59910\/revisions\/60260"}],"wp:featuredmedia":[{"embeddable":true,"href":"https:\/\/www.almega.se\/api\/wp\/v2\/media\/59952"}],"wp:attachment":[{"href":"https:\/\/www.almega.se\/api\/wp\/v2\/media?parent=59910"}],"wp:term":[{"taxonomy":"category","embeddable":true,"href":"https:\/\/www.almega.se\/api\/wp\/v2\/categories?post=59910"},{"taxonomy":"post_tag","embeddable":true,"href":"https:\/\/www.almega.se\/api\/wp\/v2\/tags?post=59910"},{"taxonomy":"type","embeddable":true,"href":"https:\/\/www.almega.se\/api\/wp\/v2\/article_type?post=59910"},{"taxonomy":"agreement","embeddable":true,"href":"https:\/\/www.almega.se\/api\/wp\/v2\/agreement?post=59910"}],"curies":[{"name":"wp","href":"https:\/\/api.w.org\/{rel}","templated":true}]}}