{"id":5961,"date":"2014-04-15T09:00:00","date_gmt":"2014-04-15T09:00:00","guid":{"rendered":"http:\/\/almega-bento\/wp\/blog\/2014\/04\/15\/kompetensinvandring-sa-hotar-motstandet-svensk-ekonomi\/"},"modified":"2022-12-20T15:53:13","modified_gmt":"2022-12-20T14:53:13","slug":"kompetensinvandring-sa-hotar-motstandet-svensk-ekonomi","status":"publish","type":"post","link":"https:\/\/www.almega.se\/2014\/04\/kompetensinvandring-sa-hotar-motstandet-svensk-ekonomi\/","title":{"rendered":"Kompetens&shy;invandring &#8211; s\u00e5 hotar motst\u00e5ndet svensk ekonomi"},"content":{"rendered":"\n<p class=\"intro\">Den senaste tidens debatt kring arbetskraftsinvandring har i stor utstr\u00e4ckning \u00f6verskuggats av bilden av oseri\u00f6sa arbetsgivare som utnyttjar l\u00e5gutbildad arbetskraft. Inte minst LO har bidragit till den negativa bilden genom att h\u00e4vda att arbetskraftsinvandring leder till l\u00f6nedumpning och att invandrare tar jobb fr\u00e5n inf\u00f6dda svenskar. Det \u00e4r en verklighetsbeskrivning som m\u00e5nga av landets tj\u00e4nstef\u00f6retagare inte alls k\u00e4nner igen sig i.<\/p>\n<p>Syftet med denna rapport &auml;r att f&ouml;rklara varf&ouml;r arbetskraftsinvandring beh&ouml;vs och presentera tj&auml;nstef&ouml;retagens perspektiv. 2008 &aring;rs reform har gjort det l&auml;ttare f&ouml;r f&ouml;retag att rekrytera utomeuropeisk arbetskraft. Detta har bidragit till att trygga de kunskapsintensiva tj&auml;nstef&ouml;retagens kompetensf&ouml;rs&ouml;rjning. En stor andel av de personer som rekryteras fr&aring;n l&auml;nder utanf&ouml;r EU &auml;r h&ouml;gutbildade och attraktiva p&aring; arbetsmarknaden. Kompetensinvandring &auml;r d&auml;rf&ouml;r p&aring; m&aring;nga s&auml;tt<br \/>  ett r&auml;ttvisande begrepp.<\/p>\n<p>Det vore f&ouml;r&ouml;dande att &aring;terg&aring; till det tidigare systemet med myndighetsbaserad arbetsmarknadspr&ouml;vning, s&auml;rskilt i ett l&auml;ge d&auml;r f&ouml;retagens kompetensbehov &ouml;kar. Brist p&aring; arbetskraft riskerar att bli en flaskhals som bromsar den svenska ekonomin. D&auml;rf&ouml;r beh&ouml;ver det bli l&auml;ttare &ndash; inte sv&aring;rare &ndash; att rekrytera utl&auml;ndsk kompetens.<\/p>\n<p>Inte minst f&ouml;r kunskapsintensiva tj&auml;nstef&ouml;retag &auml;r tillg&aring;ng till r&auml;tt arbetskraft en avg&ouml;rande konkurrensfaktor. D&auml;rf&ouml;r &auml;r m&ouml;jligeten till kompetensinvandring en av de viktigaste valfr&aring;gorna f&ouml;r tj&auml;nstef&ouml;retagen inf&ouml;r h&ouml;stens riksdagsval.<\/p>\n<p>Rapporten har f&ouml;rfattats av Jonas Hellman, United Minds p&aring; uppdrag av Almega<\/p>\n<p>Stockholm i april 2014<br \/>  Ulf Lindberg<br \/>  N&auml;ringspolitisk chef<br \/>  Almega<\/p>\n<\/p>\n","protected":false},"excerpt":{"rendered":"<p>Den senaste tidens debatt kring arbetskraftsinvandring har i stor utstr\u00e4ckning \u00f6verskuggats av bilden av oseri\u00f6sa arbetsgivare som utnyttjar l\u00e5gutbildad arbetskraft. Inte minst LO har bidragit till den negativa bilden genom att h\u00e4vda att arbetskraftsinvandring leder till l\u00f6nedumpning och att invandrare tar jobb fr\u00e5n inf\u00f6dda svenskar. Det \u00e4r en verklighetsbeskrivning som m\u00e5nga av landets tj\u00e4nstef\u00f6retagare inte alls k\u00e4nner igen sig i.<\/p>\n","protected":false},"author":1,"featured_media":0,"comment_status":"closed","ping_status":"open","sticky":false,"template":"","format":"standard","meta":{"_acf_changed":false,"footnotes":""},"categories":[64,419],"tags":[70,72],"article_type":[42],"agreement":[],"class_list":["post-5961","post","type-post","status-publish","format-standard","hentry","category-arbetsmarknad","category-kompetensforsorjning","tag-integration","tag-kompetensinvandring","type-rapporter"],"acf":[],"yoast_head":"<!-- This site is optimized with the Yoast SEO Premium plugin v26.8 (Yoast SEO v26.8) - https:\/\/yoast.com\/product\/yoast-seo-premium-wordpress\/ -->\n<title>Kompetensinvandring - s\u00e5 hotar motst\u00e5ndet svensk ekonomi | Almega<\/title>\n<meta name=\"robots\" content=\"index, follow, max-snippet:-1, max-image-preview:large, max-video-preview:-1\" \/>\n<link rel=\"canonical\" href=\"https:\/\/www.almega.se\/2014\/04\/kompetensinvandring-sa-hotar-motstandet-svensk-ekonomi\/\" \/>\n<meta property=\"og:locale\" content=\"sv_SE\" \/>\n<meta property=\"og:type\" content=\"article\" \/>\n<meta property=\"og:title\" content=\"Kompetensinvandring - s\u00e5 hotar motst\u00e5ndet svensk ekonomi\" \/>\n<meta property=\"og:description\" content=\"Den senaste tidens debatt kring arbetskraftsinvandring har i stor utstr\u00e4ckning \u00f6verskuggats av bilden av oseri\u00f6sa arbetsgivare som utnyttjar l\u00e5gutbildad arbetskraft. Inte minst LO har bidragit till den negativa bilden genom att h\u00e4vda att arbetskraftsinvandring leder till l\u00f6nedumpning och att invandrare tar jobb fr\u00e5n inf\u00f6dda svenskar. Det \u00e4r en verklighetsbeskrivning som m\u00e5nga av landets tj\u00e4nstef\u00f6retagare inte alls k\u00e4nner igen sig i.\" \/>\n<meta property=\"og:url\" content=\"https:\/\/www.almega.se\/2014\/04\/kompetensinvandring-sa-hotar-motstandet-svensk-ekonomi\/\" \/>\n<meta property=\"og:site_name\" content=\"Almega\" \/>\n<meta property=\"article:published_time\" content=\"2014-04-15T09:00:00+00:00\" \/>\n<meta property=\"article:modified_time\" content=\"2022-12-20T14:53:13+00:00\" \/>\n<meta property=\"og:image\" content=\"https:\/\/www.almega.se\/app\/uploads\/2020\/12\/almega-share-logo.png\" \/>\n\t<meta property=\"og:image:width\" content=\"1200\" \/>\n\t<meta property=\"og:image:height\" content=\"630\" \/>\n\t<meta property=\"og:image:type\" content=\"image\/png\" \/>\n<meta name=\"author\" content=\"admin\" \/>\n<meta name=\"twitter:card\" content=\"summary_large_image\" \/>\n<meta name=\"twitter:label1\" content=\"Skriven av\" \/>\n\t<meta name=\"twitter:data1\" content=\"admin\" \/>\n\t<meta name=\"twitter:label2\" content=\"Ber\u00e4knad l\u00e4stid\" \/>\n\t<meta name=\"twitter:data2\" content=\"2 minuter\" \/>\n<!-- \/ Yoast SEO Premium plugin. -->","yoast_head_json":{"title":"Kompetensinvandring - s\u00e5 hotar motst\u00e5ndet svensk ekonomi | Almega","robots":{"index":"index","follow":"follow","max-snippet":"max-snippet:-1","max-image-preview":"max-image-preview:large","max-video-preview":"max-video-preview:-1"},"canonical":"https:\/\/www.almega.se\/2014\/04\/kompetensinvandring-sa-hotar-motstandet-svensk-ekonomi\/","og_locale":"sv_SE","og_type":"article","og_title":"Kompetensinvandring - s\u00e5 hotar motst\u00e5ndet svensk ekonomi","og_description":"Den senaste tidens debatt kring arbetskraftsinvandring har i stor utstr\u00e4ckning \u00f6verskuggats av bilden av oseri\u00f6sa arbetsgivare som utnyttjar l\u00e5gutbildad arbetskraft. Inte minst LO har bidragit till den negativa bilden genom att h\u00e4vda att arbetskraftsinvandring leder till l\u00f6nedumpning och att invandrare tar jobb fr\u00e5n inf\u00f6dda svenskar. Det \u00e4r en verklighetsbeskrivning som m\u00e5nga av landets tj\u00e4nstef\u00f6retagare inte alls k\u00e4nner igen sig i.","og_url":"https:\/\/www.almega.se\/2014\/04\/kompetensinvandring-sa-hotar-motstandet-svensk-ekonomi\/","og_site_name":"Almega","article_published_time":"2014-04-15T09:00:00+00:00","article_modified_time":"2022-12-20T14:53:13+00:00","og_image":[{"width":1200,"height":630,"url":"https:\/\/www.almega.se\/app\/uploads\/2020\/12\/almega-share-logo.png","type":"image\/png"}],"author":"admin","twitter_card":"summary_large_image","twitter_misc":{"Skriven av":"admin","Ber\u00e4knad l\u00e4stid":"2 minuter"},"schema":{"@context":"https:\/\/schema.org","@graph":[{"@type":"NewsArticle","@id":"https:\/\/www.almega.se\/2014\/04\/kompetensinvandring-sa-hotar-motstandet-svensk-ekonomi\/#article","isPartOf":{"@id":"https:\/\/www.almega.se\/2014\/04\/kompetensinvandring-sa-hotar-motstandet-svensk-ekonomi\/"},"author":{"name":"admin","@id":"https:\/\/www.almega.se\/#\/schema\/person\/9c3674d192fb8b2d1d8b7a3f31c5151d"},"headline":"Kompetens&shy;invandring &#8211; s\u00e5 hotar motst\u00e5ndet svensk ekonomi","datePublished":"2014-04-15T09:00:00+00:00","dateModified":"2022-12-20T14:53:13+00:00","mainEntityOfPage":{"@id":"https:\/\/www.almega.se\/2014\/04\/kompetensinvandring-sa-hotar-motstandet-svensk-ekonomi\/"},"wordCount":351,"keywords":["Integration","Kompetensinvandring"],"articleSection":["Arbetsmarknad","Kompetensf\u00f6rs\u00f6rjning"],"inLanguage":"sv-SE"},{"@type":"WebPage","@id":"https:\/\/www.almega.se\/2014\/04\/kompetensinvandring-sa-hotar-motstandet-svensk-ekonomi\/","url":"https:\/\/www.almega.se\/2014\/04\/kompetensinvandring-sa-hotar-motstandet-svensk-ekonomi\/","name":"Kompetensinvandring - s\u00e5 hotar motst\u00e5ndet svensk ekonomi | Almega","isPartOf":{"@id":"https:\/\/www.almega.se\/#website"},"datePublished":"2014-04-15T09:00:00+00:00","dateModified":"2022-12-20T14:53:13+00:00","author":{"@id":"https:\/\/www.almega.se\/#\/schema\/person\/9c3674d192fb8b2d1d8b7a3f31c5151d"},"breadcrumb":{"@id":"https:\/\/www.almega.se\/2014\/04\/kompetensinvandring-sa-hotar-motstandet-svensk-ekonomi\/#breadcrumb"},"inLanguage":"sv-SE","potentialAction":[{"@type":"ReadAction","target":["https:\/\/www.almega.se\/2014\/04\/kompetensinvandring-sa-hotar-motstandet-svensk-ekonomi\/"]}]},{"@type":"BreadcrumbList","@id":"https:\/\/www.almega.se\/2014\/04\/kompetensinvandring-sa-hotar-motstandet-svensk-ekonomi\/#breadcrumb","itemListElement":[{"@type":"ListItem","position":1,"name":"Home","item":"https:\/\/www.almega.se\/"},{"@type":"ListItem","position":2,"name":"Kompetens&shy;invandring &#8211; s\u00e5 hotar motst\u00e5ndet svensk ekonomi"}]},{"@type":"WebSite","@id":"https:\/\/www.almega.se\/#website","url":"https:\/\/www.almega.se\/","name":"Almega","description":"","potentialAction":[{"@type":"SearchAction","target":{"@type":"EntryPoint","urlTemplate":"https:\/\/www.almega.se\/?s={search_term_string}"},"query-input":{"@type":"PropertyValueSpecification","valueRequired":true,"valueName":"search_term_string"}}],"inLanguage":"sv-SE"},{"@type":"Person","@id":"https:\/\/www.almega.se\/#\/schema\/person\/9c3674d192fb8b2d1d8b7a3f31c5151d","name":"admin","image":{"@type":"ImageObject","inLanguage":"sv-SE","@id":"https:\/\/www.almega.se\/#\/schema\/person\/image\/","url":"https:\/\/secure.gravatar.com\/avatar\/13aac7e7a7582f599e3ba7706cec051e12eac4ad6c2ffe6f9d24800e63294187?s=96&d=mm&r=g","contentUrl":"https:\/\/secure.gravatar.com\/avatar\/13aac7e7a7582f599e3ba7706cec051e12eac4ad6c2ffe6f9d24800e63294187?s=96&d=mm&r=g","caption":"admin"},"url":"https:\/\/www.almega.se\/person\/admin\/"}]}},"_links":{"self":[{"href":"https:\/\/www.almega.se\/api\/wp\/v2\/posts\/5961","targetHints":{"allow":["GET"]}}],"collection":[{"href":"https:\/\/www.almega.se\/api\/wp\/v2\/posts"}],"about":[{"href":"https:\/\/www.almega.se\/api\/wp\/v2\/types\/post"}],"author":[{"embeddable":true,"href":"https:\/\/www.almega.se\/api\/wp\/v2\/users\/1"}],"replies":[{"embeddable":true,"href":"https:\/\/www.almega.se\/api\/wp\/v2\/comments?post=5961"}],"version-history":[{"count":1,"href":"https:\/\/www.almega.se\/api\/wp\/v2\/posts\/5961\/revisions"}],"predecessor-version":[{"id":51004,"href":"https:\/\/www.almega.se\/api\/wp\/v2\/posts\/5961\/revisions\/51004"}],"wp:attachment":[{"href":"https:\/\/www.almega.se\/api\/wp\/v2\/media?parent=5961"}],"wp:term":[{"taxonomy":"category","embeddable":true,"href":"https:\/\/www.almega.se\/api\/wp\/v2\/categories?post=5961"},{"taxonomy":"post_tag","embeddable":true,"href":"https:\/\/www.almega.se\/api\/wp\/v2\/tags?post=5961"},{"taxonomy":"type","embeddable":true,"href":"https:\/\/www.almega.se\/api\/wp\/v2\/article_type?post=5961"},{"taxonomy":"agreement","embeddable":true,"href":"https:\/\/www.almega.se\/api\/wp\/v2\/agreement?post=5961"}],"curies":[{"name":"wp","href":"https:\/\/api.w.org\/{rel}","templated":true}]}}