{"id":59399,"date":"2023-02-03T10:12:52","date_gmt":"2023-02-03T09:12:52","guid":{"rendered":"https:\/\/www.almega.se\/2023\/02\/tjanstekonjunkturen-fortsatter-nedat\/"},"modified":"2023-02-17T10:50:13","modified_gmt":"2023-02-17T09:50:13","slug":"tjanstekonjunkturen-fortsatter-nedat","status":"publish","type":"post","link":"https:\/\/www.almega.se\/2023\/02\/tjanstekonjunkturen-fortsatter-nedat\/","title":{"rendered":"Tj\u00e4nstekonjunkturen forts\u00e4tter ned\u00e5t"},"content":{"rendered":"\n<p class=\"intro\">Ink\u00f6pschefsindex f\u00f6r tj\u00e4nstesektorn sj\u00f6nk f\u00f6r tredje m\u00e5naden i rad. Tj\u00e4nstef\u00f6retagen kl\u00e4ms mellan vikande efterfr\u00e5gan och fortsatt stigande priser p\u00e5 insatsvaror. \u201dBotten \u00e4r \u00e4nnu inte n\u00e5dd\u201d, s\u00e4ger Patrick Joyce, chefekonom p\u00e5 Almega.<\/p>\n<p>Ink\u00f6pschefsindex f\u00f6r den privata tj\u00e4nstesektorn, PMI\u2013tj\u00e4nster, sj\u00f6nk i januari till 51,0 j\u00e4mf\u00f6rt med 52,9 i december. Det bekr\u00e4ftar att nedg\u00e5ngen f\u00f6r industrin och byggsektorn definitivt har spridit sig till tj\u00e4nstef\u00f6retagen.<\/p>\n<p>\u2013 Tj\u00e4nstekonjunkturen har gradvis f\u00f6rsvagats under det senaste halv\u00e5ret och tj\u00e4nstef\u00f6retagens aff\u00e4rsvolym minskar samtidigt som orderb\u00f6ckerna tunnas ut. Samtidigt kl\u00e4ms f\u00f6retagen fr\u00e5n andra h\u00e5llet av fortsatt stigande priser p\u00e5 insatsvaror. Och jag \u00e4r dessv\u00e4rre r\u00e4dd f\u00f6r att botten \u00e4nnu inte \u00e4r n\u00e5dd, s\u00e4ger Patrick Joyce, chefekonom p\u00e5 tj\u00e4nstef\u00f6retagens organisation Almega.<\/p>\n<p>Det som bromsar nedg\u00e5ngen i tj\u00e4nstesektorn \u00e4r starka jobbsiffror. Syssels\u00e4ttningen fortsatte i januari att \u00f6ka bland tj\u00e4nstef\u00f6retagen och de har fortfarande sv\u00e5rt att anst\u00e4lla \u00e4ven om bristen p\u00e5 arbetskraft minskat.<\/p>\n<p>\u2013 De f\u00f6retag som sade upp personal under pandemin fick sv\u00e5rt att \u00e5teranst\u00e4lla n\u00e4r pandemin var \u00f6ver. Det kan f\u00f6rklara att man nu tvekar till att minska sin personalstyrka trots en vikande konjunktur. Sannolikt kommer dock syssels\u00e4ttningen att minska inom tj\u00e4nstesektorn senare under \u00e5ret, s\u00e4ger Patrick Joyce.<\/p>\n","protected":false},"excerpt":{"rendered":"<p>Ink\u00f6pschefsindex f\u00f6r tj\u00e4nstesektorn sj\u00f6nk f\u00f6r tredje m\u00e5naden i rad. Tj\u00e4nstef\u00f6retagen kl\u00e4ms mellan vikande efterfr\u00e5gan och fortsatt stigande priser p\u00e5 insatsvaror. \u201dBotten \u00e4r \u00e4nnu inte n\u00e5dd\u201d, s\u00e4ger Patrick Joyce, chefekonom p\u00e5 Almega.<\/p>\n","protected":false},"author":6058,"featured_media":59400,"comment_status":"closed","ping_status":"closed","sticky":false,"template":"","format":"standard","meta":{"_acf_changed":false,"footnotes":""},"categories":[419],"tags":[],"article_type":[56,93],"agreement":[],"class_list":["post-59399","post","type-post","status-publish","format-standard","has-post-thumbnail","hentry","category-kompetensforsorjning","type-nyheter","type-pressmeddelanden"],"acf":[],"yoast_head":"<!-- This site is optimized with the Yoast SEO Premium plugin v26.8 (Yoast SEO v26.8) - https:\/\/yoast.com\/product\/yoast-seo-premium-wordpress\/ -->\n<title>Tj\u00e4nstekonjunkturen forts\u00e4tter ned\u00e5t | Almega<\/title>\n<meta name=\"robots\" content=\"index, follow, max-snippet:-1, max-image-preview:large, max-video-preview:-1\" \/>\n<link rel=\"canonical\" href=\"https:\/\/www.almega.se\/2023\/02\/tjanstekonjunkturen-fortsatter-nedat\/\" \/>\n<meta property=\"og:locale\" content=\"sv_SE\" \/>\n<meta property=\"og:type\" content=\"article\" \/>\n<meta property=\"og:title\" content=\"Tj\u00e4nstekonjunkturen forts\u00e4tter ned\u00e5t\" \/>\n<meta property=\"og:description\" content=\"Ink\u00f6pschefsindex f\u00f6r tj\u00e4nstesektorn sj\u00f6nk f\u00f6r tredje m\u00e5naden i rad. Tj\u00e4nstef\u00f6retagen kl\u00e4ms mellan vikande efterfr\u00e5gan och fortsatt stigande priser p\u00e5 insatsvaror. \u201dBotten \u00e4r \u00e4nnu inte n\u00e5dd\u201d, s\u00e4ger Patrick Joyce, chefekonom p\u00e5 Almega.\" \/>\n<meta property=\"og:url\" content=\"https:\/\/www.almega.se\/2023\/02\/tjanstekonjunkturen-fortsatter-nedat\/\" \/>\n<meta property=\"og:site_name\" content=\"Almega\" \/>\n<meta property=\"article:published_time\" content=\"2023-02-03T09:12:52+00:00\" \/>\n<meta property=\"article:modified_time\" content=\"2023-02-17T09:50:13+00:00\" \/>\n<meta property=\"og:image\" content=\"https:\/\/www.almega.se\/app\/uploads\/2023\/02\/7380b431-d9f5-4731-98e6-578110de9829-scaled.jpg\" \/>\n\t<meta property=\"og:image:width\" content=\"2560\" \/>\n\t<meta property=\"og:image:height\" content=\"1707\" \/>\n\t<meta property=\"og:image:type\" content=\"image\/jpeg\" \/>\n<meta name=\"author\" content=\"Shashika Sellgren\" \/>\n<meta name=\"twitter:card\" content=\"summary_large_image\" \/>\n<meta name=\"twitter:label1\" content=\"Skriven av\" \/>\n\t<meta name=\"twitter:data1\" content=\"Shashika Sellgren\" \/>\n\t<meta name=\"twitter:label2\" content=\"Ber\u00e4knad l\u00e4stid\" \/>\n\t<meta name=\"twitter:data2\" content=\"1 minut\" \/>\n<!-- \/ Yoast SEO Premium plugin. -->","yoast_head_json":{"title":"Tj\u00e4nstekonjunkturen forts\u00e4tter ned\u00e5t | Almega","robots":{"index":"index","follow":"follow","max-snippet":"max-snippet:-1","max-image-preview":"max-image-preview:large","max-video-preview":"max-video-preview:-1"},"canonical":"https:\/\/www.almega.se\/2023\/02\/tjanstekonjunkturen-fortsatter-nedat\/","og_locale":"sv_SE","og_type":"article","og_title":"Tj\u00e4nstekonjunkturen forts\u00e4tter ned\u00e5t","og_description":"Ink\u00f6pschefsindex f\u00f6r tj\u00e4nstesektorn sj\u00f6nk f\u00f6r tredje m\u00e5naden i rad. Tj\u00e4nstef\u00f6retagen kl\u00e4ms mellan vikande efterfr\u00e5gan och fortsatt stigande priser p\u00e5 insatsvaror. \u201dBotten \u00e4r \u00e4nnu inte n\u00e5dd\u201d, s\u00e4ger Patrick Joyce, chefekonom p\u00e5 Almega.","og_url":"https:\/\/www.almega.se\/2023\/02\/tjanstekonjunkturen-fortsatter-nedat\/","og_site_name":"Almega","article_published_time":"2023-02-03T09:12:52+00:00","article_modified_time":"2023-02-17T09:50:13+00:00","og_image":[{"width":2560,"height":1707,"url":"https:\/\/www.almega.se\/app\/uploads\/2023\/02\/7380b431-d9f5-4731-98e6-578110de9829-scaled.jpg","type":"image\/jpeg"}],"author":"Shashika Sellgren","twitter_card":"summary_large_image","twitter_misc":{"Skriven av":"Shashika Sellgren","Ber\u00e4knad l\u00e4stid":"1 minut"},"schema":{"@context":"https:\/\/schema.org","@graph":[{"@type":"NewsArticle","@id":"https:\/\/www.almega.se\/2023\/02\/tjanstekonjunkturen-fortsatter-nedat\/#article","isPartOf":{"@id":"https:\/\/www.almega.se\/2023\/02\/tjanstekonjunkturen-fortsatter-nedat\/"},"author":{"name":"Shashika Sellgren","@id":"https:\/\/www.almega.se\/#\/schema\/person\/38c6b37b81c530c93246c3d1993d5662"},"headline":"Tj\u00e4nstekonjunkturen forts\u00e4tter ned\u00e5t","datePublished":"2023-02-03T09:12:52+00:00","dateModified":"2023-02-17T09:50:13+00:00","mainEntityOfPage":{"@id":"https:\/\/www.almega.se\/2023\/02\/tjanstekonjunkturen-fortsatter-nedat\/"},"wordCount":248,"image":{"@id":"https:\/\/www.almega.se\/2023\/02\/tjanstekonjunkturen-fortsatter-nedat\/#primaryimage"},"thumbnailUrl":"https:\/\/www.almega.se\/app\/uploads\/2023\/02\/7380b431-d9f5-4731-98e6-578110de9829-scaled.jpg","articleSection":["Kompetensf\u00f6rs\u00f6rjning"],"inLanguage":"sv-SE"},{"@type":"WebPage","@id":"https:\/\/www.almega.se\/2023\/02\/tjanstekonjunkturen-fortsatter-nedat\/","url":"https:\/\/www.almega.se\/2023\/02\/tjanstekonjunkturen-fortsatter-nedat\/","name":"Tj\u00e4nstekonjunkturen forts\u00e4tter ned\u00e5t | Almega","isPartOf":{"@id":"https:\/\/www.almega.se\/#website"},"primaryImageOfPage":{"@id":"https:\/\/www.almega.se\/2023\/02\/tjanstekonjunkturen-fortsatter-nedat\/#primaryimage"},"image":{"@id":"https:\/\/www.almega.se\/2023\/02\/tjanstekonjunkturen-fortsatter-nedat\/#primaryimage"},"thumbnailUrl":"https:\/\/www.almega.se\/app\/uploads\/2023\/02\/7380b431-d9f5-4731-98e6-578110de9829-scaled.jpg","datePublished":"2023-02-03T09:12:52+00:00","dateModified":"2023-02-17T09:50:13+00:00","author":{"@id":"https:\/\/www.almega.se\/#\/schema\/person\/38c6b37b81c530c93246c3d1993d5662"},"breadcrumb":{"@id":"https:\/\/www.almega.se\/2023\/02\/tjanstekonjunkturen-fortsatter-nedat\/#breadcrumb"},"inLanguage":"sv-SE","potentialAction":[{"@type":"ReadAction","target":["https:\/\/www.almega.se\/2023\/02\/tjanstekonjunkturen-fortsatter-nedat\/"]}]},{"@type":"ImageObject","inLanguage":"sv-SE","@id":"https:\/\/www.almega.se\/2023\/02\/tjanstekonjunkturen-fortsatter-nedat\/#primaryimage","url":"https:\/\/www.almega.se\/app\/uploads\/2023\/02\/7380b431-d9f5-4731-98e6-578110de9829-scaled.jpg","contentUrl":"https:\/\/www.almega.se\/app\/uploads\/2023\/02\/7380b431-d9f5-4731-98e6-578110de9829-scaled.jpg","width":2560,"height":1707,"caption":"7380b431-d9f5-4731-98e6-578110de9829.jpg"},{"@type":"BreadcrumbList","@id":"https:\/\/www.almega.se\/2023\/02\/tjanstekonjunkturen-fortsatter-nedat\/#breadcrumb","itemListElement":[{"@type":"ListItem","position":1,"name":"Home","item":"https:\/\/www.almega.se\/"},{"@type":"ListItem","position":2,"name":"Tj\u00e4nstekonjunkturen forts\u00e4tter ned\u00e5t"}]},{"@type":"WebSite","@id":"https:\/\/www.almega.se\/#website","url":"https:\/\/www.almega.se\/","name":"Almega","description":"","potentialAction":[{"@type":"SearchAction","target":{"@type":"EntryPoint","urlTemplate":"https:\/\/www.almega.se\/?s={search_term_string}"},"query-input":{"@type":"PropertyValueSpecification","valueRequired":true,"valueName":"search_term_string"}}],"inLanguage":"sv-SE"},{"@type":"Person","@id":"https:\/\/www.almega.se\/#\/schema\/person\/38c6b37b81c530c93246c3d1993d5662","name":"Shashika Sellgren","image":{"@type":"ImageObject","inLanguage":"sv-SE","@id":"https:\/\/www.almega.se\/#\/schema\/person\/image\/","url":"https:\/\/secure.gravatar.com\/avatar\/b225c479880df9eb82d1501dd105dd8040f27c8563f3d4bf5dd62ce0a1630abd?s=96&d=mm&r=g","contentUrl":"https:\/\/secure.gravatar.com\/avatar\/b225c479880df9eb82d1501dd105dd8040f27c8563f3d4bf5dd62ce0a1630abd?s=96&d=mm&r=g","caption":"Shashika Sellgren"},"url":"https:\/\/www.almega.se\/person\/shashikasellgren\/"}]}},"_links":{"self":[{"href":"https:\/\/www.almega.se\/api\/wp\/v2\/posts\/59399","targetHints":{"allow":["GET"]}}],"collection":[{"href":"https:\/\/www.almega.se\/api\/wp\/v2\/posts"}],"about":[{"href":"https:\/\/www.almega.se\/api\/wp\/v2\/types\/post"}],"author":[{"embeddable":true,"href":"https:\/\/www.almega.se\/api\/wp\/v2\/users\/6058"}],"replies":[{"embeddable":true,"href":"https:\/\/www.almega.se\/api\/wp\/v2\/comments?post=59399"}],"version-history":[{"count":1,"href":"https:\/\/www.almega.se\/api\/wp\/v2\/posts\/59399\/revisions"}],"predecessor-version":[{"id":59584,"href":"https:\/\/www.almega.se\/api\/wp\/v2\/posts\/59399\/revisions\/59584"}],"wp:featuredmedia":[{"embeddable":true,"href":"https:\/\/www.almega.se\/api\/wp\/v2\/media\/59400"}],"wp:attachment":[{"href":"https:\/\/www.almega.se\/api\/wp\/v2\/media?parent=59399"}],"wp:term":[{"taxonomy":"category","embeddable":true,"href":"https:\/\/www.almega.se\/api\/wp\/v2\/categories?post=59399"},{"taxonomy":"post_tag","embeddable":true,"href":"https:\/\/www.almega.se\/api\/wp\/v2\/tags?post=59399"},{"taxonomy":"type","embeddable":true,"href":"https:\/\/www.almega.se\/api\/wp\/v2\/article_type?post=59399"},{"taxonomy":"agreement","embeddable":true,"href":"https:\/\/www.almega.se\/api\/wp\/v2\/agreement?post=59399"}],"curies":[{"name":"wp","href":"https:\/\/api.w.org\/{rel}","templated":true}]}}