{"id":5911,"date":"2016-03-14T07:48:00","date_gmt":"2016-03-14T07:48:00","guid":{"rendered":"http:\/\/almega-bento\/wp\/blog\/2016\/03\/14\/morka-moln-drar-in-pa-ljus-himmel-almegas-tjansteindikator-1-kvartalet-2016\/"},"modified":"2023-02-14T14:47:26","modified_gmt":"2023-02-14T13:47:26","slug":"morka-moln-drar-in-pa-ljus-himmel-almegas-tjansteindikator-1-kvartalet-2016","status":"publish","type":"post","link":"https:\/\/www.almega.se\/2016\/03\/morka-moln-drar-in-pa-ljus-himmel-almegas-tjansteindikator-1-kvartalet-2016\/","title":{"rendered":"M\u00f6rka moln drar in p\u00e5 ljus himmel &#8211; Almegas tj\u00e4nsteindikator 1 kvartalet 2016"},"content":{"rendered":"\n<p>Almegas Tj\u00e4nsteindikator pekar nu p\u00e5 fortsatt h\u00f6g tillv\u00e4xt i den privata tj\u00e4nstesektorn under f\u00f6rsta kvartalet i \u00e5r, ungef\u00e4r i samma takt som under fj\u00e4rde kvartalet 2015. D\u00e5 steg tj\u00e4nsteproduktionen inom n\u00e4ringslivet med hela 4,3 procent fr\u00e5n motsvarande kvartal f\u00f6reg\u00e5ende \u00e5r, enligt SCB:s tj\u00e4nsteproduktionsindex. Almegas indikator hade \u00e5ter pekat r\u00e4tt, d\u00e5 den indikerat en \u00e4nnu h\u00f6gre tillv\u00e4xt under fj\u00e4rde kvartalet j\u00e4mf\u00f6rt med tredje kvartalet.<\/p>\n\n\n\n<p>Efterfr\u00e5gan p\u00e5 tj\u00e4nster inom flertalet branscher \u00e4r fortsatt h\u00f6g i b\u00f6rjan av 2016, driven av fr\u00e4mst inhemsk efterfr\u00e5gan. Almegas egen enk\u00e4tunders\u00f6kning bland medlemsf\u00f6retag inom f\u00f6retagstj\u00e4nster visar att efterfr\u00e5gan \u00e4r starkast fr\u00e5n tj\u00e4nstesektorn i sig, och inom tj\u00e4nstesektorn \u00e4r det fr\u00e4mst f\u00f6retagstj\u00e4nster av olika slag som drar.<\/p>\n\n\n\n<p>M\u00f6rka moln drar in \u00f6ver de ljusa tillv\u00e4xtsiffrorna f\u00f6r tj\u00e4nstesektorn fr\u00e5n arbetsmarknaden. Almegas arbetsmarknadsindikator pekar mot en of\u00f6r\u00e4ndrad \u00f6kningstakt f\u00f6r syssels\u00e4ttningen inom den privata tj\u00e4nstesektorn i b\u00f6rjan av 2016. Syssels\u00e4ttningen i sektorn utvecklades klart svagare under hela 2015 \u00e4n vad arbetsmarknadsindikatorn pekat p\u00e5.<\/p>\n\n\n\n<p>Almegas prisindikator pekar p\u00e5 att tj\u00e4nstepriserna kommer att stiga n\u00e5got under \u00e5rets f\u00f6rsta kvartal fr\u00e5n den mycket svaga prisutvecklingen under 2015.<\/p>\n\n\n\n<p><a title=\"Tj\u00e4nsteindikator_1kv_2016\" href=\"\/app\/uploads\/imported\/Almegas-Tjansteindikator-1kv-2016.pdf\" target=\"_blank\" rel=\"noopener noreferrer\">L\u00e4s hela rapporten (pdf)<\/a><\/p>\n\n\n\n&nbsp;\n","protected":false},"excerpt":{"rendered":"<p>Almegas Tj\u00e4nsteindikator pekar nu p\u00e5 fortsatt h\u00f6g tillv\u00e4xt i den privata tj\u00e4nstesektorn under f\u00f6rsta kvartalet i \u00e5r, ungef\u00e4r i samma takt som under fj\u00e4rde kvartalet 2015. D\u00e5 steg tj\u00e4nsteproduktionen inom n\u00e4ringslivet med hela 4,3 procent fr\u00e5n motsvarande kvartal f\u00f6reg\u00e5ende \u00e5r, enligt SCB:s tj\u00e4nsteproduktionsindex. Almegas indikator hade \u00e5ter pekat r\u00e4tt, d\u00e5 den indikerat en \u00e4nnu h\u00f6gre tillv\u00e4xt under fj\u00e4rde kvartalet j\u00e4mf\u00f6rt med tredje kvartalet.<\/p>\n","protected":false},"author":1,"featured_media":0,"comment_status":"closed","ping_status":"open","sticky":false,"template":"","format":"standard","meta":{"_acf_changed":false,"footnotes":""},"categories":[581],"tags":[50],"article_type":[56,42],"agreement":[],"class_list":["post-5911","post","type-post","status-publish","format-standard","hentry","category-tjanstesektorns-betydelse","tag-tjanstesektorns-utveckling","type-nyheter","type-rapporter"],"acf":[],"yoast_head":"<!-- This site is optimized with the Yoast SEO Premium plugin v26.8 (Yoast SEO v26.8) - https:\/\/yoast.com\/product\/yoast-seo-premium-wordpress\/ -->\n<title>M\u00f6rka moln drar in p\u00e5 ljus himmel - Almegas tj\u00e4nsteindikator 1 kvartalet 2016 | Almega<\/title>\n<meta name=\"robots\" content=\"index, follow, max-snippet:-1, max-image-preview:large, max-video-preview:-1\" \/>\n<link rel=\"canonical\" href=\"https:\/\/www.almega.se\/2016\/03\/morka-moln-drar-in-pa-ljus-himmel-almegas-tjansteindikator-1-kvartalet-2016\/\" \/>\n<meta property=\"og:locale\" content=\"sv_SE\" \/>\n<meta property=\"og:type\" content=\"article\" \/>\n<meta property=\"og:title\" content=\"M\u00f6rka moln drar in p\u00e5 ljus himmel - Almegas tj\u00e4nsteindikator 1 kvartalet 2016\" \/>\n<meta property=\"og:description\" content=\"Almegas Tj\u00e4nsteindikator pekar nu p\u00e5 fortsatt h\u00f6g tillv\u00e4xt i den privata tj\u00e4nstesektorn under f\u00f6rsta kvartalet i \u00e5r, ungef\u00e4r i samma takt som under fj\u00e4rde kvartalet 2015. D\u00e5 steg tj\u00e4nsteproduktionen inom n\u00e4ringslivet med hela 4,3 procent fr\u00e5n motsvarande kvartal f\u00f6reg\u00e5ende \u00e5r, enligt SCB:s tj\u00e4nsteproduktionsindex. Almegas indikator hade \u00e5ter pekat r\u00e4tt, d\u00e5 den indikerat en \u00e4nnu h\u00f6gre tillv\u00e4xt under fj\u00e4rde kvartalet j\u00e4mf\u00f6rt med tredje kvartalet.\" \/>\n<meta property=\"og:url\" content=\"https:\/\/www.almega.se\/2016\/03\/morka-moln-drar-in-pa-ljus-himmel-almegas-tjansteindikator-1-kvartalet-2016\/\" \/>\n<meta property=\"og:site_name\" content=\"Almega\" \/>\n<meta property=\"article:published_time\" content=\"2016-03-14T07:48:00+00:00\" \/>\n<meta property=\"article:modified_time\" content=\"2023-02-14T13:47:26+00:00\" \/>\n<meta property=\"og:image\" content=\"https:\/\/www.almega.se\/app\/uploads\/2020\/12\/almega-share-logo.png\" \/>\n\t<meta property=\"og:image:width\" content=\"1200\" \/>\n\t<meta property=\"og:image:height\" content=\"630\" \/>\n\t<meta property=\"og:image:type\" content=\"image\/png\" \/>\n<meta name=\"author\" content=\"admin\" \/>\n<meta name=\"twitter:card\" content=\"summary_large_image\" \/>\n<meta name=\"twitter:label1\" content=\"Skriven av\" \/>\n\t<meta name=\"twitter:data1\" content=\"admin\" \/>\n\t<meta name=\"twitter:label2\" content=\"Ber\u00e4knad l\u00e4stid\" \/>\n\t<meta name=\"twitter:data2\" content=\"1 minut\" \/>\n<!-- \/ Yoast SEO Premium plugin. -->","yoast_head_json":{"title":"M\u00f6rka moln drar in p\u00e5 ljus himmel - Almegas tj\u00e4nsteindikator 1 kvartalet 2016 | Almega","robots":{"index":"index","follow":"follow","max-snippet":"max-snippet:-1","max-image-preview":"max-image-preview:large","max-video-preview":"max-video-preview:-1"},"canonical":"https:\/\/www.almega.se\/2016\/03\/morka-moln-drar-in-pa-ljus-himmel-almegas-tjansteindikator-1-kvartalet-2016\/","og_locale":"sv_SE","og_type":"article","og_title":"M\u00f6rka moln drar in p\u00e5 ljus himmel - Almegas tj\u00e4nsteindikator 1 kvartalet 2016","og_description":"Almegas Tj\u00e4nsteindikator pekar nu p\u00e5 fortsatt h\u00f6g tillv\u00e4xt i den privata tj\u00e4nstesektorn under f\u00f6rsta kvartalet i \u00e5r, ungef\u00e4r i samma takt som under fj\u00e4rde kvartalet 2015. D\u00e5 steg tj\u00e4nsteproduktionen inom n\u00e4ringslivet med hela 4,3 procent fr\u00e5n motsvarande kvartal f\u00f6reg\u00e5ende \u00e5r, enligt SCB:s tj\u00e4nsteproduktionsindex. Almegas indikator hade \u00e5ter pekat r\u00e4tt, d\u00e5 den indikerat en \u00e4nnu h\u00f6gre tillv\u00e4xt under fj\u00e4rde kvartalet j\u00e4mf\u00f6rt med tredje kvartalet.","og_url":"https:\/\/www.almega.se\/2016\/03\/morka-moln-drar-in-pa-ljus-himmel-almegas-tjansteindikator-1-kvartalet-2016\/","og_site_name":"Almega","article_published_time":"2016-03-14T07:48:00+00:00","article_modified_time":"2023-02-14T13:47:26+00:00","og_image":[{"width":1200,"height":630,"url":"https:\/\/www.almega.se\/app\/uploads\/2020\/12\/almega-share-logo.png","type":"image\/png"}],"author":"admin","twitter_card":"summary_large_image","twitter_misc":{"Skriven av":"admin","Ber\u00e4knad l\u00e4stid":"1 minut"},"schema":{"@context":"https:\/\/schema.org","@graph":[{"@type":"NewsArticle","@id":"https:\/\/www.almega.se\/2016\/03\/morka-moln-drar-in-pa-ljus-himmel-almegas-tjansteindikator-1-kvartalet-2016\/#article","isPartOf":{"@id":"https:\/\/www.almega.se\/2016\/03\/morka-moln-drar-in-pa-ljus-himmel-almegas-tjansteindikator-1-kvartalet-2016\/"},"author":{"name":"admin","@id":"https:\/\/www.almega.se\/#\/schema\/person\/9c3674d192fb8b2d1d8b7a3f31c5151d"},"headline":"M\u00f6rka moln drar in p\u00e5 ljus himmel &#8211; Almegas tj\u00e4nsteindikator 1 kvartalet 2016","datePublished":"2016-03-14T07:48:00+00:00","dateModified":"2023-02-14T13:47:26+00:00","mainEntityOfPage":{"@id":"https:\/\/www.almega.se\/2016\/03\/morka-moln-drar-in-pa-ljus-himmel-almegas-tjansteindikator-1-kvartalet-2016\/"},"wordCount":240,"keywords":["Tj\u00e4nstesektorns utveckling"],"articleSection":["Tj\u00e4nstesektorns betydelse"],"inLanguage":"sv-SE"},{"@type":"WebPage","@id":"https:\/\/www.almega.se\/2016\/03\/morka-moln-drar-in-pa-ljus-himmel-almegas-tjansteindikator-1-kvartalet-2016\/","url":"https:\/\/www.almega.se\/2016\/03\/morka-moln-drar-in-pa-ljus-himmel-almegas-tjansteindikator-1-kvartalet-2016\/","name":"M\u00f6rka moln drar in p\u00e5 ljus himmel - Almegas tj\u00e4nsteindikator 1 kvartalet 2016 | Almega","isPartOf":{"@id":"https:\/\/www.almega.se\/#website"},"datePublished":"2016-03-14T07:48:00+00:00","dateModified":"2023-02-14T13:47:26+00:00","author":{"@id":"https:\/\/www.almega.se\/#\/schema\/person\/9c3674d192fb8b2d1d8b7a3f31c5151d"},"breadcrumb":{"@id":"https:\/\/www.almega.se\/2016\/03\/morka-moln-drar-in-pa-ljus-himmel-almegas-tjansteindikator-1-kvartalet-2016\/#breadcrumb"},"inLanguage":"sv-SE","potentialAction":[{"@type":"ReadAction","target":["https:\/\/www.almega.se\/2016\/03\/morka-moln-drar-in-pa-ljus-himmel-almegas-tjansteindikator-1-kvartalet-2016\/"]}]},{"@type":"BreadcrumbList","@id":"https:\/\/www.almega.se\/2016\/03\/morka-moln-drar-in-pa-ljus-himmel-almegas-tjansteindikator-1-kvartalet-2016\/#breadcrumb","itemListElement":[{"@type":"ListItem","position":1,"name":"Home","item":"https:\/\/www.almega.se\/"},{"@type":"ListItem","position":2,"name":"M\u00f6rka moln drar in p\u00e5 ljus himmel &#8211; Almegas tj\u00e4nsteindikator 1 kvartalet 2016"}]},{"@type":"WebSite","@id":"https:\/\/www.almega.se\/#website","url":"https:\/\/www.almega.se\/","name":"Almega","description":"","potentialAction":[{"@type":"SearchAction","target":{"@type":"EntryPoint","urlTemplate":"https:\/\/www.almega.se\/?s={search_term_string}"},"query-input":{"@type":"PropertyValueSpecification","valueRequired":true,"valueName":"search_term_string"}}],"inLanguage":"sv-SE"},{"@type":"Person","@id":"https:\/\/www.almega.se\/#\/schema\/person\/9c3674d192fb8b2d1d8b7a3f31c5151d","name":"admin","image":{"@type":"ImageObject","inLanguage":"sv-SE","@id":"https:\/\/www.almega.se\/#\/schema\/person\/image\/","url":"https:\/\/secure.gravatar.com\/avatar\/13aac7e7a7582f599e3ba7706cec051e12eac4ad6c2ffe6f9d24800e63294187?s=96&d=mm&r=g","contentUrl":"https:\/\/secure.gravatar.com\/avatar\/13aac7e7a7582f599e3ba7706cec051e12eac4ad6c2ffe6f9d24800e63294187?s=96&d=mm&r=g","caption":"admin"},"url":"https:\/\/www.almega.se\/person\/admin\/"}]}},"_links":{"self":[{"href":"https:\/\/www.almega.se\/api\/wp\/v2\/posts\/5911","targetHints":{"allow":["GET"]}}],"collection":[{"href":"https:\/\/www.almega.se\/api\/wp\/v2\/posts"}],"about":[{"href":"https:\/\/www.almega.se\/api\/wp\/v2\/types\/post"}],"author":[{"embeddable":true,"href":"https:\/\/www.almega.se\/api\/wp\/v2\/users\/1"}],"replies":[{"embeddable":true,"href":"https:\/\/www.almega.se\/api\/wp\/v2\/comments?post=5911"}],"version-history":[{"count":3,"href":"https:\/\/www.almega.se\/api\/wp\/v2\/posts\/5911\/revisions"}],"predecessor-version":[{"id":59342,"href":"https:\/\/www.almega.se\/api\/wp\/v2\/posts\/5911\/revisions\/59342"}],"wp:attachment":[{"href":"https:\/\/www.almega.se\/api\/wp\/v2\/media?parent=5911"}],"wp:term":[{"taxonomy":"category","embeddable":true,"href":"https:\/\/www.almega.se\/api\/wp\/v2\/categories?post=5911"},{"taxonomy":"post_tag","embeddable":true,"href":"https:\/\/www.almega.se\/api\/wp\/v2\/tags?post=5911"},{"taxonomy":"type","embeddable":true,"href":"https:\/\/www.almega.se\/api\/wp\/v2\/article_type?post=5911"},{"taxonomy":"agreement","embeddable":true,"href":"https:\/\/www.almega.se\/api\/wp\/v2\/agreement?post=5911"}],"curies":[{"name":"wp","href":"https:\/\/api.w.org\/{rel}","templated":true}]}}