{"id":5899,"date":"2016-03-23T10:00:00","date_gmt":"2016-03-23T09:00:00","guid":{"rendered":"http:\/\/almega-bento\/wp\/blog\/2016\/03\/23\/sakerhetsforetagen-i-avtal-2016\/"},"modified":"2016-03-23T10:00:00","modified_gmt":"2016-03-23T09:00:00","slug":"sakerhetsforetagen-i-avtal-2016","status":"publish","type":"post","link":"https:\/\/www.almega.se\/2016\/03\/sakerhetsforetagen-i-avtal-2016\/","title":{"rendered":"S\u00e4kerhets&shy;f\u00f6retagen i Avtal 2016"},"content":{"rendered":"\n<p class=\"intro\">F\u00f6rhandlingarna inleds S\u00e4kerhetsf\u00f6retagens kollektivavtal med Transport l\u00f6per ut 2016-04-30. Tj\u00e4nstemannaavtalet med Unionen och Ledarna l\u00f6per ut 2016-03-31. I den h\u00e4ndelse att ett nytt kollektivavtal inte \u00e4r klart vid respektive avtals sista giltighetsdag ska ni forts\u00e4tta att till\u00e4mpa befintligt avtal som vanligt och avvakta information fr\u00e5n Almega S\u00e4kerhetsf\u00f6retagen.<\/p>\n<p><strong>Hur g\u00f6r vi med \u00e5rets l\u00f6ne\u00f6kningar?<\/strong><\/p>\n<p>Det finns inget hinder mot ett f\u00f6rsta samtal med medarbetarna d\u00e4r ni utv\u00e4rderar \u00e5ret men besked kring l\u00f6ne\u00f6kningar kan inte ske innan avtalsf\u00f6rhandlingarna \u00e4r klara och \u00e5rets l\u00f6ne\u00f6kningar \u00e4r fastslagna i och med att ett nytt kollektivavtal tecknas.<\/p>\n<p><strong>Information n\u00e4r ett kollektivavtal \u00e4r tecknat<\/strong><br \/>\nUnder p\u00e5g\u00e5ende f\u00f6rhandlingar kan information inte l\u00e4mnas om parternas diskussioner. N\u00e4r det finns information som kan l\u00e4mnas eller n\u00e4r ett kollektivavtal \u00e4r tecknat skickas information i form av Arbetsgivarnytt. Vi kommer \u00e4ven att publicera information p\u00e5 v\u00e5r hemsida.<\/p>\n<p>Om du har n\u00e5gon kollega som vill prenumerera p\u00e5 Arbetsgivarnytt, kan de anv\u00e4nda \u00a0f\u00f6ljande l\u00e4nk. <a href=\"0c95e088a8bc4168b0ef4fe7dc26375e\" target=\"_blank\" rel=\"noopener noreferrer\">almega.se\/medlemskap\/prenumerationer<\/a><\/p>\n<p><strong>Webb om avtalsr\u00f6relsen<\/strong><br \/>\nP\u00e5 <a href=\"d720140f4c474340b5db21c48b6b392b\" target=\"_blank\" rel=\"noopener noreferrer\">www.sakerhetsforetagen.se <\/a>finns en sida om avtalsr\u00f6relsen med information kring n\u00e4r alla v\u00e5ra avtal l\u00f6per ut, vilka som representerar f\u00f6retagen i v\u00e5ra f\u00f6rhandlingsdelegationer samt allm\u00e4n information om avtalsr\u00f6relsen 2016 och branschens kollektivavtal. D\u00e4r finns ocks\u00e5 en l\u00e4nk till en ordbok \u00f6ver de kr\u00e5ngliga termer som anv\u00e4nds av f\u00f6rhandlare och fack. G\u00e5 g\u00e4rna in och l\u00e4s p\u00e5 l\u00e4nken nedan! <a href=\"21a4390104b44e16a9c236925900ec78\" target=\"_blank\" rel=\"noopener noreferrer\">s\u00e4kerhetsforetagen.se\/branschfragor\/avtalsrorelsen-2016<\/a>.<\/p>\n<p>P\u00e5 <a href=\"http:\/\/www.avtalsrorelsen.nu\" target=\"_blank\" rel=\"noopener noreferrer\">avtalsrorelsen.nu<\/a> samlar Almega nyheter och kommentarer om avtalsr\u00f6relsen i stort men med s\u00e4rskilt fokus p\u00e5 det som r\u00f6r tj\u00e4nstesektorn.<\/p>\n<p><a href=\"http:\/\/www.arbetsmarknadsnytt.se\" target=\"_blank\" rel=\"noopener noreferrer\">arbetsmarknadsnytt.se<\/a> \u00e4r en nyhetsportal om svensk arbetsmarknad skapad av Svenskt N\u00e4ringsliv. H\u00e4r hittar du nyheter, reflektioner och fakta om allt fr\u00e5n l\u00f6nebildning, kollektivavtal till arbetsmarknadslagstiftning och internationell konkurrenskraft.<\/p>\n<p><strong>R\u00e5dgivning under v\u00e5ren<\/strong><br \/>\nUnder v\u00e5ren kan det i perioder vara sv\u00e5rare att komma i kontakt med oss f\u00f6rhandlare inom S\u00e4kerhetsf\u00f6retagen d\u00e5 vi deltar i avtalsf\u00f6rhandlingarna. Om vi inte svarar p\u00e5 telefonen uppmanar vi er att skicka e-post.<\/p>\n<p>Gl\u00f6m inte heller Almegajouren. <a href=\"https:\/\/www.almega.se\/kontakt\/jouren\/\">Kontakta jouren\u00a0<\/a><\/p>\n<p>Bekanta dig ocks\u00e5 g\u00e4rna med v\u00e5r tj\u00e4nst Arbetsgivarguiden. Om du skapar en inloggning s\u00e5 har du bland annat tillg\u00e5ng till alla v\u00e5ra anst\u00e4llningsavtal, mallar och blanketter.<br \/>\n<a href=\"7fe5566e1059469a891cbb7b253bbde4\" target=\"_blank\" rel=\"noopener noreferrer\">https:\/\/www.sakerhetsforetagen.se\/arbetsgivarguiden<\/a><\/p>\n<p>&nbsp;<\/p>\n","protected":false},"excerpt":{"rendered":"<p>F\u00f6rhandlingarna inleds  S\u00e4kerhetsf\u00f6retagens kollektivavtal med Transport l\u00f6per ut 2016-04-30. Tj\u00e4nstemannaavtalet med Unionen och Ledarna l\u00f6per ut 2016-03-31.    I den h\u00e4ndelse att ett nytt kollektivavtal inte \u00e4r klart vid respektive avtals sista giltighetsdag ska ni forts\u00e4tta att till\u00e4mpa befintligt avtal som vanligt och avvakta information fr\u00e5n Almega S\u00e4kerhetsf\u00f6retagen.  <\/p>\n","protected":false},"author":1,"featured_media":0,"comment_status":"closed","ping_status":"open","sticky":false,"template":"","format":"standard","meta":{"_acf_changed":false,"footnotes":""},"categories":[1],"tags":[],"article_type":[313],"agreement":[224,216],"class_list":["post-5899","post","type-post","status-publish","format-standard","hentry","category-okategoriserade","type-arbetsgivarnytt","agreement-88ce80f7-ff07-de11-b4e1-02bf9e69ca65","agreement-83ce80f7-ff07-de11-b4e1-02bf9e69ca65"],"acf":[],"yoast_head":"<!-- This site is optimized with the Yoast SEO Premium plugin v26.8 (Yoast SEO v26.8) - https:\/\/yoast.com\/product\/yoast-seo-premium-wordpress\/ -->\n<title>S\u00e4kerhetsf\u00f6retagen i Avtal 2016 | Almega<\/title>\n<meta name=\"robots\" content=\"index, follow, max-snippet:-1, max-image-preview:large, max-video-preview:-1\" \/>\n<link rel=\"canonical\" href=\"https:\/\/www.almega.se\/2016\/03\/sakerhetsforetagen-i-avtal-2016\/\" \/>\n<meta property=\"og:locale\" content=\"sv_SE\" \/>\n<meta property=\"og:type\" content=\"article\" \/>\n<meta property=\"og:title\" content=\"S\u00e4kerhetsf\u00f6retagen i Avtal 2016\" \/>\n<meta property=\"og:description\" content=\"F\u00f6rhandlingarna inleds S\u00e4kerhetsf\u00f6retagens kollektivavtal med Transport l\u00f6per ut 2016-04-30. Tj\u00e4nstemannaavtalet med Unionen och Ledarna l\u00f6per ut 2016-03-31.  I den h\u00e4ndelse att ett nytt kollektivavtal inte \u00e4r klart vid respektive avtals sista giltighetsdag ska ni forts\u00e4tta att till\u00e4mpa befintligt avtal som vanligt och avvakta information fr\u00e5n Almega S\u00e4kerhetsf\u00f6retagen.\" \/>\n<meta property=\"og:url\" content=\"https:\/\/www.almega.se\/2016\/03\/sakerhetsforetagen-i-avtal-2016\/\" \/>\n<meta property=\"og:site_name\" content=\"Almega\" \/>\n<meta property=\"article:published_time\" content=\"2016-03-23T09:00:00+00:00\" \/>\n<meta property=\"og:image\" content=\"https:\/\/www.almega.se\/app\/uploads\/2020\/12\/almega-share-logo.png\" \/>\n\t<meta property=\"og:image:width\" content=\"1200\" \/>\n\t<meta property=\"og:image:height\" content=\"630\" \/>\n\t<meta property=\"og:image:type\" content=\"image\/png\" \/>\n<meta name=\"author\" content=\"admin\" \/>\n<meta name=\"twitter:card\" content=\"summary_large_image\" \/>\n<meta name=\"twitter:label1\" content=\"Skriven av\" \/>\n\t<meta name=\"twitter:data1\" content=\"admin\" \/>\n\t<meta name=\"twitter:label2\" content=\"Ber\u00e4knad l\u00e4stid\" \/>\n\t<meta name=\"twitter:data2\" content=\"2 minuter\" \/>\n<!-- \/ Yoast SEO Premium plugin. -->","yoast_head_json":{"title":"S\u00e4kerhetsf\u00f6retagen i Avtal 2016 | Almega","robots":{"index":"index","follow":"follow","max-snippet":"max-snippet:-1","max-image-preview":"max-image-preview:large","max-video-preview":"max-video-preview:-1"},"canonical":"https:\/\/www.almega.se\/2016\/03\/sakerhetsforetagen-i-avtal-2016\/","og_locale":"sv_SE","og_type":"article","og_title":"S\u00e4kerhetsf\u00f6retagen i Avtal 2016","og_description":"F\u00f6rhandlingarna inleds S\u00e4kerhetsf\u00f6retagens kollektivavtal med Transport l\u00f6per ut 2016-04-30. Tj\u00e4nstemannaavtalet med Unionen och Ledarna l\u00f6per ut 2016-03-31.  I den h\u00e4ndelse att ett nytt kollektivavtal inte \u00e4r klart vid respektive avtals sista giltighetsdag ska ni forts\u00e4tta att till\u00e4mpa befintligt avtal som vanligt och avvakta information fr\u00e5n Almega S\u00e4kerhetsf\u00f6retagen.","og_url":"https:\/\/www.almega.se\/2016\/03\/sakerhetsforetagen-i-avtal-2016\/","og_site_name":"Almega","article_published_time":"2016-03-23T09:00:00+00:00","og_image":[{"width":1200,"height":630,"url":"https:\/\/www.almega.se\/app\/uploads\/2020\/12\/almega-share-logo.png","type":"image\/png"}],"author":"admin","twitter_card":"summary_large_image","twitter_misc":{"Skriven av":"admin","Ber\u00e4knad l\u00e4stid":"2 minuter"},"schema":{"@context":"https:\/\/schema.org","@graph":[{"@type":"NewsArticle","@id":"https:\/\/www.almega.se\/2016\/03\/sakerhetsforetagen-i-avtal-2016\/#article","isPartOf":{"@id":"https:\/\/www.almega.se\/2016\/03\/sakerhetsforetagen-i-avtal-2016\/"},"author":{"name":"admin","@id":"https:\/\/www.almega.se\/#\/schema\/person\/9c3674d192fb8b2d1d8b7a3f31c5151d"},"headline":"S\u00e4kerhets&shy;f\u00f6retagen i Avtal 2016","datePublished":"2016-03-23T09:00:00+00:00","mainEntityOfPage":{"@id":"https:\/\/www.almega.se\/2016\/03\/sakerhetsforetagen-i-avtal-2016\/"},"wordCount":430,"inLanguage":"sv-SE"},{"@type":"WebPage","@id":"https:\/\/www.almega.se\/2016\/03\/sakerhetsforetagen-i-avtal-2016\/","url":"https:\/\/www.almega.se\/2016\/03\/sakerhetsforetagen-i-avtal-2016\/","name":"S\u00e4kerhetsf\u00f6retagen i Avtal 2016 | Almega","isPartOf":{"@id":"https:\/\/www.almega.se\/#website"},"datePublished":"2016-03-23T09:00:00+00:00","author":{"@id":"https:\/\/www.almega.se\/#\/schema\/person\/9c3674d192fb8b2d1d8b7a3f31c5151d"},"breadcrumb":{"@id":"https:\/\/www.almega.se\/2016\/03\/sakerhetsforetagen-i-avtal-2016\/#breadcrumb"},"inLanguage":"sv-SE","potentialAction":[{"@type":"ReadAction","target":["https:\/\/www.almega.se\/2016\/03\/sakerhetsforetagen-i-avtal-2016\/"]}]},{"@type":"BreadcrumbList","@id":"https:\/\/www.almega.se\/2016\/03\/sakerhetsforetagen-i-avtal-2016\/#breadcrumb","itemListElement":[{"@type":"ListItem","position":1,"name":"Home","item":"https:\/\/www.almega.se\/"},{"@type":"ListItem","position":2,"name":"S\u00e4kerhets&shy;f\u00f6retagen i Avtal 2016"}]},{"@type":"WebSite","@id":"https:\/\/www.almega.se\/#website","url":"https:\/\/www.almega.se\/","name":"Almega","description":"","potentialAction":[{"@type":"SearchAction","target":{"@type":"EntryPoint","urlTemplate":"https:\/\/www.almega.se\/?s={search_term_string}"},"query-input":{"@type":"PropertyValueSpecification","valueRequired":true,"valueName":"search_term_string"}}],"inLanguage":"sv-SE"},{"@type":"Person","@id":"https:\/\/www.almega.se\/#\/schema\/person\/9c3674d192fb8b2d1d8b7a3f31c5151d","name":"admin","image":{"@type":"ImageObject","inLanguage":"sv-SE","@id":"https:\/\/www.almega.se\/#\/schema\/person\/image\/","url":"https:\/\/secure.gravatar.com\/avatar\/13aac7e7a7582f599e3ba7706cec051e12eac4ad6c2ffe6f9d24800e63294187?s=96&d=mm&r=g","contentUrl":"https:\/\/secure.gravatar.com\/avatar\/13aac7e7a7582f599e3ba7706cec051e12eac4ad6c2ffe6f9d24800e63294187?s=96&d=mm&r=g","caption":"admin"},"url":"https:\/\/www.almega.se\/person\/admin\/"}]}},"_links":{"self":[{"href":"https:\/\/www.almega.se\/api\/wp\/v2\/posts\/5899","targetHints":{"allow":["GET"]}}],"collection":[{"href":"https:\/\/www.almega.se\/api\/wp\/v2\/posts"}],"about":[{"href":"https:\/\/www.almega.se\/api\/wp\/v2\/types\/post"}],"author":[{"embeddable":true,"href":"https:\/\/www.almega.se\/api\/wp\/v2\/users\/1"}],"replies":[{"embeddable":true,"href":"https:\/\/www.almega.se\/api\/wp\/v2\/comments?post=5899"}],"version-history":[{"count":1,"href":"https:\/\/www.almega.se\/api\/wp\/v2\/posts\/5899\/revisions"}],"predecessor-version":[{"id":58424,"href":"https:\/\/www.almega.se\/api\/wp\/v2\/posts\/5899\/revisions\/58424"}],"wp:attachment":[{"href":"https:\/\/www.almega.se\/api\/wp\/v2\/media?parent=5899"}],"wp:term":[{"taxonomy":"category","embeddable":true,"href":"https:\/\/www.almega.se\/api\/wp\/v2\/categories?post=5899"},{"taxonomy":"post_tag","embeddable":true,"href":"https:\/\/www.almega.se\/api\/wp\/v2\/tags?post=5899"},{"taxonomy":"type","embeddable":true,"href":"https:\/\/www.almega.se\/api\/wp\/v2\/article_type?post=5899"},{"taxonomy":"agreement","embeddable":true,"href":"https:\/\/www.almega.se\/api\/wp\/v2\/agreement?post=5899"}],"curies":[{"name":"wp","href":"https:\/\/api.w.org\/{rel}","templated":true}]}}