{"id":5893,"date":"2016-03-31T09:00:00","date_gmt":"2016-03-31T09:00:00","guid":{"rendered":"http:\/\/almega-bento\/wp\/blog\/2016\/03\/31\/forhandlingarna-om-flexpension-med-unionen\/"},"modified":"2016-03-31T09:00:00","modified_gmt":"2016-03-31T09:00:00","slug":"forhandlingarna-om-flexpension-med-unionen","status":"publish","type":"post","link":"https:\/\/www.almega.se\/2016\/03\/forhandlingarna-om-flexpension-med-unionen\/","title":{"rendered":"F\u00f6rhandlingarna om flex&shy;pension med Unionen"},"content":{"rendered":"\n<p class=\"intro\">Svenska Teknik&amp;Designf\u00f6retagen (nedan Almega) har under de senaste veckorna f\u00f6rhandlat med Unionen f\u00f6r att hitta en l\u00f6sning p\u00e5 fr\u00e5gan om flexpension. Unionen valde i slutet av f\u00f6rra veckan att l\u00e4mna f\u00f6rhandlingsbordet d\u00e5 de inte var beredda att f\u00f6rhandla vidare f\u00f6r att hitta en modell f\u00f6r flexpension som passar b\u00e5de tj\u00e4nstef\u00f6retagen och tj\u00e4nstem\u00e4nnen p\u00e5 dessa f\u00f6retag.    Flexpension \u00e4r en av de stora konfliktfr\u00e5gorna i \u00e5rets avtalsf\u00f6rhandling. Enligt fackens f\u00f6rslag ska l\u00f6ne\u00f6kningsutrymmet minskas med en kollektiv avs\u00e4ttning till en obligatorisk pensionspremie. Almega har ist\u00e4llet f\u00f6reslagit en modell d\u00e4r hela utrymmet f\u00f6r l\u00f6ne\u00f6kningar f\u00f6rdelas och individen sj\u00e4lv f\u00e5r v\u00e4lja.  <\/p>\n<p>Almega s&auml;ger nej till obligatorisk flexpension med kollektiv avs&auml;ttning f&ouml;r att:<\/p>\n<ul>\n<li>Hela utrymmet f&ouml;r l&ouml;ne&ouml;kningar ska f&ouml;rdelas individuellt<\/li>\n<li>Individen m&aring;ste sj&auml;lv f&aring; v&auml;lja<\/li>\n<li>Framtida avtal ska vara attraktiva<\/li>\n<\/ul>\n<p><strong>Hela utrymmet f&ouml;r l&ouml;ne&ouml;kningar ska f&ouml;rdelas individuellt<\/strong><br \/>  Almegas m&aring;l &auml;r individuell l&ouml;n som s&auml;tts i dialog mellan chef och medarbetare. F&ouml;r att duktiga medarbetare ska kunna premieras beh&ouml;ver hela utrymmet f&ouml;rdelas i l&ouml;nerevisionen. Fackens f&ouml;rslag om att en del av utrymmet ska avs&auml;ttas till en obligatorisk pensionspremie inneb&auml;r en individgaranti som minskar utrymmet f&ouml;r l&ouml;ne&ouml;kningar och som utges oavsett prestation och resultat.<\/p>\n<p><strong>Individen m&aring;ste sj&auml;lv f&aring; v&auml;lja<\/strong><br \/>  Almega &auml;r inte emot att man f&ouml;rst&auml;rker sin pension. Almegas f&ouml;rslag inneb&auml;r att var och en sj&auml;lv f&aring;r v&auml;lja om man vill avs&auml;tta en del av sin l&ouml;n till pension eller inte. F&ouml;r m&aring;nga &auml;r det l&auml;mpligt att spara mer till sin pension, f&ouml;r andra kan det vara b&auml;ttre att amortera p&aring; l&aring;nen. I den obligatoriska flexpensionen best&auml;mmer facken. Vi tror att tj&auml;nstem&auml;n &auml;r kapabla att best&auml;mma sj&auml;lva.<\/p>\n<p><strong>Framtida avtal ska vara attraktiva<\/strong><br \/>  Enligt facken ska den obligatoriska flexpensionspremien p&aring; sikt &ouml;ka till 2 %. Det betyder att utrymmet f&ouml;r l&ouml;ne&ouml;kningar ska minskas &auml;ven i framtiden. Det kommer ocks&aring; att bli dyrare att ha kollektivavtal i framtiden eftersom de som anst&auml;lls efter l&ouml;nerevisionerna kommer att f&aring; den obligatoriska pensionspremien utan att ha avst&aring;tt l&ouml;n i den kollektiva avr&auml;kningen.<\/p>\n<p>Almegas f&ouml;rslag f&ouml;rdyrar inte avtalen p&aring; samma s&auml;tt eftersom avs&auml;ttningen g&ouml;rs individuellt. Om kollektivavtalen inte &auml;r attraktiva f&ouml;r b&aring;de f&ouml;retag och medarbetare kommer f&auml;rre f&ouml;retag att ansluta sig. Det snedvrider konkurrensen och urholkar den svenska modellen.<\/p>\n<p><strong>Vad h&auml;nder nu<\/strong><br \/>  V&aring;r f&ouml;rhoppning &auml;r fortfarande att l&ouml;sa fr&aring;gan om flexpension utan att det g&aring;r till strejk. Samtidigt finns det ingen anledning att hymla om att f&ouml;rhandlingarna g&aring;r tr&ouml;gt och att det finns en betydande risk f&ouml;r en strejk under april. Vilka f&ouml;retag och branscher som d&aring; kan komma att drabbas vet vi inte.<\/p>\n<p>F&ouml;r att mildra effekterna av en strejk &auml;r det viktigt att alla f&ouml;retag b&ouml;rjar se &ouml;ver hur arbetet kan organiseras och utf&ouml;ras av dem som inte &auml;r fackligt anslutna. Mer information om vad som g&auml;ller vid en strejk finns under arbetsgivarguiden p&aring; <a href=\"cccf467813ed442fbff0313e1f214726\" target=\"_blank\" rel=\"noopener\">almega.se<\/a><\/p>\n<p>H&auml;r nedan finner ni &auml;ven information som kan distribueras till era anst&auml;llda om vad som g&auml;ller vid en eventuell konflikt. D&aring; vi har sett en del exempel p&aring; tveksam information fr&aring;n lokala fackliga f&ouml;retr&auml;dare &auml;r det viktigt att vi kan hj&auml;lpas &aring;t att sprida korrekt och saklig information om vad som g&auml;ller vid en konflikt.<\/p>\n<p><a href=\"\/app\/uploads\/imported\/SantFalsk-om-att-inte-vara-med-i-facket.pdf\" target=\"_blank\" title=\"SantFalsk om att inte vara med i facket.pdf\" rel=\"noopener\">Sant &amp; Falskt om att inte vara med i facket<\/a><br \/>  <a href=\"\/app\/uploads\/imported\/Vad-galler-vid-strejk.pdf\" target=\"_blank\" title=\"Vad g\u00e4ller vid strejk.pdf\" rel=\"noopener\">Vad g&auml;ller vid strejk<\/a><\/p>\n<\/p>\n","protected":false},"excerpt":{"rendered":"<p>Svenska Teknik&amp;Designf\u00f6retagen (nedan Almega) har under de senaste veckorna f\u00f6rhandlat med Unionen f\u00f6r att hitta en l\u00f6sning p\u00e5 fr\u00e5gan om flexpension. Unionen valde i slutet av f\u00f6rra veckan att l\u00e4mna f\u00f6rhandlingsbordet d\u00e5 de inte var beredda att f\u00f6rhandla vidare f\u00f6r att hitta en modell f\u00f6r flexpension som passar b\u00e5de tj\u00e4nstef\u00f6retagen och tj\u00e4nstem\u00e4nnen p\u00e5 dessa f\u00f6retag.    Flexpension \u00e4r en av de stora konfliktfr\u00e5gorna i \u00e5rets avtalsf\u00f6rhandling. Enligt fackens f\u00f6rslag ska l\u00f6ne\u00f6kningsutrymmet minskas med en kollektiv avs\u00e4ttning till en obligatorisk pensionspremie. Almega har ist\u00e4llet f\u00f6reslagit en modell d\u00e4r hela utrymmet f\u00f6r l\u00f6ne\u00f6kningar f\u00f6rdelas och individen sj\u00e4lv f\u00e5r v\u00e4lja.  <\/p>\n","protected":false},"author":1,"featured_media":0,"comment_status":"closed","ping_status":"open","sticky":false,"template":"","format":"standard","meta":{"_acf_changed":false,"footnotes":""},"categories":[1],"tags":[],"article_type":[313],"agreement":[459,215],"class_list":["post-5893","post","type-post","status-publish","format-standard","hentry","category-okategoriserade","type-arbetsgivarnytt","agreement-9de9353e-79fc-e811-811f-003dd8b71e49","agreement-7ece80f7-ff07-de11-b4e1-02bf9e69ca65"],"acf":[],"yoast_head":"<!-- This site is optimized with the Yoast SEO Premium plugin v26.8 (Yoast SEO v26.8) - https:\/\/yoast.com\/product\/yoast-seo-premium-wordpress\/ -->\n<title>F\u00f6rhandlingarna om flexpension med Unionen | Almega<\/title>\n<meta name=\"robots\" content=\"index, follow, max-snippet:-1, max-image-preview:large, max-video-preview:-1\" \/>\n<link rel=\"canonical\" href=\"https:\/\/www.almega.se\/2016\/03\/forhandlingarna-om-flexpension-med-unionen\/\" \/>\n<meta property=\"og:locale\" content=\"sv_SE\" \/>\n<meta property=\"og:type\" content=\"article\" \/>\n<meta property=\"og:title\" content=\"F\u00f6rhandlingarna om flexpension med Unionen\" \/>\n<meta property=\"og:description\" content=\"Svenska Teknik&amp;Designf\u00f6retagen (nedan Almega) har under de senaste veckorna f\u00f6rhandlat med Unionen f\u00f6r att hitta en l\u00f6sning p\u00e5 fr\u00e5gan om flexpension. Unionen valde i slutet av f\u00f6rra veckan att l\u00e4mna f\u00f6rhandlingsbordet d\u00e5 de inte var beredda att f\u00f6rhandla vidare f\u00f6r att hitta en modell f\u00f6r flexpension som passar b\u00e5de tj\u00e4nstef\u00f6retagen och tj\u00e4nstem\u00e4nnen p\u00e5 dessa f\u00f6retag.  Flexpension \u00e4r en av de stora konfliktfr\u00e5gorna i \u00e5rets avtalsf\u00f6rhandling. Enligt fackens f\u00f6rslag ska l\u00f6ne\u00f6kningsutrymmet minskas med en kollektiv avs\u00e4ttning till en obligatorisk pensionspremie. Almega har ist\u00e4llet f\u00f6reslagit en modell d\u00e4r hela utrymmet f\u00f6r l\u00f6ne\u00f6kningar f\u00f6rdelas och individen sj\u00e4lv f\u00e5r v\u00e4lja.\" \/>\n<meta property=\"og:url\" content=\"https:\/\/www.almega.se\/2016\/03\/forhandlingarna-om-flexpension-med-unionen\/\" \/>\n<meta property=\"og:site_name\" content=\"Almega\" \/>\n<meta property=\"article:published_time\" content=\"2016-03-31T09:00:00+00:00\" \/>\n<meta property=\"og:image\" content=\"https:\/\/www.almega.se\/app\/uploads\/2020\/12\/almega-share-logo.png\" \/>\n\t<meta property=\"og:image:width\" content=\"1200\" \/>\n\t<meta property=\"og:image:height\" content=\"630\" \/>\n\t<meta property=\"og:image:type\" content=\"image\/png\" \/>\n<meta name=\"author\" content=\"admin\" \/>\n<meta name=\"twitter:card\" content=\"summary_large_image\" \/>\n<meta name=\"twitter:label1\" content=\"Skriven av\" \/>\n\t<meta name=\"twitter:data1\" content=\"admin\" \/>\n\t<meta name=\"twitter:label2\" content=\"Ber\u00e4knad l\u00e4stid\" \/>\n\t<meta name=\"twitter:data2\" content=\"4 minuter\" \/>\n<!-- \/ Yoast SEO Premium plugin. -->","yoast_head_json":{"title":"F\u00f6rhandlingarna om flexpension med Unionen | Almega","robots":{"index":"index","follow":"follow","max-snippet":"max-snippet:-1","max-image-preview":"max-image-preview:large","max-video-preview":"max-video-preview:-1"},"canonical":"https:\/\/www.almega.se\/2016\/03\/forhandlingarna-om-flexpension-med-unionen\/","og_locale":"sv_SE","og_type":"article","og_title":"F\u00f6rhandlingarna om flexpension med Unionen","og_description":"Svenska Teknik&amp;Designf\u00f6retagen (nedan Almega) har under de senaste veckorna f\u00f6rhandlat med Unionen f\u00f6r att hitta en l\u00f6sning p\u00e5 fr\u00e5gan om flexpension. Unionen valde i slutet av f\u00f6rra veckan att l\u00e4mna f\u00f6rhandlingsbordet d\u00e5 de inte var beredda att f\u00f6rhandla vidare f\u00f6r att hitta en modell f\u00f6r flexpension som passar b\u00e5de tj\u00e4nstef\u00f6retagen och tj\u00e4nstem\u00e4nnen p\u00e5 dessa f\u00f6retag.  Flexpension \u00e4r en av de stora konfliktfr\u00e5gorna i \u00e5rets avtalsf\u00f6rhandling. Enligt fackens f\u00f6rslag ska l\u00f6ne\u00f6kningsutrymmet minskas med en kollektiv avs\u00e4ttning till en obligatorisk pensionspremie. Almega har ist\u00e4llet f\u00f6reslagit en modell d\u00e4r hela utrymmet f\u00f6r l\u00f6ne\u00f6kningar f\u00f6rdelas och individen sj\u00e4lv f\u00e5r v\u00e4lja.","og_url":"https:\/\/www.almega.se\/2016\/03\/forhandlingarna-om-flexpension-med-unionen\/","og_site_name":"Almega","article_published_time":"2016-03-31T09:00:00+00:00","og_image":[{"width":1200,"height":630,"url":"https:\/\/www.almega.se\/app\/uploads\/2020\/12\/almega-share-logo.png","type":"image\/png"}],"author":"admin","twitter_card":"summary_large_image","twitter_misc":{"Skriven av":"admin","Ber\u00e4knad l\u00e4stid":"4 minuter"},"schema":{"@context":"https:\/\/schema.org","@graph":[{"@type":"NewsArticle","@id":"https:\/\/www.almega.se\/2016\/03\/forhandlingarna-om-flexpension-med-unionen\/#article","isPartOf":{"@id":"https:\/\/www.almega.se\/2016\/03\/forhandlingarna-om-flexpension-med-unionen\/"},"author":{"name":"admin","@id":"https:\/\/www.almega.se\/#\/schema\/person\/9c3674d192fb8b2d1d8b7a3f31c5151d"},"headline":"F\u00f6rhandlingarna om flex&shy;pension med Unionen","datePublished":"2016-03-31T09:00:00+00:00","mainEntityOfPage":{"@id":"https:\/\/www.almega.se\/2016\/03\/forhandlingarna-om-flexpension-med-unionen\/"},"wordCount":773,"inLanguage":"sv-SE"},{"@type":"WebPage","@id":"https:\/\/www.almega.se\/2016\/03\/forhandlingarna-om-flexpension-med-unionen\/","url":"https:\/\/www.almega.se\/2016\/03\/forhandlingarna-om-flexpension-med-unionen\/","name":"F\u00f6rhandlingarna om flexpension med Unionen | Almega","isPartOf":{"@id":"https:\/\/www.almega.se\/#website"},"datePublished":"2016-03-31T09:00:00+00:00","author":{"@id":"https:\/\/www.almega.se\/#\/schema\/person\/9c3674d192fb8b2d1d8b7a3f31c5151d"},"breadcrumb":{"@id":"https:\/\/www.almega.se\/2016\/03\/forhandlingarna-om-flexpension-med-unionen\/#breadcrumb"},"inLanguage":"sv-SE","potentialAction":[{"@type":"ReadAction","target":["https:\/\/www.almega.se\/2016\/03\/forhandlingarna-om-flexpension-med-unionen\/"]}]},{"@type":"BreadcrumbList","@id":"https:\/\/www.almega.se\/2016\/03\/forhandlingarna-om-flexpension-med-unionen\/#breadcrumb","itemListElement":[{"@type":"ListItem","position":1,"name":"Home","item":"https:\/\/www.almega.se\/"},{"@type":"ListItem","position":2,"name":"F\u00f6rhandlingarna om flex&shy;pension med Unionen"}]},{"@type":"WebSite","@id":"https:\/\/www.almega.se\/#website","url":"https:\/\/www.almega.se\/","name":"Almega","description":"","potentialAction":[{"@type":"SearchAction","target":{"@type":"EntryPoint","urlTemplate":"https:\/\/www.almega.se\/?s={search_term_string}"},"query-input":{"@type":"PropertyValueSpecification","valueRequired":true,"valueName":"search_term_string"}}],"inLanguage":"sv-SE"},{"@type":"Person","@id":"https:\/\/www.almega.se\/#\/schema\/person\/9c3674d192fb8b2d1d8b7a3f31c5151d","name":"admin","image":{"@type":"ImageObject","inLanguage":"sv-SE","@id":"https:\/\/www.almega.se\/#\/schema\/person\/image\/","url":"https:\/\/secure.gravatar.com\/avatar\/13aac7e7a7582f599e3ba7706cec051e12eac4ad6c2ffe6f9d24800e63294187?s=96&d=mm&r=g","contentUrl":"https:\/\/secure.gravatar.com\/avatar\/13aac7e7a7582f599e3ba7706cec051e12eac4ad6c2ffe6f9d24800e63294187?s=96&d=mm&r=g","caption":"admin"},"url":"https:\/\/www.almega.se\/person\/admin\/"}]}},"_links":{"self":[{"href":"https:\/\/www.almega.se\/api\/wp\/v2\/posts\/5893","targetHints":{"allow":["GET"]}}],"collection":[{"href":"https:\/\/www.almega.se\/api\/wp\/v2\/posts"}],"about":[{"href":"https:\/\/www.almega.se\/api\/wp\/v2\/types\/post"}],"author":[{"embeddable":true,"href":"https:\/\/www.almega.se\/api\/wp\/v2\/users\/1"}],"replies":[{"embeddable":true,"href":"https:\/\/www.almega.se\/api\/wp\/v2\/comments?post=5893"}],"version-history":[{"count":1,"href":"https:\/\/www.almega.se\/api\/wp\/v2\/posts\/5893\/revisions"}],"predecessor-version":[{"id":58421,"href":"https:\/\/www.almega.se\/api\/wp\/v2\/posts\/5893\/revisions\/58421"}],"wp:attachment":[{"href":"https:\/\/www.almega.se\/api\/wp\/v2\/media?parent=5893"}],"wp:term":[{"taxonomy":"category","embeddable":true,"href":"https:\/\/www.almega.se\/api\/wp\/v2\/categories?post=5893"},{"taxonomy":"post_tag","embeddable":true,"href":"https:\/\/www.almega.se\/api\/wp\/v2\/tags?post=5893"},{"taxonomy":"type","embeddable":true,"href":"https:\/\/www.almega.se\/api\/wp\/v2\/article_type?post=5893"},{"taxonomy":"agreement","embeddable":true,"href":"https:\/\/www.almega.se\/api\/wp\/v2\/agreement?post=5893"}],"curies":[{"name":"wp","href":"https:\/\/api.w.org\/{rel}","templated":true}]}}