{"id":5876,"date":"2016-04-06T14:00:00","date_gmt":"2016-04-06T14:00:00","guid":{"rendered":"http:\/\/almega-bento\/wp\/blog\/2016\/04\/06\/fragor-om-varslad-konflikt-2\/"},"modified":"2016-04-06T14:00:00","modified_gmt":"2016-04-06T14:00:00","slug":"fragor-om-varslad-konflikt-2","status":"publish","type":"post","link":"https:\/\/www.almega.se\/2016\/04\/fragor-om-varslad-konflikt-2\/","title":{"rendered":"Fr\u00e5gor om varslad konflikt"},"content":{"rendered":"\n<p class=\"intro\">P\u00e5 flera f\u00f6rbund inom Almega har Unionen och Sveriges ingenj\u00f6rer idag den 6 april varslat om strejk. Bemanningsf\u00f6retagen omfattas inte av detta konfliktvarsel.<\/p>\n<p>Bemanningsf&ouml;retagens avtal f&ouml;r tj&auml;nstem&auml;n l&ouml;per ut den 30 april 2016 och f&ouml;rhandlingar p&aring;g&aring;r.<\/p>\n<p>Det verkar som om Unionen valt att skicka information om strejk till alla medlemmar, &auml;ven p&aring; omr&aring;den &nbsp;som inte &auml;r ber&ouml;rda. Det g&ouml;r att det uppkommer mycket fr&aring;gor fr&aring;n oroliga anst&auml;llda.<\/p>\n<p>F&ouml;r mer information kontakta oss g&auml;rna eller l&auml;s om <a href=\"e7206b6f3c8941caa0123b7be0ea4915\" target=\"_blank\" rel=\"noopener\">konflikt<\/a> under Strejk.<\/p>\n<\/p>\n","protected":false},"excerpt":{"rendered":"<p>P\u00e5 flera f\u00f6rbund inom Almega har Unionen och Sveriges ingenj\u00f6rer idag den 6 april varslat om strejk. Bemanningsf\u00f6retagen omfattas inte av detta konfliktvarsel.<\/p>\n","protected":false},"author":1,"featured_media":0,"comment_status":"closed","ping_status":"open","sticky":false,"template":"","format":"standard","meta":{"_acf_changed":false,"footnotes":""},"categories":[1],"tags":[],"article_type":[313],"agreement":[108,128],"class_list":["post-5876","post","type-post","status-publish","format-standard","hentry","category-okategoriserade","type-arbetsgivarnytt","agreement-acce80f7-ff07-de11-b4e1-02bf9e69ca65","agreement-abce80f7-ff07-de11-b4e1-02bf9e69ca65"],"acf":[],"yoast_head":"<!-- This site is optimized with the Yoast SEO Premium plugin v26.8 (Yoast SEO v26.8) - https:\/\/yoast.com\/product\/yoast-seo-premium-wordpress\/ -->\n<title>Fr\u00e5gor om varslad konflikt | Almega<\/title>\n<meta name=\"robots\" content=\"index, follow, max-snippet:-1, max-image-preview:large, max-video-preview:-1\" \/>\n<link rel=\"canonical\" href=\"https:\/\/www.almega.se\/2016\/04\/fragor-om-varslad-konflikt-2\/\" \/>\n<meta property=\"og:locale\" content=\"sv_SE\" \/>\n<meta property=\"og:type\" content=\"article\" \/>\n<meta property=\"og:title\" content=\"Fr\u00e5gor om varslad konflikt\" \/>\n<meta property=\"og:description\" content=\"P\u00e5 flera f\u00f6rbund inom Almega har Unionen och Sveriges ingenj\u00f6rer idag den 6 april varslat om strejk. Bemanningsf\u00f6retagen omfattas inte av detta konfliktvarsel.\" \/>\n<meta property=\"og:url\" content=\"https:\/\/www.almega.se\/2016\/04\/fragor-om-varslad-konflikt-2\/\" \/>\n<meta property=\"og:site_name\" content=\"Almega\" \/>\n<meta property=\"article:published_time\" content=\"2016-04-06T14:00:00+00:00\" \/>\n<meta property=\"og:image\" content=\"https:\/\/www.almega.se\/app\/uploads\/2020\/12\/almega-share-logo.png\" \/>\n\t<meta property=\"og:image:width\" content=\"1200\" \/>\n\t<meta property=\"og:image:height\" content=\"630\" \/>\n\t<meta property=\"og:image:type\" content=\"image\/png\" \/>\n<meta name=\"author\" content=\"admin\" \/>\n<meta name=\"twitter:card\" content=\"summary_large_image\" \/>\n<meta name=\"twitter:label1\" content=\"Skriven av\" \/>\n\t<meta name=\"twitter:data1\" content=\"admin\" \/>\n\t<meta name=\"twitter:label2\" content=\"Ber\u00e4knad l\u00e4stid\" \/>\n\t<meta name=\"twitter:data2\" content=\"1 minut\" \/>\n<!-- \/ Yoast SEO Premium plugin. -->","yoast_head_json":{"title":"Fr\u00e5gor om varslad konflikt | Almega","robots":{"index":"index","follow":"follow","max-snippet":"max-snippet:-1","max-image-preview":"max-image-preview:large","max-video-preview":"max-video-preview:-1"},"canonical":"https:\/\/www.almega.se\/2016\/04\/fragor-om-varslad-konflikt-2\/","og_locale":"sv_SE","og_type":"article","og_title":"Fr\u00e5gor om varslad konflikt","og_description":"P\u00e5 flera f\u00f6rbund inom Almega har Unionen och Sveriges ingenj\u00f6rer idag den 6 april varslat om strejk. Bemanningsf\u00f6retagen omfattas inte av detta konfliktvarsel.","og_url":"https:\/\/www.almega.se\/2016\/04\/fragor-om-varslad-konflikt-2\/","og_site_name":"Almega","article_published_time":"2016-04-06T14:00:00+00:00","og_image":[{"width":1200,"height":630,"url":"https:\/\/www.almega.se\/app\/uploads\/2020\/12\/almega-share-logo.png","type":"image\/png"}],"author":"admin","twitter_card":"summary_large_image","twitter_misc":{"Skriven av":"admin","Ber\u00e4knad l\u00e4stid":"1 minut"},"schema":{"@context":"https:\/\/schema.org","@graph":[{"@type":"NewsArticle","@id":"https:\/\/www.almega.se\/2016\/04\/fragor-om-varslad-konflikt-2\/#article","isPartOf":{"@id":"https:\/\/www.almega.se\/2016\/04\/fragor-om-varslad-konflikt-2\/"},"author":{"name":"admin","@id":"https:\/\/www.almega.se\/#\/schema\/person\/9c3674d192fb8b2d1d8b7a3f31c5151d"},"headline":"Fr\u00e5gor om varslad konflikt","datePublished":"2016-04-06T14:00:00+00:00","mainEntityOfPage":{"@id":"https:\/\/www.almega.se\/2016\/04\/fragor-om-varslad-konflikt-2\/"},"wordCount":122,"inLanguage":"sv-SE"},{"@type":"WebPage","@id":"https:\/\/www.almega.se\/2016\/04\/fragor-om-varslad-konflikt-2\/","url":"https:\/\/www.almega.se\/2016\/04\/fragor-om-varslad-konflikt-2\/","name":"Fr\u00e5gor om varslad konflikt | Almega","isPartOf":{"@id":"https:\/\/www.almega.se\/#website"},"datePublished":"2016-04-06T14:00:00+00:00","author":{"@id":"https:\/\/www.almega.se\/#\/schema\/person\/9c3674d192fb8b2d1d8b7a3f31c5151d"},"breadcrumb":{"@id":"https:\/\/www.almega.se\/2016\/04\/fragor-om-varslad-konflikt-2\/#breadcrumb"},"inLanguage":"sv-SE","potentialAction":[{"@type":"ReadAction","target":["https:\/\/www.almega.se\/2016\/04\/fragor-om-varslad-konflikt-2\/"]}]},{"@type":"BreadcrumbList","@id":"https:\/\/www.almega.se\/2016\/04\/fragor-om-varslad-konflikt-2\/#breadcrumb","itemListElement":[{"@type":"ListItem","position":1,"name":"Home","item":"https:\/\/www.almega.se\/"},{"@type":"ListItem","position":2,"name":"Fr\u00e5gor om varslad konflikt"}]},{"@type":"WebSite","@id":"https:\/\/www.almega.se\/#website","url":"https:\/\/www.almega.se\/","name":"Almega","description":"","potentialAction":[{"@type":"SearchAction","target":{"@type":"EntryPoint","urlTemplate":"https:\/\/www.almega.se\/?s={search_term_string}"},"query-input":{"@type":"PropertyValueSpecification","valueRequired":true,"valueName":"search_term_string"}}],"inLanguage":"sv-SE"},{"@type":"Person","@id":"https:\/\/www.almega.se\/#\/schema\/person\/9c3674d192fb8b2d1d8b7a3f31c5151d","name":"admin","image":{"@type":"ImageObject","inLanguage":"sv-SE","@id":"https:\/\/www.almega.se\/#\/schema\/person\/image\/","url":"https:\/\/secure.gravatar.com\/avatar\/13aac7e7a7582f599e3ba7706cec051e12eac4ad6c2ffe6f9d24800e63294187?s=96&d=mm&r=g","contentUrl":"https:\/\/secure.gravatar.com\/avatar\/13aac7e7a7582f599e3ba7706cec051e12eac4ad6c2ffe6f9d24800e63294187?s=96&d=mm&r=g","caption":"admin"},"url":"https:\/\/www.almega.se\/person\/admin\/"}]}},"_links":{"self":[{"href":"https:\/\/www.almega.se\/api\/wp\/v2\/posts\/5876","targetHints":{"allow":["GET"]}}],"collection":[{"href":"https:\/\/www.almega.se\/api\/wp\/v2\/posts"}],"about":[{"href":"https:\/\/www.almega.se\/api\/wp\/v2\/types\/post"}],"author":[{"embeddable":true,"href":"https:\/\/www.almega.se\/api\/wp\/v2\/users\/1"}],"replies":[{"embeddable":true,"href":"https:\/\/www.almega.se\/api\/wp\/v2\/comments?post=5876"}],"version-history":[{"count":1,"href":"https:\/\/www.almega.se\/api\/wp\/v2\/posts\/5876\/revisions"}],"predecessor-version":[{"id":58408,"href":"https:\/\/www.almega.se\/api\/wp\/v2\/posts\/5876\/revisions\/58408"}],"wp:attachment":[{"href":"https:\/\/www.almega.se\/api\/wp\/v2\/media?parent=5876"}],"wp:term":[{"taxonomy":"category","embeddable":true,"href":"https:\/\/www.almega.se\/api\/wp\/v2\/categories?post=5876"},{"taxonomy":"post_tag","embeddable":true,"href":"https:\/\/www.almega.se\/api\/wp\/v2\/tags?post=5876"},{"taxonomy":"type","embeddable":true,"href":"https:\/\/www.almega.se\/api\/wp\/v2\/article_type?post=5876"},{"taxonomy":"agreement","embeddable":true,"href":"https:\/\/www.almega.se\/api\/wp\/v2\/agreement?post=5876"}],"curies":[{"name":"wp","href":"https:\/\/api.w.org\/{rel}","templated":true}]}}