{"id":5864,"date":"2016-04-12T15:00:00","date_gmt":"2016-04-12T15:00:00","guid":{"rendered":"http:\/\/almega-bento\/wp\/blog\/2016\/04\/12\/vad-handlar-strejken-med-sjobefalsforeningen-sbf-om\/"},"modified":"2016-04-12T15:00:00","modified_gmt":"2016-04-12T15:00:00","slug":"vad-handlar-strejken-med-sjobefalsforeningen-sbf-om","status":"publish","type":"post","link":"https:\/\/www.almega.se\/2016\/04\/vad-handlar-strejken-med-sjobefalsforeningen-sbf-om\/","title":{"rendered":"Vad handlar strejken med Sj\u00f6bef\u00e4lsf\u00f6reningen (SBF) om?"},"content":{"rendered":"\n<p class=\"intro\">I dessa dagar kan man l\u00e4sa och h\u00f6ra en hel del kring den utbrutna konflikten p\u00e5 v\u00e5ra sk\u00e4rg\u00e5rdsavtal. Vad handlar d\u00e5 konflikten om och vad \u00e4r sant och osant av det som kommer fram?<\/p>\n<ul>\n<li>SBF vill &aring;terinf&ouml;ra tariffl&ouml;ner i v&aring;ra kollektivavtal.<br \/>  F&ouml;r tv&aring; &aring;r sedan tr&auml;ffade vi avtal med SBF som innebar en f&ouml;rsiktig &ouml;verg&aring;ng till ett l&ouml;nesystem med individuell f&ouml;rdelning. Befintliga tariffer finns kvar i l&ouml;neavtalen men ist&auml;llet som l&auml;gstl&ouml;netrappor. L&ouml;neavtalet &ouml;ppnar ocks&aring; upp f&ouml;r att man lokalt kan komma &ouml;verens om att anv&auml;nda hela l&ouml;neutrymmet till att r&auml;kna upp tariffl&ouml;nerna.\n<p>  Vi vill forts&auml;tta med g&auml;llande l&ouml;neavtal d&auml;r det finns utrymme f&ouml;r b&aring;de individuell l&ouml;nes&auml;ttning och tariffl&ouml;ner.<br \/>  &nbsp;<\/li>\n<li>SBF driver fr&aring;gan om ett branschavtal. Vi &auml;r positiva till att f&ouml;rs&ouml;ka skapa ett gemensamt kollektivavtal f&ouml;r branschen, men en viktig f&ouml;ruts&auml;ttning &auml;r att v&aring;ra medlemsf&ouml;retag inte drabbas av kostnader som &ouml;verstiger de 2,2 procent som &ouml;vrig arbetsmarknad har kommit &ouml;verens om.\n<p>  SBF har l&auml;mnat avtalsf&ouml;rslag som kan inneb&auml;ra kostnads&ouml;kningar f&ouml;r m&aring;nga f&ouml;retag p&aring; upp till 10 %. Det &auml;r ett helt orimligt krav som inte kan uppfattas som seri&ouml;st och som vi har avvisat.<\/p>\n<p>  Vi har d&auml;remot gjort klart f&ouml;r SBF att vi &auml;r beredda att tr&auml;ffa &ouml;verenskommelser som s&auml;krar upp inkomsterna f&ouml;r deras medlemmar vid ett avtalsbyte.<br \/>  &nbsp;<\/li>\n<li>SBF h&auml;vdar att vi har uteslutit Stockholms Sj&ouml;trafik ur f&ouml;rbundet. Det &auml;r ett l&ouml;gnaktigt p&aring;st&aring;ende! Vi har d&auml;remot beviljat Stockholms Sj&ouml;trafik uttr&auml;de efter att de l&auml;mnat in en s&aring;dan beg&auml;ran.<br \/>  &nbsp;<\/li>\n<li>Som en konsekvens av att Stockholms Sj&ouml;trafik l&auml;mnade f&ouml;rbundet har vi valt att s&auml;ga upp Sj&ouml;trafiksavtalet till upph&ouml;rande per den 7 april 2016. Bakgrunden till att Sj&ouml;trafiksavtalet har sagts upp &auml;r att det inte l&auml;ngre finns n&aring;got medlemsf&ouml;retag som har anst&auml;lld personal inom avtalsomr&aring;det.<br \/>  &nbsp;<\/li>\n<\/ul>\n<p>Vi &aring;terkommer snarast med ytterligare information.<\/p>\n<\/p>\n","protected":false},"excerpt":{"rendered":"<p>I dessa dagar kan man l\u00e4sa och h\u00f6ra en hel del kring den utbrutna konflikten p\u00e5 v\u00e5ra sk\u00e4rg\u00e5rdsavtal. Vad handlar d\u00e5 konflikten om och vad \u00e4r sant och osant av det som kommer fram?<\/p>\n","protected":false},"author":1,"featured_media":0,"comment_status":"closed","ping_status":"open","sticky":false,"template":"","format":"standard","meta":{"_acf_changed":false,"footnotes":""},"categories":[1],"tags":[],"article_type":[313],"agreement":[204,205,206],"class_list":["post-5864","post","type-post","status-publish","format-standard","hentry","category-okategoriserade","type-arbetsgivarnytt","agreement-9477b1e1-28ad-e011-8875-005056b20278","agreement-44ce80f7-ff07-de11-b4e1-02bf9e69ca65","agreement-9277b1e1-28ad-e011-8875-005056b20278"],"acf":[],"yoast_head":"<!-- This site is optimized with the Yoast SEO Premium plugin v26.8 (Yoast SEO v26.8) - https:\/\/yoast.com\/product\/yoast-seo-premium-wordpress\/ -->\n<title>Vad handlar strejken med Sj\u00f6bef\u00e4lsf\u00f6reningen (SBF) om? | Almega<\/title>\n<meta name=\"robots\" content=\"index, follow, max-snippet:-1, max-image-preview:large, max-video-preview:-1\" \/>\n<link rel=\"canonical\" href=\"https:\/\/www.almega.se\/2016\/04\/vad-handlar-strejken-med-sjobefalsforeningen-sbf-om\/\" \/>\n<meta property=\"og:locale\" content=\"sv_SE\" \/>\n<meta property=\"og:type\" content=\"article\" \/>\n<meta property=\"og:title\" content=\"Vad handlar strejken med Sj\u00f6bef\u00e4lsf\u00f6reningen (SBF) om?\" \/>\n<meta property=\"og:description\" content=\"I dessa dagar kan man l\u00e4sa och h\u00f6ra en hel del kring den utbrutna konflikten p\u00e5 v\u00e5ra sk\u00e4rg\u00e5rdsavtal. Vad handlar d\u00e5 konflikten om och vad \u00e4r sant och osant av det som kommer fram?\" \/>\n<meta property=\"og:url\" content=\"https:\/\/www.almega.se\/2016\/04\/vad-handlar-strejken-med-sjobefalsforeningen-sbf-om\/\" \/>\n<meta property=\"og:site_name\" content=\"Almega\" \/>\n<meta property=\"article:published_time\" content=\"2016-04-12T15:00:00+00:00\" \/>\n<meta property=\"og:image\" content=\"https:\/\/www.almega.se\/app\/uploads\/2020\/12\/almega-share-logo.png\" \/>\n\t<meta property=\"og:image:width\" content=\"1200\" \/>\n\t<meta property=\"og:image:height\" content=\"630\" \/>\n\t<meta property=\"og:image:type\" content=\"image\/png\" \/>\n<meta name=\"author\" content=\"admin\" \/>\n<meta name=\"twitter:card\" content=\"summary_large_image\" \/>\n<meta name=\"twitter:label1\" content=\"Skriven av\" \/>\n\t<meta name=\"twitter:data1\" content=\"admin\" \/>\n\t<meta name=\"twitter:label2\" content=\"Ber\u00e4knad l\u00e4stid\" \/>\n\t<meta name=\"twitter:data2\" content=\"2 minuter\" \/>\n<!-- \/ Yoast SEO Premium plugin. -->","yoast_head_json":{"title":"Vad handlar strejken med Sj\u00f6bef\u00e4lsf\u00f6reningen (SBF) om? | Almega","robots":{"index":"index","follow":"follow","max-snippet":"max-snippet:-1","max-image-preview":"max-image-preview:large","max-video-preview":"max-video-preview:-1"},"canonical":"https:\/\/www.almega.se\/2016\/04\/vad-handlar-strejken-med-sjobefalsforeningen-sbf-om\/","og_locale":"sv_SE","og_type":"article","og_title":"Vad handlar strejken med Sj\u00f6bef\u00e4lsf\u00f6reningen (SBF) om?","og_description":"I dessa dagar kan man l\u00e4sa och h\u00f6ra en hel del kring den utbrutna konflikten p\u00e5 v\u00e5ra sk\u00e4rg\u00e5rdsavtal. Vad handlar d\u00e5 konflikten om och vad \u00e4r sant och osant av det som kommer fram?","og_url":"https:\/\/www.almega.se\/2016\/04\/vad-handlar-strejken-med-sjobefalsforeningen-sbf-om\/","og_site_name":"Almega","article_published_time":"2016-04-12T15:00:00+00:00","og_image":[{"width":1200,"height":630,"url":"https:\/\/www.almega.se\/app\/uploads\/2020\/12\/almega-share-logo.png","type":"image\/png"}],"author":"admin","twitter_card":"summary_large_image","twitter_misc":{"Skriven av":"admin","Ber\u00e4knad l\u00e4stid":"2 minuter"},"schema":{"@context":"https:\/\/schema.org","@graph":[{"@type":"NewsArticle","@id":"https:\/\/www.almega.se\/2016\/04\/vad-handlar-strejken-med-sjobefalsforeningen-sbf-om\/#article","isPartOf":{"@id":"https:\/\/www.almega.se\/2016\/04\/vad-handlar-strejken-med-sjobefalsforeningen-sbf-om\/"},"author":{"name":"admin","@id":"https:\/\/www.almega.se\/#\/schema\/person\/9c3674d192fb8b2d1d8b7a3f31c5151d"},"headline":"Vad handlar strejken med Sj\u00f6bef\u00e4lsf\u00f6reningen (SBF) om?","datePublished":"2016-04-12T15:00:00+00:00","mainEntityOfPage":{"@id":"https:\/\/www.almega.se\/2016\/04\/vad-handlar-strejken-med-sjobefalsforeningen-sbf-om\/"},"wordCount":466,"inLanguage":"sv-SE"},{"@type":"WebPage","@id":"https:\/\/www.almega.se\/2016\/04\/vad-handlar-strejken-med-sjobefalsforeningen-sbf-om\/","url":"https:\/\/www.almega.se\/2016\/04\/vad-handlar-strejken-med-sjobefalsforeningen-sbf-om\/","name":"Vad handlar strejken med Sj\u00f6bef\u00e4lsf\u00f6reningen (SBF) om? | Almega","isPartOf":{"@id":"https:\/\/www.almega.se\/#website"},"datePublished":"2016-04-12T15:00:00+00:00","author":{"@id":"https:\/\/www.almega.se\/#\/schema\/person\/9c3674d192fb8b2d1d8b7a3f31c5151d"},"breadcrumb":{"@id":"https:\/\/www.almega.se\/2016\/04\/vad-handlar-strejken-med-sjobefalsforeningen-sbf-om\/#breadcrumb"},"inLanguage":"sv-SE","potentialAction":[{"@type":"ReadAction","target":["https:\/\/www.almega.se\/2016\/04\/vad-handlar-strejken-med-sjobefalsforeningen-sbf-om\/"]}]},{"@type":"BreadcrumbList","@id":"https:\/\/www.almega.se\/2016\/04\/vad-handlar-strejken-med-sjobefalsforeningen-sbf-om\/#breadcrumb","itemListElement":[{"@type":"ListItem","position":1,"name":"Home","item":"https:\/\/www.almega.se\/"},{"@type":"ListItem","position":2,"name":"Vad handlar strejken med Sj\u00f6bef\u00e4lsf\u00f6reningen (SBF) om?"}]},{"@type":"WebSite","@id":"https:\/\/www.almega.se\/#website","url":"https:\/\/www.almega.se\/","name":"Almega","description":"","potentialAction":[{"@type":"SearchAction","target":{"@type":"EntryPoint","urlTemplate":"https:\/\/www.almega.se\/?s={search_term_string}"},"query-input":{"@type":"PropertyValueSpecification","valueRequired":true,"valueName":"search_term_string"}}],"inLanguage":"sv-SE"},{"@type":"Person","@id":"https:\/\/www.almega.se\/#\/schema\/person\/9c3674d192fb8b2d1d8b7a3f31c5151d","name":"admin","image":{"@type":"ImageObject","inLanguage":"sv-SE","@id":"https:\/\/www.almega.se\/#\/schema\/person\/image\/","url":"https:\/\/secure.gravatar.com\/avatar\/13aac7e7a7582f599e3ba7706cec051e12eac4ad6c2ffe6f9d24800e63294187?s=96&d=mm&r=g","contentUrl":"https:\/\/secure.gravatar.com\/avatar\/13aac7e7a7582f599e3ba7706cec051e12eac4ad6c2ffe6f9d24800e63294187?s=96&d=mm&r=g","caption":"admin"},"url":"https:\/\/www.almega.se\/person\/admin\/"}]}},"_links":{"self":[{"href":"https:\/\/www.almega.se\/api\/wp\/v2\/posts\/5864","targetHints":{"allow":["GET"]}}],"collection":[{"href":"https:\/\/www.almega.se\/api\/wp\/v2\/posts"}],"about":[{"href":"https:\/\/www.almega.se\/api\/wp\/v2\/types\/post"}],"author":[{"embeddable":true,"href":"https:\/\/www.almega.se\/api\/wp\/v2\/users\/1"}],"replies":[{"embeddable":true,"href":"https:\/\/www.almega.se\/api\/wp\/v2\/comments?post=5864"}],"version-history":[{"count":1,"href":"https:\/\/www.almega.se\/api\/wp\/v2\/posts\/5864\/revisions"}],"predecessor-version":[{"id":58401,"href":"https:\/\/www.almega.se\/api\/wp\/v2\/posts\/5864\/revisions\/58401"}],"wp:attachment":[{"href":"https:\/\/www.almega.se\/api\/wp\/v2\/media?parent=5864"}],"wp:term":[{"taxonomy":"category","embeddable":true,"href":"https:\/\/www.almega.se\/api\/wp\/v2\/categories?post=5864"},{"taxonomy":"post_tag","embeddable":true,"href":"https:\/\/www.almega.se\/api\/wp\/v2\/tags?post=5864"},{"taxonomy":"type","embeddable":true,"href":"https:\/\/www.almega.se\/api\/wp\/v2\/article_type?post=5864"},{"taxonomy":"agreement","embeddable":true,"href":"https:\/\/www.almega.se\/api\/wp\/v2\/agreement?post=5864"}],"curies":[{"name":"wp","href":"https:\/\/api.w.org\/{rel}","templated":true}]}}