{"id":5810,"date":"2016-05-09T08:00:00","date_gmt":"2016-05-09T08:00:00","guid":{"rendered":"http:\/\/almega-bento\/wp\/blog\/2016\/05\/09\/almegas-konjunkturrapport-maj-2016\/"},"modified":"2016-05-09T08:00:00","modified_gmt":"2016-05-09T08:00:00","slug":"almegas-konjunkturrapport-maj-2016","status":"publish","type":"post","link":"https:\/\/www.almega.se\/2016\/05\/almegas-konjunkturrapport-maj-2016\/","title":{"rendered":"Almegas konjunktur&shy;rapport maj 2016"},"content":{"rendered":"\n<p>Svensk ekonomi tappar tempo, tillv\u00e4xten bromsar in.<\/p>\n\n\n\n<p>Efter f\u00f6rra \u00e5rets starka tillv\u00e4xt i svensk ekonomi p\u00e5 4,1 procent, talar flera faktorer f\u00f6r en gradvis inbromsning i \u00e5r och n\u00e4sta \u00e5r. Sveriges exportmarknad ligger kvar p\u00e5 f\u00f6rra \u00e5rets historiskt l\u00e5ga tillv\u00e4xttakt. Det finns dessutom en rad ned\u00e5trisker i v\u00e4rldsekonomin. Exempelvis att oljepriset h\u00e5ller sig kvar p\u00e5 l\u00e4gre niv\u00e5 och under en l\u00e4ngre period \u00e4n vi utg\u00e5r fr\u00e5n, fortsatt krympande kapitalinfl\u00f6den till tillv\u00e4xtl\u00e4nder, svagare valutor, stigande utlandsskulder och finansiell \u00e5tstramning, risk f\u00f6r \u00e4nnu svagare efterfr\u00e5gan fr\u00e5n Kina, och dessutom risk f\u00f6r \u201dBrexit\u201d, det vill s\u00e4ga att Storbritannien l\u00e4mnar EU efter folkomr\u00f6stningen i juni. Almega utg\u00e5r fr\u00e5n att dessa risker inte sl\u00e5r in, utan att den globala tillv\u00e4xten blir n\u00e5got starkare n\u00e4sta \u00e5r och att Sveriges export tar mer fart, men ned\u00e5triskerna kvarst\u00e5r.<\/p>\n\n\n\n<p>Trots den optimistiska utg\u00e5ngspunkten f\u00f6r prognosen bed\u00f6mer Almega att Sveriges BNP-tillv\u00e4xt kommer mattas av, till 3,4 procent i \u00e5r och 2,4 procent n\u00e4sta \u00e5r. F\u00f6rklaringen \u00e4r att flaskhalsar inom fr\u00e4mst kunskapsintensiva tj\u00e4nstebranscher och byggindustrin bromsar tillv\u00e4xten. Fortsatt h\u00f6g efterfr\u00e5gan p\u00e5 tj\u00e4nster och flaskhalsar som h\u00e5ller tillbaka produktionen driver p\u00e5 \u00f6kad outsourcing av tj\u00e4nsteproduktion till utlandet. S\u00e4rskilt f\u00f6retagstj\u00e4nster uts\u00e4tts f\u00f6r \u00f6kad internationell konkurrens och trycket driver p\u00e5 specialiseringen av produktionen f\u00f6r att kunna h\u00f6ja produktiviteten och klara fortsatt prispress.<\/p>\n\n\n\n<p>Tj\u00e4nstepriserna i KPI har under de senaste tre \u00e5ren \u00f6kat klart l\u00e5ngsammare j\u00e4mf\u00f6rt med tidigare. Dock tog \u00f6kningstakten ett tydligt spr\u00e5ng upp under inledningen av 2016, i likhet med KPI totalt sett, men stora delar av uppg\u00e5ngen i tj\u00e4nstepriserna har att g\u00f6ra med s\u00e4nkt ROT-avdrag och att SCB klassificerat om vad som anses utg\u00f6ra en tj\u00e4nst i KPI.<\/p>\n\n\n\n<p>Almega r\u00e4knar med att Sveriges jobbtillv\u00e4xt kommer att bromsa in i \u00e5r och n\u00e4sta \u00e5r. Bidraget till syssels\u00e4ttningen fr\u00e5n inrikes f\u00f6dda minskar i samband med pensionsavg\u00e5ngar. Detta i kombination med den f\u00f6rs\u00e4mrade matchningen p\u00e5 arbetsmarknaden och mycket l\u00e5ngsam integration av det stora antalet invandrare fr\u00e5n och med 2015, kommer i f\u00f6rl\u00e4ngningen leda till en markant \u00f6kning av arbetsl\u00f6sheten totalt, s\u00e5vida inte integrationen av invandrare f\u00f6rb\u00e4ttras radikalt under de n\u00e4rmaste \u00e5ren. Betydligt fler \u00e5tg\u00e4rder kr\u00e4vs, b\u00e5de f\u00f6r effektivare integration och f\u00f6r att f\u00f6rb\u00e4ttra tillg\u00e5ngen p\u00e5 den arbetskraft som beh\u00f6vs f\u00f6r den kunskapsintensiva tj\u00e4nstesektorns konkurrenskraft och tillv\u00e4xt.<\/p>\n\n\n\n<p>Almega r\u00e4knar med att produktiviteten i ekonomin kommer att bromsa in och vara mycket l\u00e5g fram\u00f6ver i ett historiskt perspektiv. F\u00f6r att \u00e5tervinna den h\u00f6gre produktivitetstillv\u00e4xt som r\u00e5dde innan finanskrisen beh\u00f6ver inte minst svensk export ta b\u00e4ttre och stadigare fart. Tv\u00e5 viktiga f\u00f6ruts\u00e4ttningar f\u00f6r detta \u00e4r att \u00f6ka produktiviteten i n\u00e4ringslivet, d\u00e4r tillg\u00e5ngen p\u00e5 kompetens samt immateriella investeringar spelar nyckelroller i globaliseringens och digitaliseringens tidevarv.<\/p>\n","protected":false},"excerpt":{"rendered":"<p>Svensk ekonomi tappar tempo, tillv\u00e4xten bromsar in.<\/p>\n","protected":false},"author":1,"featured_media":0,"comment_status":"closed","ping_status":"open","sticky":false,"template":"","format":"standard","meta":{"_acf_changed":false,"footnotes":""},"categories":[581],"tags":[50],"article_type":[56,42],"agreement":[],"class_list":["post-5810","post","type-post","status-publish","format-standard","hentry","category-tjanstesektorns-betydelse","tag-tjanstesektorns-utveckling","type-nyheter","type-rapporter"],"acf":[],"yoast_head":"<!-- This site is optimized with the Yoast SEO Premium plugin v26.8 (Yoast SEO v26.8) - https:\/\/yoast.com\/product\/yoast-seo-premium-wordpress\/ -->\n<title>Almegas konjunkturrapport maj 2016 | Almega<\/title>\n<meta name=\"robots\" content=\"index, follow, max-snippet:-1, max-image-preview:large, max-video-preview:-1\" \/>\n<link rel=\"canonical\" href=\"https:\/\/www.almega.se\/2016\/05\/almegas-konjunkturrapport-maj-2016\/\" \/>\n<meta property=\"og:locale\" content=\"sv_SE\" \/>\n<meta property=\"og:type\" content=\"article\" \/>\n<meta property=\"og:title\" content=\"Almegas konjunkturrapport maj 2016\" \/>\n<meta property=\"og:description\" content=\"Svensk ekonomi tappar tempo, tillv\u00e4xten bromsar in.\" \/>\n<meta property=\"og:url\" content=\"https:\/\/www.almega.se\/2016\/05\/almegas-konjunkturrapport-maj-2016\/\" \/>\n<meta property=\"og:site_name\" content=\"Almega\" \/>\n<meta property=\"article:published_time\" content=\"2016-05-09T08:00:00+00:00\" \/>\n<meta property=\"og:image\" content=\"https:\/\/www.almega.se\/app\/uploads\/2020\/12\/almega-share-logo.png\" \/>\n\t<meta property=\"og:image:width\" content=\"1200\" \/>\n\t<meta property=\"og:image:height\" content=\"630\" \/>\n\t<meta property=\"og:image:type\" content=\"image\/png\" \/>\n<meta name=\"author\" content=\"admin\" \/>\n<meta name=\"twitter:card\" content=\"summary_large_image\" \/>\n<meta name=\"twitter:label1\" content=\"Skriven av\" \/>\n\t<meta name=\"twitter:data1\" content=\"admin\" \/>\n\t<meta name=\"twitter:label2\" content=\"Ber\u00e4knad l\u00e4stid\" \/>\n\t<meta name=\"twitter:data2\" content=\"3 minuter\" \/>\n<!-- \/ Yoast SEO Premium plugin. -->","yoast_head_json":{"title":"Almegas konjunkturrapport maj 2016 | Almega","robots":{"index":"index","follow":"follow","max-snippet":"max-snippet:-1","max-image-preview":"max-image-preview:large","max-video-preview":"max-video-preview:-1"},"canonical":"https:\/\/www.almega.se\/2016\/05\/almegas-konjunkturrapport-maj-2016\/","og_locale":"sv_SE","og_type":"article","og_title":"Almegas konjunkturrapport maj 2016","og_description":"Svensk ekonomi tappar tempo, tillv\u00e4xten bromsar in.","og_url":"https:\/\/www.almega.se\/2016\/05\/almegas-konjunkturrapport-maj-2016\/","og_site_name":"Almega","article_published_time":"2016-05-09T08:00:00+00:00","og_image":[{"width":1200,"height":630,"url":"https:\/\/www.almega.se\/app\/uploads\/2020\/12\/almega-share-logo.png","type":"image\/png"}],"author":"admin","twitter_card":"summary_large_image","twitter_misc":{"Skriven av":"admin","Ber\u00e4knad l\u00e4stid":"3 minuter"},"schema":{"@context":"https:\/\/schema.org","@graph":[{"@type":"NewsArticle","@id":"https:\/\/www.almega.se\/2016\/05\/almegas-konjunkturrapport-maj-2016\/#article","isPartOf":{"@id":"https:\/\/www.almega.se\/2016\/05\/almegas-konjunkturrapport-maj-2016\/"},"author":{"name":"admin","@id":"https:\/\/www.almega.se\/#\/schema\/person\/9c3674d192fb8b2d1d8b7a3f31c5151d"},"headline":"Almegas konjunktur&shy;rapport maj 2016","datePublished":"2016-05-09T08:00:00+00:00","mainEntityOfPage":{"@id":"https:\/\/www.almega.se\/2016\/05\/almegas-konjunkturrapport-maj-2016\/"},"wordCount":534,"keywords":["Tj\u00e4nstesektorns utveckling"],"articleSection":["Tj\u00e4nstesektorns betydelse"],"inLanguage":"sv-SE"},{"@type":"WebPage","@id":"https:\/\/www.almega.se\/2016\/05\/almegas-konjunkturrapport-maj-2016\/","url":"https:\/\/www.almega.se\/2016\/05\/almegas-konjunkturrapport-maj-2016\/","name":"Almegas konjunkturrapport maj 2016 | Almega","isPartOf":{"@id":"https:\/\/www.almega.se\/#website"},"datePublished":"2016-05-09T08:00:00+00:00","author":{"@id":"https:\/\/www.almega.se\/#\/schema\/person\/9c3674d192fb8b2d1d8b7a3f31c5151d"},"breadcrumb":{"@id":"https:\/\/www.almega.se\/2016\/05\/almegas-konjunkturrapport-maj-2016\/#breadcrumb"},"inLanguage":"sv-SE","potentialAction":[{"@type":"ReadAction","target":["https:\/\/www.almega.se\/2016\/05\/almegas-konjunkturrapport-maj-2016\/"]}]},{"@type":"BreadcrumbList","@id":"https:\/\/www.almega.se\/2016\/05\/almegas-konjunkturrapport-maj-2016\/#breadcrumb","itemListElement":[{"@type":"ListItem","position":1,"name":"Home","item":"https:\/\/www.almega.se\/"},{"@type":"ListItem","position":2,"name":"Almegas konjunktur&shy;rapport maj 2016"}]},{"@type":"WebSite","@id":"https:\/\/www.almega.se\/#website","url":"https:\/\/www.almega.se\/","name":"Almega","description":"","potentialAction":[{"@type":"SearchAction","target":{"@type":"EntryPoint","urlTemplate":"https:\/\/www.almega.se\/?s={search_term_string}"},"query-input":{"@type":"PropertyValueSpecification","valueRequired":true,"valueName":"search_term_string"}}],"inLanguage":"sv-SE"},{"@type":"Person","@id":"https:\/\/www.almega.se\/#\/schema\/person\/9c3674d192fb8b2d1d8b7a3f31c5151d","name":"admin","image":{"@type":"ImageObject","inLanguage":"sv-SE","@id":"https:\/\/www.almega.se\/#\/schema\/person\/image\/","url":"https:\/\/secure.gravatar.com\/avatar\/13aac7e7a7582f599e3ba7706cec051e12eac4ad6c2ffe6f9d24800e63294187?s=96&d=mm&r=g","contentUrl":"https:\/\/secure.gravatar.com\/avatar\/13aac7e7a7582f599e3ba7706cec051e12eac4ad6c2ffe6f9d24800e63294187?s=96&d=mm&r=g","caption":"admin"},"url":"https:\/\/www.almega.se\/person\/admin\/"}]}},"_links":{"self":[{"href":"https:\/\/www.almega.se\/api\/wp\/v2\/posts\/5810","targetHints":{"allow":["GET"]}}],"collection":[{"href":"https:\/\/www.almega.se\/api\/wp\/v2\/posts"}],"about":[{"href":"https:\/\/www.almega.se\/api\/wp\/v2\/types\/post"}],"author":[{"embeddable":true,"href":"https:\/\/www.almega.se\/api\/wp\/v2\/users\/1"}],"replies":[{"embeddable":true,"href":"https:\/\/www.almega.se\/api\/wp\/v2\/comments?post=5810"}],"version-history":[{"count":2,"href":"https:\/\/www.almega.se\/api\/wp\/v2\/posts\/5810\/revisions"}],"predecessor-version":[{"id":59321,"href":"https:\/\/www.almega.se\/api\/wp\/v2\/posts\/5810\/revisions\/59321"}],"wp:attachment":[{"href":"https:\/\/www.almega.se\/api\/wp\/v2\/media?parent=5810"}],"wp:term":[{"taxonomy":"category","embeddable":true,"href":"https:\/\/www.almega.se\/api\/wp\/v2\/categories?post=5810"},{"taxonomy":"post_tag","embeddable":true,"href":"https:\/\/www.almega.se\/api\/wp\/v2\/tags?post=5810"},{"taxonomy":"type","embeddable":true,"href":"https:\/\/www.almega.se\/api\/wp\/v2\/article_type?post=5810"},{"taxonomy":"agreement","embeddable":true,"href":"https:\/\/www.almega.se\/api\/wp\/v2\/agreement?post=5810"}],"curies":[{"name":"wp","href":"https:\/\/api.w.org\/{rel}","templated":true}]}}