{"id":5801,"date":"2016-05-12T15:00:00","date_gmt":"2016-05-12T15:00:00","guid":{"rendered":"http:\/\/almega-bento\/wp\/blog\/2016\/05\/12\/nya-skargardsavtal-med-sjobefalsforeningen\/"},"modified":"2016-05-12T15:00:00","modified_gmt":"2016-05-12T15:00:00","slug":"nya-skargardsavtal-med-sjobefalsforeningen","status":"publish","type":"post","link":"https:\/\/www.almega.se\/2016\/05\/nya-skargardsavtal-med-sjobefalsforeningen\/","title":{"rendered":"Nya sk\u00e4rg\u00e5rdsavtal med Sj\u00f6bef\u00e4lsf\u00f6reningen"},"content":{"rendered":"\n<p class=\"intro\">L\u00f6rdagen den 30 april 2016 tr\u00e4ffade Almega Tj\u00e4nstef\u00f6retagen, efter 19 dagars strejk, tv\u00e5 nya avtal med Sj\u00f6bef\u00e4lsf\u00f6reningen f\u00f6r tiden 1 januari 2016 \u2013 31 december 2016. Avtalet inneb\u00e4r tv\u00e5 stora f\u00f6r\u00e4ndringar.  <\/p>\n<p>Fr&aring;n och med 2016 g&auml;ller endast tv&aring; kollektivavtal, Blid&ouml;sund, Str&ouml;mma m.fl. och Styrs&ouml;bolaget m.fl. Det inneb&auml;r att det kollektivavtal som g&auml;llde f&ouml;r Stockholms Sj&ouml;trafik m. fl. har upph&ouml;rt att g&auml;lla.<\/p>\n<p>D&auml;remot tvingades vi acceptera att vi inte n&aring;dde hela v&auml;gen fram i v&aring;r str&auml;van att forts&auml;tta teckna l&ouml;neavtal f&ouml;r individuell f&ouml;rdelning. Avtalen inneb&auml;r en &aring;terg&aring;ng till ett centralt tariffl&ouml;nesystem, men med m&ouml;jlighet att komma &ouml;verens lokalt om individuell l&ouml;nes&auml;ttning.<\/p>\n<p>Avtalen inneb&auml;r inga f&ouml;r&auml;ndringar avseende allm&auml;nna anst&auml;llningsvillkor<\/p>\n<p>&Ouml;verenskommelsen i sin helhet med bilaga kan l&auml;sas <a href=\"\/app\/uploads\/imported\/Accepterad-slutlig-hemstallan.pdf\" target=\"_blank\" title=\"Accepterad slutlig hemst\u00e4llan.pdf\" rel=\"noopener\">h&auml;r<\/a>.<\/p>\n<h2>L&ouml;ner<\/h2>\n<p>L&ouml;neavtalet inneb&auml;r i korthet att de tidigare frysta tarifferna r&auml;knas upp med 4,7 % fr&aring;n den 1 maj 2016. Det inneb&auml;r att de lokala tariffer som f&ouml;rhandlats fram inte l&auml;ngre g&auml;ller.<\/p>\n<p>Till&auml;gg r&auml;knas upp med 2,2 % fr&aring;n den 1 maj 2016.<\/p>\n<p>F&ouml;r de f&ouml;retag som f&ouml;r 2015 till&auml;mpade ett l&ouml;neavtal med individuell f&ouml;rdelning, som inneh&ouml;ll en f&ouml;rh&ouml;jd l&ouml;nerevision, kommer de nya tarifferna inte tr&auml;da i kraft f&ouml;rr&auml;n den 1 september 2016.<\/p>\n<p>De nya tarifferna och till&auml;ggen kan l&auml;sas <a href=\"\/app\/uploads\/imported\/Befalsloner-maj-2016.pdf\" target=\"_blank\" title=\"Bef\u00e4lsl\u00f6ner maj 2016.pdf\" rel=\"noopener\">h&auml;r<\/a>.<\/p>\n<p>Nya kollektivavtal kommer inom snar framtid finnas tillg&auml;ngliga p&aring; Almegas hemsida och vara nedladdningsbara i PDF-format.<\/p>\n<h2>L&ouml;neavdrag f&ouml;r strejkande<\/h2>\n<p>F&ouml;r medarbetare som deltagit i Strejken under april m&aring;nad skall l&ouml;neavdrag g&ouml;ras s&aring;som vid tj&auml;nsteledighet utan l&ouml;n. D v s avdrag g&ouml;rs f&ouml;r varje kalenderdag som medarbetaren varit uttagen i strejk oavsett om denne varit schemalagd f&ouml;r arbete eller inte.<\/p>\n<h2>L&ouml;neavdrag f&ouml;r fackliga f&ouml;rtroendem&auml;n<\/h2>\n<p>F&ouml;r fackliga f&ouml;rtroendem&auml;n som varit uttagna i strejk g&auml;ller att avdrag g&ouml;rs enligt ovan. F&ouml;r fackliga f&ouml;rtroendem&auml;n som ej varit uttagna i strejk men som varit fr&aring;nvarande p&aring; grund av central facklig verksamhet skall l&ouml;neavdrag g&ouml;ras f&ouml;r varje timme som medarbetaren varit fr&aring;nvarande fr&aring;n arbetet.<\/p>\n<h2>Konflikters&auml;ttning<\/h2>\n<p>Svenskt N&auml;ringsliv har beviljat konflikters&auml;ttning med 100 % av de direkta ekonomiska skador som medlemsf&ouml;retagen i Almega Tj&auml;nstef&ouml;retagen drabbas av under tiden fr.o.m. den 12 april 2016 t.o.m. den 25 april 2016. Vi har ans&ouml;kt om konflikters&auml;ttning f&ouml;r perioden fr.o.m. den 26 april t.o.m. den 30 april, till dess strids&aring;tg&auml;rderna &aring;terkallades. N&auml;r vi f&aring;tt fullst&auml;ndigt beslut fr&aring;n Svenskt N&auml;ringsliv s&aring; &aring;terkommer vi med instruktioner om hur man beg&auml;r ers&auml;ttning.<\/p>\n<\/p>\n","protected":false},"excerpt":{"rendered":"<p>L\u00f6rdagen den 30 april 2016 tr\u00e4ffade Almega Tj\u00e4nstef\u00f6retagen, efter 19 dagars strejk, tv\u00e5 nya avtal med Sj\u00f6bef\u00e4lsf\u00f6reningen f\u00f6r tiden 1 januari 2016 \u2013 31 december 2016. Avtalet inneb\u00e4r tv\u00e5 stora f\u00f6r\u00e4ndringar.  <\/p>\n","protected":false},"author":1,"featured_media":0,"comment_status":"closed","ping_status":"open","sticky":false,"template":"","format":"standard","meta":{"_acf_changed":false,"footnotes":""},"categories":[1],"tags":[],"article_type":[313],"agreement":[204,205,206],"class_list":["post-5801","post","type-post","status-publish","format-standard","hentry","category-okategoriserade","type-arbetsgivarnytt","agreement-9477b1e1-28ad-e011-8875-005056b20278","agreement-44ce80f7-ff07-de11-b4e1-02bf9e69ca65","agreement-9277b1e1-28ad-e011-8875-005056b20278"],"acf":[],"yoast_head":"<!-- This site is optimized with the Yoast SEO Premium plugin v26.8 (Yoast SEO v26.8) - https:\/\/yoast.com\/product\/yoast-seo-premium-wordpress\/ -->\n<title>Nya sk\u00e4rg\u00e5rdsavtal med Sj\u00f6bef\u00e4lsf\u00f6reningen | Almega<\/title>\n<meta name=\"robots\" content=\"index, follow, max-snippet:-1, max-image-preview:large, max-video-preview:-1\" \/>\n<link rel=\"canonical\" href=\"https:\/\/www.almega.se\/2016\/05\/nya-skargardsavtal-med-sjobefalsforeningen\/\" \/>\n<meta property=\"og:locale\" content=\"sv_SE\" \/>\n<meta property=\"og:type\" content=\"article\" \/>\n<meta property=\"og:title\" content=\"Nya sk\u00e4rg\u00e5rdsavtal med Sj\u00f6bef\u00e4lsf\u00f6reningen\" \/>\n<meta property=\"og:description\" content=\"L\u00f6rdagen den 30 april 2016 tr\u00e4ffade Almega Tj\u00e4nstef\u00f6retagen, efter 19 dagars strejk, tv\u00e5 nya avtal med Sj\u00f6bef\u00e4lsf\u00f6reningen f\u00f6r tiden 1 januari 2016 \u2013 31 december 2016. Avtalet inneb\u00e4r tv\u00e5 stora f\u00f6r\u00e4ndringar.\" \/>\n<meta property=\"og:url\" content=\"https:\/\/www.almega.se\/2016\/05\/nya-skargardsavtal-med-sjobefalsforeningen\/\" \/>\n<meta property=\"og:site_name\" content=\"Almega\" \/>\n<meta property=\"article:published_time\" content=\"2016-05-12T15:00:00+00:00\" \/>\n<meta property=\"og:image\" content=\"https:\/\/www.almega.se\/app\/uploads\/2020\/12\/almega-share-logo.png\" \/>\n\t<meta property=\"og:image:width\" content=\"1200\" \/>\n\t<meta property=\"og:image:height\" content=\"630\" \/>\n\t<meta property=\"og:image:type\" content=\"image\/png\" \/>\n<meta name=\"author\" content=\"admin\" \/>\n<meta name=\"twitter:card\" content=\"summary_large_image\" \/>\n<meta name=\"twitter:label1\" content=\"Skriven av\" \/>\n\t<meta name=\"twitter:data1\" content=\"admin\" \/>\n\t<meta name=\"twitter:label2\" content=\"Ber\u00e4knad l\u00e4stid\" \/>\n\t<meta name=\"twitter:data2\" content=\"3 minuter\" \/>\n<!-- \/ Yoast SEO Premium plugin. -->","yoast_head_json":{"title":"Nya sk\u00e4rg\u00e5rdsavtal med Sj\u00f6bef\u00e4lsf\u00f6reningen | Almega","robots":{"index":"index","follow":"follow","max-snippet":"max-snippet:-1","max-image-preview":"max-image-preview:large","max-video-preview":"max-video-preview:-1"},"canonical":"https:\/\/www.almega.se\/2016\/05\/nya-skargardsavtal-med-sjobefalsforeningen\/","og_locale":"sv_SE","og_type":"article","og_title":"Nya sk\u00e4rg\u00e5rdsavtal med Sj\u00f6bef\u00e4lsf\u00f6reningen","og_description":"L\u00f6rdagen den 30 april 2016 tr\u00e4ffade Almega Tj\u00e4nstef\u00f6retagen, efter 19 dagars strejk, tv\u00e5 nya avtal med Sj\u00f6bef\u00e4lsf\u00f6reningen f\u00f6r tiden 1 januari 2016 \u2013 31 december 2016. Avtalet inneb\u00e4r tv\u00e5 stora f\u00f6r\u00e4ndringar.","og_url":"https:\/\/www.almega.se\/2016\/05\/nya-skargardsavtal-med-sjobefalsforeningen\/","og_site_name":"Almega","article_published_time":"2016-05-12T15:00:00+00:00","og_image":[{"width":1200,"height":630,"url":"https:\/\/www.almega.se\/app\/uploads\/2020\/12\/almega-share-logo.png","type":"image\/png"}],"author":"admin","twitter_card":"summary_large_image","twitter_misc":{"Skriven av":"admin","Ber\u00e4knad l\u00e4stid":"3 minuter"},"schema":{"@context":"https:\/\/schema.org","@graph":[{"@type":"NewsArticle","@id":"https:\/\/www.almega.se\/2016\/05\/nya-skargardsavtal-med-sjobefalsforeningen\/#article","isPartOf":{"@id":"https:\/\/www.almega.se\/2016\/05\/nya-skargardsavtal-med-sjobefalsforeningen\/"},"author":{"name":"admin","@id":"https:\/\/www.almega.se\/#\/schema\/person\/9c3674d192fb8b2d1d8b7a3f31c5151d"},"headline":"Nya sk\u00e4rg\u00e5rdsavtal med Sj\u00f6bef\u00e4lsf\u00f6reningen","datePublished":"2016-05-12T15:00:00+00:00","mainEntityOfPage":{"@id":"https:\/\/www.almega.se\/2016\/05\/nya-skargardsavtal-med-sjobefalsforeningen\/"},"wordCount":606,"inLanguage":"sv-SE"},{"@type":"WebPage","@id":"https:\/\/www.almega.se\/2016\/05\/nya-skargardsavtal-med-sjobefalsforeningen\/","url":"https:\/\/www.almega.se\/2016\/05\/nya-skargardsavtal-med-sjobefalsforeningen\/","name":"Nya sk\u00e4rg\u00e5rdsavtal med Sj\u00f6bef\u00e4lsf\u00f6reningen | Almega","isPartOf":{"@id":"https:\/\/www.almega.se\/#website"},"datePublished":"2016-05-12T15:00:00+00:00","author":{"@id":"https:\/\/www.almega.se\/#\/schema\/person\/9c3674d192fb8b2d1d8b7a3f31c5151d"},"breadcrumb":{"@id":"https:\/\/www.almega.se\/2016\/05\/nya-skargardsavtal-med-sjobefalsforeningen\/#breadcrumb"},"inLanguage":"sv-SE","potentialAction":[{"@type":"ReadAction","target":["https:\/\/www.almega.se\/2016\/05\/nya-skargardsavtal-med-sjobefalsforeningen\/"]}]},{"@type":"BreadcrumbList","@id":"https:\/\/www.almega.se\/2016\/05\/nya-skargardsavtal-med-sjobefalsforeningen\/#breadcrumb","itemListElement":[{"@type":"ListItem","position":1,"name":"Home","item":"https:\/\/www.almega.se\/"},{"@type":"ListItem","position":2,"name":"Nya sk\u00e4rg\u00e5rdsavtal med Sj\u00f6bef\u00e4lsf\u00f6reningen"}]},{"@type":"WebSite","@id":"https:\/\/www.almega.se\/#website","url":"https:\/\/www.almega.se\/","name":"Almega","description":"","potentialAction":[{"@type":"SearchAction","target":{"@type":"EntryPoint","urlTemplate":"https:\/\/www.almega.se\/?s={search_term_string}"},"query-input":{"@type":"PropertyValueSpecification","valueRequired":true,"valueName":"search_term_string"}}],"inLanguage":"sv-SE"},{"@type":"Person","@id":"https:\/\/www.almega.se\/#\/schema\/person\/9c3674d192fb8b2d1d8b7a3f31c5151d","name":"admin","image":{"@type":"ImageObject","inLanguage":"sv-SE","@id":"https:\/\/www.almega.se\/#\/schema\/person\/image\/","url":"https:\/\/secure.gravatar.com\/avatar\/13aac7e7a7582f599e3ba7706cec051e12eac4ad6c2ffe6f9d24800e63294187?s=96&d=mm&r=g","contentUrl":"https:\/\/secure.gravatar.com\/avatar\/13aac7e7a7582f599e3ba7706cec051e12eac4ad6c2ffe6f9d24800e63294187?s=96&d=mm&r=g","caption":"admin"},"url":"https:\/\/www.almega.se\/person\/admin\/"}]}},"_links":{"self":[{"href":"https:\/\/www.almega.se\/api\/wp\/v2\/posts\/5801","targetHints":{"allow":["GET"]}}],"collection":[{"href":"https:\/\/www.almega.se\/api\/wp\/v2\/posts"}],"about":[{"href":"https:\/\/www.almega.se\/api\/wp\/v2\/types\/post"}],"author":[{"embeddable":true,"href":"https:\/\/www.almega.se\/api\/wp\/v2\/users\/1"}],"replies":[{"embeddable":true,"href":"https:\/\/www.almega.se\/api\/wp\/v2\/comments?post=5801"}],"version-history":[{"count":1,"href":"https:\/\/www.almega.se\/api\/wp\/v2\/posts\/5801\/revisions"}],"predecessor-version":[{"id":58367,"href":"https:\/\/www.almega.se\/api\/wp\/v2\/posts\/5801\/revisions\/58367"}],"wp:attachment":[{"href":"https:\/\/www.almega.se\/api\/wp\/v2\/media?parent=5801"}],"wp:term":[{"taxonomy":"category","embeddable":true,"href":"https:\/\/www.almega.se\/api\/wp\/v2\/categories?post=5801"},{"taxonomy":"post_tag","embeddable":true,"href":"https:\/\/www.almega.se\/api\/wp\/v2\/tags?post=5801"},{"taxonomy":"type","embeddable":true,"href":"https:\/\/www.almega.se\/api\/wp\/v2\/article_type?post=5801"},{"taxonomy":"agreement","embeddable":true,"href":"https:\/\/www.almega.se\/api\/wp\/v2\/agreement?post=5801"}],"curies":[{"name":"wp","href":"https:\/\/api.w.org\/{rel}","templated":true}]}}