{"id":57852,"date":"2022-03-02T15:07:00","date_gmt":"2022-03-02T14:07:00","guid":{"rendered":"https:\/\/dev.almega.se\/?p=57852"},"modified":"2024-09-30T09:56:34","modified_gmt":"2024-09-30T07:56:34","slug":"fragor-och-svar-rorande-kriget-i-ukraina","status":"publish","type":"post","link":"https:\/\/www.almega.se\/2022\/03\/fragor-och-svar-rorande-kriget-i-ukraina\/","title":{"rendered":"Fr\u00e5gor och svar r\u00f6rande kriget i Ukraina"},"content":{"rendered":"<p class=\"intro\">Rysslands attack av Ukraina \u00e4r obefogad och of\u00f6rsvarlig. Det \u00e4r en m\u00e4nsklig tragedi med o\u00f6versk\u00e5dliga s\u00e4kerhetspolitiska och ekonomiska konsekvenser. Situationen och dess konsekvenser \u00e4r sv\u00e5ra att \u00f6verblicka. Almega besvarar h\u00e4r n\u00e5gra av de fr\u00e5gor du som arbetsgivare kan ha. Artikeln \u00e4r fr\u00e5n 2022.<\/p>\n<div class=\"l-span-B6\">\n<div class=\"expandable\"><\/div>\n<\/div>\n<a class='Share__link Share__link--url copy-text' href='#' rel='nofollow' data-text='1.-vi-har-personal-utstationerad\/utsand-i-saval-ukraina-som-ryssland.-hur-gor-vi-for-att-ta-hem-dem?' title='Dela url' data-confirmation='L\u00e4nken kopierades till urklipp'><svg class='icon icon--link'  width='18' height='18' viewBox='0 0 18 18' fill='none' xmlns='http:\/\/www.w3.org\/2000\/svg'>\n            <path d='M10.4142 0.514721L6.87868 4.05025L8.29289 5.46447L11.1213 2.63604L15.364 6.87868L12.5355 9.70711L13.9497 11.1213L17.4853 7.58579C17.8763 7.19476 17.8763 6.5626 17.4853 6.17158L11.8284 0.514721C11.4374 0.123691 10.8052 0.123691 10.4142 0.514721Z' fill='black'\/>\n            <path d='M9.7071 12.5355L6.87868 15.364L2.63604 11.1213L5.46446 8.2929L4.05025 6.87868L0.514716 10.4142C0.123686 10.8052 0.123686 11.4374 0.514716 11.8284L6.17157 17.4853C6.5626 17.8763 7.19475 17.8763 7.58578 17.4853L11.1213 13.9497L9.7071 12.5355Z' fill='black'\/>\n            <path d='M6.17157 11.8284C6.5626 12.2195 7.19475 12.2195 7.58578 11.8284L11.8284 7.58579C12.2195 7.19476 12.2195 6.56261 11.8284 6.17158C11.4374 5.78055 10.8052 5.78055 10.4142 6.17158L6.17157 10.4142C5.78054 10.8052 5.78054 11.4374 6.17157 11.8284Z' fill='black'\/>\n            <\/svg> <\/a>\n<h2 class=\"wp-block-heading\" id=\"h-1-vi-har-personal-utstationerad-utsand-i-saval-ukraina-som-ryssland-hur-gor-vi-for-att-ta-hem-dem\">1. Vi har personal utstationerad\/uts\u00e4nd i s\u00e5v\u00e4l Ukraina som Ryssland. Hur g\u00f6r vi f\u00f6r att ta hem dem?<\/h2>\n\n\n\n<p>F\u00f6r personal som \u00e4r kvar i Ukraina eller Ryssland b\u00f6r ni som arbetsgivare f\u00f6lja UD:s rekommendationer och riktlinjer.&nbsp; G\u00e5 in p\u00e5&nbsp;<a href=\"https:\/\/www.swedenabroad.se\/sv\/om-utlandet-f%C3%B6r-svenska-medborgare\/ukraina\/reseinformation\/ambassadens-reseinformation\/\" target=\"_blank\" rel=\"noreferrer noopener\">Sweden Abroads hemsida<\/a>&nbsp;f\u00f6r att ta del av ambassadens reseinformation med detaljer om det aktuella l\u00e4get i Ukraina och hur man b\u00e4st reser fr\u00e5n d\u00e4rifr\u00e5n.<\/p>\n\n\n\n<p>Mer information om Ryssland&nbsp;<a href=\"https:\/\/www.swedenabroad.se\/sv\/om-utlandet-f%C3%B6r-svenska-medborgare\/ryssland\/reseinformation\/ambassadens-reseinformation\/\" target=\"_blank\" rel=\"noreferrer noopener\">hittar du h\u00e4r<\/a>.<\/p>\n\n\n\n<p>Beh\u00f6ver ert f\u00f6retag ytterligare hj\u00e4lp kan det vara en bra id\u00e9 att ta hj\u00e4lp av ett s\u00e4kerhets\u00adf\u00f6retag, som \u00e4r specialiserat p\u00e5 s\u00e4kerhetsfr\u00e5gor i konfliktzoner.<\/p>\n\n\n\n<p>Som arbetsgivare \u00e4r det dessutom viktigt att t\u00e4nka p\u00e5 att ta v\u00e4l hand om medarbetaren som har varit uts\u00e4nd\/utstationerad, och \u00e4ven kollegor p\u00e5 hemmaplan, i de fall allvarliga situationer drabbat den uts\u00e4nde\/utstationerade.<\/p>\n\n\n<a class='Share__link Share__link--url copy-text' href='#' rel='nofollow' data-text='2.-vi-har-personal-som-arbetar-i-narliggande-lander.-vad-bor-vi-tanka-pa?' title='Dela url' data-confirmation='L\u00e4nken kopierades till urklipp'><svg class='icon icon--link'  width='18' height='18' viewBox='0 0 18 18' fill='none' xmlns='http:\/\/www.w3.org\/2000\/svg'>\n            <path d='M10.4142 0.514721L6.87868 4.05025L8.29289 5.46447L11.1213 2.63604L15.364 6.87868L12.5355 9.70711L13.9497 11.1213L17.4853 7.58579C17.8763 7.19476 17.8763 6.5626 17.4853 6.17158L11.8284 0.514721C11.4374 0.123691 10.8052 0.123691 10.4142 0.514721Z' fill='black'\/>\n            <path d='M9.7071 12.5355L6.87868 15.364L2.63604 11.1213L5.46446 8.2929L4.05025 6.87868L0.514716 10.4142C0.123686 10.8052 0.123686 11.4374 0.514716 11.8284L6.17157 17.4853C6.5626 17.8763 7.19475 17.8763 7.58578 17.4853L11.1213 13.9497L9.7071 12.5355Z' fill='black'\/>\n            <path d='M6.17157 11.8284C6.5626 12.2195 7.19475 12.2195 7.58578 11.8284L11.8284 7.58579C12.2195 7.19476 12.2195 6.56261 11.8284 6.17158C11.4374 5.78055 10.8052 5.78055 10.4142 6.17158L6.17157 10.4142C5.78054 10.8052 5.78054 11.4374 6.17157 11.8284Z' fill='black'\/>\n            <\/svg> <\/a>\n<h2 class=\"wp-block-heading\" id=\"h-2-vi-har-personal-som-arbetar-i-narliggande-lander-vad-bor-vi-tanka-pa\">2. Vi har personal som arbetar i n\u00e4rliggande l\u00e4nder. Vad b\u00f6r vi t\u00e4nka p\u00e5?<\/h2>\n\n\n\n<p>Ni b\u00f6r \u00e4ven h\u00e4r f\u00f6lja UD:s rekommendationer och riktlinjer samt f\u00f6lja ambassadernas aktuella reseinformation \u2013 l\u00e4nkar till respektive lands reseinformation finns nedan.<\/p>\n\n\n\n<ul class=\"wp-block-list\">\n<li><a href=\"https:\/\/www.swedenabroad.se\/sv\/om-utlandet-f%C3%B6r-svenska-medborgare\/rum%C3%A4nien\/reseinformation\/ambassadens-reseinformation\/\" target=\"_blank\" rel=\"noreferrer noopener\">Rum\u00e4nien<\/a><\/li>\n\n\n\n<li><a href=\"https:\/\/www.swedenabroad.se\/sv\/om-utlandet-f%C3%B6r-svenska-medborgare\/moldavien\/reseinformation\/ambassadens-reseinformation\/\" target=\"_blank\" rel=\"noreferrer noopener\">Moldavien<\/a><\/li>\n\n\n\n<li><a href=\"https:\/\/www.swedenabroad.se\/sv\/om-utlandet-f%C3%B6r-svenska-medborgare\/polen\/reseinformation\/ambassadens-reseinformation\/\" target=\"_blank\" rel=\"noreferrer noopener\">Polen<\/a><\/li>\n\n\n\n<li><a href=\"https:\/\/www.swedenabroad.se\/sv\/om-utlandet-f%C3%B6r-svenska-medborgare\/slovakien\/reseinformation\/ambassadens-reseinformation\/\" target=\"_blank\" rel=\"noreferrer noopener\">Slovakien<\/a><\/li>\n\n\n\n<li><a href=\"https:\/\/www.swedenabroad.se\/sv\/om-utlandet-f%C3%B6r-svenska-medborgare\/ungern\/reseinformation\/ambassadens-reseinformation\/\" target=\"_blank\" rel=\"noreferrer noopener\">Ungern<\/a><\/li>\n\n\n\n<li><a href=\"https:\/\/www.swedenabroad.se\/sv\/om-utlandet-f%C3%B6r-svenska-medborgare\/belarus\/reseinformation\/ambassadens-reseinformation\/\" target=\"_blank\" rel=\"noreferrer noopener\">Belarus<\/a><\/li>\n\n\n\n<li><a href=\"https:\/\/www.swedenabroad.se\/sv\/om-utlandet-f%C3%B6r-svenska-medborgare\/ryssland\/reseinformation\/ambassadens-reseinformation\/\" target=\"_blank\" rel=\"noreferrer noopener\">Ryssland<\/a><\/li>\n<\/ul>\n\n\n<a class='Share__link Share__link--url copy-text' href='#' rel='nofollow' data-text='3.-har-lokalanstallda-medarbetare-i-ukraina-mojlighet-att-komma-och-arbeta-i-sverige?' title='Dela url' data-confirmation='L\u00e4nken kopierades till urklipp'><svg class='icon icon--link'  width='18' height='18' viewBox='0 0 18 18' fill='none' xmlns='http:\/\/www.w3.org\/2000\/svg'>\n            <path d='M10.4142 0.514721L6.87868 4.05025L8.29289 5.46447L11.1213 2.63604L15.364 6.87868L12.5355 9.70711L13.9497 11.1213L17.4853 7.58579C17.8763 7.19476 17.8763 6.5626 17.4853 6.17158L11.8284 0.514721C11.4374 0.123691 10.8052 0.123691 10.4142 0.514721Z' fill='black'\/>\n            <path d='M9.7071 12.5355L6.87868 15.364L2.63604 11.1213L5.46446 8.2929L4.05025 6.87868L0.514716 10.4142C0.123686 10.8052 0.123686 11.4374 0.514716 11.8284L6.17157 17.4853C6.5626 17.8763 7.19475 17.8763 7.58578 17.4853L11.1213 13.9497L9.7071 12.5355Z' fill='black'\/>\n            <path d='M6.17157 11.8284C6.5626 12.2195 7.19475 12.2195 7.58578 11.8284L11.8284 7.58579C12.2195 7.19476 12.2195 6.56261 11.8284 6.17158C11.4374 5.78055 10.8052 5.78055 10.4142 6.17158L6.17157 10.4142C5.78054 10.8052 5.78054 11.4374 6.17157 11.8284Z' fill='black'\/>\n            <\/svg> <\/a>\n<h2 class=\"wp-block-heading\" id=\"h-3-har-lokalanstallda-medarbetare-i-ukraina-mojlighet-att-komma-och-arbeta-i-sverige\">3. Har lokalanst\u00e4llda medarbetare i Ukraina m\u00f6jlighet att komma och arbeta i Sverige?<\/h2>\n\n\n\n<p>EU har aktiverat massflyktsdirektivet som ger flyende fr\u00e5n Ukraina tempor\u00e4rt skydd i hela EU i ett \u00e5r med m\u00f6jlighet till f\u00f6rl\u00e4ngning i upp till tre \u00e5r. R\u00e4tten g\u00e4ller b\u00e5de ukrainska medborgare och personer fr\u00e5n ett land utanf\u00f6r EU som har uppeh\u00e5llstillst\u00e5nd i Ukraina och inte kan \u00e5terv\u00e4nda hem.<\/p>\n\n\n\n<p>Personerna f\u00e5r vistas i vilket EU-land de \u00f6nskar. De f\u00e5r \u00e4ven arbetstillst\u00e5nd, r\u00e4tt till boende, sjukv\u00e5rd, skola till barnen och grundl\u00e4ggande f\u00f6rs\u00f6rjningsst\u00f6d. Personerna ska f\u00f6rdelas mellan EU:s medlemsl\u00e4nder, i f\u00f6rsta hand p\u00e5 frivillig basis.<\/p>\n\n\n\n<p>Flyende fr\u00e5n Ukraina som kommer till Sverige ska registrera sig hos Migrationsverkets servicekontor och kommer d\u00e4refter beviljas uppeh\u00e5lls- och arbetstillst\u00e5nd med en initial giltighetstid p\u00e5 ett \u00e5r. Processen ska g\u00e5 snabbt. Uppeh\u00e5lls- och arbetstillst\u00e5nd ska beviljas inom en vecka efter registreringen. Flyktingarna ska inte folkbokf\u00f6ras i Sverige, d\u00e4remot kan de f\u00e5 ett samordningsnummer fr\u00e5n Skatteverket.<\/p>\n\n\n\n<p>Det \u00e4r m\u00f6jligt att anst\u00e4lla flyktingar fr\u00e5n Ukraina s\u00e5 snart de f\u00e5tt sitt arbetstillst\u00e5nd. Det \u00e4r dock arbetsgivarens skyldighet att se till att giltiga arbetstillst\u00e5nd finns samt att anm\u00e4la anst\u00e4llningen till Skatteverket.<\/p>\n\n\n\n<p>Har f\u00f6retaget kollektivavtal m\u00e5ste detta \u00e4ven till\u00e4mpas p\u00e5 flyktingar fr\u00e5n Ukraina. En medarbetare som varit lokalanst\u00e4lld i Ukraina och f\u00e5r en anst\u00e4llning p\u00e5 samma f\u00f6retag i Sverige har d\u00e4rmed r\u00e4tt till villkor och l\u00f6n enligt svenska avtal.<\/p>\n\n\n\n<p>L\u00e4s mer p\u00e5 Migrationsverkets hemsida:<br><a href=\"https:\/\/www.migrationsverket.se\/Om-Migrationsverket\/Aktuella-fragor\/Situationen-i-Ukraina.html\" target=\"_blank\" rel=\"noreferrer noopener\">Situationen i Ukraina<\/a><br><a href=\"https:\/\/www.migrationsverket.se\/Privatpersoner\/Arbeta-i-Sverige\/Anstalld\/Sa-ansoker-du.html\" target=\"_blank\" rel=\"noreferrer noopener\">S\u00e5 ans\u00f6ker du om arbetstillst\u00e5nd<\/a><br><a href=\"https:\/\/www.migrationsverket.se\/Om-Migrationsverket\/Pressrum\/Nyhetsarkiv\/Nyhetsarkiv-2022\/2022-03-04-EU-har-aktiverat-massflyktsdirektivet.html\" target=\"_blank\" rel=\"noreferrer noopener\">EU har aktiverat massflyktsdirektivet<\/a><\/p>\n\n\n<a class='Share__link Share__link--url copy-text' href='#' rel='nofollow' data-text='4.-hur-gor-jag-som-arbetsgivare-vid-medarbetares-eventuella-meningsskiljaktigheter-gallande-kriget-i-ukraina?' title='Dela url' data-confirmation='L\u00e4nken kopierades till urklipp'><svg class='icon icon--link'  width='18' height='18' viewBox='0 0 18 18' fill='none' xmlns='http:\/\/www.w3.org\/2000\/svg'>\n            <path d='M10.4142 0.514721L6.87868 4.05025L8.29289 5.46447L11.1213 2.63604L15.364 6.87868L12.5355 9.70711L13.9497 11.1213L17.4853 7.58579C17.8763 7.19476 17.8763 6.5626 17.4853 6.17158L11.8284 0.514721C11.4374 0.123691 10.8052 0.123691 10.4142 0.514721Z' fill='black'\/>\n            <path d='M9.7071 12.5355L6.87868 15.364L2.63604 11.1213L5.46446 8.2929L4.05025 6.87868L0.514716 10.4142C0.123686 10.8052 0.123686 11.4374 0.514716 11.8284L6.17157 17.4853C6.5626 17.8763 7.19475 17.8763 7.58578 17.4853L11.1213 13.9497L9.7071 12.5355Z' fill='black'\/>\n            <path d='M6.17157 11.8284C6.5626 12.2195 7.19475 12.2195 7.58578 11.8284L11.8284 7.58579C12.2195 7.19476 12.2195 6.56261 11.8284 6.17158C11.4374 5.78055 10.8052 5.78055 10.4142 6.17158L6.17157 10.4142C5.78054 10.8052 5.78054 11.4374 6.17157 11.8284Z' fill='black'\/>\n            <\/svg> <\/a>\n<h2 class=\"wp-block-heading\" id=\"h-4-hur-gor-jag-som-arbetsgivare-vid-medarbetares-eventuella-meningsskiljaktigheter-gallande-kriget-i-ukraina\">4. Hur g\u00f6r jag som arbetsgivare vid medarbetares eventuella meningsskiljaktigheter g\u00e4llande kriget i Ukraina?<\/h2>\n\n\n\n<p>Kriget som just nu p\u00e5g\u00e5r v\u00e4cker f\u00f6rst\u00e5s m\u00e5nga k\u00e4nslor. Precis som g\u00e4llande andra konflikter \u00e4r det viktigt att du som arbetsgivare \u00e4r tydlig med att verksamheten m\u00e5ste fungera. F\u00e5nga upp och f\u00f6rs\u00f6k l\u00f6sa situationen \u2013 tydligg\u00f6r att kr\u00e4nkningar och liknande inte accepteras och h\u00e4nvisa till den ordning som finns.<\/p>\n\n\n<a class='Share__link Share__link--url copy-text' href='#' rel='nofollow' data-text='5.-eu-har-infort-sanktioner-mot-ryssland.-hur-paverkar-det-mitt-foretag?' title='Dela url' data-confirmation='L\u00e4nken kopierades till urklipp'><svg class='icon icon--link'  width='18' height='18' viewBox='0 0 18 18' fill='none' xmlns='http:\/\/www.w3.org\/2000\/svg'>\n            <path d='M10.4142 0.514721L6.87868 4.05025L8.29289 5.46447L11.1213 2.63604L15.364 6.87868L12.5355 9.70711L13.9497 11.1213L17.4853 7.58579C17.8763 7.19476 17.8763 6.5626 17.4853 6.17158L11.8284 0.514721C11.4374 0.123691 10.8052 0.123691 10.4142 0.514721Z' fill='black'\/>\n            <path d='M9.7071 12.5355L6.87868 15.364L2.63604 11.1213L5.46446 8.2929L4.05025 6.87868L0.514716 10.4142C0.123686 10.8052 0.123686 11.4374 0.514716 11.8284L6.17157 17.4853C6.5626 17.8763 7.19475 17.8763 7.58578 17.4853L11.1213 13.9497L9.7071 12.5355Z' fill='black'\/>\n            <path d='M6.17157 11.8284C6.5626 12.2195 7.19475 12.2195 7.58578 11.8284L11.8284 7.58579C12.2195 7.19476 12.2195 6.56261 11.8284 6.17158C11.4374 5.78055 10.8052 5.78055 10.4142 6.17158L6.17157 10.4142C5.78054 10.8052 5.78054 11.4374 6.17157 11.8284Z' fill='black'\/>\n            <\/svg> <\/a>\n<h2 class=\"wp-block-heading\" id=\"h-5-eu-har-infort-sanktioner-mot-ryssland-hur-paverkar-det-mitt-foretag\">5. EU har inf\u00f6rt sanktioner mot Ryssland. Hur p\u00e5verkar det mitt f\u00f6retag?<\/h2>\n\n\n\n<p>Vi h\u00e4nvisar h\u00e4r till&nbsp;<a href=\"https:\/\/www.kommerskollegium.se\/importera--exportera\/handla-utanfor-eu\/licenser-tillstand-kvoter\/internationella-sanktioner\/sanktioner-mot-ryssland\/\" target=\"_blank\" rel=\"noreferrer noopener\">Kommerskollegiets samm\u00adanst\u00e4llning<\/a>, som uppdateras l\u00f6pande.<\/p>\n\n\n<a class='Share__link Share__link--url copy-text' href='#' rel='nofollow' data-text='6.-hur-paverkas-svensk-ekonomi-av-kriget-i-ukraina?' title='Dela url' data-confirmation='L\u00e4nken kopierades till urklipp'><svg class='icon icon--link'  width='18' height='18' viewBox='0 0 18 18' fill='none' xmlns='http:\/\/www.w3.org\/2000\/svg'>\n            <path d='M10.4142 0.514721L6.87868 4.05025L8.29289 5.46447L11.1213 2.63604L15.364 6.87868L12.5355 9.70711L13.9497 11.1213L17.4853 7.58579C17.8763 7.19476 17.8763 6.5626 17.4853 6.17158L11.8284 0.514721C11.4374 0.123691 10.8052 0.123691 10.4142 0.514721Z' fill='black'\/>\n            <path d='M9.7071 12.5355L6.87868 15.364L2.63604 11.1213L5.46446 8.2929L4.05025 6.87868L0.514716 10.4142C0.123686 10.8052 0.123686 11.4374 0.514716 11.8284L6.17157 17.4853C6.5626 17.8763 7.19475 17.8763 7.58578 17.4853L11.1213 13.9497L9.7071 12.5355Z' fill='black'\/>\n            <path d='M6.17157 11.8284C6.5626 12.2195 7.19475 12.2195 7.58578 11.8284L11.8284 7.58579C12.2195 7.19476 12.2195 6.56261 11.8284 6.17158C11.4374 5.78055 10.8052 5.78055 10.4142 6.17158L6.17157 10.4142C5.78054 10.8052 5.78054 11.4374 6.17157 11.8284Z' fill='black'\/>\n            <\/svg> <\/a>\n<h2 class=\"wp-block-heading\" id=\"h-6-hur-paverkas-svensk-ekonomi-av-kriget-i-ukraina\">6. Hur p\u00e5verkas svensk ekonomi av kriget i Ukraina?<\/h2>\n\n\n\n<p><br>De ekonomiska sanktionerna mot Ryssland kommer p\u00e5 l\u00e5ng sikt n\u00f6ta ner den ryska ekonomin men s\u00e5 l\u00e4nge de inte omfattar exporten av energi fylls den ryska krigskassan p\u00e5.Ryssland \u00e4r en liten handelspartner f\u00f6r b\u00e5de Sverige och \u00f6vriga Europa men har en nyckelroll som r\u00e5varuleverant\u00f6r. Landet producerar 17 procent av v\u00e4rldens naturgas, tolv procent av v\u00e4rldens olja och fem procent av kolet. Ryssland \u00e4r \u00e4ven en betydande producent av palladium och nickel, metaller som anv\u00e4nds i bland annat fordons- och st\u00e5lindustrin. Landet producerar ocks\u00e5 n\u00e4stan en femtedel av den konstg\u00f6dsel som anv\u00e4nds i Europa. Dessutom kr\u00e4ver den europeiska produktionen av konstg\u00f6dsel rysk gas<\/p>\n\n\n\n<p>Kriget har f\u00e5tt priserna p\u00e5 olja och naturgas att rusa. Anstr\u00e4ngningarna f\u00f6r att minska det europeiska beroendet av rysk gas kommer att inneb\u00e4ra h\u00f6ga priser p\u00e5 all typ av energi, vilket givetvis ocks\u00e5 kommer att p\u00e5verka Sverige. Priserna p\u00e5 spannm\u00e5l och andra livsmedel \u00f6kade kraftigt i b\u00f6rjan av kriget men f\u00f6ll sedan tillbaka n\u00e5got. De \u00f6kade priserna p\u00e5 energi och livsmedel driver nu upp inflationen till rekordniv\u00e5er. Inflationen i Eurozonen var i mars 7,5 procent p\u00e5 \u00e5rsbasis. \u00c5rstakten f\u00f6r den svenska inflationen l\u00e5g p\u00e5 4,5 procent i februari och \u00e4ven om energipriserna bromsar in kommer inflationen under hel\u00e5ret troligen att bli runt fem procent. Den h\u00f6ga inflationen minskar hush\u00e5llens disponibla inkomster vilket kan tvinga dem dra ner p\u00e5 annan konsumtion. Detta kan dock motverkas av att de svenska hush\u00e5llens sparande \u00f6kade under pandemin, pengar som nu kan aktiveras.<\/p>\n\n\n\n<p>Mycket talar f\u00f6r att Riksbanken kommer att h\u00f6ja repor\u00e4ntan tidigare \u00e4n planerat, troligen redan i h\u00f6st, och detta kommer att minska s\u00e5v\u00e4l f\u00f6retagens investeringar som hush\u00e5llens konsumtion. I regeringens prognos inf\u00f6r v\u00e5rpropositionen r\u00e4knades med en global tillv\u00e4xtminskning fr\u00e5n 5,9 procent f\u00f6rra \u00e5ret till 3,5 procent i \u00e5r, i Sverige fr\u00e5n 4,8 procent till 3,1 procent.<\/p>\n\n\n\n<p><a href=\"https:\/\/www.almega.se\/2022\/04\/hogre-inflation-och-lagre-tillvaxt\/\">H\u00e4r kan du l\u00e4sa mer<\/a>&nbsp;om hur svensk ekonomi p\u00e5verkas av kriget i Ukraina.<\/p>\n\n\n<a class='Share__link Share__link--url copy-text' href='#' rel='nofollow' data-text='7.-hur-sakrar-vi-var-verksamhet-givet-det-sakerhetspolitiska-laget?' title='Dela url' data-confirmation='L\u00e4nken kopierades till urklipp'><svg class='icon icon--link'  width='18' height='18' viewBox='0 0 18 18' fill='none' xmlns='http:\/\/www.w3.org\/2000\/svg'>\n            <path d='M10.4142 0.514721L6.87868 4.05025L8.29289 5.46447L11.1213 2.63604L15.364 6.87868L12.5355 9.70711L13.9497 11.1213L17.4853 7.58579C17.8763 7.19476 17.8763 6.5626 17.4853 6.17158L11.8284 0.514721C11.4374 0.123691 10.8052 0.123691 10.4142 0.514721Z' fill='black'\/>\n            <path d='M9.7071 12.5355L6.87868 15.364L2.63604 11.1213L5.46446 8.2929L4.05025 6.87868L0.514716 10.4142C0.123686 10.8052 0.123686 11.4374 0.514716 11.8284L6.17157 17.4853C6.5626 17.8763 7.19475 17.8763 7.58578 17.4853L11.1213 13.9497L9.7071 12.5355Z' fill='black'\/>\n            <path d='M6.17157 11.8284C6.5626 12.2195 7.19475 12.2195 7.58578 11.8284L11.8284 7.58579C12.2195 7.19476 12.2195 6.56261 11.8284 6.17158C11.4374 5.78055 10.8052 5.78055 10.4142 6.17158L6.17157 10.4142C5.78054 10.8052 5.78054 11.4374 6.17157 11.8284Z' fill='black'\/>\n            <\/svg> <\/a>\n<h2 class=\"wp-block-heading\" id=\"h-7-hur-sakrar-vi-var-verksamhet-givet-det-sakerhetspolitiska-laget\">7. Hur s\u00e4krar vi v\u00e5r verksamhet givet det s\u00e4kerhetspolitiska l\u00e4get?<\/h2>\n\n\n\n<p>Konsekvenserna av det os\u00e4kra s\u00e4kerhetspolitiska l\u00e4get \u00e4r sv\u00e5r\u00f6versk\u00e5dliga. Som f\u00f6retag finns det dock en del \u00e5tg\u00e4rder som kan vara bra att g\u00e5 igenom. Det handlar om att planera f\u00f6r olika scenarier, att ha en plan B f\u00f6r sin verksamhet samt se \u00f6ver sin cyber\u00ads\u00e4kerhet och det generella s\u00e4kerhetsskyddet.<br><a href=\"https:\/\/www.msb.se\/sv\/aktuellt\/pagaende-handelser-och-insatser\/om-rysslands-invasion-av-ukraina\/vad-kan-organisationer-tanka-pa\/\" target=\"_blank\" rel=\"noreferrer noopener\">L\u00e4s mer p\u00e5 Myndigheten f\u00f6r samh\u00e4llsskydd och beredskap, MSB:s hemsida.<\/a><\/p>\n\n\n<a class='Share__link Share__link--url copy-text' href='#' rel='nofollow' data-text='8.-hur-kan-vi-bista-de-krigsdrabbade-med-fornodenheter?' title='Dela url' data-confirmation='L\u00e4nken kopierades till urklipp'><svg class='icon icon--link'  width='18' height='18' viewBox='0 0 18 18' fill='none' xmlns='http:\/\/www.w3.org\/2000\/svg'>\n            <path d='M10.4142 0.514721L6.87868 4.05025L8.29289 5.46447L11.1213 2.63604L15.364 6.87868L12.5355 9.70711L13.9497 11.1213L17.4853 7.58579C17.8763 7.19476 17.8763 6.5626 17.4853 6.17158L11.8284 0.514721C11.4374 0.123691 10.8052 0.123691 10.4142 0.514721Z' fill='black'\/>\n            <path d='M9.7071 12.5355L6.87868 15.364L2.63604 11.1213L5.46446 8.2929L4.05025 6.87868L0.514716 10.4142C0.123686 10.8052 0.123686 11.4374 0.514716 11.8284L6.17157 17.4853C6.5626 17.8763 7.19475 17.8763 7.58578 17.4853L11.1213 13.9497L9.7071 12.5355Z' fill='black'\/>\n            <path d='M6.17157 11.8284C6.5626 12.2195 7.19475 12.2195 7.58578 11.8284L11.8284 7.58579C12.2195 7.19476 12.2195 6.56261 11.8284 6.17158C11.4374 5.78055 10.8052 5.78055 10.4142 6.17158L6.17157 10.4142C5.78054 10.8052 5.78054 11.4374 6.17157 11.8284Z' fill='black'\/>\n            <\/svg> <\/a>\n<h2 class=\"wp-block-heading\" id=\"h-8-hur-kan-vi-bista-de-krigsdrabbade-med-fornodenheter\">8. Hur kan vi bist\u00e5 de krigsdrabbade med f\u00f6rn\u00f6denheter?<\/h2>\n\n\n\n<p>I dagsl\u00e4get \u00e4r det den europeiska civilskyddmekanismen, ERCC, som hanterar och administrerar Ukrainas beg\u00e4ran av st\u00f6d. MSB \u00e4r Sveriges kontaktpunkt till ERCC.<\/p>\n\n\n\n<p>Det som s\u00e4nds till Ukraina ska utg\u00e5 fr\u00e5n uttryckliga behov fr\u00e5n Ukrainas sida, vilka samordnas och koordineras mellan EU:s medlemsl\u00e4nder genom ERCC. MSB har informerat Socialstyrelsen om att de kan ta emot st\u00f6rre samordnade donationer utifr\u00e5n behov som inkommit till dem genom EU:s civilskyddsmekanism. Organisationer som erbjuder st\u00f6rre donationer kan i s\u00e5 fall kontakta MSB.<\/p>\n\n\n\n<p>Mindre resurserbjudanden, exempelvis fr\u00e5n enskilda f\u00f6retag, h\u00e4nvisas av MSB till lokala hj\u00e4lp\u00adorganisationer f\u00f6r ytterligare information om vilket st\u00f6d som efterfr\u00e5gas.<\/p>\n\n\n<a class='Share__link Share__link--url copy-text' href='#' rel='nofollow' data-text='9.-vad-galler-ifall-medarbetare-vill-bidra-pa-plats?' title='Dela url' data-confirmation='L\u00e4nken kopierades till urklipp'><svg class='icon icon--link'  width='18' height='18' viewBox='0 0 18 18' fill='none' xmlns='http:\/\/www.w3.org\/2000\/svg'>\n            <path d='M10.4142 0.514721L6.87868 4.05025L8.29289 5.46447L11.1213 2.63604L15.364 6.87868L12.5355 9.70711L13.9497 11.1213L17.4853 7.58579C17.8763 7.19476 17.8763 6.5626 17.4853 6.17158L11.8284 0.514721C11.4374 0.123691 10.8052 0.123691 10.4142 0.514721Z' fill='black'\/>\n            <path d='M9.7071 12.5355L6.87868 15.364L2.63604 11.1213L5.46446 8.2929L4.05025 6.87868L0.514716 10.4142C0.123686 10.8052 0.123686 11.4374 0.514716 11.8284L6.17157 17.4853C6.5626 17.8763 7.19475 17.8763 7.58578 17.4853L11.1213 13.9497L9.7071 12.5355Z' fill='black'\/>\n            <path d='M6.17157 11.8284C6.5626 12.2195 7.19475 12.2195 7.58578 11.8284L11.8284 7.58579C12.2195 7.19476 12.2195 6.56261 11.8284 6.17158C11.4374 5.78055 10.8052 5.78055 10.4142 6.17158L6.17157 10.4142C5.78054 10.8052 5.78054 11.4374 6.17157 11.8284Z' fill='black'\/>\n            <\/svg> <\/a>\n<h2 class=\"wp-block-heading\" id=\"h-9-vad-galler-ifall-medarbetare-vill-bidra-pa-plats\">9. Vad g\u00e4ller ifall medarbetare vill bidra p\u00e5 plats?<\/h2>\n\n\n\n<p>I en s\u00e5dan situation \u00e4r det upp till arbetsgivaren ifall man vill bevilja en anst\u00e4lld tj\u00e4nstledigt. V\u00e4ljer man att g\u00f6ra det kan det vara bra att t\u00e4nka p\u00e5 f\u00f6ljande:<\/p>\n\n\n\n<ul class=\"wp-block-list\">\n<li>Uppr\u00e4tta avtal om tj\u00e4nstledighet d\u00e4r det tydligt framg\u00e5r under vilken tid medarbetaren \u00e4r tj\u00e4nstledig fr\u00e5n sin anst\u00e4llning i bolaget.<\/li>\n\n\n\n<li>Vid \u00e5terg\u00e5ng i tj\u00e4nst \u00e4r arbetsgivaren ansvarig f\u00f6r anpassning vid medarbetarens eventuella sjukdom eller skada \u00e4ven om den intr\u00e4ffade under tj\u00e4nstledigheten.<\/li>\n\n\n\n<li>Uppmana medarbetaren att se \u00f6ver sitt f\u00f6rs\u00e4kringsskydd f\u00f6r exempelvis sjukdom och olycksfall i utlandet. Det \u00e4r inte sj\u00e4lvklart att f\u00f6rs\u00e4kringarna t\u00e4cker resor till l\u00e4nder som befinner sig i krig. Under tj\u00e4nstledigheten ansvarar inte arbetsgivaren f\u00f6r medarbetarens eventuella sjukdom eller skada. Arbetsgivaren \u00e4r inte heller skyldig att betala sjukl\u00f6n.<\/li>\n\n\n\n<li>Rekommendera medarbetaren att f\u00f6lja utvecklingen i landet noga via&nbsp;<a href=\"https:\/\/www.regeringen.se\/regeringens-politik\/rysslands-invasion-av-ukraina\/\" target=\"_blank\" rel=\"noreferrer noopener\">UD:s hemsida<\/a>&nbsp;och&nbsp;<a href=\"https:\/\/www.swedenabroad.se\/sv\/om-utlandet-f%C3%B6r-svenska-medborgare\/ukraina\/\" target=\"_blank\" rel=\"noreferrer noopener\">ambassadens.&nbsp;<\/a><\/li>\n\n\n\n<li><\/li>\n<\/ul>\n\n\n<a class='Share__link Share__link--url copy-text' href='#' rel='nofollow' data-text='har-ar-nagra-anvandbara-lankar' title='Dela url' data-confirmation='L\u00e4nken kopierades till urklipp'><svg class='icon icon--link'  width='18' height='18' viewBox='0 0 18 18' fill='none' xmlns='http:\/\/www.w3.org\/2000\/svg'>\n            <path d='M10.4142 0.514721L6.87868 4.05025L8.29289 5.46447L11.1213 2.63604L15.364 6.87868L12.5355 9.70711L13.9497 11.1213L17.4853 7.58579C17.8763 7.19476 17.8763 6.5626 17.4853 6.17158L11.8284 0.514721C11.4374 0.123691 10.8052 0.123691 10.4142 0.514721Z' fill='black'\/>\n            <path d='M9.7071 12.5355L6.87868 15.364L2.63604 11.1213L5.46446 8.2929L4.05025 6.87868L0.514716 10.4142C0.123686 10.8052 0.123686 11.4374 0.514716 11.8284L6.17157 17.4853C6.5626 17.8763 7.19475 17.8763 7.58578 17.4853L11.1213 13.9497L9.7071 12.5355Z' fill='black'\/>\n            <path d='M6.17157 11.8284C6.5626 12.2195 7.19475 12.2195 7.58578 11.8284L11.8284 7.58579C12.2195 7.19476 12.2195 6.56261 11.8284 6.17158C11.4374 5.78055 10.8052 5.78055 10.4142 6.17158L6.17157 10.4142C5.78054 10.8052 5.78054 11.4374 6.17157 11.8284Z' fill='black'\/>\n            <\/svg> <\/a>\n<h2 class=\"wp-block-heading\" id=\"h-har-ar-nagra-anvandbara-lankar\">H\u00e4r \u00e4r n\u00e5gra anv\u00e4ndbara l\u00e4nkar<\/h2>\n\n\n\n<ul class=\"wp-block-list\">\n<li><a href=\"https:\/\/www.svensktnaringsliv.se\/fraga\/kriget-i-ukraina\" target=\"_blank\" rel=\"noreferrer noopener\"><strong>Svenskt N\u00e4ringsliv:<\/strong>&nbsp;information till medlems\u00adf\u00f6retag<\/a><\/li>\n\n\n\n<li><a href=\"https:\/\/www.regeringen.se\/regeringens-politik\/rysslands-invasion-av-ukraina\/sanktioner-ryssland\/\" target=\"_blank\" rel=\"noreferrer noopener\"><strong>Regeringen:<\/strong>&nbsp;sanktioner mot Ryssland<\/a><\/li>\n\n\n\n<li><a href=\"https:\/\/www.kommerskollegium.se\/importera--exportera\/handla-utanfor-eu\/licenser-tillstand-kvoter\/internationella-sanktioner\/sanktioner-mot-ryssland\/\" target=\"_blank\" rel=\"noreferrer noopener\"><strong>Kommerskollegium:<\/strong>&nbsp;sanktioner mot Ryssland<\/a><\/li>\n\n\n\n<li><a href=\"https:\/\/ec.europa.eu\/info\/strategy\/priorities-2019-2024\/stronger-europe-world\/eu-solidarity-ukraine_sv\" target=\"_blank\" rel=\"noreferrer noopener\"><strong>Europeiska kommissionen:<\/strong>&nbsp;solidaritet med Ukraina<\/a><\/li>\n\n\n\n<li><a href=\"https:\/\/www.swedenabroad.se\/sv\/om-utlandet-f%C3%B6r-svenska-medborgare\/ukraina\/reseinformation\/ambassadens-reseinformation\/\" target=\"_blank\" rel=\"noreferrer noopener\"><strong>Svenska ambassaden:<\/strong>&nbsp;reseinformation<\/a><\/li>\n\n\n\n<li><a href=\"https:\/\/www.migrationsverket.se\/Om-Migrationsverket\/Pressrum\/Nyhetsarkiv\/Nyhetsarkiv-2022\/2022-03-04-EU-har-aktiverat-massflyktsdirektivet.html\" target=\"_blank\" rel=\"noreferrer noopener\"><strong>Migrationsverket:<\/strong>&nbsp;massflyktsdirektivet<\/a><\/li>\n\n\n\n<li><a href=\"https:\/\/www.migrationsverket.se\/Privatpersoner\/Arbeta-i-Sverige\/Anstalld\/Sa-ansoker-du.html\" target=\"_blank\" rel=\"noreferrer noopener\"><strong>Migrationsverket:<\/strong>&nbsp;S\u00e5 ans\u00f6ker du om arbetstillst\u00e5nd<\/a><\/li>\n<\/ul>\n\n\n\n  \n    \n       <h2>Relaterat<\/h2>     \n    \n      \n                      \n                      <article class=\"Blurb Blurb--md Blurb--post Blurb--vertical has-thumbnail\">\n  <a href=\"https:\/\/www.almega.se\/2022\/06\/rapport-vart-femte-tjansteforetag-drabbat-av-cyberattacker\/\">\n          \n        <figure class=\"Blurb__thumbnail\">\n          <img loading=\"lazy\" decoding=\"async\" width=\"2560\" height=\"1707\" src=\"https:\/\/www.almega.se\/app\/uploads\/2022\/06\/gettyimages-1307905807-1-scaled.jpg\" class=\"attachment-small size-small wp-post-image\" alt=\"cyberattacker\" srcset=\"https:\/\/www.almega.se\/app\/uploads\/2022\/06\/gettyimages-1307905807-1-scaled.jpg 2560w, https:\/\/www.almega.se\/app\/uploads\/2022\/06\/gettyimages-1307905807-1-580x387.jpg 580w, https:\/\/www.almega.se\/app\/uploads\/2022\/06\/gettyimages-1307905807-1-1180x787.jpg 1180w, https:\/\/www.almega.se\/app\/uploads\/2022\/06\/gettyimages-1307905807-1-380x253.jpg 380w, https:\/\/www.almega.se\/app\/uploads\/2022\/06\/gettyimages-1307905807-1-768x512.jpg 768w, https:\/\/www.almega.se\/app\/uploads\/2022\/06\/gettyimages-1307905807-1-1536x1024.jpg 1536w, https:\/\/www.almega.se\/app\/uploads\/2022\/06\/gettyimages-1307905807-1-2048x1365.jpg 2048w\" sizes=\"auto, (max-width: 2560px) 100vw, 2560px\" \/>\n        <\/figure>\n      \n        \n      \n        \n                                \n      \n      Arbetsgivarfr\u00e5gor\n      <svg class='icon icon--triangle'  width=\"26\" height=\"32\" viewBox=\"0 0 26 32\" fill=\"none\" xmlns=\"http:\/\/www.w3.org\/2000\/svg\">\n<path fill-rule=\"evenodd\" clip-rule=\"evenodd\" d=\"M13.1315 0H0V32H13.1315L26 16L13.1315 0ZM9 18.581C10.6569 18.581 12 17.1946 12 15.4843C12 13.774 10.6569 12.3875 9 12.3875C7.34315 12.3875 6 13.774 6 15.4843C6 17.1946 7.34315 18.581 9 18.581Z\" fill=\"#FDDCC0\"\/>\n<\/svg>\n\n      \n    \n          \n        <svg class='icon icon--timestamp'  width=\"16\" height=\"16\" viewBox=\"0 0 16 16\" fill=\"none\" xmlns=\"http:\/\/www.w3.org\/2000\/svg\">\n<path fill-rule=\"evenodd\" clip-rule=\"evenodd\" d=\"M10.4833 10.5818C10.7278 10.8452 10.7278 11.2723 10.4833 11.5357C10.361 11.6674 10.2008 11.7333 10.0405 11.7333C9.88023 11.7333 9.72008 11.6674 9.59781 11.5357L7.65015 9.43814C7.53273 9.31167 7.46667 9.14001 7.46667 8.96109V4.94118C7.46667 4.56868 7.74705 4.26667 8.09288 4.26667C8.4387 4.26667 8.71908 4.56868 8.71908 4.94118V8.68168L10.4833 10.5818ZM8 14.9333C4.177 14.9333 1.06667 11.823 1.06667 8C1.06667 4.177 4.177 1.06667 8 1.06667C11.8232 1.06667 14.9333 4.177 14.9333 8C14.9333 11.823 11.8232 14.9333 8 14.9333ZM8 0C3.58887 0 0 3.58887 0 8C0 12.4111 3.58887 16 8 16C12.4113 16 16 12.4111 16 8C16 3.58887 12.4113 0 8 0Z\" fill=\"black\"\/>\n<\/svg>\n\n          <time datetime=\"2022-06-30T07:14:02+00:00\">30 juni 2022<\/time>\n      \n              \n        Nyheter\n      \n      \n\n                  \n        <h3 class=\"Blurb__title\">\n          Rapport: Vart femte tj\u00e4nste&shy;f\u00f6retag drabbat av cyberattacker\n        <\/h3>\n                  \n            Ett av fem tj\u00e4nstef\u00f6retag har blivit utsatta f\u00f6r cyberattacker under de senaste \u00e5ren. De flesta attacker \u00e4r riktade och kvalificerade. Dessutom upplever f\u00f6retagen att det p\u00e5g\u00e5r ett konstant \u201dbrus\u201d av attackf\u00f6rs\u00f6k, i vissa fall dagligen. Det visar en ny rapport som 4C Strategies tagit fram p\u00e5 uppdrag av Almega.\n\n          \n                \n                                \n              <svg class='icon icon--arrow-tip'  width=\"11\" height=\"16\" viewBox=\"0 0 11 16\" fill=\"none\" xmlns=\"http:\/\/www.w3.org\/2000\/svg\">\n<path d=\"M0.858398 15L9.2304 7.99664L0.967732 1.00001\" stroke=\"black\" stroke-width=\"2\" stroke-miterlimit=\"10\"\/>\n<\/svg>\n\n              \n                  \n      \n    \n  <\/a>\n<\/article>\n                  \n                              \n                      <article class=\"Blurb Blurb--md Blurb--post Blurb--vertical has-thumbnail\">\n  <a href=\"https:\/\/www.almega.se\/2022\/04\/eu-foreslar-nya-sanktioner-mot-ryssland\/\">\n          \n        <figure class=\"Blurb__thumbnail\">\n          <img loading=\"lazy\" decoding=\"async\" width=\"2560\" height=\"1918\" src=\"https:\/\/www.almega.se\/app\/uploads\/2022\/04\/gettyimages-1282121735-scaled.jpg\" class=\"attachment-small size-small wp-post-image\" alt=\"Sanktioner mot Ryssland\" srcset=\"https:\/\/www.almega.se\/app\/uploads\/2022\/04\/gettyimages-1282121735-scaled.jpg 2560w, https:\/\/www.almega.se\/app\/uploads\/2022\/04\/gettyimages-1282121735-580x435.jpg 580w, https:\/\/www.almega.se\/app\/uploads\/2022\/04\/gettyimages-1282121735-1180x884.jpg 1180w, https:\/\/www.almega.se\/app\/uploads\/2022\/04\/gettyimages-1282121735-380x285.jpg 380w, https:\/\/www.almega.se\/app\/uploads\/2022\/04\/gettyimages-1282121735-768x576.jpg 768w, https:\/\/www.almega.se\/app\/uploads\/2022\/04\/gettyimages-1282121735-1536x1151.jpg 1536w, https:\/\/www.almega.se\/app\/uploads\/2022\/04\/gettyimages-1282121735-2048x1535.jpg 2048w\" sizes=\"auto, (max-width: 2560px) 100vw, 2560px\" \/>\n        <\/figure>\n      \n        \n      \n        \n                                \n    \n          \n        <svg class='icon icon--timestamp'  width=\"16\" height=\"16\" viewBox=\"0 0 16 16\" fill=\"none\" xmlns=\"http:\/\/www.w3.org\/2000\/svg\">\n<path fill-rule=\"evenodd\" clip-rule=\"evenodd\" d=\"M10.4833 10.5818C10.7278 10.8452 10.7278 11.2723 10.4833 11.5357C10.361 11.6674 10.2008 11.7333 10.0405 11.7333C9.88023 11.7333 9.72008 11.6674 9.59781 11.5357L7.65015 9.43814C7.53273 9.31167 7.46667 9.14001 7.46667 8.96109V4.94118C7.46667 4.56868 7.74705 4.26667 8.09288 4.26667C8.4387 4.26667 8.71908 4.56868 8.71908 4.94118V8.68168L10.4833 10.5818ZM8 14.9333C4.177 14.9333 1.06667 11.823 1.06667 8C1.06667 4.177 4.177 1.06667 8 1.06667C11.8232 1.06667 14.9333 4.177 14.9333 8C14.9333 11.823 11.8232 14.9333 8 14.9333ZM8 0C3.58887 0 0 3.58887 0 8C0 12.4111 3.58887 16 8 16C12.4113 16 16 12.4111 16 8C16 3.58887 12.4113 0 8 0Z\" fill=\"black\"\/>\n<\/svg>\n\n          <time datetime=\"2022-04-06T13:30:58+00:00\">6 april 2022<\/time>\n      \n              \n        Artiklar\n      \n      \n\n                  \n        <h3 class=\"Blurb__title\">\n          EU f\u00f6resl\u00e5r nya sanktioner mot Ryssland\n        <\/h3>\n                  \n            EU har tagit fram f\u00f6rslag p\u00e5 ytterligare sanktioner mot Ryssland. Detta efter de chockerande sp\u00e5ren av den ryska milit\u00e4rens handlingar i Butja och andra tidigare ockuperade ukrainska st\u00e4der.\n\n          \n                \n                                \n              <svg class='icon icon--arrow-tip'  width=\"11\" height=\"16\" viewBox=\"0 0 11 16\" fill=\"none\" xmlns=\"http:\/\/www.w3.org\/2000\/svg\">\n<path d=\"M0.858398 15L9.2304 7.99664L0.967732 1.00001\" stroke=\"black\" stroke-width=\"2\" stroke-miterlimit=\"10\"\/>\n<\/svg>\n\n              \n                  \n      \n    \n  <\/a>\n<\/article>\n                  \n                              \n                      <article class=\"Blurb Blurb--md Blurb--post Blurb--vertical has-thumbnail\">\n  <a href=\"https:\/\/www.almega.se\/2022\/04\/hogre-inflation-och-lagre-tillvaxt\/\">\n          \n        <figure class=\"Blurb__thumbnail\">\n          <img loading=\"lazy\" decoding=\"async\" width=\"1000\" height=\"600\" src=\"https:\/\/www.almega.se\/app\/uploads\/2022\/03\/toppbild-patrick-joyce-ekonomiska-konsekvenser.png\" class=\"attachment-small size-small wp-post-image\" alt=\"Almegas chefekonom Patrick Joyce om hur svensk ekonomi p\u00e5verkas av kriget i Ukraina\" srcset=\"https:\/\/www.almega.se\/app\/uploads\/2022\/03\/toppbild-patrick-joyce-ekonomiska-konsekvenser.png 1000w, https:\/\/www.almega.se\/app\/uploads\/2022\/03\/toppbild-patrick-joyce-ekonomiska-konsekvenser-580x348.png 580w, https:\/\/www.almega.se\/app\/uploads\/2022\/03\/toppbild-patrick-joyce-ekonomiska-konsekvenser-380x228.png 380w, https:\/\/www.almega.se\/app\/uploads\/2022\/03\/toppbild-patrick-joyce-ekonomiska-konsekvenser-768x461.png 768w\" sizes=\"auto, (max-width: 1000px) 100vw, 1000px\" \/>\n        <\/figure>\n      \n        \n      \n        \n                                \n    \n          \n        <svg class='icon icon--timestamp'  width=\"16\" height=\"16\" viewBox=\"0 0 16 16\" fill=\"none\" xmlns=\"http:\/\/www.w3.org\/2000\/svg\">\n<path fill-rule=\"evenodd\" clip-rule=\"evenodd\" d=\"M10.4833 10.5818C10.7278 10.8452 10.7278 11.2723 10.4833 11.5357C10.361 11.6674 10.2008 11.7333 10.0405 11.7333C9.88023 11.7333 9.72008 11.6674 9.59781 11.5357L7.65015 9.43814C7.53273 9.31167 7.46667 9.14001 7.46667 8.96109V4.94118C7.46667 4.56868 7.74705 4.26667 8.09288 4.26667C8.4387 4.26667 8.71908 4.56868 8.71908 4.94118V8.68168L10.4833 10.5818ZM8 14.9333C4.177 14.9333 1.06667 11.823 1.06667 8C1.06667 4.177 4.177 1.06667 8 1.06667C11.8232 1.06667 14.9333 4.177 14.9333 8C14.9333 11.823 11.8232 14.9333 8 14.9333ZM8 0C3.58887 0 0 3.58887 0 8C0 12.4111 3.58887 16 8 16C12.4113 16 16 12.4111 16 8C16 3.58887 12.4113 0 8 0Z\" fill=\"black\"\/>\n<\/svg>\n\n          <time datetime=\"2022-04-04T13:13:13+00:00\">4 april 2022<\/time>\n      \n              \n        Artiklar\n      \n      \n\n                  \n        <h3 class=\"Blurb__title\">\n          H\u00f6gre inflation och l\u00e4gre tillv\u00e4xt\n        <\/h3>\n                  \n            Rysslands \u00f6verfall p\u00e5 Ukraina \u00e4r inne p\u00e5 sin sj\u00e4tte vecka och \u00f6kar i brutalitet. Almegas chefsekonom, Patrick Joyce, redog\u00f6r f\u00f6r krigets inverkan p\u00e5 Sverige och svensk ekonomi.\n\n          \n                \n                                \n              <svg class='icon icon--arrow-tip'  width=\"11\" height=\"16\" viewBox=\"0 0 11 16\" fill=\"none\" xmlns=\"http:\/\/www.w3.org\/2000\/svg\">\n<path d=\"M0.858398 15L9.2304 7.99664L0.967732 1.00001\" stroke=\"black\" stroke-width=\"2\" stroke-miterlimit=\"10\"\/>\n<\/svg>\n\n              \n                  \n      \n    \n  <\/a>\n<\/article>\n                  \n                              \n                      <article class=\"Blurb Blurb--md Blurb--post Blurb--vertical has-thumbnail\">\n  <a href=\"https:\/\/www.almega.se\/2022\/03\/kriget-orsakar-storningar-i-transportkedjorna\/\">\n          \n        <figure class=\"Blurb__thumbnail\">\n          <img loading=\"lazy\" decoding=\"async\" width=\"2560\" height=\"1709\" src=\"https:\/\/www.almega.se\/app\/uploads\/2022\/03\/lager-scaled.jpg\" class=\"attachment-small size-small wp-post-image\" alt=\"Kriget orsakar st\u00f6rningar i transportkedjorna\" srcset=\"https:\/\/www.almega.se\/app\/uploads\/2022\/03\/lager-scaled.jpg 2560w, https:\/\/www.almega.se\/app\/uploads\/2022\/03\/lager-580x387.jpg 580w, https:\/\/www.almega.se\/app\/uploads\/2022\/03\/lager-1180x788.jpg 1180w, https:\/\/www.almega.se\/app\/uploads\/2022\/03\/lager-380x254.jpg 380w, https:\/\/www.almega.se\/app\/uploads\/2022\/03\/lager-768x513.jpg 768w, https:\/\/www.almega.se\/app\/uploads\/2022\/03\/lager-1536x1025.jpg 1536w, https:\/\/www.almega.se\/app\/uploads\/2022\/03\/lager-2048x1367.jpg 2048w\" sizes=\"auto, (max-width: 2560px) 100vw, 2560px\" \/>\n        <\/figure>\n      \n        \n      \n        \n                                \n    \n          \n        <svg class='icon icon--timestamp'  width=\"16\" height=\"16\" viewBox=\"0 0 16 16\" fill=\"none\" xmlns=\"http:\/\/www.w3.org\/2000\/svg\">\n<path fill-rule=\"evenodd\" clip-rule=\"evenodd\" d=\"M10.4833 10.5818C10.7278 10.8452 10.7278 11.2723 10.4833 11.5357C10.361 11.6674 10.2008 11.7333 10.0405 11.7333C9.88023 11.7333 9.72008 11.6674 9.59781 11.5357L7.65015 9.43814C7.53273 9.31167 7.46667 9.14001 7.46667 8.96109V4.94118C7.46667 4.56868 7.74705 4.26667 8.09288 4.26667C8.4387 4.26667 8.71908 4.56868 8.71908 4.94118V8.68168L10.4833 10.5818ZM8 14.9333C4.177 14.9333 1.06667 11.823 1.06667 8C1.06667 4.177 4.177 1.06667 8 1.06667C11.8232 1.06667 14.9333 4.177 14.9333 8C14.9333 11.823 11.8232 14.9333 8 14.9333ZM8 0C3.58887 0 0 3.58887 0 8C0 12.4111 3.58887 16 8 16C12.4113 16 16 12.4111 16 8C16 3.58887 12.4113 0 8 0Z\" fill=\"black\"\/>\n<\/svg>\n\n          <time datetime=\"2022-03-30T08:25:33+00:00\">30 mars 2022<\/time>\n      \n              \n        Nyheter\n      \n      \n\n                  \n        <h3 class=\"Blurb__title\">\n          Kriget orsakar st\u00f6rningar i transportkedjorna\n        <\/h3>\n                  \n            Kriget i Ukraina inneb\u00e4r p\u00e5tagliga risker i de europeiska och svenska transportkedjorna. En rad faktorer, alla med negativ inverkan p\u00e5 transporterna, ser just nu ut att samverka. Almegas Ukrainasamordnare redog\u00f6r f\u00f6r de problem som f\u00f6religger.\n\n          \n                \n                                \n              <svg class='icon icon--arrow-tip'  width=\"11\" height=\"16\" viewBox=\"0 0 11 16\" fill=\"none\" xmlns=\"http:\/\/www.w3.org\/2000\/svg\">\n<path d=\"M0.858398 15L9.2304 7.99664L0.967732 1.00001\" stroke=\"black\" stroke-width=\"2\" stroke-miterlimit=\"10\"\/>\n<\/svg>\n\n              \n                  \n      \n    \n  <\/a>\n<\/article>\n                  \n                              \n                      <article class=\"Blurb Blurb--md Blurb--post Blurb--vertical has-thumbnail\">\n  <a href=\"https:\/\/www.almega.se\/2022\/03\/svenskt-naringsliv-rekommenderar-alla-foretag-att-se-over-sin-cybersakerhet\/\">\n          \n        <figure class=\"Blurb__thumbnail\">\n          <img loading=\"lazy\" decoding=\"async\" width=\"1000\" height=\"600\" src=\"https:\/\/www.almega.se\/app\/uploads\/2021\/05\/framtidens-arbetsliv-almega.png\" class=\"attachment-small size-small wp-post-image\" alt=\"distansarbete almega\" srcset=\"https:\/\/www.almega.se\/app\/uploads\/2021\/05\/framtidens-arbetsliv-almega.png 1000w, https:\/\/www.almega.se\/app\/uploads\/2021\/05\/framtidens-arbetsliv-almega-580x348.png 580w, https:\/\/www.almega.se\/app\/uploads\/2021\/05\/framtidens-arbetsliv-almega-380x228.png 380w, https:\/\/www.almega.se\/app\/uploads\/2021\/05\/framtidens-arbetsliv-almega-768x461.png 768w\" sizes=\"auto, (max-width: 1000px) 100vw, 1000px\" \/>\n        <\/figure>\n      \n        \n      \n        \n                                \n      \n      Arbetsgivarfr\u00e5gor\n      <svg class='icon icon--triangle'  width=\"26\" height=\"32\" viewBox=\"0 0 26 32\" fill=\"none\" xmlns=\"http:\/\/www.w3.org\/2000\/svg\">\n<path fill-rule=\"evenodd\" clip-rule=\"evenodd\" d=\"M13.1315 0H0V32H13.1315L26 16L13.1315 0ZM9 18.581C10.6569 18.581 12 17.1946 12 15.4843C12 13.774 10.6569 12.3875 9 12.3875C7.34315 12.3875 6 13.774 6 15.4843C6 17.1946 7.34315 18.581 9 18.581Z\" fill=\"#FDDCC0\"\/>\n<\/svg>\n\n      \n    \n          \n        <svg class='icon icon--timestamp'  width=\"16\" height=\"16\" viewBox=\"0 0 16 16\" fill=\"none\" xmlns=\"http:\/\/www.w3.org\/2000\/svg\">\n<path fill-rule=\"evenodd\" clip-rule=\"evenodd\" d=\"M10.4833 10.5818C10.7278 10.8452 10.7278 11.2723 10.4833 11.5357C10.361 11.6674 10.2008 11.7333 10.0405 11.7333C9.88023 11.7333 9.72008 11.6674 9.59781 11.5357L7.65015 9.43814C7.53273 9.31167 7.46667 9.14001 7.46667 8.96109V4.94118C7.46667 4.56868 7.74705 4.26667 8.09288 4.26667C8.4387 4.26667 8.71908 4.56868 8.71908 4.94118V8.68168L10.4833 10.5818ZM8 14.9333C4.177 14.9333 1.06667 11.823 1.06667 8C1.06667 4.177 4.177 1.06667 8 1.06667C11.8232 1.06667 14.9333 4.177 14.9333 8C14.9333 11.823 11.8232 14.9333 8 14.9333ZM8 0C3.58887 0 0 3.58887 0 8C0 12.4111 3.58887 16 8 16C12.4113 16 16 12.4111 16 8C16 3.58887 12.4113 0 8 0Z\" fill=\"black\"\/>\n<\/svg>\n\n          <time datetime=\"2022-03-24T14:11:13+00:00\">24 mars 2022<\/time>\n      \n              \n        Nyheter\n      \n      \n\n                  \n        <h3 class=\"Blurb__title\">\n          Svenskt N\u00e4ringsliv rekommenderar alla f\u00f6retag att se \u00f6ver sin cyber&shy;s\u00e4kerhet\n        <\/h3>\n                  \n            Sedan Ryssland p\u00e5b\u00f6rjade sin invasion av Ukraina har den skadliga cyberaktiviteten \u00f6kat. Myndigheten f\u00f6r samh\u00e4llsskydd och beredskap (MSB) har meddelat att antalet anm\u00e4lda IT-attacker har mer \u00e4n f\u00f6rdubblats de senaste veckorna och uppmanar alla organisationer att vara s\u00e4rskilt uppm\u00e4rksamma p\u00e5 n\u00e4tfiske (phishing) och \u00f6verbelastningsattacker (DDoS).\n\n          \n                \n                                \n              <svg class='icon icon--arrow-tip'  width=\"11\" height=\"16\" viewBox=\"0 0 11 16\" fill=\"none\" xmlns=\"http:\/\/www.w3.org\/2000\/svg\">\n<path d=\"M0.858398 15L9.2304 7.99664L0.967732 1.00001\" stroke=\"black\" stroke-width=\"2\" stroke-miterlimit=\"10\"\/>\n<\/svg>\n\n              \n                  \n      \n    \n  <\/a>\n<\/article>\n                  \n                              \n                      <article class=\"Blurb Blurb--md Blurb--post Blurb--vertical has-thumbnail\">\n  <a href=\"https:\/\/www.almega.se\/2022\/03\/trygga-medarbetare-i-tider-av-oro-rad-till-dig-som-arbetsgivare\/\">\n          \n        <figure class=\"Blurb__thumbnail\">\n          <img loading=\"lazy\" decoding=\"async\" width=\"1000\" height=\"405\" src=\"https:\/\/www.almega.se\/app\/uploads\/2022\/03\/bild-webbartikel-1000x600-39-e1649166227704.png\" class=\"attachment-small size-small wp-post-image\" alt=\"personer i grupp\" srcset=\"https:\/\/www.almega.se\/app\/uploads\/2022\/03\/bild-webbartikel-1000x600-39-e1649166227704.png 1000w, https:\/\/www.almega.se\/app\/uploads\/2022\/03\/bild-webbartikel-1000x600-39-e1649166227704-580x235.png 580w, https:\/\/www.almega.se\/app\/uploads\/2022\/03\/bild-webbartikel-1000x600-39-e1649166227704-380x154.png 380w, https:\/\/www.almega.se\/app\/uploads\/2022\/03\/bild-webbartikel-1000x600-39-e1649166227704-768x311.png 768w\" sizes=\"auto, (max-width: 1000px) 100vw, 1000px\" \/>\n        <\/figure>\n      \n        \n      \n        \n                                \n      \n      Arbetsgivarfr\u00e5gor\n      <svg class='icon icon--triangle'  width=\"26\" height=\"32\" viewBox=\"0 0 26 32\" fill=\"none\" xmlns=\"http:\/\/www.w3.org\/2000\/svg\">\n<path fill-rule=\"evenodd\" clip-rule=\"evenodd\" d=\"M13.1315 0H0V32H13.1315L26 16L13.1315 0ZM9 18.581C10.6569 18.581 12 17.1946 12 15.4843C12 13.774 10.6569 12.3875 9 12.3875C7.34315 12.3875 6 13.774 6 15.4843C6 17.1946 7.34315 18.581 9 18.581Z\" fill=\"#FDDCC0\"\/>\n<\/svg>\n\n      \n    \n          \n        <svg class='icon icon--timestamp'  width=\"16\" height=\"16\" viewBox=\"0 0 16 16\" fill=\"none\" xmlns=\"http:\/\/www.w3.org\/2000\/svg\">\n<path fill-rule=\"evenodd\" clip-rule=\"evenodd\" d=\"M10.4833 10.5818C10.7278 10.8452 10.7278 11.2723 10.4833 11.5357C10.361 11.6674 10.2008 11.7333 10.0405 11.7333C9.88023 11.7333 9.72008 11.6674 9.59781 11.5357L7.65015 9.43814C7.53273 9.31167 7.46667 9.14001 7.46667 8.96109V4.94118C7.46667 4.56868 7.74705 4.26667 8.09288 4.26667C8.4387 4.26667 8.71908 4.56868 8.71908 4.94118V8.68168L10.4833 10.5818ZM8 14.9333C4.177 14.9333 1.06667 11.823 1.06667 8C1.06667 4.177 4.177 1.06667 8 1.06667C11.8232 1.06667 14.9333 4.177 14.9333 8C14.9333 11.823 11.8232 14.9333 8 14.9333ZM8 0C3.58887 0 0 3.58887 0 8C0 12.4111 3.58887 16 8 16C12.4113 16 16 12.4111 16 8C16 3.58887 12.4113 0 8 0Z\" fill=\"black\"\/>\n<\/svg>\n\n          <time datetime=\"2022-03-24T12:55:39+00:00\">24 mars 2022<\/time>\n      \n              \n        Artiklar\n      \n      \n\n                  \n        <h3 class=\"Blurb__title\">\n          Trygga medarbetare i tider av oro \u2013 r\u00e5d till dig som arbetsgivare\n        <\/h3>\n                  \n            Det oroliga v\u00e4rldsl\u00e4get kan skapa stor oro och os\u00e4kerhet bland era medarbetare. Och den oron kan te sig olika fr\u00e5n person till person. Som arbetsgivare \u00e4r det nu viktigt att agera f\u00f6r att skapa en k\u00e4nsla av lugn och trygghet i organisationen. Vi p\u00e5 Almega f\u00e5r en hel del fr\u00e5gor fr\u00e5n v\u00e5ra medlemmar p\u00e5 temat och vi delar h\u00e4r med oss av n\u00e5gra r\u00e5d f\u00f6r hur ni som arbetsgivare kan t\u00e4nka och agera \u2013 f\u00f6r att skapa trygga medarbetare i tider av oro.\n\n          \n                \n                                \n              <svg class='icon icon--arrow-tip'  width=\"11\" height=\"16\" viewBox=\"0 0 11 16\" fill=\"none\" xmlns=\"http:\/\/www.w3.org\/2000\/svg\">\n<path d=\"M0.858398 15L9.2304 7.99664L0.967732 1.00001\" stroke=\"black\" stroke-width=\"2\" stroke-miterlimit=\"10\"\/>\n<\/svg>\n\n              \n                  \n      \n    \n  <\/a>\n<\/article>\n                  \n                  \n    \n      \n","protected":false},"excerpt":{"rendered":"<p>1. Vi har personal utstationerad\/uts\u00e4nd i s\u00e5v\u00e4l Ukraina som Ryssland. Hur g\u00f6r vi f\u00f6r att ta hem dem? F\u00f6r personal som \u00e4r kvar i Ukraina eller Ryssland b\u00f6r ni som arbetsgivare f\u00f6lja UD:s rekommendationer och &hellip;<\/p>\n","protected":false},"author":14531,"featured_media":43498,"comment_status":"closed","ping_status":"closed","sticky":false,"template":"","format":"standard","meta":{"_acf_changed":false,"footnotes":""},"categories":[451],"tags":[736,566],"article_type":[55],"agreement":[],"class_list":["post-57852","post","type-post","status-publish","format-standard","has-post-thumbnail","hentry","category-arbetsgivarfragor","tag-beredskap","tag-kriget-i-ukraina","type-artiklar"],"acf":[],"yoast_head":"<!-- This site is optimized with the Yoast SEO Premium plugin v26.8 (Yoast SEO v26.8) - https:\/\/yoast.com\/product\/yoast-seo-premium-wordpress\/ -->\n<title>Fr\u00e5gor och svar r\u00f6rande kriget i Ukraina | Almega<\/title>\n<meta name=\"robots\" content=\"index, follow, max-snippet:-1, max-image-preview:large, max-video-preview:-1\" \/>\n<link rel=\"canonical\" href=\"https:\/\/www.almega.se\/2022\/03\/fragor-och-svar-rorande-kriget-i-ukraina\/\" \/>\n<meta property=\"og:locale\" content=\"sv_SE\" \/>\n<meta property=\"og:type\" content=\"article\" \/>\n<meta property=\"og:title\" content=\"Fr\u00e5gor och svar r\u00f6rande kriget i Ukraina\" \/>\n<meta property=\"og:description\" content=\"1. Vi har personal utstationerad\/uts\u00e4nd i s\u00e5v\u00e4l Ukraina som Ryssland. Hur g\u00f6r vi f\u00f6r att ta hem dem? F\u00f6r personal som \u00e4r kvar i Ukraina eller Ryssland b\u00f6r ni som arbetsgivare f\u00f6lja UD:s rekommendationer och &hellip;\" \/>\n<meta property=\"og:url\" content=\"https:\/\/www.almega.se\/2022\/03\/fragor-och-svar-rorande-kriget-i-ukraina\/\" \/>\n<meta property=\"og:site_name\" content=\"Almega\" \/>\n<meta property=\"article:published_time\" content=\"2022-03-02T14:07:00+00:00\" \/>\n<meta property=\"article:modified_time\" content=\"2024-09-30T07:56:34+00:00\" \/>\n<meta property=\"og:image\" content=\"https:\/\/www.almega.se\/app\/uploads\/2022\/03\/ukraina-och-sverige-flaggor.jpg\" \/>\n\t<meta property=\"og:image:width\" content=\"773\" \/>\n\t<meta property=\"og:image:height\" content=\"434\" \/>\n\t<meta property=\"og:image:type\" content=\"image\/jpeg\" \/>\n<meta name=\"author\" content=\"Karin Nyg\u00e5rd\" \/>\n<meta name=\"twitter:card\" content=\"summary_large_image\" \/>\n<meta name=\"twitter:label1\" content=\"Skriven av\" \/>\n\t<meta name=\"twitter:data1\" content=\"Karin Nyg\u00e5rd\" \/>\n\t<meta name=\"twitter:label2\" content=\"Ber\u00e4knad l\u00e4stid\" \/>\n\t<meta name=\"twitter:data2\" content=\"6 minuter\" \/>\n<!-- \/ Yoast SEO Premium plugin. -->","yoast_head_json":{"title":"Fr\u00e5gor och svar r\u00f6rande kriget i Ukraina | Almega","robots":{"index":"index","follow":"follow","max-snippet":"max-snippet:-1","max-image-preview":"max-image-preview:large","max-video-preview":"max-video-preview:-1"},"canonical":"https:\/\/www.almega.se\/2022\/03\/fragor-och-svar-rorande-kriget-i-ukraina\/","og_locale":"sv_SE","og_type":"article","og_title":"Fr\u00e5gor och svar r\u00f6rande kriget i Ukraina","og_description":"1. Vi har personal utstationerad\/uts\u00e4nd i s\u00e5v\u00e4l Ukraina som Ryssland. Hur g\u00f6r vi f\u00f6r att ta hem dem? F\u00f6r personal som \u00e4r kvar i Ukraina eller Ryssland b\u00f6r ni som arbetsgivare f\u00f6lja UD:s rekommendationer och &hellip;","og_url":"https:\/\/www.almega.se\/2022\/03\/fragor-och-svar-rorande-kriget-i-ukraina\/","og_site_name":"Almega","article_published_time":"2022-03-02T14:07:00+00:00","article_modified_time":"2024-09-30T07:56:34+00:00","og_image":[{"width":773,"height":434,"url":"https:\/\/www.almega.se\/app\/uploads\/2022\/03\/ukraina-och-sverige-flaggor.jpg","type":"image\/jpeg"}],"author":"Karin Nyg\u00e5rd","twitter_card":"summary_large_image","twitter_misc":{"Skriven av":"Karin Nyg\u00e5rd","Ber\u00e4knad l\u00e4stid":"6 minuter"},"schema":{"@context":"https:\/\/schema.org","@graph":[{"@type":"NewsArticle","@id":"https:\/\/www.almega.se\/2022\/03\/fragor-och-svar-rorande-kriget-i-ukraina\/#article","isPartOf":{"@id":"https:\/\/www.almega.se\/2022\/03\/fragor-och-svar-rorande-kriget-i-ukraina\/"},"author":{"name":"Karin Nyg\u00e5rd","@id":"https:\/\/www.almega.se\/#\/schema\/person\/eae58f3a71d6b7aa9f71f3139a740a02"},"headline":"Fr\u00e5gor och svar r\u00f6rande kriget i Ukraina","datePublished":"2022-03-02T14:07:00+00:00","dateModified":"2024-09-30T07:56:34+00:00","mainEntityOfPage":{"@id":"https:\/\/www.almega.se\/2022\/03\/fragor-och-svar-rorande-kriget-i-ukraina\/"},"wordCount":1429,"image":{"@id":"https:\/\/www.almega.se\/2022\/03\/fragor-och-svar-rorande-kriget-i-ukraina\/#primaryimage"},"thumbnailUrl":"https:\/\/www.almega.se\/app\/uploads\/2022\/03\/ukraina-och-sverige-flaggor.jpg","keywords":["beredskap","Kriget i Ukraina"],"articleSection":["Arbetsgivarfr\u00e5gor"],"inLanguage":"sv-SE"},{"@type":"WebPage","@id":"https:\/\/www.almega.se\/2022\/03\/fragor-och-svar-rorande-kriget-i-ukraina\/","url":"https:\/\/www.almega.se\/2022\/03\/fragor-och-svar-rorande-kriget-i-ukraina\/","name":"Fr\u00e5gor och svar r\u00f6rande kriget i Ukraina | Almega","isPartOf":{"@id":"https:\/\/www.almega.se\/#website"},"primaryImageOfPage":{"@id":"https:\/\/www.almega.se\/2022\/03\/fragor-och-svar-rorande-kriget-i-ukraina\/#primaryimage"},"image":{"@id":"https:\/\/www.almega.se\/2022\/03\/fragor-och-svar-rorande-kriget-i-ukraina\/#primaryimage"},"thumbnailUrl":"https:\/\/www.almega.se\/app\/uploads\/2022\/03\/ukraina-och-sverige-flaggor.jpg","datePublished":"2022-03-02T14:07:00+00:00","dateModified":"2024-09-30T07:56:34+00:00","author":{"@id":"https:\/\/www.almega.se\/#\/schema\/person\/eae58f3a71d6b7aa9f71f3139a740a02"},"breadcrumb":{"@id":"https:\/\/www.almega.se\/2022\/03\/fragor-och-svar-rorande-kriget-i-ukraina\/#breadcrumb"},"inLanguage":"sv-SE","potentialAction":[{"@type":"ReadAction","target":["https:\/\/www.almega.se\/2022\/03\/fragor-och-svar-rorande-kriget-i-ukraina\/"]}]},{"@type":"ImageObject","inLanguage":"sv-SE","@id":"https:\/\/www.almega.se\/2022\/03\/fragor-och-svar-rorande-kriget-i-ukraina\/#primaryimage","url":"https:\/\/www.almega.se\/app\/uploads\/2022\/03\/ukraina-och-sverige-flaggor.jpg","contentUrl":"https:\/\/www.almega.se\/app\/uploads\/2022\/03\/ukraina-och-sverige-flaggor.jpg","width":773,"height":434},{"@type":"BreadcrumbList","@id":"https:\/\/www.almega.se\/2022\/03\/fragor-och-svar-rorande-kriget-i-ukraina\/#breadcrumb","itemListElement":[{"@type":"ListItem","position":1,"name":"Home","item":"https:\/\/www.almega.se\/"},{"@type":"ListItem","position":2,"name":"Fr\u00e5gor och svar r\u00f6rande kriget i Ukraina"}]},{"@type":"WebSite","@id":"https:\/\/www.almega.se\/#website","url":"https:\/\/www.almega.se\/","name":"Almega","description":"","potentialAction":[{"@type":"SearchAction","target":{"@type":"EntryPoint","urlTemplate":"https:\/\/www.almega.se\/?s={search_term_string}"},"query-input":{"@type":"PropertyValueSpecification","valueRequired":true,"valueName":"search_term_string"}}],"inLanguage":"sv-SE"},{"@type":"Person","@id":"https:\/\/www.almega.se\/#\/schema\/person\/eae58f3a71d6b7aa9f71f3139a740a02","name":"Karin Nyg\u00e5rd","image":{"@type":"ImageObject","inLanguage":"sv-SE","@id":"https:\/\/www.almega.se\/#\/schema\/person\/image\/","url":"https:\/\/secure.gravatar.com\/avatar\/09e5ec3d12974ae686ad90a0a4bf5404c8a4cfdca18f97124f166ab274023818?s=96&d=mm&r=g","contentUrl":"https:\/\/secure.gravatar.com\/avatar\/09e5ec3d12974ae686ad90a0a4bf5404c8a4cfdca18f97124f166ab274023818?s=96&d=mm&r=g","caption":"Karin Nyg\u00e5rd"},"description":"Produkt\u00e4gare Almega.se, samordnar webbutveckling och utveckling av Arbetsgivarguiden.se","url":"https:\/\/www.almega.se\/person\/karinnygard\/"}]}},"_links":{"self":[{"href":"https:\/\/www.almega.se\/api\/wp\/v2\/posts\/57852","targetHints":{"allow":["GET"]}}],"collection":[{"href":"https:\/\/www.almega.se\/api\/wp\/v2\/posts"}],"about":[{"href":"https:\/\/www.almega.se\/api\/wp\/v2\/types\/post"}],"author":[{"embeddable":true,"href":"https:\/\/www.almega.se\/api\/wp\/v2\/users\/14531"}],"replies":[{"embeddable":true,"href":"https:\/\/www.almega.se\/api\/wp\/v2\/comments?post=57852"}],"version-history":[{"count":10,"href":"https:\/\/www.almega.se\/api\/wp\/v2\/posts\/57852\/revisions"}],"predecessor-version":[{"id":76246,"href":"https:\/\/www.almega.se\/api\/wp\/v2\/posts\/57852\/revisions\/76246"}],"wp:featuredmedia":[{"embeddable":true,"href":"https:\/\/www.almega.se\/api\/wp\/v2\/media\/43498"}],"wp:attachment":[{"href":"https:\/\/www.almega.se\/api\/wp\/v2\/media?parent=57852"}],"wp:term":[{"taxonomy":"category","embeddable":true,"href":"https:\/\/www.almega.se\/api\/wp\/v2\/categories?post=57852"},{"taxonomy":"post_tag","embeddable":true,"href":"https:\/\/www.almega.se\/api\/wp\/v2\/tags?post=57852"},{"taxonomy":"type","embeddable":true,"href":"https:\/\/www.almega.se\/api\/wp\/v2\/article_type?post=57852"},{"taxonomy":"agreement","embeddable":true,"href":"https:\/\/www.almega.se\/api\/wp\/v2\/agreement?post=57852"}],"curies":[{"name":"wp","href":"https:\/\/api.w.org\/{rel}","templated":true}]}}