{"id":5749,"date":"2016-06-07T11:00:00","date_gmt":"2016-06-07T11:00:00","guid":{"rendered":"http:\/\/almega-bento\/wp\/blog\/2016\/06\/07\/skarpta-atgarder-mot-missbruk-av-visstidsanstallningar-7\/"},"modified":"2016-06-07T11:00:00","modified_gmt":"2016-06-07T11:00:00","slug":"skarpta-atgarder-mot-missbruk-av-visstidsanstallningar-7","status":"publish","type":"post","link":"https:\/\/www.almega.se\/2016\/06\/skarpta-atgarder-mot-missbruk-av-visstidsanstallningar-7\/","title":{"rendered":"Sk\u00e4rpta \u00e5tg\u00e4rder mot missbruk av visstids&shy;anst\u00e4llningar"},"content":{"rendered":"\n<p class=\"intro\">Den 1 maj 2016 tr\u00e4dde en \u00e4ndring i anst\u00e4llningsskyddslagen, LAS, ang\u00e5ende visstidsanst\u00e4llningar i kraft.<\/p>\n<p>Den nuvarande begr\u00e4nsningen av allm\u00e4n visstidsanst\u00e4llning kompletterades d\u00e5 med en ny regel som inneb\u00e4r att omvandling inte bara ska ske om anst\u00e4llningstiden \u00f6verstiger tv\u00e5 \u00e5r under en fem\u00e5rsperiod, utan ocks\u00e5 om tidsbegr\u00e4nsade anst\u00e4llningar i form av allm\u00e4n visstidsanst\u00e4llning, vikariat och s\u00e4songsarbete enligt anst\u00e4llningsskyddslagen staplats p\u00e5 varandra i en kedja. En anst\u00e4llning ska anses ha f\u00f6ljt p\u00e5 en annan om den tilltr\u00e4tts inom sex m\u00e5nader fr\u00e5n den f\u00f6reg\u00e5ende anst\u00e4llningens slutdag. Den nya omvandlingsregeln g\u00e4ller endast allm\u00e4n visstidsanst\u00e4llning enligt LAS.<\/p>\n<p>Den nya omvandlingsregeln kommer i de flesta fall att endast f\u00e5 liten inverkan p\u00e5 m\u00f6jligheten att visstidsanst\u00e4lla.<\/p>\n<p>Syftet med regeln \u00e4r att en arbetsgivare inte under evig tid ska kunna stapla dessa olika typer av visstidsanst\u00e4llningar p\u00e5 varandra utan att den anst\u00e4llde till slut blir tillsvidareanst\u00e4lld. Bakgrunden till att regeln inf\u00f6rts \u00e4r att nuvarande omvandlingsregler inte helt uppfyllt EU-r\u00e4ttens krav p\u00e5 visstidsanst\u00e4lldas anst\u00e4llningstrygghet.<\/p>\n<p>F\u00f6r exempel se nedan.<\/p>\n<p><strong>Undantag genom kollektivavtal<\/strong><br \/>\nI kollektivavtal kan undantag g\u00f6ras fr\u00e5n denna regel eftersom anst\u00e4llningsskyddslagens regler om tidsbegr\u00e4nsade anst\u00e4llningar \u00e4r dispositiva. Det inneb\u00e4r att den arbetsgivare som \u00e4r bunden av ett kollektivavtal som reglerar tidsbegr\u00e4nsade anst\u00e4llningsformer inte ber\u00f6rs av denna omvandlingsregel. Den nya regeln ber\u00f6r endast anst\u00e4llningsskyddslagens tidsbegr\u00e4nsade anst\u00e4llningsformer allm\u00e4n visstidsanst\u00e4llning, vikariat och s\u00e4songsarbete. Det \u00e4r enbart omvandling av allm\u00e4n visstidsanst\u00e4llning som \u00e4ndrats dels, som tidigare, d\u00e5 anst\u00e4llningstiden \u00f6verstiger tv\u00e5 \u00e5r under en fem\u00e5rsperiod dels, den nya regeln, d\u00e5 allm\u00e4n visstidsanst\u00e4llning ing\u00e5r i en kedja av allm\u00e4n visstidsanst\u00e4llning, vikariat och s\u00e4songsanst\u00e4llning.<\/p>\n<p>F\u00f6r vikariat g\u00e4ller samma omvandlingsregler som tidigare dvs tv\u00e5 \u00e5r under en fem\u00e5rsperiod.<\/p>\n<p><strong>LAS regler g\u00e4ller f\u00f6r Biografavtalet, vilket inneb\u00e4r att den nya omvandlingsregeln blir g\u00e4llande. F\u00f6r exempel se nedan.<\/strong><\/p>\n<p><strong>Ut\u00f6kad r\u00e4tt till information<\/strong><br \/>\nArbetstagare med tidsbegr\u00e4nsad anst\u00e4llning f\u00e5r en ut\u00f6kad r\u00e4tt till information. Det inneb\u00e4r att arbetsgivare p\u00e5 beg\u00e4ran av arbetstagare som \u00e4r tidsbegr\u00e4nsat anst\u00e4lld enligt anst\u00e4llningsskyddslagen ska l\u00e4mna skriftlig information om anst\u00e4llningar som har betydelse f\u00f6r till\u00e4mpningen av omvandlingsreglerna i LAS, det vill s\u00e4ga allm\u00e4n visstidsanst\u00e4llning, vikariat och s\u00e4songsanst\u00e4llning. Informationen ska ange den tidsbegr\u00e4nsade anst\u00e4llningens form, tilltr\u00e4desdag och slutdag och l\u00e4mnas tre veckor fr\u00e5n beg\u00e4ran.<\/p>\n<p><strong>Exempel<\/strong><br \/>\nF\u00f6ljande exempel visar hur den kompletterande regeln som inf\u00f6rts i LAS 1 maj 2016 fungerar.<\/p>\n<ul>\n<li>Arbetstagaren Eva har en allm\u00e4n visstidsanst\u00e4llning tre m\u00e5nader mellan 1 maj \u2013 1 augusti 2016.<\/li>\n<li>Efter fem m\u00e5nader f\u00e5r hon ett vikariat p\u00e5 tre m\u00e5nader, 1 september \u2013 1 december.<\/li>\n<li>Sex m\u00e5nader senare, 1 juni 2017 f\u00e5r hon en ny allm\u00e4n visstidsanst\u00e4llning. Den p\u00e5g\u00e5r i tre m\u00e5nader och upph\u00f6r per den 1 september.<\/li>\n<li>Tre m\u00e5nader senare f\u00e5r hon en s\u00e4songsanst\u00e4llning p\u00e5 tv\u00e5 m\u00e5nader, 1 december \u2013 1 februari 2018.<\/li>\n<li>Fyra m\u00e5nader senare, den 1 juni, f\u00e5r hon en allm\u00e4n visstidsanst\u00e4llning som p\u00e5g\u00e5r i \u00e5tta m\u00e5nader, till den 1 februari 2019.<\/li>\n<li>Sex m\u00e5nader senare, 1 augusti, f\u00e5r hon ett vikariat p\u00e5 tre m\u00e5nader, till och med den 1 november.<\/li>\n<li>Sex m\u00e5nader d\u00e4refter p\u00e5b\u00f6rjar hon en allm\u00e4n visstidsanst\u00e4llning p\u00e5 tre m\u00e5nader, 1 maj\u00a0 \u2013 1 augusti 2020.<\/li>\n<li>N\u00e4sta anst\u00e4llning p\u00e5b\u00f6rjas tre m\u00e5nader senare. Det \u00e4r ett vikariat som p\u00e5g\u00e5r tv\u00e5 m\u00e5nader, 1 november 2020 \u2013 1 januari 2021.<\/li>\n<li>Tv\u00e5 m\u00e5nader senare har hon en allm\u00e4n visstidsanst\u00e4llning i tv\u00e5 m\u00e5nader, 1 mars \u2013 1 maj.<\/li>\n<\/ul>\n<p>Nu har det g\u00e5tt fem \u00e5r sedan Eva p\u00e5b\u00f6rjade sin f\u00f6rsta allm\u00e4nna visstidsanst\u00e4llning. Den sammanlagda tid hon haft allm\u00e4n visstidsanst\u00e4llning under denna tid \u00e4r 1 \u00e5r och 7 m\u00e5nader. Kravet p\u00e5 tv\u00e5 \u00e5rs allm\u00e4n visstidsanst\u00e4llning under fem \u00e5r \u00e4r allts\u00e5 inte uppfyllt och det sker d\u00e4rf\u00f6r ingen omvandling till en tillsvidareanst\u00e4llning.<\/p>\n<ul>\n<li>Tv\u00e5 m\u00e5nader senare har Eva ett vikariat p\u00e5 tre m\u00e5nader, 1 juli 2021 \u2013 1 oktober 2021.<\/li>\n<\/ul>\n<p>Nu har det g\u00e5tt fem \u00e5r sedan Eva hade sitt f\u00f6rsta vikariat. Den sammanlagda tid hon haft vikariat under dessa \u00e5r uppg\u00e5r till 11 m\u00e5nader. Kravet p\u00e5 tv\u00e5 \u00e5rs vikariat under fem \u00e5r \u00e4r allts\u00e5 inte uppfyllt och det sker d\u00e4rf\u00f6r ingen omvandling till en tillsvidareanst\u00e4llning.<\/p>\n<ul>\n<li>Fyra m\u00e5nader senare har hon ett vikariat p\u00e5 fyra m\u00e5nader, 1 februari \u2013 1 juni 2022. Hon n\u00e5r inte heller efter denna anst\u00e4llning upp till tv\u00e5 \u00e5rs vikariatstid r\u00e4knat fem \u00e5r tillbaka i tiden, fr\u00e5n och med den 1 februari 2018.<\/li>\n<li>Sex m\u00e5nader senare har hon en allm\u00e4n visstidsanst\u00e4llning p\u00e5 sex m\u00e5nader, 1 december 2022 \u2013 1 juni 2023.<\/li>\n<\/ul>\n<p>R\u00e4knat fr\u00e5n fem \u00e5r tillbaka, fr\u00e5n och med den 1 juni 2018, har hon haft allm\u00e4n visstidsanst\u00e4llning i 19 m\u00e5nader, det vill s\u00e4ga i mindre \u00e4n tv\u00e5 \u00e5r. Enligt den regel som g\u00e4llt sedan tidigare sker d\u00e4rf\u00f6r ingen omvandling.<\/p>\n<p>Nu kommer den nya kompletterande regeln in i bilden. Sedan sin f\u00f6rsta allm\u00e4nna visstidsanst\u00e4llning, den som b\u00f6rjade 1 maj 2016, har Eva nu varit anst\u00e4lld i den anst\u00e4llningsformen i tv\u00e5 \u00e5r och en m\u00e5nad. Den period dessa anst\u00e4llningar omfattar \u00e4r fr\u00e5n 1 maj 2016 \u2013 1 maj 2023, det vill s\u00e4ga en period p\u00e5 sju \u00e5r. Om man nu g\u00e5r tillbaka och tittar p\u00e5 hur l\u00e5nga mellanrum det varit mellan alla hennes visstidsanst\u00e4llningar under dessa sju \u00e5r finner man att inget mellanrum varit l\u00e4ngre \u00e4n sex m\u00e5nader. Detta inneb\u00e4r att den kompletterande regeln \u00e4r till\u00e4mplig och att den sista allm\u00e4nna visstidsanst\u00e4llningen i raden omvandlades till en tillsvidareanst\u00e4llning den 2 april 2023. Den dagen hade hon n\u00e4mligen varit allm\u00e4nt visstidsanst\u00e4lld i mer \u00e4n tv\u00e5 \u00e5r under en den period hon haft de tre olika visstidsanst\u00e4llningsformerna med uppeh\u00e5ll mellan dem som varit max sex m\u00e5nader.<\/p>\n","protected":false},"excerpt":{"rendered":"<p>Den 1 maj 2016 tr\u00e4dde en \u00e4ndring i anst\u00e4llningsskyddslagen, LAS, ang\u00e5ende visstidsanst\u00e4llningar i kraft. <\/p>\n","protected":false},"author":1,"featured_media":0,"comment_status":"closed","ping_status":"open","sticky":false,"template":"","format":"standard","meta":{"_acf_changed":false,"footnotes":""},"categories":[1],"tags":[],"article_type":[313,307],"agreement":[132],"class_list":["post-5749","post","type-post","status-publish","format-standard","hentry","category-okategoriserade","type-arbetsgivarnytt","type-medlemsnyheter","agreement-12ce80f7-ff07-de11-b4e1-02bf9e69ca65"],"acf":[],"yoast_head":"<!-- This site is optimized with the Yoast SEO Premium plugin v26.8 (Yoast SEO v26.8) - https:\/\/yoast.com\/product\/yoast-seo-premium-wordpress\/ -->\n<title>Sk\u00e4rpta \u00e5tg\u00e4rder mot missbruk av visstidsanst\u00e4llningar | Almega<\/title>\n<meta name=\"robots\" content=\"index, follow, max-snippet:-1, max-image-preview:large, max-video-preview:-1\" \/>\n<link rel=\"canonical\" href=\"https:\/\/www.almega.se\/2016\/06\/skarpta-atgarder-mot-missbruk-av-visstidsanstallningar-7\/\" \/>\n<meta property=\"og:locale\" content=\"sv_SE\" \/>\n<meta property=\"og:type\" content=\"article\" \/>\n<meta property=\"og:title\" content=\"Sk\u00e4rpta \u00e5tg\u00e4rder mot missbruk av visstidsanst\u00e4llningar\" \/>\n<meta property=\"og:description\" content=\"Den 1 maj 2016 tr\u00e4dde en \u00e4ndring i anst\u00e4llningsskyddslagen, LAS, ang\u00e5ende visstidsanst\u00e4llningar i kraft.\" \/>\n<meta property=\"og:url\" content=\"https:\/\/www.almega.se\/2016\/06\/skarpta-atgarder-mot-missbruk-av-visstidsanstallningar-7\/\" \/>\n<meta property=\"og:site_name\" content=\"Almega\" \/>\n<meta property=\"article:published_time\" content=\"2016-06-07T11:00:00+00:00\" \/>\n<meta property=\"og:image\" content=\"https:\/\/www.almega.se\/app\/uploads\/2020\/12\/almega-share-logo.png\" \/>\n\t<meta property=\"og:image:width\" content=\"1200\" \/>\n\t<meta property=\"og:image:height\" content=\"630\" \/>\n\t<meta property=\"og:image:type\" content=\"image\/png\" \/>\n<meta name=\"author\" content=\"admin\" \/>\n<meta name=\"twitter:card\" content=\"summary_large_image\" \/>\n<meta name=\"twitter:label1\" content=\"Skriven av\" \/>\n\t<meta name=\"twitter:data1\" content=\"admin\" \/>\n\t<meta name=\"twitter:label2\" content=\"Ber\u00e4knad l\u00e4stid\" \/>\n\t<meta name=\"twitter:data2\" content=\"5 minuter\" \/>\n<!-- \/ Yoast SEO Premium plugin. -->","yoast_head_json":{"title":"Sk\u00e4rpta \u00e5tg\u00e4rder mot missbruk av visstidsanst\u00e4llningar | Almega","robots":{"index":"index","follow":"follow","max-snippet":"max-snippet:-1","max-image-preview":"max-image-preview:large","max-video-preview":"max-video-preview:-1"},"canonical":"https:\/\/www.almega.se\/2016\/06\/skarpta-atgarder-mot-missbruk-av-visstidsanstallningar-7\/","og_locale":"sv_SE","og_type":"article","og_title":"Sk\u00e4rpta \u00e5tg\u00e4rder mot missbruk av visstidsanst\u00e4llningar","og_description":"Den 1 maj 2016 tr\u00e4dde en \u00e4ndring i anst\u00e4llningsskyddslagen, LAS, ang\u00e5ende visstidsanst\u00e4llningar i kraft.","og_url":"https:\/\/www.almega.se\/2016\/06\/skarpta-atgarder-mot-missbruk-av-visstidsanstallningar-7\/","og_site_name":"Almega","article_published_time":"2016-06-07T11:00:00+00:00","og_image":[{"width":1200,"height":630,"url":"https:\/\/www.almega.se\/app\/uploads\/2020\/12\/almega-share-logo.png","type":"image\/png"}],"author":"admin","twitter_card":"summary_large_image","twitter_misc":{"Skriven av":"admin","Ber\u00e4knad l\u00e4stid":"5 minuter"},"schema":{"@context":"https:\/\/schema.org","@graph":[{"@type":"NewsArticle","@id":"https:\/\/www.almega.se\/2016\/06\/skarpta-atgarder-mot-missbruk-av-visstidsanstallningar-7\/#article","isPartOf":{"@id":"https:\/\/www.almega.se\/2016\/06\/skarpta-atgarder-mot-missbruk-av-visstidsanstallningar-7\/"},"author":{"name":"admin","@id":"https:\/\/www.almega.se\/#\/schema\/person\/9c3674d192fb8b2d1d8b7a3f31c5151d"},"headline":"Sk\u00e4rpta \u00e5tg\u00e4rder mot missbruk av visstids&shy;anst\u00e4llningar","datePublished":"2016-06-07T11:00:00+00:00","mainEntityOfPage":{"@id":"https:\/\/www.almega.se\/2016\/06\/skarpta-atgarder-mot-missbruk-av-visstidsanstallningar-7\/"},"wordCount":1039,"inLanguage":"sv-SE"},{"@type":"WebPage","@id":"https:\/\/www.almega.se\/2016\/06\/skarpta-atgarder-mot-missbruk-av-visstidsanstallningar-7\/","url":"https:\/\/www.almega.se\/2016\/06\/skarpta-atgarder-mot-missbruk-av-visstidsanstallningar-7\/","name":"Sk\u00e4rpta \u00e5tg\u00e4rder mot missbruk av visstidsanst\u00e4llningar | Almega","isPartOf":{"@id":"https:\/\/www.almega.se\/#website"},"datePublished":"2016-06-07T11:00:00+00:00","author":{"@id":"https:\/\/www.almega.se\/#\/schema\/person\/9c3674d192fb8b2d1d8b7a3f31c5151d"},"breadcrumb":{"@id":"https:\/\/www.almega.se\/2016\/06\/skarpta-atgarder-mot-missbruk-av-visstidsanstallningar-7\/#breadcrumb"},"inLanguage":"sv-SE","potentialAction":[{"@type":"ReadAction","target":["https:\/\/www.almega.se\/2016\/06\/skarpta-atgarder-mot-missbruk-av-visstidsanstallningar-7\/"]}]},{"@type":"BreadcrumbList","@id":"https:\/\/www.almega.se\/2016\/06\/skarpta-atgarder-mot-missbruk-av-visstidsanstallningar-7\/#breadcrumb","itemListElement":[{"@type":"ListItem","position":1,"name":"Home","item":"https:\/\/www.almega.se\/"},{"@type":"ListItem","position":2,"name":"Sk\u00e4rpta \u00e5tg\u00e4rder mot missbruk av visstids&shy;anst\u00e4llningar"}]},{"@type":"WebSite","@id":"https:\/\/www.almega.se\/#website","url":"https:\/\/www.almega.se\/","name":"Almega","description":"","potentialAction":[{"@type":"SearchAction","target":{"@type":"EntryPoint","urlTemplate":"https:\/\/www.almega.se\/?s={search_term_string}"},"query-input":{"@type":"PropertyValueSpecification","valueRequired":true,"valueName":"search_term_string"}}],"inLanguage":"sv-SE"},{"@type":"Person","@id":"https:\/\/www.almega.se\/#\/schema\/person\/9c3674d192fb8b2d1d8b7a3f31c5151d","name":"admin","image":{"@type":"ImageObject","inLanguage":"sv-SE","@id":"https:\/\/www.almega.se\/#\/schema\/person\/image\/","url":"https:\/\/secure.gravatar.com\/avatar\/13aac7e7a7582f599e3ba7706cec051e12eac4ad6c2ffe6f9d24800e63294187?s=96&d=mm&r=g","contentUrl":"https:\/\/secure.gravatar.com\/avatar\/13aac7e7a7582f599e3ba7706cec051e12eac4ad6c2ffe6f9d24800e63294187?s=96&d=mm&r=g","caption":"admin"},"url":"https:\/\/www.almega.se\/person\/admin\/"}]}},"_links":{"self":[{"href":"https:\/\/www.almega.se\/api\/wp\/v2\/posts\/5749","targetHints":{"allow":["GET"]}}],"collection":[{"href":"https:\/\/www.almega.se\/api\/wp\/v2\/posts"}],"about":[{"href":"https:\/\/www.almega.se\/api\/wp\/v2\/types\/post"}],"author":[{"embeddable":true,"href":"https:\/\/www.almega.se\/api\/wp\/v2\/users\/1"}],"replies":[{"embeddable":true,"href":"https:\/\/www.almega.se\/api\/wp\/v2\/comments?post=5749"}],"version-history":[{"count":1,"href":"https:\/\/www.almega.se\/api\/wp\/v2\/posts\/5749\/revisions"}],"predecessor-version":[{"id":58326,"href":"https:\/\/www.almega.se\/api\/wp\/v2\/posts\/5749\/revisions\/58326"}],"wp:attachment":[{"href":"https:\/\/www.almega.se\/api\/wp\/v2\/media?parent=5749"}],"wp:term":[{"taxonomy":"category","embeddable":true,"href":"https:\/\/www.almega.se\/api\/wp\/v2\/categories?post=5749"},{"taxonomy":"post_tag","embeddable":true,"href":"https:\/\/www.almega.se\/api\/wp\/v2\/tags?post=5749"},{"taxonomy":"type","embeddable":true,"href":"https:\/\/www.almega.se\/api\/wp\/v2\/article_type?post=5749"},{"taxonomy":"agreement","embeddable":true,"href":"https:\/\/www.almega.se\/api\/wp\/v2\/agreement?post=5749"}],"curies":[{"name":"wp","href":"https:\/\/api.w.org\/{rel}","templated":true}]}}