{"id":5743,"date":"2016-06-09T10:00:00","date_gmt":"2016-06-09T10:00:00","guid":{"rendered":"http:\/\/almega-bento\/wp\/blog\/2016\/06\/09\/skarpta-atgarder-mot-missbruk-av-visstidsanstallningar-4\/"},"modified":"2016-06-09T10:00:00","modified_gmt":"2016-06-09T10:00:00","slug":"skarpta-atgarder-mot-missbruk-av-visstidsanstallningar-4","status":"publish","type":"post","link":"https:\/\/www.almega.se\/2016\/06\/skarpta-atgarder-mot-missbruk-av-visstidsanstallningar-4\/","title":{"rendered":"Sk\u00e4rpta \u00e5tg\u00e4rder mot missbruk av visstids&shy;anst\u00e4llningar"},"content":{"rendered":"\n<p class=\"intro\">Den 1 maj 2016 tr\u00e4dde en \u00e4ndring i anst\u00e4llningsskyddslagen, LAS, ang\u00e5ende visstidsanst\u00e4llningar i kraft. <\/p>\n<p>Den nuvarande begr&auml;nsningen av allm&auml;n visstidsanst&auml;llning kompletterades d&aring; med en ny regel som inneb&auml;r att omvandling inte bara ska ske om anst&auml;llningstiden &ouml;verstiger tv&aring; &aring;r under en fem&aring;rsperiod, utan ocks&aring; om tidsbegr&auml;nsade anst&auml;llningar i form av allm&auml;n visstidsanst&auml;llning, vikariat och s&auml;songsarbete enligt anst&auml;llningsskyddslagen staplats p&aring; varandra i en kedja. En anst&auml;llning ska anses ha f&ouml;ljt p&aring; en annan om den tilltr&auml;tts inom sex m&aring;nader fr&aring;n den f&ouml;reg&aring;ende anst&auml;llningens slutdag. Den nya omvandlingsregeln g&auml;ller endast allm&auml;n visstidsanst&auml;llning enligt LAS.<\/p>\n<p>Den nya omvandlingsregeln kommer i de flesta fall att endast f&aring; liten inverkan p&aring; m&ouml;jligheten att visstidsanst&auml;lla.<\/p>\n<p>Syftet med regeln &auml;r att en arbetsgivare inte under evig tid ska kunna stapla dessa olika typer av visstidsanst&auml;llningar p&aring; varandra utan att den anst&auml;llde till slut blir tillsvidareanst&auml;lld. Bakgrunden till att regeln inf&ouml;rts &auml;r att nuvarande omvandlingsregler inte helt uppfyllt EU-r&auml;ttens krav p&aring; visstidsanst&auml;lldas anst&auml;llningstrygghet.<\/p>\n<p>F&ouml;r exempel se nedan.<\/p>\n<p><strong>Undantag genom kollektivavtal<\/strong><br \/>  I kollektivavtal kan undantag g&ouml;ras fr&aring;n denna regel eftersom anst&auml;llningsskyddslagens regler om tidsbegr&auml;nsade anst&auml;llningar &auml;r dispositiva. Det inneb&auml;r att den arbetsgivare som &auml;r bunden av ett kollektivavtal som reglerar tidsbegr&auml;nsade anst&auml;llningsformer inte ber&ouml;rs av denna omvandlingsregel. Den nya regeln ber&ouml;r endast anst&auml;llningsskyddslagens tidsbegr&auml;nsade anst&auml;llningsformer allm&auml;n visstidsanst&auml;llning, vikariat och s&auml;songsarbete. Det &auml;r enbart omvandling av allm&auml;n visstidsanst&auml;llning som &auml;ndrats dels, som tidigare, d&aring; anst&auml;llningstiden &ouml;verstiger tv&aring; &aring;r under en fem&aring;rsperiod dels, den nya regeln, d&aring; allm&auml;n visstidsanst&auml;llning ing&aring;r i en kedja av allm&auml;n visstidsanst&auml;llning, vikariat och s&auml;songsanst&auml;llning.<\/p>\n<p>F&ouml;r vikariat g&auml;ller samma omvandlingsregler som tidigare dvs tv&aring; &aring;r under en fem&aring;rsperiod.<\/p>\n<p>Inom branschavtal Telekom g&auml;ller anst&auml;llningsformerna i LAS, vilket inneb&auml;r att de nya reglerna ska till&auml;mpas inom avtalsomr&aring;det s&aring;vitt f&ouml;retaget inte tr&auml;ffar avvikande regler om andra anst&auml;llningsformer eller andra omvandlingsregler i lokalt avtal.<\/p>\n<p><strong>Ut&ouml;kad r&auml;tt till information<\/strong><br \/>  Arbetstagare med tidsbegr&auml;nsad anst&auml;llning f&aring;r en ut&ouml;kad r&auml;tt till information. Det inneb&auml;r att arbetsgivare p&aring; beg&auml;ran av arbetstagare som &auml;r tidsbegr&auml;nsat anst&auml;lld enligt anst&auml;llningsskyddslagen ska l&auml;mna skriftlig information om anst&auml;llningar som har betydelse f&ouml;r till&auml;mpningen av omvandlingsreglerna i LAS, det vill s&auml;ga allm&auml;n visstidsanst&auml;llning, vikariat och s&auml;songsanst&auml;llning. Informationen ska ange den tidsbegr&auml;nsade anst&auml;llningens form, tilltr&auml;desdag och slutdag och l&auml;mnas tre veckor fr&aring;n beg&auml;ran.<\/p>\n<p><strong>Exempel<\/strong><br \/>  F&ouml;ljande exempel visar hur den kompletterande regeln som inf&ouml;rts i LAS 1 maj 2016 fungerar.<\/p>\n<ul>\n<li>Arbetstagaren Eva har en allm&auml;n visstidsanst&auml;llning tre m&aring;nader mellan 1 maj &ndash; 1 augusti 2016.<\/li>\n<li>Efter fem m&aring;nader f&aring;r hon ett vikariat p&aring; tre m&aring;nader, 1 september &ndash; 1 december.<\/li>\n<li>Sex m&aring;nader senare, 1 juni 2017 f&aring;r hon en ny allm&auml;n visstidsanst&auml;llning. Den p&aring;g&aring;r i tre m&aring;nader och upph&ouml;r per den 1 september.<\/li>\n<li>Tre m&aring;nader senare f&aring;r hon en s&auml;songsanst&auml;llning p&aring; tv&aring; m&aring;nader, 1 december &ndash; 1 februari 2018.<\/li>\n<li>Fyra m&aring;nader senare, den 1 juni, f&aring;r hon en allm&auml;n visstidsanst&auml;llning som p&aring;g&aring;r i &aring;tta m&aring;nader, till den 1 februari 2019.<\/li>\n<li>Sex m&aring;nader senare, 1 augusti, f&aring;r hon ett vikariat p&aring; tre m&aring;nader, till och med den 1 november.<\/li>\n<li>Sex m&aring;nader d&auml;refter p&aring;b&ouml;rjar hon en allm&auml;n visstidsanst&auml;llning p&aring; tre m&aring;nader, 1 maj&nbsp; &ndash; 1 augusti 2020.<\/li>\n<li>N&auml;sta anst&auml;llning p&aring;b&ouml;rjas tre m&aring;nader senare. Det &auml;r ett vikariat som p&aring;g&aring;r tv&aring; m&aring;nader, 1 november 2020 &ndash; 1 januari 2021.<\/li>\n<li>Tv&aring; m&aring;nader senare har hon en allm&auml;n visstidsanst&auml;llning i tv&aring; m&aring;nader, 1 mars &ndash; 1 maj.<\/li>\n<\/ul>\n<p>Nu har det g&aring;tt fem &aring;r sedan Eva p&aring;b&ouml;rjade sin f&ouml;rsta allm&auml;nna visstidsanst&auml;llning. Den sammanlagda tid hon haft allm&auml;n visstidsanst&auml;llning under denna tid &auml;r 1 &aring;r och 7 m&aring;nader. Kravet p&aring; tv&aring; &aring;rs allm&auml;n visstidsanst&auml;llning under fem &aring;r &auml;r allts&aring; inte uppfyllt och det sker d&auml;rf&ouml;r ingen omvandling till en tillsvidareanst&auml;llning.<\/p>\n<ul>\n<li>Tv&aring; m&aring;nader senare har Eva ett vikariat p&aring; tre m&aring;nader, 1 juli 2021 &ndash; 1 oktober 2021.<\/li>\n<\/ul>\n<p>Nu har det g&aring;tt fem &aring;r sedan Eva hade sitt f&ouml;rsta vikariat. Den sammanlagda tid hon haft vikariat under dessa &aring;r uppg&aring;r till 11 m&aring;nader. Kravet p&aring; tv&aring; &aring;rs vikariat under fem &aring;r &auml;r allts&aring; inte uppfyllt och det sker d&auml;rf&ouml;r ingen omvandling till en tillsvidareanst&auml;llning.<\/p>\n<ul>\n<li>Fyra m&aring;nader senare har hon ett vikariat p&aring; fyra m&aring;nader, 1 februari &ndash; 1 juni 2022. Hon n&aring;r inte heller efter denna anst&auml;llning upp till tv&aring; &aring;rs vikariatstid r&auml;knat fem &aring;r tillbaka i tiden, fr&aring;n och med den 1 februari 2018.<\/li>\n<li>Sex m&aring;nader senare har hon en allm&auml;n visstidsanst&auml;llning p&aring; sex m&aring;nader, 1 december 2022 &ndash; 1 juni 2023.<\/li>\n<\/ul>\n<p>R&auml;knat fr&aring;n fem &aring;r tillbaka, fr&aring;n och med den 1 juni 2018, har hon haft allm&auml;n visstidsanst&auml;llning i 19 m&aring;nader, det vill s&auml;ga i mindre &auml;n tv&aring; &aring;r. Enligt den regel som g&auml;llt sedan tidigare sker d&auml;rf&ouml;r ingen omvandling.<\/p>\n<p>Nu kommer den nya kompletterande regeln in i bilden. Sedan sin f&ouml;rsta allm&auml;nna visstidsanst&auml;llning, den som b&ouml;rjade 1 maj 2016, har Eva nu varit anst&auml;lld i den anst&auml;llningsformen i tv&aring; &aring;r och en m&aring;nad. Den period dessa anst&auml;llningar omfattar &auml;r fr&aring;n 1 maj 2016 &ndash; 1 maj 2023, det vill s&auml;ga en period p&aring; sju &aring;r. Om man nu g&aring;r tillbaka och tittar p&aring; hur l&aring;nga mellanrum det varit mellan alla hennes visstidsanst&auml;llningar under dessa sju &aring;r finner man att inget mellanrum varit l&auml;ngre &auml;n sex m&aring;nader. Detta inneb&auml;r att den kompletterande regeln &auml;r till&auml;mplig och att den sista allm&auml;nna visstidsanst&auml;llningen i raden omvandlades till en tillsvidareanst&auml;llning den 2 april 2023. Den dagen hade hon n&auml;mligen varit allm&auml;nt visstidsanst&auml;lld i mer &auml;n tv&aring; &aring;r under en den period hon haft de tre olika visstidsanst&auml;llningsformerna med uppeh&aring;ll mellan dem som varit max sex m&aring;nader.<\/p>\n<\/p>\n","protected":false},"excerpt":{"rendered":"<p>Den 1 maj 2016 tr\u00e4dde en \u00e4ndring i anst\u00e4llningsskyddslagen, LAS, ang\u00e5ende visstidsanst\u00e4llningar i kraft. <\/p>\n","protected":false},"author":1,"featured_media":0,"comment_status":"closed","ping_status":"open","sticky":false,"template":"","format":"standard","meta":{"_acf_changed":false,"footnotes":""},"categories":[1],"tags":[],"article_type":[313],"agreement":[218],"class_list":["post-5743","post","type-post","status-publish","format-standard","hentry","category-okategoriserade","type-arbetsgivarnytt","agreement-99ce80f7-ff07-de11-b4e1-02bf9e69ca65"],"acf":[],"yoast_head":"<!-- This site is optimized with the Yoast SEO Premium plugin v26.8 (Yoast SEO v26.8) - https:\/\/yoast.com\/product\/yoast-seo-premium-wordpress\/ -->\n<title>Sk\u00e4rpta \u00e5tg\u00e4rder mot missbruk av visstidsanst\u00e4llningar | Almega<\/title>\n<meta name=\"robots\" content=\"index, follow, max-snippet:-1, max-image-preview:large, max-video-preview:-1\" \/>\n<link rel=\"canonical\" href=\"https:\/\/www.almega.se\/2016\/06\/skarpta-atgarder-mot-missbruk-av-visstidsanstallningar-4\/\" \/>\n<meta property=\"og:locale\" content=\"sv_SE\" \/>\n<meta property=\"og:type\" content=\"article\" \/>\n<meta property=\"og:title\" content=\"Sk\u00e4rpta \u00e5tg\u00e4rder mot missbruk av visstidsanst\u00e4llningar\" \/>\n<meta property=\"og:description\" content=\"Den 1 maj 2016 tr\u00e4dde en \u00e4ndring i anst\u00e4llningsskyddslagen, LAS, ang\u00e5ende visstidsanst\u00e4llningar i kraft.\" \/>\n<meta property=\"og:url\" content=\"https:\/\/www.almega.se\/2016\/06\/skarpta-atgarder-mot-missbruk-av-visstidsanstallningar-4\/\" \/>\n<meta property=\"og:site_name\" content=\"Almega\" \/>\n<meta property=\"article:published_time\" content=\"2016-06-09T10:00:00+00:00\" \/>\n<meta property=\"og:image\" content=\"https:\/\/www.almega.se\/app\/uploads\/2020\/12\/almega-share-logo.png\" \/>\n\t<meta property=\"og:image:width\" content=\"1200\" \/>\n\t<meta property=\"og:image:height\" content=\"630\" \/>\n\t<meta property=\"og:image:type\" content=\"image\/png\" \/>\n<meta name=\"author\" content=\"admin\" \/>\n<meta name=\"twitter:card\" content=\"summary_large_image\" \/>\n<meta name=\"twitter:label1\" content=\"Skriven av\" \/>\n\t<meta name=\"twitter:data1\" content=\"admin\" \/>\n\t<meta name=\"twitter:label2\" content=\"Ber\u00e4knad l\u00e4stid\" \/>\n\t<meta name=\"twitter:data2\" content=\"7 minuter\" \/>\n<!-- \/ Yoast SEO Premium plugin. -->","yoast_head_json":{"title":"Sk\u00e4rpta \u00e5tg\u00e4rder mot missbruk av visstidsanst\u00e4llningar | Almega","robots":{"index":"index","follow":"follow","max-snippet":"max-snippet:-1","max-image-preview":"max-image-preview:large","max-video-preview":"max-video-preview:-1"},"canonical":"https:\/\/www.almega.se\/2016\/06\/skarpta-atgarder-mot-missbruk-av-visstidsanstallningar-4\/","og_locale":"sv_SE","og_type":"article","og_title":"Sk\u00e4rpta \u00e5tg\u00e4rder mot missbruk av visstidsanst\u00e4llningar","og_description":"Den 1 maj 2016 tr\u00e4dde en \u00e4ndring i anst\u00e4llningsskyddslagen, LAS, ang\u00e5ende visstidsanst\u00e4llningar i kraft.","og_url":"https:\/\/www.almega.se\/2016\/06\/skarpta-atgarder-mot-missbruk-av-visstidsanstallningar-4\/","og_site_name":"Almega","article_published_time":"2016-06-09T10:00:00+00:00","og_image":[{"width":1200,"height":630,"url":"https:\/\/www.almega.se\/app\/uploads\/2020\/12\/almega-share-logo.png","type":"image\/png"}],"author":"admin","twitter_card":"summary_large_image","twitter_misc":{"Skriven av":"admin","Ber\u00e4knad l\u00e4stid":"7 minuter"},"schema":{"@context":"https:\/\/schema.org","@graph":[{"@type":"NewsArticle","@id":"https:\/\/www.almega.se\/2016\/06\/skarpta-atgarder-mot-missbruk-av-visstidsanstallningar-4\/#article","isPartOf":{"@id":"https:\/\/www.almega.se\/2016\/06\/skarpta-atgarder-mot-missbruk-av-visstidsanstallningar-4\/"},"author":{"name":"admin","@id":"https:\/\/www.almega.se\/#\/schema\/person\/9c3674d192fb8b2d1d8b7a3f31c5151d"},"headline":"Sk\u00e4rpta \u00e5tg\u00e4rder mot missbruk av visstids&shy;anst\u00e4llningar","datePublished":"2016-06-09T10:00:00+00:00","mainEntityOfPage":{"@id":"https:\/\/www.almega.se\/2016\/06\/skarpta-atgarder-mot-missbruk-av-visstidsanstallningar-4\/"},"wordCount":1363,"inLanguage":"sv-SE"},{"@type":"WebPage","@id":"https:\/\/www.almega.se\/2016\/06\/skarpta-atgarder-mot-missbruk-av-visstidsanstallningar-4\/","url":"https:\/\/www.almega.se\/2016\/06\/skarpta-atgarder-mot-missbruk-av-visstidsanstallningar-4\/","name":"Sk\u00e4rpta \u00e5tg\u00e4rder mot missbruk av visstidsanst\u00e4llningar | Almega","isPartOf":{"@id":"https:\/\/www.almega.se\/#website"},"datePublished":"2016-06-09T10:00:00+00:00","author":{"@id":"https:\/\/www.almega.se\/#\/schema\/person\/9c3674d192fb8b2d1d8b7a3f31c5151d"},"breadcrumb":{"@id":"https:\/\/www.almega.se\/2016\/06\/skarpta-atgarder-mot-missbruk-av-visstidsanstallningar-4\/#breadcrumb"},"inLanguage":"sv-SE","potentialAction":[{"@type":"ReadAction","target":["https:\/\/www.almega.se\/2016\/06\/skarpta-atgarder-mot-missbruk-av-visstidsanstallningar-4\/"]}]},{"@type":"BreadcrumbList","@id":"https:\/\/www.almega.se\/2016\/06\/skarpta-atgarder-mot-missbruk-av-visstidsanstallningar-4\/#breadcrumb","itemListElement":[{"@type":"ListItem","position":1,"name":"Home","item":"https:\/\/www.almega.se\/"},{"@type":"ListItem","position":2,"name":"Sk\u00e4rpta \u00e5tg\u00e4rder mot missbruk av visstids&shy;anst\u00e4llningar"}]},{"@type":"WebSite","@id":"https:\/\/www.almega.se\/#website","url":"https:\/\/www.almega.se\/","name":"Almega","description":"","potentialAction":[{"@type":"SearchAction","target":{"@type":"EntryPoint","urlTemplate":"https:\/\/www.almega.se\/?s={search_term_string}"},"query-input":{"@type":"PropertyValueSpecification","valueRequired":true,"valueName":"search_term_string"}}],"inLanguage":"sv-SE"},{"@type":"Person","@id":"https:\/\/www.almega.se\/#\/schema\/person\/9c3674d192fb8b2d1d8b7a3f31c5151d","name":"admin","image":{"@type":"ImageObject","inLanguage":"sv-SE","@id":"https:\/\/www.almega.se\/#\/schema\/person\/image\/","url":"https:\/\/secure.gravatar.com\/avatar\/13aac7e7a7582f599e3ba7706cec051e12eac4ad6c2ffe6f9d24800e63294187?s=96&d=mm&r=g","contentUrl":"https:\/\/secure.gravatar.com\/avatar\/13aac7e7a7582f599e3ba7706cec051e12eac4ad6c2ffe6f9d24800e63294187?s=96&d=mm&r=g","caption":"admin"},"url":"https:\/\/www.almega.se\/person\/admin\/"}]}},"_links":{"self":[{"href":"https:\/\/www.almega.se\/api\/wp\/v2\/posts\/5743","targetHints":{"allow":["GET"]}}],"collection":[{"href":"https:\/\/www.almega.se\/api\/wp\/v2\/posts"}],"about":[{"href":"https:\/\/www.almega.se\/api\/wp\/v2\/types\/post"}],"author":[{"embeddable":true,"href":"https:\/\/www.almega.se\/api\/wp\/v2\/users\/1"}],"replies":[{"embeddable":true,"href":"https:\/\/www.almega.se\/api\/wp\/v2\/comments?post=5743"}],"version-history":[{"count":1,"href":"https:\/\/www.almega.se\/api\/wp\/v2\/posts\/5743\/revisions"}],"predecessor-version":[{"id":58323,"href":"https:\/\/www.almega.se\/api\/wp\/v2\/posts\/5743\/revisions\/58323"}],"wp:attachment":[{"href":"https:\/\/www.almega.se\/api\/wp\/v2\/media?parent=5743"}],"wp:term":[{"taxonomy":"category","embeddable":true,"href":"https:\/\/www.almega.se\/api\/wp\/v2\/categories?post=5743"},{"taxonomy":"post_tag","embeddable":true,"href":"https:\/\/www.almega.se\/api\/wp\/v2\/tags?post=5743"},{"taxonomy":"type","embeddable":true,"href":"https:\/\/www.almega.se\/api\/wp\/v2\/article_type?post=5743"},{"taxonomy":"agreement","embeddable":true,"href":"https:\/\/www.almega.se\/api\/wp\/v2\/agreement?post=5743"}],"curies":[{"name":"wp","href":"https:\/\/api.w.org\/{rel}","templated":true}]}}