{"id":5736,"date":"2016-06-14T09:00:00","date_gmt":"2016-06-14T09:00:00","guid":{"rendered":"http:\/\/almega-bento\/wp\/blog\/2016\/06\/14\/nytt-kollektivavtal-for-bilvardspersonal-anstallda-vid-biluthyrningsforetag\/"},"modified":"2016-06-14T09:00:00","modified_gmt":"2016-06-14T09:00:00","slug":"nytt-kollektivavtal-for-bilvardspersonal-anstallda-vid-biluthyrningsforetag","status":"publish","type":"post","link":"https:\/\/www.almega.se\/2016\/06\/nytt-kollektivavtal-for-bilvardspersonal-anstallda-vid-biluthyrningsforetag\/","title":{"rendered":"Nytt kollektivavtal f\u00f6r bilv\u00e5rds&shy;personal anst\u00e4llda vid biluthyrnings&shy;f\u00f6retag"},"content":{"rendered":"\n<p class=\"intro\">Almega Tj\u00e4nstef\u00f6retagen och Svenska Transportarbetaref\u00f6rbundet, Transport, har tr\u00e4ffat ett nytt kollektivavtal f\u00f6r bilv\u00e5rdspersonal anst\u00e4llda vid biluthyrningsf\u00f6retag f\u00f6r perioden 2016-05-01 &#8212; 2017-06-30. Avtal l\u00f6per allts\u00e5 \u00f6ver 14 m\u00e5nader. <\/p>\n<p>&Ouml;verenskommelsen med bilaga &aring;terfinns <a href=\"\/app\/uploads\/imported\/overenskommelse-Bilvard.pdf\" target=\"_blank\" title=\"\u00d6verenskommelse Bilv\u00e5rd.pdf\" rel=\"noopener\">h&auml;r<\/a>.<\/p>\n<p>Avtalet inneb&auml;r i korthet f&ouml;ljande:<\/p>\n<ul>\n<li>Avtalsperioden &auml;r 14 m&aring;nader och det totala avtalsv&auml;rdet 2,57 %.<\/li>\n<li>Utg&aring;ende l&ouml;ner h&ouml;js per den 1 maj med 613 kr\/m&aring;nad.<\/li>\n<li>&Ouml;vriga ers&auml;ttningar h&ouml;js med 2,57 %.<\/li>\n<li>De nya ers&auml;ttningarna g&auml;ller retroaktivt fr&aring;n den 1 maj 2016.<\/li>\n<\/ul>\n<h3>Nya ers&auml;ttningsniv&aring;er<\/h3>\n<p><strong>&sect; 6 mom 2<\/strong><\/p>\n<p><strong>Nya l&ouml;nebelopp fr&nbsp;o&nbsp;m 2016-05-01<\/strong><br \/>  <strong>Befattning&nbsp;&nbsp;<\/strong>&nbsp;&nbsp;&nbsp;&nbsp;&nbsp;&nbsp;&nbsp;&nbsp;&nbsp;&nbsp;&nbsp;&nbsp;&nbsp;&nbsp;&nbsp;&nbsp;&nbsp;&nbsp;&nbsp;&nbsp;&nbsp;&nbsp;&nbsp;&nbsp;&nbsp;&nbsp;&nbsp;&nbsp;&nbsp;&nbsp;&nbsp;&nbsp;&nbsp;&nbsp;&nbsp;&nbsp;&nbsp;&nbsp;<strong>M&aring;nadsl&ouml;n<\/strong>&nbsp;&nbsp;&nbsp;&nbsp;&nbsp;&nbsp;&nbsp;&nbsp;&nbsp;&nbsp;&nbsp;&nbsp;&nbsp;&nbsp;&nbsp;&nbsp;&nbsp;&nbsp;&nbsp;&nbsp;&nbsp;<strong>Timl&ouml;n<\/strong><br \/>  Bilv&aring;rdare &nbsp; ing&aring;ngsl&ouml;n&nbsp;&nbsp;&nbsp;&nbsp;&nbsp;&nbsp;&nbsp;&nbsp;&nbsp;&nbsp;&nbsp;&nbsp;&nbsp;&nbsp;&nbsp;&nbsp;&nbsp;&nbsp;&nbsp;&nbsp;&nbsp;&nbsp;&nbsp; 21&nbsp;645 : &#8211;&nbsp;&nbsp;&nbsp; &nbsp;&nbsp;&nbsp;&nbsp;&nbsp;&nbsp;&nbsp;&nbsp;&nbsp;&nbsp;&nbsp;&nbsp;&nbsp;&nbsp;&nbsp;&nbsp;&nbsp;&nbsp;&nbsp;&nbsp;&nbsp; 123,68<br \/>  Bilv&aring;rdare&nbsp;&nbsp; &ouml;ver 1 &aring;r&nbsp;&nbsp;&nbsp;&nbsp;&nbsp;&nbsp;&nbsp;&nbsp;&nbsp;&nbsp;&nbsp;&nbsp;&nbsp;&nbsp;&nbsp;&nbsp;&nbsp;&nbsp;&nbsp;&nbsp;&nbsp;&nbsp;&nbsp;&nbsp;&nbsp;&nbsp; 22&nbsp;917 :-&nbsp;&nbsp;&nbsp;&nbsp; &nbsp;&nbsp;&nbsp;&nbsp;&nbsp;&nbsp;&nbsp;&nbsp;&nbsp;&nbsp;&nbsp;&nbsp;&nbsp;&nbsp;&nbsp;&nbsp;&nbsp;&nbsp;&nbsp;&nbsp;&nbsp; 130,95<br \/>  Bilv&aring;rdare&nbsp;&nbsp; &ouml;ver 2 &aring;r&nbsp;&nbsp;&nbsp;&nbsp;&nbsp;&nbsp;&nbsp;&nbsp;&nbsp;&nbsp;&nbsp;&nbsp;&nbsp;&nbsp;&nbsp;&nbsp;&nbsp;&nbsp;&nbsp;&nbsp;&nbsp;&nbsp;&nbsp;&nbsp;&nbsp;&nbsp; 23&nbsp;501 :-&nbsp;&nbsp;&nbsp;&nbsp; &nbsp;&nbsp;&nbsp;&nbsp;&nbsp;&nbsp;&nbsp;&nbsp;&nbsp;&nbsp;&nbsp;&nbsp;&nbsp;&nbsp;&nbsp;&nbsp;&nbsp;&nbsp;&nbsp;&nbsp;&nbsp; 134,29<br \/>  Bilv&aring;rdare&nbsp;&nbsp; &ouml;ver 4 &aring;r&nbsp;&nbsp;&nbsp;&nbsp;&nbsp;&nbsp;&nbsp;&nbsp;&nbsp;&nbsp;&nbsp;&nbsp;&nbsp;&nbsp;&nbsp;&nbsp;&nbsp;&nbsp;&nbsp;&nbsp;&nbsp;&nbsp;&nbsp;&nbsp;&nbsp;&nbsp; 24&nbsp;145 :-&nbsp;&nbsp;&nbsp;&nbsp; &nbsp;&nbsp;&nbsp;&nbsp;&nbsp;&nbsp;&nbsp;&nbsp;&nbsp;&nbsp;&nbsp;&nbsp;&nbsp;&nbsp;&nbsp;&nbsp;&nbsp;&nbsp;&nbsp;&nbsp;&nbsp; 137,97<br \/>  Bilv&aring;rdare&nbsp;&nbsp; &ouml;ver 6 &aring;r&nbsp;&nbsp;&nbsp;&nbsp;&nbsp;&nbsp;&nbsp;&nbsp;&nbsp;&nbsp;&nbsp;&nbsp;&nbsp;&nbsp;&nbsp;&nbsp;&nbsp;&nbsp;&nbsp;&nbsp;&nbsp;&nbsp;&nbsp;&nbsp;&nbsp;&nbsp; 24&nbsp;723 :-&nbsp;&nbsp;&nbsp;&nbsp; &nbsp;&nbsp;&nbsp;&nbsp;&nbsp;&nbsp;&nbsp;&nbsp;&nbsp;&nbsp;&nbsp;&nbsp;&nbsp;&nbsp;&nbsp;&nbsp;&nbsp;&nbsp;&nbsp;&nbsp;&nbsp; 141,27<br \/>  Bilv&aring;rdare&nbsp;&nbsp; &ouml;ver 8 &aring;r&nbsp;&nbsp;&nbsp;&nbsp;&nbsp;&nbsp;&nbsp;&nbsp;&nbsp;&nbsp;&nbsp;&nbsp;&nbsp;&nbsp;&nbsp;&nbsp;&nbsp;&nbsp;&nbsp;&nbsp;&nbsp;&nbsp;&nbsp;&nbsp;&nbsp;&nbsp; 25&nbsp;299 :-&nbsp;&nbsp;&nbsp;&nbsp; &nbsp;&nbsp;&nbsp;&nbsp;&nbsp;&nbsp;&nbsp;&nbsp;&nbsp;&nbsp;&nbsp;&nbsp;&nbsp;&nbsp;&nbsp;&nbsp;&nbsp;&nbsp;&nbsp;&nbsp;&nbsp; 144,56<br \/>  F&ouml;rman&nbsp;&nbsp;&nbsp;&nbsp;&nbsp;&nbsp;&nbsp;&nbsp;&nbsp;&nbsp;&nbsp;&nbsp;&nbsp;&nbsp;&nbsp;&nbsp;&nbsp;&nbsp;&nbsp;&nbsp;&nbsp;&nbsp;&nbsp;&nbsp;&nbsp;&nbsp;&nbsp;&nbsp;&nbsp;&nbsp;&nbsp;&nbsp;&nbsp;&nbsp;&nbsp;&nbsp;&nbsp;&nbsp;&nbsp;&nbsp;&nbsp;&nbsp;&nbsp;&nbsp;&nbsp;&nbsp;&nbsp;&nbsp;&nbsp;&nbsp; 25&nbsp;970 :-&nbsp;&nbsp;&nbsp;&nbsp; &nbsp;&nbsp;&nbsp;&nbsp;&nbsp;&nbsp;&nbsp;&nbsp;&nbsp;&nbsp;&nbsp;&nbsp;&nbsp;&nbsp;&nbsp;&nbsp;&nbsp;&nbsp;&nbsp;&nbsp;&nbsp; 148,40<br \/>  Mekaniker&nbsp; under 6 &aring;r&nbsp;&nbsp;&nbsp;&nbsp;&nbsp;&nbsp;&nbsp;&nbsp;&nbsp;&nbsp;&nbsp;&nbsp;&nbsp;&nbsp;&nbsp;&nbsp;&nbsp;&nbsp;&nbsp;&nbsp;&nbsp;&nbsp;&nbsp; 24&nbsp;886 :-&nbsp;&nbsp;&nbsp;&nbsp; &nbsp;&nbsp;&nbsp;&nbsp;&nbsp;&nbsp;&nbsp;&nbsp;&nbsp;&nbsp;&nbsp;&nbsp;&nbsp;&nbsp;&nbsp;&nbsp;&nbsp;&nbsp;&nbsp;&nbsp;&nbsp; 142,20<br \/>  Mekaniker&nbsp; &ouml;ver 6 &aring;r&nbsp;&nbsp;&nbsp;&nbsp;&nbsp;&nbsp;&nbsp;&nbsp;&nbsp;&nbsp;&nbsp;&nbsp;&nbsp;&nbsp;&nbsp;&nbsp;&nbsp;&nbsp;&nbsp;&nbsp;&nbsp;&nbsp;&nbsp;&nbsp;&nbsp;&nbsp; 25&nbsp;444 :-&nbsp;&nbsp;&nbsp;&nbsp; &nbsp;&nbsp;&nbsp;&nbsp;&nbsp;&nbsp;&nbsp;&nbsp;&nbsp;&nbsp;&nbsp;&nbsp;&nbsp;&nbsp;&nbsp;&nbsp;&nbsp;&nbsp;&nbsp;&nbsp;&nbsp; 145,39<br \/>  Mekaniker&nbsp; &ouml;ver 8 &aring;r&nbsp;&nbsp;&nbsp;&nbsp;&nbsp;&nbsp;&nbsp;&nbsp;&nbsp;&nbsp;&nbsp;&nbsp;&nbsp;&nbsp;&nbsp;&nbsp;&nbsp;&nbsp;&nbsp;&nbsp;&nbsp;&nbsp;&nbsp;&nbsp;&nbsp;&nbsp; 26&nbsp;010 :-&nbsp;&nbsp;&nbsp;&nbsp; &nbsp;&nbsp;&nbsp;&nbsp;&nbsp;&nbsp;&nbsp;&nbsp;&nbsp;&nbsp;&nbsp;&nbsp;&nbsp;&nbsp;&nbsp;&nbsp;&nbsp;&nbsp;&nbsp;&nbsp;&nbsp; 148,63<br \/>  Chauff&ouml;rer&nbsp;&nbsp;&nbsp;&nbsp;&nbsp;&nbsp;&nbsp;&nbsp;&nbsp;&nbsp;&nbsp;&nbsp;&nbsp;&nbsp;&nbsp;&nbsp;&nbsp;&nbsp;&nbsp;&nbsp;&nbsp;&nbsp;&nbsp;&nbsp;&nbsp;&nbsp;&nbsp;&nbsp;&nbsp;&nbsp;&nbsp;&nbsp;&nbsp;&nbsp;&nbsp;&nbsp;&nbsp;&nbsp;&nbsp;&nbsp;&nbsp;&nbsp;&nbsp;&nbsp; 25&nbsp;444 :-&nbsp;&nbsp;&nbsp;&nbsp; &nbsp;&nbsp;&nbsp;&nbsp;&nbsp;&nbsp;&nbsp;&nbsp;&nbsp;&nbsp;&nbsp;&nbsp;&nbsp;&nbsp;&nbsp;&nbsp;&nbsp;&nbsp;&nbsp;&nbsp;&nbsp; 145,39<\/p>\n<h3>Skiftledartill&auml;gg<\/h3>\n<p>Vid tj&auml;nstg&ouml;ring som skiftledare utg&aring;r ett l&ouml;netill&auml;gg fr&nbsp;o&nbsp;m 2016-05-01 om 832 kr\/m&aring;nad.<\/p>\n<h3>Utg&aring;ende l&ouml;ner<\/h3>\n<p>Utg&aring;ende l&ouml;ner &ouml;kas fr&nbsp;o&nbsp;m 2016-05-01 med 613 kr\/m&aring;n.<\/p>\n<p><strong>&sect; 6 mom 4<\/strong><\/p>\n<h3>&Ouml;vertidskompensation i form av pengar<\/h3>\n<p>Ers&auml;ttningen utg&ouml;rs av timl&ouml;n (m&aring;nadsl&ouml;n dividerad med 175) samt &ouml;ver&shy;tidstill&auml;gg enligt nedanst&aring;ende:<\/p>\n<p>Vardagar&nbsp;&nbsp;&nbsp;&nbsp;&nbsp;&nbsp;&nbsp;&nbsp;&nbsp;&nbsp;&nbsp;&nbsp;&nbsp;&nbsp;&nbsp;&nbsp;&nbsp;&nbsp;&nbsp;&nbsp;&nbsp;&nbsp;&nbsp;&nbsp;&nbsp;&nbsp;&nbsp;&nbsp;&nbsp;&nbsp;&nbsp;&nbsp;&nbsp;&nbsp;&nbsp;&nbsp;&nbsp;&nbsp;&nbsp;&nbsp;&nbsp;&nbsp;&nbsp;&nbsp;&nbsp;&nbsp;&nbsp;&nbsp;&nbsp;&nbsp;&nbsp; &nbsp; 60,23&nbsp; kr\/tim<\/p>\n<p>S&ouml;n- och helgdagar samt arbetsfria vardagar<br \/>  (kl 00.00 &#8211; 24.00)&nbsp;&nbsp;&nbsp;&nbsp;&nbsp;&nbsp;&nbsp;&nbsp;&nbsp;&nbsp;&nbsp;&nbsp;&nbsp;&nbsp;&nbsp;&nbsp;&nbsp;&nbsp;&nbsp;&nbsp;&nbsp;&nbsp;&nbsp;&nbsp;&nbsp;&nbsp;&nbsp;&nbsp;&nbsp;&nbsp;&nbsp;&nbsp;&nbsp;&nbsp;&nbsp;&nbsp;&nbsp; 122,27&nbsp; kr\/tim<\/p>\n<p><strong>&sect; 6 mom 5<\/strong><\/p>\n<h3>Till&auml;gg f&ouml;r obekv&auml;m arbetstid<\/h3>\n<ol>\n<li>M&aring;ndag &#8211; fredag kl 00.00 &#8211; 07.00 och kl 19.00 &#8211; 24.00<br \/>  33,04 kr\/tim&nbsp;&nbsp;&nbsp;&nbsp;&nbsp;&nbsp;&nbsp;&nbsp;&nbsp;&nbsp;&nbsp;&nbsp;&nbsp;&nbsp;&nbsp;&nbsp;&nbsp;&nbsp;&nbsp;&nbsp;&nbsp;&nbsp;&nbsp;&nbsp;&nbsp;&nbsp;&nbsp;&nbsp;&nbsp;&nbsp;&nbsp;&nbsp;&nbsp;&nbsp;&nbsp;&nbsp;&nbsp;&nbsp;&nbsp;&nbsp;&nbsp;&nbsp;&nbsp;&nbsp;&nbsp;&nbsp;&nbsp;&nbsp;&nbsp;&nbsp;&nbsp;&nbsp;&nbsp;&nbsp;&nbsp;&nbsp;&nbsp;&nbsp;&nbsp;&nbsp;&nbsp;&nbsp;&nbsp;&nbsp;&nbsp;&nbsp;&nbsp;&nbsp;&nbsp;&nbsp;&nbsp;&nbsp;&nbsp;&nbsp;&nbsp;<\/li>\n<li>L&ouml;rdag och s&ouml;ndag kl 00.00-24.00, samt m&aring;ndag 00.00-06.00 dag efter s&ouml;ndag<br \/>  65,83 kr\/tim&nbsp;&nbsp;&nbsp;&nbsp;&nbsp;&nbsp;&nbsp;&nbsp;&nbsp;&nbsp;&nbsp;&nbsp;&nbsp;&nbsp;&nbsp;&nbsp;&nbsp;&nbsp;&nbsp;&nbsp;&nbsp;&nbsp;&nbsp;&nbsp;&nbsp;&nbsp;&nbsp;&nbsp;&nbsp;&nbsp;&nbsp;&nbsp;&nbsp;&nbsp;&nbsp;&nbsp;&nbsp;&nbsp;&nbsp;&nbsp;&nbsp;&nbsp;&nbsp;&nbsp;&nbsp;&nbsp;&nbsp;&nbsp;&nbsp;&nbsp;&nbsp;&nbsp;&nbsp;&nbsp;&nbsp;&nbsp;&nbsp;&nbsp;&nbsp;&nbsp;&nbsp;&nbsp;&nbsp;&nbsp;&nbsp;&nbsp;&nbsp;&nbsp;&nbsp;&nbsp;&nbsp;&nbsp;&nbsp;&nbsp;&nbsp;&nbsp;&nbsp;&nbsp;&nbsp;&nbsp;&nbsp;&nbsp;&nbsp;&nbsp;&nbsp;&nbsp;&nbsp;&nbsp;&nbsp;&nbsp;&nbsp;&nbsp;&nbsp;&nbsp;&nbsp;&nbsp;&nbsp;<\/li>\n<li>Ny&aring;rsdagen, Trettondag jul, L&aring;ngfredagen, P&aring;skafton, P&aring;skdagen, Annandag p&aring;sk, F&ouml;rsta maj, Kristi Himmelsf&auml;rdsdag, Pingstafton, Pingstdagen, Nationaldagen, Midsommardagen, Alla helgons dag, Julafton, Juldagen och Annandag jul samt Ny&aring;rsafton kl 00.00-24.00, samt 00.00-06.00 dag efter helgdag.<br \/>  98,60 kr\/tim&nbsp;&nbsp;&nbsp;&nbsp;&nbsp;&nbsp;&nbsp;&nbsp;&nbsp;&nbsp;&nbsp;&nbsp;&nbsp;&nbsp;&nbsp;&nbsp;&nbsp;&nbsp;&nbsp;&nbsp;&nbsp;&nbsp;&nbsp;&nbsp;&nbsp;&nbsp;&nbsp;&nbsp;&nbsp;&nbsp;&nbsp;&nbsp;&nbsp;&nbsp;&nbsp;&nbsp;&nbsp;&nbsp;&nbsp;&nbsp;&nbsp;&nbsp;<\/li>\n<\/ol>\n<p><strong>&sect; 9 mom 5&nbsp; Semesterl&ouml;n<\/strong><\/p>\n<p>Garantibeloppet f&ouml;r semester&aring;ret<br \/>  2016-05-01 &ndash; 2017-06-30 ska uppg&aring; till l&auml;gst 1294 kr per dag.<\/p>\n<h3>&Ouml;vrigt<\/h3>\n<p>Inga &auml;ndringar har gjorts i avtalets allm&auml;nna anst&auml;llningsvillkor. Dock har tidigare &sect; 11 i avtalet om f&ouml;r&auml;ldraledighet utrangerats ur avtalet, d&aring; denna regel numera ersatts av f&ouml;rs&auml;kringen f&ouml;r kompletterande f&ouml;r&auml;ldrapenning mellan Svenskt N&auml;ringsliv och LO.<\/p>\n<p>&nbsp;<\/p>\n<\/p>\n","protected":false},"excerpt":{"rendered":"<p>Almega Tj\u00e4nstef\u00f6retagen och Svenska Transportarbetaref\u00f6rbundet, Transport, har tr\u00e4ffat ett nytt kollektivavtal f\u00f6r bilv\u00e5rdspersonal anst\u00e4llda vid biluthyrningsf\u00f6retag f\u00f6r perioden 2016-05-01 &#8212; 2017-06-30. Avtal l\u00f6per allts\u00e5 \u00f6ver 14 m\u00e5nader. <\/p>\n","protected":false},"author":1,"featured_media":0,"comment_status":"closed","ping_status":"open","sticky":false,"template":"","format":"standard","meta":{"_acf_changed":false,"footnotes":""},"categories":[1],"tags":[],"article_type":[313],"agreement":[130],"class_list":["post-5736","post","type-post","status-publish","format-standard","hentry","category-okategoriserade","type-arbetsgivarnytt","agreement-4ace80f7-ff07-de11-b4e1-02bf9e69ca65"],"acf":[],"yoast_head":"<!-- This site is optimized with the Yoast SEO Premium plugin v26.8 (Yoast SEO v26.8) - https:\/\/yoast.com\/product\/yoast-seo-premium-wordpress\/ -->\n<title>Nytt kollektivavtal f\u00f6r bilv\u00e5rdspersonal anst\u00e4llda vid biluthyrningsf\u00f6retag | Almega<\/title>\n<meta name=\"robots\" content=\"index, follow, max-snippet:-1, max-image-preview:large, max-video-preview:-1\" \/>\n<link rel=\"canonical\" href=\"https:\/\/www.almega.se\/2016\/06\/nytt-kollektivavtal-for-bilvardspersonal-anstallda-vid-biluthyrningsforetag\/\" \/>\n<meta property=\"og:locale\" content=\"sv_SE\" \/>\n<meta property=\"og:type\" content=\"article\" \/>\n<meta property=\"og:title\" content=\"Nytt kollektivavtal f\u00f6r bilv\u00e5rdspersonal anst\u00e4llda vid biluthyrningsf\u00f6retag\" \/>\n<meta property=\"og:description\" content=\"Almega Tj\u00e4nstef\u00f6retagen och Svenska Transportarbetaref\u00f6rbundet, Transport, har tr\u00e4ffat ett nytt kollektivavtal f\u00f6r bilv\u00e5rdspersonal anst\u00e4llda vid biluthyrningsf\u00f6retag f\u00f6r perioden 2016-05-01 -- 2017-06-30. Avtal l\u00f6per allts\u00e5 \u00f6ver 14 m\u00e5nader.\" \/>\n<meta property=\"og:url\" content=\"https:\/\/www.almega.se\/2016\/06\/nytt-kollektivavtal-for-bilvardspersonal-anstallda-vid-biluthyrningsforetag\/\" \/>\n<meta property=\"og:site_name\" content=\"Almega\" \/>\n<meta property=\"article:published_time\" content=\"2016-06-14T09:00:00+00:00\" \/>\n<meta property=\"og:image\" content=\"https:\/\/www.almega.se\/app\/uploads\/2020\/12\/almega-share-logo.png\" \/>\n\t<meta property=\"og:image:width\" content=\"1200\" \/>\n\t<meta property=\"og:image:height\" content=\"630\" \/>\n\t<meta property=\"og:image:type\" content=\"image\/png\" \/>\n<meta name=\"author\" content=\"admin\" \/>\n<meta name=\"twitter:card\" content=\"summary_large_image\" \/>\n<meta name=\"twitter:label1\" content=\"Skriven av\" \/>\n\t<meta name=\"twitter:data1\" content=\"admin\" \/>\n\t<meta name=\"twitter:label2\" content=\"Ber\u00e4knad l\u00e4stid\" \/>\n\t<meta name=\"twitter:data2\" content=\"7 minuter\" \/>\n<!-- \/ Yoast SEO Premium plugin. -->","yoast_head_json":{"title":"Nytt kollektivavtal f\u00f6r bilv\u00e5rdspersonal anst\u00e4llda vid biluthyrningsf\u00f6retag | Almega","robots":{"index":"index","follow":"follow","max-snippet":"max-snippet:-1","max-image-preview":"max-image-preview:large","max-video-preview":"max-video-preview:-1"},"canonical":"https:\/\/www.almega.se\/2016\/06\/nytt-kollektivavtal-for-bilvardspersonal-anstallda-vid-biluthyrningsforetag\/","og_locale":"sv_SE","og_type":"article","og_title":"Nytt kollektivavtal f\u00f6r bilv\u00e5rdspersonal anst\u00e4llda vid biluthyrningsf\u00f6retag","og_description":"Almega Tj\u00e4nstef\u00f6retagen och Svenska Transportarbetaref\u00f6rbundet, Transport, har tr\u00e4ffat ett nytt kollektivavtal f\u00f6r bilv\u00e5rdspersonal anst\u00e4llda vid biluthyrningsf\u00f6retag f\u00f6r perioden 2016-05-01 -- 2017-06-30. Avtal l\u00f6per allts\u00e5 \u00f6ver 14 m\u00e5nader.","og_url":"https:\/\/www.almega.se\/2016\/06\/nytt-kollektivavtal-for-bilvardspersonal-anstallda-vid-biluthyrningsforetag\/","og_site_name":"Almega","article_published_time":"2016-06-14T09:00:00+00:00","og_image":[{"width":1200,"height":630,"url":"https:\/\/www.almega.se\/app\/uploads\/2020\/12\/almega-share-logo.png","type":"image\/png"}],"author":"admin","twitter_card":"summary_large_image","twitter_misc":{"Skriven av":"admin","Ber\u00e4knad l\u00e4stid":"7 minuter"},"schema":{"@context":"https:\/\/schema.org","@graph":[{"@type":"NewsArticle","@id":"https:\/\/www.almega.se\/2016\/06\/nytt-kollektivavtal-for-bilvardspersonal-anstallda-vid-biluthyrningsforetag\/#article","isPartOf":{"@id":"https:\/\/www.almega.se\/2016\/06\/nytt-kollektivavtal-for-bilvardspersonal-anstallda-vid-biluthyrningsforetag\/"},"author":{"name":"admin","@id":"https:\/\/www.almega.se\/#\/schema\/person\/9c3674d192fb8b2d1d8b7a3f31c5151d"},"headline":"Nytt kollektivavtal f\u00f6r bilv\u00e5rds&shy;personal anst\u00e4llda vid biluthyrnings&shy;f\u00f6retag","datePublished":"2016-06-14T09:00:00+00:00","mainEntityOfPage":{"@id":"https:\/\/www.almega.se\/2016\/06\/nytt-kollektivavtal-for-bilvardspersonal-anstallda-vid-biluthyrningsforetag\/"},"wordCount":1501,"inLanguage":"sv-SE"},{"@type":"WebPage","@id":"https:\/\/www.almega.se\/2016\/06\/nytt-kollektivavtal-for-bilvardspersonal-anstallda-vid-biluthyrningsforetag\/","url":"https:\/\/www.almega.se\/2016\/06\/nytt-kollektivavtal-for-bilvardspersonal-anstallda-vid-biluthyrningsforetag\/","name":"Nytt kollektivavtal f\u00f6r bilv\u00e5rdspersonal anst\u00e4llda vid biluthyrningsf\u00f6retag | Almega","isPartOf":{"@id":"https:\/\/www.almega.se\/#website"},"datePublished":"2016-06-14T09:00:00+00:00","author":{"@id":"https:\/\/www.almega.se\/#\/schema\/person\/9c3674d192fb8b2d1d8b7a3f31c5151d"},"breadcrumb":{"@id":"https:\/\/www.almega.se\/2016\/06\/nytt-kollektivavtal-for-bilvardspersonal-anstallda-vid-biluthyrningsforetag\/#breadcrumb"},"inLanguage":"sv-SE","potentialAction":[{"@type":"ReadAction","target":["https:\/\/www.almega.se\/2016\/06\/nytt-kollektivavtal-for-bilvardspersonal-anstallda-vid-biluthyrningsforetag\/"]}]},{"@type":"BreadcrumbList","@id":"https:\/\/www.almega.se\/2016\/06\/nytt-kollektivavtal-for-bilvardspersonal-anstallda-vid-biluthyrningsforetag\/#breadcrumb","itemListElement":[{"@type":"ListItem","position":1,"name":"Home","item":"https:\/\/www.almega.se\/"},{"@type":"ListItem","position":2,"name":"Nytt kollektivavtal f\u00f6r bilv\u00e5rds&shy;personal anst\u00e4llda vid biluthyrnings&shy;f\u00f6retag"}]},{"@type":"WebSite","@id":"https:\/\/www.almega.se\/#website","url":"https:\/\/www.almega.se\/","name":"Almega","description":"","potentialAction":[{"@type":"SearchAction","target":{"@type":"EntryPoint","urlTemplate":"https:\/\/www.almega.se\/?s={search_term_string}"},"query-input":{"@type":"PropertyValueSpecification","valueRequired":true,"valueName":"search_term_string"}}],"inLanguage":"sv-SE"},{"@type":"Person","@id":"https:\/\/www.almega.se\/#\/schema\/person\/9c3674d192fb8b2d1d8b7a3f31c5151d","name":"admin","image":{"@type":"ImageObject","inLanguage":"sv-SE","@id":"https:\/\/www.almega.se\/#\/schema\/person\/image\/","url":"https:\/\/secure.gravatar.com\/avatar\/13aac7e7a7582f599e3ba7706cec051e12eac4ad6c2ffe6f9d24800e63294187?s=96&d=mm&r=g","contentUrl":"https:\/\/secure.gravatar.com\/avatar\/13aac7e7a7582f599e3ba7706cec051e12eac4ad6c2ffe6f9d24800e63294187?s=96&d=mm&r=g","caption":"admin"},"url":"https:\/\/www.almega.se\/person\/admin\/"}]}},"_links":{"self":[{"href":"https:\/\/www.almega.se\/api\/wp\/v2\/posts\/5736","targetHints":{"allow":["GET"]}}],"collection":[{"href":"https:\/\/www.almega.se\/api\/wp\/v2\/posts"}],"about":[{"href":"https:\/\/www.almega.se\/api\/wp\/v2\/types\/post"}],"author":[{"embeddable":true,"href":"https:\/\/www.almega.se\/api\/wp\/v2\/users\/1"}],"replies":[{"embeddable":true,"href":"https:\/\/www.almega.se\/api\/wp\/v2\/comments?post=5736"}],"version-history":[{"count":1,"href":"https:\/\/www.almega.se\/api\/wp\/v2\/posts\/5736\/revisions"}],"predecessor-version":[{"id":58317,"href":"https:\/\/www.almega.se\/api\/wp\/v2\/posts\/5736\/revisions\/58317"}],"wp:attachment":[{"href":"https:\/\/www.almega.se\/api\/wp\/v2\/media?parent=5736"}],"wp:term":[{"taxonomy":"category","embeddable":true,"href":"https:\/\/www.almega.se\/api\/wp\/v2\/categories?post=5736"},{"taxonomy":"post_tag","embeddable":true,"href":"https:\/\/www.almega.se\/api\/wp\/v2\/tags?post=5736"},{"taxonomy":"type","embeddable":true,"href":"https:\/\/www.almega.se\/api\/wp\/v2\/article_type?post=5736"},{"taxonomy":"agreement","embeddable":true,"href":"https:\/\/www.almega.se\/api\/wp\/v2\/agreement?post=5736"}],"curies":[{"name":"wp","href":"https:\/\/api.w.org\/{rel}","templated":true}]}}