{"id":5735,"date":"2016-06-14T11:00:00","date_gmt":"2016-06-14T11:00:00","guid":{"rendered":"http:\/\/almega-bento\/wp\/blog\/2016\/06\/14\/nytt-kollektivavtal-for-distribution-av-direktreklam-m-m\/"},"modified":"2016-06-14T11:00:00","modified_gmt":"2016-06-14T11:00:00","slug":"nytt-kollektivavtal-for-distribution-av-direktreklam-m-m","status":"publish","type":"post","link":"https:\/\/www.almega.se\/2016\/06\/nytt-kollektivavtal-for-distribution-av-direktreklam-m-m\/","title":{"rendered":"Nytt kollektivavtal f\u00f6r distribution av direktreklam m m"},"content":{"rendered":"\n<p class=\"intro\">Almega Tj\u00e4nstef\u00f6retagen och Svenska Transportarbetaref\u00f6rbundet, Transport, har tr\u00e4ffat ett nytt kollektivavtal f\u00f6r bilv\u00e5rdspersonal anst\u00e4llda vid biluthyrningsf\u00f6retag f\u00f6r perioden 2016-04-01 &#8212; 2017-06-30. Avtal l\u00f6per allts\u00e5 \u00f6ver 15 m\u00e5nader. <\/p>\n<p>&Ouml;verenskommelsen med bilaga &aring;terfinns <a href=\"\/app\/uploads\/imported\/overenskommelse-Direktreklam.pdf\" target=\"_blank\" title=\"\u00d6verenskommelse Direktreklam.pdf\" rel=\"noopener\">h&auml;r<\/a><\/p>\n<p>Avtalet inneb&auml;r i korthet f&ouml;ljande:<\/p>\n<ul>\n<li>Avtalsperioden &auml;r 15 m&aring;nader och det totala avtalsv&auml;rdet 2,75 %<\/li>\n<li>Utg&aring;ende l&ouml;ner h&ouml;js per den 1 april med 588,50 kr\/m&aring;nad<\/li>\n<li>&Ouml;vriga ers&auml;ttningar h&ouml;js med 2,75 %<\/li>\n<li>De nya ers&auml;ttningarna g&auml;ller retroaktivt fr&aring;n den 1 april 2016<br \/>  &nbsp;<\/li>\n<\/ul>\n<h3>&sect; 5 Mom 5&nbsp;&nbsp;&nbsp; Grunders&auml;ttning<\/h3>\n<p>Grunders&auml;ttning utg&aring;r per hush&aring;ll med:<\/p>\n<p>Distriktstyp&nbsp;&nbsp; &nbsp;&nbsp;&nbsp;&nbsp; (fr o m) 2016-04-01<\/p>\n<p>A&nbsp;&nbsp;&nbsp;&nbsp;&nbsp;&nbsp;&nbsp;&nbsp;&nbsp;&nbsp;&nbsp;&nbsp;&nbsp;&nbsp;&nbsp;&nbsp;&nbsp;&nbsp;&nbsp;&nbsp;&nbsp;&nbsp;&nbsp;&nbsp;&nbsp;&nbsp;&nbsp;&nbsp;&nbsp;&nbsp;&nbsp;&nbsp;&nbsp;&nbsp;&nbsp;&nbsp;&nbsp;&nbsp;&nbsp;&nbsp;&nbsp;&nbsp;&nbsp;&nbsp; 15,70 &ouml;re<br \/>  B&nbsp;&nbsp;&nbsp;&nbsp;&nbsp;&nbsp;&nbsp;&nbsp;&nbsp;&nbsp;&nbsp;&nbsp;&nbsp;&nbsp;&nbsp;&nbsp;&nbsp;&nbsp;&nbsp;&nbsp;&nbsp;&nbsp;&nbsp;&nbsp;&nbsp;&nbsp;&nbsp;&nbsp;&nbsp;&nbsp;&nbsp;&nbsp;&nbsp;&nbsp;&nbsp;&nbsp;&nbsp;&nbsp;&nbsp;&nbsp;&nbsp;&nbsp;&nbsp;&nbsp; 19,70 &ouml;re<br \/>  C&nbsp;&nbsp;&nbsp;&nbsp;&nbsp;&nbsp;&nbsp;&nbsp;&nbsp;&nbsp;&nbsp;&nbsp;&nbsp;&nbsp;&nbsp;&nbsp;&nbsp;&nbsp;&nbsp;&nbsp;&nbsp;&nbsp;&nbsp;&nbsp;&nbsp;&nbsp;&nbsp;&nbsp;&nbsp;&nbsp;&nbsp;&nbsp;&nbsp;&nbsp;&nbsp;&nbsp;&nbsp;&nbsp;&nbsp;&nbsp;&nbsp;&nbsp;&nbsp;&nbsp; 23,70 &ouml;re<br \/>  D&nbsp;&nbsp;&nbsp;&nbsp;&nbsp;&nbsp;&nbsp;&nbsp;&nbsp;&nbsp;&nbsp;&nbsp;&nbsp;&nbsp;&nbsp;&nbsp;&nbsp;&nbsp;&nbsp;&nbsp;&nbsp;&nbsp;&nbsp;&nbsp;&nbsp;&nbsp;&nbsp;&nbsp;&nbsp;&nbsp;&nbsp;&nbsp;&nbsp;&nbsp;&nbsp;&nbsp;&nbsp;&nbsp;&nbsp;&nbsp;&nbsp;&nbsp;&nbsp;&nbsp; 27,73 &ouml;re<\/p>\n<h3>&sect; 5 Mom 6&nbsp;&nbsp;&nbsp; Vikttill&auml;gg<\/h3>\n<p>Vikttill&auml;gg utg&aring;r<\/p>\n<ul>\n<li>fr o m 2016-04-01 med 3,99 &ouml;re per utdelade 100 gram<\/li>\n<\/ul>\n<h3>&sect; 5 Mom 7&nbsp;&nbsp;&nbsp; Sorteringstill&auml;gg<\/h3>\n<p>I de fall distribut&ouml;ren beordras att sj&auml;lv sortera tre eller flera enheter utg&aring;r sorteringstill&auml;gg fr o m den tredje enheten<\/p>\n<ul>\n<li>f ro m 2016-04-01 med 3,85 &ouml;re per enhet<\/li>\n<\/ul>\n<h3><em>Anm&auml;rkning avseende mom 5-7:<\/em><\/h3>\n<p><em>Timl&ouml;n f&ouml;r en normalprestation<\/em><br \/>  <em>Blir utfallet av prestationsl&ouml;nen fr o m 2016-04-01 l&auml;gre &auml;n <strong>73 kronor <\/strong>per timme <\/em><em>f&ouml;r en normalprestation ska timl&ouml;n motsvarande detta belopp utg&aring;. <\/em><br \/>  <em>Har distribut&ouml;ren fyllt 18 &aring;r &auml;r timl&ouml;nen f&ouml;r en normalprestation fr o m 2016-04-01 <strong>83 kronor <\/strong>efter genomf&ouml;rda 10 veckors utdelning. Dessa veckor kan intj&auml;nas f&ouml;re 18-&aring;rsdagen.<\/em><br \/>  <em>F&ouml;r distribut&ouml;r med garanterad behovsanst&auml;llning enligt mom 2 a &auml;r timl&ouml;nen f&ouml;r en normalprestation fr o m 2016-04-01 <strong>94 kronor<\/strong>.<\/em><br \/>  <em>Beloppen inkluderar semesterl&ouml;n\/-ers&auml;ttning.<\/em><br \/>  <em>Vid oenighet avseende tids&aring;tg&aring;ngen ska gemensam tidm&auml;tning ske.<\/em><\/p>\n<h3>&sect; 6 mom 5<\/h3>\n<p>Distribut&ouml;r med l&ouml;neformen timl&ouml;n erh&aring;ller l&ouml;n med:<\/p>\n<p>Mini&shy;mil&ouml;n (kronor per timme)<\/p>\n<p><strong>fr o m &nbsp;&nbsp;&nbsp;&nbsp;&nbsp;&nbsp;&nbsp;&nbsp;&nbsp;&nbsp;&nbsp;&nbsp;&nbsp;&nbsp;&nbsp;&nbsp;&nbsp;&nbsp;&nbsp;&nbsp;&nbsp;&nbsp;&nbsp;&nbsp;&nbsp;&nbsp;&nbsp;&nbsp;&nbsp;&nbsp;&nbsp;&nbsp;&nbsp;&nbsp;&nbsp; 2016-04-01<\/strong><\/p>\n<p>&Aring;lder&nbsp;&nbsp;&nbsp;&nbsp;&nbsp;&nbsp;&nbsp;&nbsp;&nbsp;&nbsp;&nbsp;&nbsp;&nbsp;&nbsp;&nbsp;&nbsp;&nbsp;&nbsp;&nbsp;&nbsp;&nbsp;&nbsp;&nbsp;&nbsp;&nbsp;&nbsp;&nbsp;&nbsp;&nbsp;&nbsp;&nbsp;&nbsp;&nbsp;&nbsp;&nbsp;&nbsp;&nbsp; Timl&ouml;n<\/p>\n<p>16-17 &aring;r&nbsp;&nbsp;&nbsp;&nbsp;&nbsp;&nbsp;&nbsp;&nbsp;&nbsp;&nbsp;&nbsp;&nbsp;&nbsp;&nbsp;&nbsp;&nbsp;&nbsp;&nbsp;&nbsp;&nbsp;&nbsp;&nbsp;&nbsp;&nbsp;&nbsp;&nbsp;&nbsp;&nbsp;&nbsp;&nbsp;&nbsp;&nbsp;&nbsp; 109,78 kr<br \/>  18-21 &aring;r&nbsp;&nbsp;&nbsp;&nbsp;&nbsp;&nbsp;&nbsp;&nbsp;&nbsp;&nbsp;&nbsp;&nbsp;&nbsp;&nbsp;&nbsp;&nbsp;&nbsp;&nbsp;&nbsp;&nbsp;&nbsp;&nbsp;&nbsp;&nbsp;&nbsp;&nbsp;&nbsp;&nbsp;&nbsp;&nbsp;&nbsp;&nbsp;&nbsp; 117,50 kr<br \/>  22-23 &aring;r&nbsp;&nbsp;&nbsp;&nbsp;&nbsp;&nbsp;&nbsp;&nbsp;&nbsp;&nbsp;&nbsp;&nbsp;&nbsp;&nbsp;&nbsp;&nbsp;&nbsp;&nbsp;&nbsp;&nbsp;&nbsp;&nbsp;&nbsp;&nbsp;&nbsp;&nbsp;&nbsp;&nbsp;&nbsp;&nbsp;&nbsp;&nbsp;&nbsp; 136,10 kr<br \/>  24 &aring;r&nbsp;&nbsp;&nbsp;&nbsp;&nbsp;&nbsp;&nbsp;&nbsp;&nbsp;&nbsp;&nbsp;&nbsp;&nbsp;&nbsp;&nbsp;&nbsp;&nbsp;&nbsp;&nbsp;&nbsp;&nbsp;&nbsp;&nbsp;&nbsp;&nbsp;&nbsp;&nbsp;&nbsp;&nbsp;&nbsp;&nbsp;&nbsp;&nbsp;&nbsp;&nbsp;&nbsp;&nbsp;&nbsp; 143,14 kr<\/p>\n<h3>&sect; 11 mom 2<\/h3>\n<p>Semesterl&ouml;n\/ers&auml;ttning utg&ouml;r 13 %. Semesterl&ouml;nen per dag<\/p>\n<ul>\n<li>fr.o.m. 2016-04-01 ska uppg&aring; till l&auml;gst 1 247 kronor f&ouml;r tidavl&ouml;nad heltidsarbetande arbetstagare<\/li>\n<\/ul>\n<p>F&ouml;r tidavl&ouml;nad deltidsarbetande och f&ouml;r s&aring;dan arbetstagare som inte avl&ouml;nas med slutl&ouml;n nedr&auml;knas beloppet i proposition till arbetad tid.<\/p>\n<h3>&Ouml;vrigt<\/h3>\n<p>Inga &auml;ndringar har gjorts i avtalets allm&auml;nna anst&auml;llningsvillkor. Dock har tidigare &sect; 10 mom 3 i avtalet om f&ouml;r&auml;ldraledighet utrangerats ur avtalet, d&aring; denna regel numera ersatts av f&ouml;rs&auml;kringen f&ouml;r kompletterande f&ouml;r&auml;ldrapenning mellan Svenskt N&auml;ringsliv och LO.<\/p>\n<p>&nbsp;<\/p>\n<p>&nbsp;<\/p>\n<\/p>\n","protected":false},"excerpt":{"rendered":"<p>Almega Tj\u00e4nstef\u00f6retagen och Svenska Transportarbetaref\u00f6rbundet, Transport, har tr\u00e4ffat ett nytt kollektivavtal f\u00f6r bilv\u00e5rdspersonal anst\u00e4llda vid biluthyrningsf\u00f6retag f\u00f6r perioden 2016-04-01 &#8212; 2017-06-30. Avtal l\u00f6per allts\u00e5 \u00f6ver 15 m\u00e5nader. <\/p>\n","protected":false},"author":1,"featured_media":0,"comment_status":"closed","ping_status":"open","sticky":false,"template":"","format":"standard","meta":{"_acf_changed":false,"footnotes":""},"categories":[1],"tags":[],"article_type":[313],"agreement":[138],"class_list":["post-5735","post","type-post","status-publish","format-standard","hentry","category-okategoriserade","type-arbetsgivarnytt","agreement-4bce80f7-ff07-de11-b4e1-02bf9e69ca65"],"acf":[],"yoast_head":"<!-- This site is optimized with the Yoast SEO Premium plugin v26.8 (Yoast SEO v26.8) - https:\/\/yoast.com\/product\/yoast-seo-premium-wordpress\/ -->\n<title>Nytt kollektivavtal f\u00f6r distribution av direktreklam m m | Almega<\/title>\n<meta name=\"robots\" content=\"index, follow, max-snippet:-1, max-image-preview:large, max-video-preview:-1\" \/>\n<link rel=\"canonical\" href=\"https:\/\/www.almega.se\/2016\/06\/nytt-kollektivavtal-for-distribution-av-direktreklam-m-m\/\" \/>\n<meta property=\"og:locale\" content=\"sv_SE\" \/>\n<meta property=\"og:type\" content=\"article\" \/>\n<meta property=\"og:title\" content=\"Nytt kollektivavtal f\u00f6r distribution av direktreklam m m\" \/>\n<meta property=\"og:description\" content=\"Almega Tj\u00e4nstef\u00f6retagen och Svenska Transportarbetaref\u00f6rbundet, Transport, har tr\u00e4ffat ett nytt kollektivavtal f\u00f6r bilv\u00e5rdspersonal anst\u00e4llda vid biluthyrningsf\u00f6retag f\u00f6r perioden 2016-04-01 -- 2017-06-30. Avtal l\u00f6per allts\u00e5 \u00f6ver 15 m\u00e5nader.\" \/>\n<meta property=\"og:url\" content=\"https:\/\/www.almega.se\/2016\/06\/nytt-kollektivavtal-for-distribution-av-direktreklam-m-m\/\" \/>\n<meta property=\"og:site_name\" content=\"Almega\" \/>\n<meta property=\"article:published_time\" content=\"2016-06-14T11:00:00+00:00\" \/>\n<meta property=\"og:image\" content=\"https:\/\/www.almega.se\/app\/uploads\/2020\/12\/almega-share-logo.png\" \/>\n\t<meta property=\"og:image:width\" content=\"1200\" \/>\n\t<meta property=\"og:image:height\" content=\"630\" \/>\n\t<meta property=\"og:image:type\" content=\"image\/png\" \/>\n<meta name=\"author\" content=\"admin\" \/>\n<meta name=\"twitter:card\" content=\"summary_large_image\" \/>\n<meta name=\"twitter:label1\" content=\"Skriven av\" \/>\n\t<meta name=\"twitter:data1\" content=\"admin\" \/>\n\t<meta name=\"twitter:label2\" content=\"Ber\u00e4knad l\u00e4stid\" \/>\n\t<meta name=\"twitter:data2\" content=\"5 minuter\" \/>\n<!-- \/ Yoast SEO Premium plugin. -->","yoast_head_json":{"title":"Nytt kollektivavtal f\u00f6r distribution av direktreklam m m | Almega","robots":{"index":"index","follow":"follow","max-snippet":"max-snippet:-1","max-image-preview":"max-image-preview:large","max-video-preview":"max-video-preview:-1"},"canonical":"https:\/\/www.almega.se\/2016\/06\/nytt-kollektivavtal-for-distribution-av-direktreklam-m-m\/","og_locale":"sv_SE","og_type":"article","og_title":"Nytt kollektivavtal f\u00f6r distribution av direktreklam m m","og_description":"Almega Tj\u00e4nstef\u00f6retagen och Svenska Transportarbetaref\u00f6rbundet, Transport, har tr\u00e4ffat ett nytt kollektivavtal f\u00f6r bilv\u00e5rdspersonal anst\u00e4llda vid biluthyrningsf\u00f6retag f\u00f6r perioden 2016-04-01 -- 2017-06-30. Avtal l\u00f6per allts\u00e5 \u00f6ver 15 m\u00e5nader.","og_url":"https:\/\/www.almega.se\/2016\/06\/nytt-kollektivavtal-for-distribution-av-direktreklam-m-m\/","og_site_name":"Almega","article_published_time":"2016-06-14T11:00:00+00:00","og_image":[{"width":1200,"height":630,"url":"https:\/\/www.almega.se\/app\/uploads\/2020\/12\/almega-share-logo.png","type":"image\/png"}],"author":"admin","twitter_card":"summary_large_image","twitter_misc":{"Skriven av":"admin","Ber\u00e4knad l\u00e4stid":"5 minuter"},"schema":{"@context":"https:\/\/schema.org","@graph":[{"@type":"NewsArticle","@id":"https:\/\/www.almega.se\/2016\/06\/nytt-kollektivavtal-for-distribution-av-direktreklam-m-m\/#article","isPartOf":{"@id":"https:\/\/www.almega.se\/2016\/06\/nytt-kollektivavtal-for-distribution-av-direktreklam-m-m\/"},"author":{"name":"admin","@id":"https:\/\/www.almega.se\/#\/schema\/person\/9c3674d192fb8b2d1d8b7a3f31c5151d"},"headline":"Nytt kollektivavtal f\u00f6r distribution av direktreklam m m","datePublished":"2016-06-14T11:00:00+00:00","mainEntityOfPage":{"@id":"https:\/\/www.almega.se\/2016\/06\/nytt-kollektivavtal-for-distribution-av-direktreklam-m-m\/"},"wordCount":941,"inLanguage":"sv-SE"},{"@type":"WebPage","@id":"https:\/\/www.almega.se\/2016\/06\/nytt-kollektivavtal-for-distribution-av-direktreklam-m-m\/","url":"https:\/\/www.almega.se\/2016\/06\/nytt-kollektivavtal-for-distribution-av-direktreklam-m-m\/","name":"Nytt kollektivavtal f\u00f6r distribution av direktreklam m m | Almega","isPartOf":{"@id":"https:\/\/www.almega.se\/#website"},"datePublished":"2016-06-14T11:00:00+00:00","author":{"@id":"https:\/\/www.almega.se\/#\/schema\/person\/9c3674d192fb8b2d1d8b7a3f31c5151d"},"breadcrumb":{"@id":"https:\/\/www.almega.se\/2016\/06\/nytt-kollektivavtal-for-distribution-av-direktreklam-m-m\/#breadcrumb"},"inLanguage":"sv-SE","potentialAction":[{"@type":"ReadAction","target":["https:\/\/www.almega.se\/2016\/06\/nytt-kollektivavtal-for-distribution-av-direktreklam-m-m\/"]}]},{"@type":"BreadcrumbList","@id":"https:\/\/www.almega.se\/2016\/06\/nytt-kollektivavtal-for-distribution-av-direktreklam-m-m\/#breadcrumb","itemListElement":[{"@type":"ListItem","position":1,"name":"Home","item":"https:\/\/www.almega.se\/"},{"@type":"ListItem","position":2,"name":"Nytt kollektivavtal f\u00f6r distribution av direktreklam m m"}]},{"@type":"WebSite","@id":"https:\/\/www.almega.se\/#website","url":"https:\/\/www.almega.se\/","name":"Almega","description":"","potentialAction":[{"@type":"SearchAction","target":{"@type":"EntryPoint","urlTemplate":"https:\/\/www.almega.se\/?s={search_term_string}"},"query-input":{"@type":"PropertyValueSpecification","valueRequired":true,"valueName":"search_term_string"}}],"inLanguage":"sv-SE"},{"@type":"Person","@id":"https:\/\/www.almega.se\/#\/schema\/person\/9c3674d192fb8b2d1d8b7a3f31c5151d","name":"admin","image":{"@type":"ImageObject","inLanguage":"sv-SE","@id":"https:\/\/www.almega.se\/#\/schema\/person\/image\/","url":"https:\/\/secure.gravatar.com\/avatar\/13aac7e7a7582f599e3ba7706cec051e12eac4ad6c2ffe6f9d24800e63294187?s=96&d=mm&r=g","contentUrl":"https:\/\/secure.gravatar.com\/avatar\/13aac7e7a7582f599e3ba7706cec051e12eac4ad6c2ffe6f9d24800e63294187?s=96&d=mm&r=g","caption":"admin"},"url":"https:\/\/www.almega.se\/person\/admin\/"}]}},"_links":{"self":[{"href":"https:\/\/www.almega.se\/api\/wp\/v2\/posts\/5735","targetHints":{"allow":["GET"]}}],"collection":[{"href":"https:\/\/www.almega.se\/api\/wp\/v2\/posts"}],"about":[{"href":"https:\/\/www.almega.se\/api\/wp\/v2\/types\/post"}],"author":[{"embeddable":true,"href":"https:\/\/www.almega.se\/api\/wp\/v2\/users\/1"}],"replies":[{"embeddable":true,"href":"https:\/\/www.almega.se\/api\/wp\/v2\/comments?post=5735"}],"version-history":[{"count":1,"href":"https:\/\/www.almega.se\/api\/wp\/v2\/posts\/5735\/revisions"}],"predecessor-version":[{"id":58316,"href":"https:\/\/www.almega.se\/api\/wp\/v2\/posts\/5735\/revisions\/58316"}],"wp:attachment":[{"href":"https:\/\/www.almega.se\/api\/wp\/v2\/media?parent=5735"}],"wp:term":[{"taxonomy":"category","embeddable":true,"href":"https:\/\/www.almega.se\/api\/wp\/v2\/categories?post=5735"},{"taxonomy":"post_tag","embeddable":true,"href":"https:\/\/www.almega.se\/api\/wp\/v2\/tags?post=5735"},{"taxonomy":"type","embeddable":true,"href":"https:\/\/www.almega.se\/api\/wp\/v2\/article_type?post=5735"},{"taxonomy":"agreement","embeddable":true,"href":"https:\/\/www.almega.se\/api\/wp\/v2\/agreement?post=5735"}],"curies":[{"name":"wp","href":"https:\/\/api.w.org\/{rel}","templated":true}]}}