{"id":5734,"date":"2016-06-15T10:00:00","date_gmt":"2016-06-15T10:00:00","guid":{"rendered":"http:\/\/almega-bento\/wp\/blog\/2016\/06\/15\/den-nya-semesterregleringen-av-semester-enligt-public-service-avtalet-unionen-journalistforbundet-och-akademikerforbunden\/"},"modified":"2016-06-15T10:00:00","modified_gmt":"2016-06-15T10:00:00","slug":"den-nya-semesterregleringen-av-semester-enligt-public-service-avtalet-unionen-journalistforbundet-och-akademikerforbunden","status":"publish","type":"post","link":"https:\/\/www.almega.se\/2016\/06\/den-nya-semesterregleringen-av-semester-enligt-public-service-avtalet-unionen-journalistforbundet-och-akademikerforbunden\/","title":{"rendered":"Den nya semesterregleringen av semester enligt Public Service avtalet (Unionen, Journalist&shy;f\u00f6rbundet och Akademiker&shy;f\u00f6rbunden)"},"content":{"rendered":"\n<p class=\"intro\">Nedan kommer en fullst\u00e4ndig kommentar till de nya semesterreglerna i kollektivavtalet.     Mom 2 Semester\u00e5r och intj\u00e4nande\u00e5r    Intj\u00e4nande- och semester\u00e5ret sammanfaller med kalender\u00e5ret. I kollektivavtalet anges att det kan finnas speciella sk\u00e4l f\u00f6r att en medarbetare ett visst \u00e5r inte har kunnat beredas semesterledighet.   <\/p>\n<p>Av best&auml;mmelsen f&aring;r det slutledningsvis konstateras att arbetsgivaren kan &auml;ndra redan f&ouml;rlagd huvudsemester vid senare tidpunkt eller neka medarbetare att ta ut annan semester under &aring;ret, s&aring;vida det f&ouml;relegat &rdquo;speciella sk&auml;l&rdquo;.<\/p>\n<p>  Vad dessa speciella sk&auml;l skulle kunna vara har inte specificerats parterna emellan. N&auml;r det g&auml;ller den anst&auml;llde torde det kunna vara omst&auml;ndigheter som r&ouml;r den anst&auml;lldes egen sjukdom eller arbetsskada och betr&auml;ffande arbetsgivaren torde speciella sk&auml;l &aring;syfta verksamhetssk&auml;l och andra personella f&ouml;ruts&auml;ttning i verksamheten och d&auml;rmed r&auml;tt att &auml;ndra eller neka medarbetaren semester vid en viss tidpunkt.<\/p>\n<p>Om ovan situation skulle uppst&aring; anges i kollektivavtalet en m&ouml;jlighet f&ouml;r den anst&auml;llde att ta ut semesterledigheten &aring;ret efter och senast den 31 mars n&auml;mnda &aring;r. Det kan till&auml;ggas att kollektivavtalsbest&auml;mmelsen vidgar 15 &sect; SemL regel om att avbruten semester p&aring; grund av sjukdom ska f&ouml;rl&auml;ggas i ett sammanhang om inte arbetstagaren och arbetsgivaren enas om annat. Denna m&ouml;jlighet kan d&auml;rmed vara utstr&auml;ckt till &aring;ret efter, dock senast den 31 mars &aring;ret.<\/p>\n<p>  <strong>Mom 3 Semesterns l&auml;ngd<\/strong><\/p>\n<p>Semesterns l&auml;ngd &auml;r beroende p&aring; om den anst&auml;llde avtalat om att ers&auml;tta &ouml;vertidskompensation m.m. med l&auml;ngre semester. I s&aring; fall kan semestern f&ouml;rl&auml;ngas med mellan en till fem dagar. I annat fall &auml;r semesterr&auml;tten 25 dagar, eller om medarbetaren har fyllt 40 &aring;r eller under semester&aring;ret fyller 40 &aring;r. D&aring; f&ouml;rl&auml;ngs semestern ytterligare med tre semesterdagar till 28 semesterdagar.&nbsp;<\/p>\n<p>  Enligt 5 &sect; SemL 1 st framg&aring;r att arbetsgivaren och den anst&auml;llde kan komma &ouml;verens om att anst&auml;llningen inte ska omfatta semesterledighet utan semesterers&auml;ttning. F&ouml;ruts&auml;ttning f&ouml;r detta &auml;r att anst&auml;llningen inte avser att vara l&auml;ngre &auml;n 3 m&aring;nader.<\/p>\n<p>Semesterledighet tas ut i hela semesterdagar och omfattar inte dagar som i annat fall utg&ouml;r arbetsfria dagar. En semesterledighet p&aring;b&ouml;rjas och avslutas med en semesterdag. En l&ouml;rdag eller s&ouml;ndag kan utg&ouml;ra semesterdag i vissa fall. Enligt semesterlagen &auml;r midsommar-, jul- och ny&aring;rsafton likst&auml;llda med allm&auml;nna helgdagar och ska inte utg&ouml;ra en semesterdag. Vad som g&auml;ller vid intermittent semesterf&ouml;rl&auml;ggning, se nedan &sect; 7 mom 10.<\/p>\n<p>Antalet semesterdagar fastst&auml;lls genom att ber&auml;kna antalet anst&auml;llningsdagar, se SemL 7 &sect;, &nbsp;minskat med antalet fr&aring;nvarodagar utan l&ouml;n samt adderat fr&aring;nvarodagar med semesterl&ouml;n, permittering samt annan semesterl&ouml;negrundande fr&aring;nvaro enligt 17 &ndash; 17b &sect;&sect; Semesterlagen.<\/p>\n<p>Om en anst&auml;lld p&aring;b&ouml;rjar sin anst&auml;llning under kalender&aring;ret och av det sk&auml;let inte kan erh&aring;lla full semesterledighet under &aring;ret kan medarbetaren och arbetsgivaren, om anst&auml;llningen p&aring;b&ouml;rjas f&ouml;re den 1 augusti, &ouml;verenskomma om att h&ouml;gst f&ouml;rl&auml;gga 25 dagars ledighet, inklusive betalda semesterdagar. Om anst&auml;llningen p&aring;b&ouml;rjas den 1 augusti och senare &auml;r semesterledigheten, inklusive betalda semesterdagar, h&ouml;gst 8 dagar. Enligt &sect; 8 i SemL framg&aring;r att en anst&auml;lld inte har n&aring;gon skyldighet att acceptera att obetalda semesterdagar l&auml;ggs ut. Regeln begr&auml;nsar d&auml;rf&ouml;r arbetsgivarens skyldighet n&aring;got att beakta arbetstagarens r&auml;tt att beg&auml;ra full ledighet under semester&aring;ret.<\/p>\n<p>  Enskilda &ouml;verenskommelser om l&auml;ngre semester, dock ej &ouml;verenskommelser om att ers&auml;tta &ouml;vertidskompensation med l&auml;ngre semester, &auml;r skyddade mot f&ouml;rs&auml;mringar genom f&ouml;r&auml;ndringar i kollektivavtalet, se garantiregeln i &sect;7 mom 3:2.<\/p>\n<p>  <strong>Mom 4 Semesterl&ouml;n, Semesterers&auml;ttning eller Semestertill&auml;gg<\/strong><\/p>\n<p>Ber&auml;kningen av semesterl&ouml;n utg&aring;r fr&aring;n aktuell l&ouml;n och d&auml;rtill utg&aring;r ett semestertill&auml;gg om 0,8 % p&aring; den aktuella l&ouml;nen per dag. Om en medarbetare har r&ouml;rlig l&ouml;n, se definitionen av vad som utg&ouml;r r&ouml;rlig l&ouml;n i &sect; 7 mom 4:2, ska denna ber&auml;knas p&aring; 0,5 % per dag av summan av den r&ouml;rliga l&ouml;nen under semester-\/kalender&aring;ret. Har medarbetaren haft semesterl&ouml;negrundande fr&aring;nvaro ska f&ouml;r varje dag l&auml;ggas ett genomsnittligt belopp per dag till summan f&ouml;r ber&auml;kningen av det r&ouml;rliga semestertill&auml;gget. Ber&auml;kningen av beloppet framg&aring;r av &sect; 7 mom 4:2.<\/p>\n<p>  Exempel: En medarbetare har varit anst&auml;lld sedan den 31 mars 2015. Den r&ouml;rliga l&ouml;nen under 2015 var 45&nbsp;000 kr. Han har varit sjuk i 35 dagar under &aring;ret. Medarbetaren har en semesterr&auml;tt om 23 dagar och han har tagit ut 20 dagars semester.<\/p>\n<p>Medarbetaren har varit anst&auml;lld i 275 dagar och fr&aring;n detta ska det dras 35 dagar och 20 dagars semester. Detta g&ouml;r att den r&ouml;rliga l&ouml;nedelen ska ber&auml;knas p&aring; 220 dagar. Den genomsnittliga dagsinkomsten blir s&aring;ledes 204,55 kr.<\/p>\n<p>  N&auml;r anst&auml;llningen inte medgivit full betald semester ska semester semestertill&auml;gget r&auml;knas upp genom f&ouml;ljande ber&auml;kning 0,5 x 30 \/ 23 = 0,652 %<\/p>\n<p>  Utr&auml;kningen f&ouml;r hur stor den r&ouml;rliga semestertill&auml;gget blir, kan r&auml;knas ut som f&ouml;ljer:<br \/>  45&nbsp;000 kr&nbsp; + 7&nbsp;159,25 x 0,652 % = 340 kr per semesterdag.<\/p>\n<p>  Observera att &sect; 7 mom 5:3 reglerar en annan ber&auml;kning av semestertill&auml;gget n&auml;r det g&auml;ller f&ouml;rekomsten av r&ouml;rlig l&ouml;n och utl&auml;ggningen vid en sparad semesterdag. Semestertill&auml;gget i det avseendet ska inte exkludera n&aring;gon fr&aring;nvaro, varf&ouml;r det f&ouml;r varje fr&aring;nvarodag, ej endast semesterl&ouml;negrundande fr&aring;nvaro, ska g&ouml;ras en genomsnittlig dagsinkomst till den f&ouml;r &aring;ret ackumulerade r&ouml;rliga inkomsten. Semestertill&auml;gget ska dessutom anpassas till den syssels&auml;ttningsgrad som den anst&auml;llde hade n&auml;r semesterdagen sparades.<\/p>\n<p><strong>Semesterers&auml;ttning<\/strong><\/p>\n<p>  N&auml;r det g&auml;ller semesterers&auml;ttningen utg&ouml;r den som 4,6 % + 0,8 % av aktuell m&aring;nadsl&ouml;n per betald semesterdag som ber&auml;knas enligt ovan. Samma v&auml;rde har en sparad semesterdag.<\/p>\n<p>  Semesterers&auml;ttning p&aring; anst&auml;llningar kortare &auml;n en m&aring;nad utg&ouml;r bara 12 % och f&ouml;retaget och den anst&auml;llde kan komma &ouml;verens om att en anst&auml;llning om h&ouml;gst 60 dagar kan omfatta bara 12 % semesterers&auml;ttning.<br \/>  &nbsp;<\/p>\n<p>F&ouml;r varje uttagen semesterdag g&ouml;rs ett l&ouml;neavdrag om 4,6 % av m&aring;nadsl&ouml;nen.<\/p>\n<p>  Vid f&ouml;r&auml;ndrad syssels&auml;ttningsgrad under intj&auml;nande-\/semester&aring;ret ska f&ouml;ljande iakttas. Semesterl&ouml;nen ska baseras p&aring; aktuell m&aring;nadsl&ouml;n. Om medarbetaren tidigare har haft en annan syssels&auml;ttningsgrad &auml;n vad som g&auml;ller vid semestertillf&auml;llet ska aktuell m&aring;nadsl&ouml;n proportioneras utifr&aring;n den genomsnittliga syssels&auml;ttningsgraden till och med m&aring;naden som utg&ouml;r semestertillf&auml;llet. Genomsnittsber&auml;kningen ska s&aring;ledes inte, som man f&aring;r f&ouml;rst&aring; kollektivavtalsregeln, g&ouml;ras p&aring; hela &aring;ret utan bara fram till och med semestertillf&auml;llet. Skulle syssels&auml;ttningsgraden &auml;ndras p&aring; nytt vid ett senare tillf&auml;lle, efter att semestern tagits ut, p&aring;verkar detta inte semesterber&auml;kningen om inte ytterligare semester ska f&ouml;rl&auml;ggas. Ny semesterl&ouml;neber&auml;kningen ska d&aring; g&ouml;ras utifr&aring;n de nya f&ouml;rh&aring;llandena. Med beskrivna villkor kan det komma att visa sig ett en medarbetare i aktuellt fall kan f&aring; f&ouml;r mycket utbetald semester &auml;n vad de i sj&auml;lva verket har f&aring;tt ut och vice versa.<\/p>\n<p>Semesterl&ouml;nen och semestertill&auml;gget utbetalas i samband med semestern eller m&aring;naden n&auml;rmast efter semestern. R&ouml;rlig semester ska utges senast i samband med januari m&aring;nadsutbetalning &aring;ret efter semester&aring;ret.<\/p>\n<p>  Har en medarbetare till st&ouml;rsta delen r&ouml;rlig l&ouml;n kan den anst&auml;llde beg&auml;ra att arbetsgivaren g&ouml;r en uppskattad semesterber&auml;kning, som ska utges i samband med den ordinarie semestern. Semestertill&auml;gget utges i detta fall &aacute; conto, vilket inneb&auml;r att arbetsgivaren har r&auml;tt att justera semestertill&auml;gget i efterhand i januari n&auml;r ber&auml;kningen av hela semestertill&auml;gget kan g&ouml;ras.<\/p>\n<p>  <strong>Mom 5 Sparande av semester<\/strong><\/p>\n<p>En arbetstagare f&aring;r spara en eller flera semesterdagar som &ouml;verstiger 20 betalda semesterdagar per &aring;r. Enligt 18 &sect; SemL f&aring;r sparade semesterdagar sparas fem &aring;r fr&aring;n det &aring;r d&aring; de sparades och det &auml;r inte m&ouml;jligt att spara semesterdagar samtidigt som sparade semesterdagar ska f&ouml;rbrukas.<\/p>\n<p>  F&ouml;rl&auml;ggningen av sparade semesterdagar ska medarbetaren och arbetsgivaren enas om f&ouml;re semester&aring;rets ing&aring;ng. Den medarbetare som vill spara semesterdagar ska underr&auml;tta arbetsgivaren om detta senast den 31 december under semester&aring;ret.<\/p>\n<p>  Av kollektivavtalet f&aring;r man f&ouml;rst&aring; att en arbetsgivare kan betrakta de sparade dagarna i tv&aring; kategorier, dels dagar som sparats enligt semesterlagen och dels dagar som sparats enligt kollektivavtalet. Till den f&ouml;rsta gruppen h&ouml;r sparade semesterdagar fr&aring;n och med dag 21 till dag 25 och till den andra gruppen h&ouml;r &ouml;vriga sparade semesterdagar. Det noteras i detta sammanhang att semesterdagar som sparats enligt lag f&ouml;ljer de i &sect; 18 SemL angivna begr&auml;nsningar f&ouml;r hur l&auml;nge de kan sparas, medan &ouml;vriga sparade semesterdagar inte har denna begr&auml;nsning. S&aring;dana dagar kan allts&aring; sparas hur l&auml;nge som helst, s&aring;vida inte arbetsgivaren och arbetstagarparten har enats om annat eller den andra ordning f&ouml;ljer en v&auml;l f&ouml;rankrad lokal ordning.<\/p>\n<p>  Enligt kollektivavtalet framg&aring;r dock att om en medarbetare samma &aring;r sparat dagar som regleras av &sect; 18 SemL och dagar som sparats enligt kollektivavtal ska de som sparats enligt SemL tas ut f&ouml;rst. I &ouml;vrigt g&auml;ller generellt att sparade dagar ska tas ut i den ordning de sparats, d.v.s. de &auml;ldsta sparade dagarna f&ouml;rst. Detta inneb&auml;r, som man f&aring;r f&ouml;rst&aring; kollektivavtalet, att sparade dagar enligt kollektivavtalet och enligt lagen inte kan sparas olika l&auml;nge eftersom lagenligt sparade dagar tvingar en anst&auml;lld att &auml;ven ta ut alla sparade dagar i den ordning de sparats inom fem &aring;r. Har emellertid endast kollektivavtalsreglerade semesterdagar sparats kan dessa, om man har m&ouml;jlighet att &aring;tskilja dessa i praktiken fr&aring;n lagenligt sparade dagar, sparas l&auml;ngre &auml;n fem &aring;r. Sj&auml;lvfallet m&aring;ste dessa tas ut i den ordning de sparats.&nbsp;&nbsp;<\/p>\n<p>Har den anst&auml;llde inte underr&auml;ttat arbetsgivaren om att de dagar som &auml;nnu inte tagits ut under semester&aring;ret, resterande semesterdagar, ska sparas enligt huvudregeln ska dessa dagar betraktas som sparade. Detta g&auml;ller givetvis under f&ouml;ruts&auml;ttning att medarbetaren kan spara semesterdagar under &aring;ret. H&auml;rmed avses allts&aring; att inte sparade semester har f&ouml;rlagts till aktuellt semester&aring;r. Om s&aring; har skett m&aring;ste de resterande semesterdagarna tas ut i ers&auml;ttning.<\/p>\n<p>  Medarbetare som varken tagit ut eller meddelat arbetsgivaren sin avsikt att ta ut sparade semesterdagar, som ett visst &aring;r inte kan sparas l&auml;ngre, kan av arbetsgivaren efter semester&aring;rets slut avl&ouml;sas i pengar, utan att medarbetaren medgivit till detta.<\/p>\n<p>  <strong>Semesterns f&ouml;rl&auml;ggning<\/strong><\/p>\n<p>Semestern f&ouml;rl&auml;ggs enligt ett g&auml;llande lokalt kollektivavtal som arbetstagarparten beg&auml;rt ska uppr&auml;ttas, eller enligt SemL principer. Ett s&aring;dant avtal ska dels reglera processen f&ouml;r att fastst&auml;lla semestrarna, dels vilken grad av medbest&auml;mmande som semesterf&ouml;rl&auml;ggningen ska omfatta.<\/p>\n<p>  Har ett s&aring;dant avtal inte tr&auml;ffats lokalt g&auml;ller 10 &sect; SemL som f&ouml;reskriver att arbetsgivarparten &auml;r skyldig att p&aring;kalla f&ouml;rhandling enligt &sect;&sect; 11 och 13 medbest&auml;mmandelagen avseende f&ouml;rl&auml;ggningen&nbsp; av huvudsemestrarna, d.v.s. perioden mellan juni till och med augusti. Finns det inte en lokal part att f&ouml;rhandla med eller vill denna lokala part inte f&ouml;rhandla denna fr&aring;ga f&ouml;r sina medlemmar ska arbetsgivarparten samr&aring;da med sina anst&auml;llda om f&ouml;rl&auml;ggningen av semestern.<\/p>\n<p>  Vad g&auml;ller annan semesterledighet &auml;n huvudsemester g&auml;ller att arbetsgivaren ska samr&aring;da med arbetsgivaren om f&ouml;rhandling i fr&aring;ga inte har &auml;gt rum.<\/p>\n<p>  I f&ouml;rsta hand ska parterna komma &ouml;verens om hur semestern ska f&ouml;rl&auml;ggas. Kan enighet inte uppn&aring;s best&auml;mmer arbetsgivaren. Har semestern beslutats p&aring; annat s&auml;tt &auml;n genom en f&ouml;reg&aring;ende &ouml;verenskommelse med den enskilde medarbetaren eller dennes organisation&nbsp; ska arbetsgivaren underr&auml;tta arbetstagaren om ett s&aring;dant beslut. Ett s&aring;dant beslut ska l&auml;mnas tv&aring; m&aring;nader innan semesterledigheten p&aring;b&ouml;rjas, i fall s&auml;rskilda sk&auml;l f&ouml;religger senare. Om arbetsgivaren haft m&ouml;jlighet till att ge detta besked en m&aring;nad f&ouml;re semesterledighetens b&ouml;rjan ska sp&aring; ske.<\/p>\n<p>  En medarbetare har enligt 12 &sect; &#8211; 12 b &sect; SemL r&auml;tt till att huvudsemestern f&ouml;rl&auml;ggs till perioden juni till augusti under minst fyra veckor. Deltidsanst&auml;llda eller medarbetare med intermittent f&ouml;rlagd arbetstid har r&auml;tt till lika l&aring;ng ledighet som medarbetare vars arbetstid &auml;r regelbundet f&ouml;rlagd.&nbsp; &nbsp;<\/p>\n<p>Mom 10&nbsp; Semester med intermittent arbetstidsf&ouml;rl&auml;ggning<\/p>\n<p>De nya reglerna g&auml;ller medarbetare som har sin arbetstid, heltid eller deltid, f&ouml;rlagd oregelbundet, m&aring;ndag till s&ouml;ndag, med t.ex. olika antal timmar per arbetsdag. De nya reglerna g&auml;ller ocks&aring; de medarbetare som arbetar deltid och har sin arbetstid f&ouml;rlagt intermittent, d.v.s. inte arbetar varje dag i veckan m&aring;ndag till fredag.<\/p>\n<p>Det finns tv&aring; ber&auml;kningsmodeller:<br \/>  1. Semesterledighet som omfattar h&ouml;gst 18 dagar (d.v.s. mindre &auml;n tre veckor),<br \/>  2. Semesterledighet som utg&ouml;r minst 19 dagar. (d.v.s mer &auml;n tre veckor)<\/p>\n<p>1.<br \/>  Semesterledigheten b&ouml;rjar med den f&ouml;rsta dagen som under ledigheten skulle utg&ouml;ra arbetsdag och slutar med den sista dagen i perioden som f&ouml;reg&aring;r en arbetsdag.<\/p>\n<p>  F&ouml;r denna period ska de sammanlagda antal schemalagda arbetstimmarna som den anst&auml;llde skulle ha arbetat under aktuella semesterperiod l&auml;ggas samman. Dessa ska d&auml;refter divideras med den genomsnittliga arbetstiden per dag som medarbetaren skulle ha arbetat om denne schemalagts enligt sin syssels&auml;ttningsgrad lika l&aring;nga arbetspass fem dagar i veckan. I kollektivavtalet har kvot per heltid, trekvarttid och halvtid angivits men kan naturligtvis vara annorlunda om syssels&auml;ttningsgraden &auml;r 80 % eller 60 %.<\/p>\n<p>  Exempel: En medarbetare som arbetar 50 % sysselsgrad (19,585 h i genomsnitt per arbetsvecka) har under semesterledigheten ett schema som omfattar (34,27 h +24,48 h +9,79 h) totalt 68,54 timmar. Medarbetaren har en genomsnittlig arbetstid per dag omfattande 3,92 h per dag (se exempel p&aring; kvoterna i kollektivavtalet).<\/p>\n<p>  68.54 \/ 3,92 = 17,48 &nbsp;<\/p>\n<p>  Kvoten ovan anger det antal semestertill&auml;gg som ska utges till den anst&auml;llde och som ska anses motsvara f&ouml;rbrukade semesterdagar.<\/p>\n<p>  Den anst&auml;llde har allts&aring; inte arbetstid eller arbetsdagar alla de dagar som semesterledigheten motsvarar. Trots detta ska semestertill&auml;gg utg&aring; f&ouml;r varje s&aring;dan ledighetsdag och en semesterdag ska anses f&ouml;rbrukad motsvarande period. Kvoten som den faktiska arbetstiden divideras med utg&ouml;r en utr&auml;knad genomsnittlig arbetstid som den anst&auml;llde skulle ha arbetat enligt om dennes schemal&auml;ggning inte varit oregelbunden.<\/p>\n<p>  F&ouml;r semesterledighet en enstaka dag kan s&aring;ledes mer &auml;n en semesterdag anses f&ouml;rbrukad enligt ovan ber&auml;kning.<\/p>\n<p>  I v&aring;rt exempel ska 17,48 semestertill&auml;gg utg&aring; till medarbetararen och d&auml;rtill har motsvarande antal semesterdagar ansetts f&ouml;rbrukade. Om den anst&auml;lldes deltidsl&ouml;n utg&ouml;r 22&nbsp;500 kr &auml;r semesterl&ouml;nen och semestertill&auml;gget f&ouml;r perioden 21&nbsp;238,20 kr och l&ouml;neavdraget f&ouml;r motsvarande period &auml;r 18&nbsp;091,80 kr.<\/p>\n<p>  Om den anst&auml;llde har en semesterr&auml;tt om 25 s&aring; &aring;terst&aring;r d&auml;rmed 7,52 semestertill&auml;gg, vilket motsvarar drygt 29 arbetstimmar. Motsvarande antal, 7,52 antal semesterdagar finns kvar att utnyttja. Detta motsvarar en ers&auml;ttning om 9&nbsp;138,80 kr.<\/p>\n<p>  I systemet g&ouml;rs d&auml;rmed inte en nettober&auml;kning av semestern vid deltid, som &auml;r vanligt f&ouml;rekommande inom andra tj&auml;nstemannaf&ouml;rh&aring;llanden, utan semestern &auml;r en bruttosemesterber&auml;kning.<br \/>  &nbsp;<\/p>\n<p>2.<br \/>  F&ouml;r ledighet som ber&auml;knas vara minst 19 dagar, vilket utg&ouml;r m&aring; &ndash; fr f&ouml;rsta veckan, l&ouml; &ndash; l&ouml; andra veckan, s&ouml; &ndash; fr tredje veckan (19 dagar), f&ouml;rl&auml;ggs semesterdagarna till m&aring; &ndash; fr med arbetsfria helger i semesterledigheten. Medarbetarens genomsnittliga arbetstidsm&aring;tt utifr&aring;n syssels&auml;ttningsgraden l&auml;ggs ut per semesterdag.<\/p>\n<p>  Den anst&auml;llde har, om semestern f&ouml;rl&auml;ggs hela veckor enligt ovan exempel, &auml;ven r&auml;tt till ledighet veckoslut omedelbart f&ouml;re och efter semesterledigheten utan att semesterdagar ska konsumeras. Ledighet en kransdag s&aring;dan dag, som skulle ha inneburit arbetsplikt i annat fall, inneb&auml;r att arbetsgivaren f&ouml;r denna dag kan g&ouml;ra ett l&ouml;neavdrag.<\/p>\n<p>  Om den anst&auml;llde v&auml;ljer att vara ledig med l&ouml;n f&aring; i s&aring; fall ytterligare en semesterdag f&ouml;rbrukas.<\/p>\n<p>  Enligt huvudregeln g&auml;ller att midsommar-, jul- och ny&aring;rsafton ska anses vara arbetsfria och j&auml;mst&auml;llas med helgdagar. Detta g&auml;ller medarbetare med semesterledighet f&ouml;rlagd enligt huvudregeln. En medarbetare som normalt har oregelbundet f&ouml;rlagd arbetstid och d&auml;rmed omfattas av &sect; 7 mom 10 ska inte, n&auml;r semesterledigheten omfattar minst 19 dagar, r&auml;kna l&ouml;rdag, s&ouml;ndag, helgdag eller n&aring;gon av ovan n&auml;mnda aftnar samt p&aring;sk- och pingstafton som semesterdag.<\/p>\n<p>  M&aring;let &auml;r att deltidsanst&auml;llda och anst&auml;llda med oregelbundet f&ouml;rlagd arbetstid ska f&aring; samma semesterf&ouml;rm&aring;ner som heltidsanst&auml;llda med i huvudsak kontorsarbetstid. Arbetsgivare ska d&auml;rmed inte avvisa en prop&aring; fr&aring;n en arbetstagare om att denne f&aring;tt semestervillkor som avviker fr&aring;n huvudnormen &auml;ven om arbetsgivaren i sak inte till&auml;mpat reglerna felaktigt.<\/p>\n<p>  P&aring; samma s&auml;tt som att villkoren kan avvika till den anst&auml;lldes nackdel kan &auml;ven semestervillkoren avvika till den anst&auml;lldes f&ouml;rdel, alternativt kan antalet semestertill&auml;gg enligt detta moment (&sect; 7 mom 10) eller antalet semesterdagar &ouml;verstigit vad medarbetaren egentligen &auml;r ber&auml;ttigad till, kan arbetsgivaren, utan den anst&auml;lldes medgivande reglera den &ouml;verskjutande r&auml;tten med att ge mindre semester kommande semester&aring;r eller kvitta semesterskulden p&aring; eventuell sparad semester.<\/p>\n<p>  En semesterfordran som den anst&auml;llde har p&aring; f&ouml;r lite utgiven semester ska f&ouml;retaget hantera omg&aring;ende enligt till&auml;mpliga regler i kollektivavtalet.<\/p>\n<p><strong>Mom 8 Anm&auml;lan av f&ouml;r&auml;ldraledighet i samband med semester<\/strong><\/p>\n<p>Enligt kollektivavtalets &sect; 7 mom 8 &aring;ligger det en arbetstagare att anm&auml;la att i fall f&ouml;r&auml;ldraledighet ska f&ouml;rl&auml;ggas i anslutning till huvudsemestern ska detta anm&auml;las i samband med att ans&ouml;kan om huvudsemestern g&ouml;rs. Regeln &auml;r en ordningsregel och om den anst&auml;llde inte f&ouml;ljer vad kollektivavtalet anger kan detta f&ouml;ranleda fog f&ouml;r arbetsgivaren att vidta en tillr&auml;ttavisning.<\/p>\n<p><strong>R&auml;tt att avst&aring; fr&aring;n semester i vissa fall<\/strong><\/p>\n<p>Enligt &sect; 13 SemL framg&aring;r att en semesterledighet som best&auml;mts f&ouml;r en anst&auml;lld eller en grupp anst&auml;llda och en arbetsgivare beslutat om att denne\/dessa ska permitteras kan den anst&auml;llde avst&aring; fr&aring;n den utlagda semestern och sj&auml;lvfallet ska inte semesterl&ouml;n utg&aring;. Detsamma g&auml;ller vid s.k. korttidsarbete (avser en av arbetsgivaren och arbetstagarparten &ouml;verenskommen &aring;tg&auml;rd ist&auml;llet f&ouml;r upps&auml;gning). Inte heller f&aring;r semesterledighet f&ouml;rl&auml;ggas till upps&auml;gningstid utan att medarbetaren medgivit detta.<\/p>\n<p>  Semester f&aring;r inte utan medarbetarens medgivande utl&auml;ggas till upps&auml;gningstid. Skulle semester vara utlagd och arbetsgivaren vidtar en upps&auml;gning p&aring; grund av arbetsbrist s&aring; har en anst&auml;lld r&auml;tt att h&auml;va f&ouml;rl&auml;ggningen av semester enligt &sect; 14 SemL.<\/p>\n<p>Arbetsgivaren har r&auml;tt att l&auml;gga ut semester p&aring; upps&auml;gningstid som &ouml;verstiger sex m&aring;nader.<\/p>\n<p>  <strong>Mom 6 &Aring;terbetalningsskyldig av f&ouml;r mycket utgiven semester<\/strong><\/p>\n<p>Enligt kollektivavtalets &sect; 7 mom 6 framg&aring;r att semester utg&aring;r &aacute; conto i vissa fall, vilket inneb&auml;r att arbetsgivaren kan justera semesterl&ouml;nen i efterhand om den anst&auml;llde f&aring;tt f&ouml;r mycket semesterl&ouml;n och semestertill&auml;gg n&auml;r den anst&auml;llde avslutar sin anst&auml;llning sj&auml;lv. Avdraget f&aring;r g&ouml;ras f&ouml;r anst&auml;llningar eller anst&auml;llningstid som vid upps&auml;gningstillf&auml;llet &auml;r kortare &auml;n tre &aring;r.<br \/>  &nbsp;<br \/>  Om en anst&auml;llning avslutas av arbetsgivaren genom den anst&auml;lldes sjukdom, genom att den anst&auml;llde till f&ouml;ljd av arbetsgivarens agerande har r&auml;tt att h&auml;va anst&auml;llningsavtalet eller att anst&auml;llningen avslutas av arbetsgivaren p&aring; grund av arbetsbrist, f&aring;r inte kvittning ske.<\/p>\n<p>  <strong>Mom 9 Omvandling av semestertill&auml;gget till ledig tid<\/strong><\/p>\n<p>R&auml;tten att omvandla semestertill&auml;gget till ledig tid f&ouml;ruts&auml;tter en &ouml;verenskommelse mellan arbetsgivaren och den anst&auml;llde.&nbsp; Dessutom f&ouml;ruts&auml;tter r&auml;tten till att omvandla semestertill&auml;gget att semester utg&aring;r enligt huvudregeln och inte enligt &sect; 7 mom 10. Orsaken till detta &auml;r att det f&ouml;refaller alltf&ouml;r komplicerat att administrera detta.<\/p>\n<p>  En &ouml;verenskommelse g&auml;ller f&ouml;r ett helt semester&aring;r i taget och det finns inte n&aring;gon skyldighet f&ouml;r arbetsgivare eller anst&auml;lld att teckna &ouml;verenskommelsen. Part har ocks&aring; r&auml;tt att s&auml;ga upp en ing&aring;ngen &ouml;verenskommelse.<\/p>\n<p>  Ut&ouml;ver semesterdagarna som den anst&auml;llde har r&auml;tt till enligt kollektivavtalet, utan r&auml;tt till semestertill&auml;gg, utg&aring;r ett antal lediga dagar, utan vederb&ouml;rligt l&ouml;neavdrag. De lediga dagarna f&aring;r tas ut efter att samtliga semesterdagar har f&ouml;rbrukats. Har en medarbetar som ing&aring;tt en &ouml;verenskommelse om att omvandla semestertill&auml;gget inte kunnat ta ut de lediga dagarna f&aring;r dessa dagar endast f&ouml;ras &ouml;ver till n&auml;stkommande &aring;r. Har s&aring;dan dag inte kunnat att tas ut n&auml;stkommande semester&aring;r f&ouml;rfaller dessa dagar till betalning, senast i samband med januari m&aring;nads l&ouml;neutbetalning.<\/p>\n<p>  V&auml;rdet av semestertill&auml;gget 0,8 % per semesterdag omvandlas till hela lediga dagar. D&auml;rut&ouml;ver anger kollektivavtalet att arbetsgivaren ska utge del av ett semestertill&auml;gg per semester&aring;r. Detta &auml;r en kollektivavtalad &ouml;verenskommelse. Skulle omvandlingen av semestertill&auml;gget helt avse ledig tid utg&ouml;r det egentliga &aring;terst&aring;ende v&auml;rdet av semestertill&auml;gget t.ex. 35 % av en dagsl&ouml;n, vid 25 dagars semesterr&auml;tt.<\/p>\n<p>  Exempel: En medarbetare har en l&ouml;n om 30&nbsp;000 kr och en semesterr&auml;tt om 25 dagar och arbetsgivaren och den anst&auml;llde enas om att omvandla semestertill&auml;gget till ledig tid. Det egentliga v&auml;rdet av det omvandlade semestertill&auml;gget utg&ouml;r 4 lediga dagar och 35 % av en dagsl&ouml;n, d.v.s. (30&nbsp;000 x 4,6 % = 1380 kr, 1380 x 35 % = 483) 483 kr.<\/p>\n<p>  Parterna har dock inte enats om att ers&auml;tta det &aring;terst&aring;ende semestertill&auml;gget p&aring; detta s&auml;tt utan valt att endast kompensera den &aring;terst&aring;ende semesterr&auml;tten med 0,35 % av en m&aring;nadsl&ouml;n, d.v.s. 105 kr per semester&aring;r.<\/p>\n<\/p>\n","protected":false},"excerpt":{"rendered":"<p>Nedan kommer en fullst\u00e4ndig kommentar till de nya semesterreglerna i kollektivavtalet.     Mom 2 Semester\u00e5r och intj\u00e4nande\u00e5r    Intj\u00e4nande- och semester\u00e5ret sammanfaller med kalender\u00e5ret. I kollektivavtalet anges att det kan finnas speciella sk\u00e4l f\u00f6r att en medarbetare ett visst \u00e5r inte har kunnat beredas semesterledighet.   <\/p>\n","protected":false},"author":1,"featured_media":0,"comment_status":"closed","ping_status":"open","sticky":false,"template":"","format":"standard","meta":{"_acf_changed":false,"footnotes":""},"categories":[1],"tags":[],"article_type":[313],"agreement":[192,193,194],"class_list":["post-5734","post","type-post","status-publish","format-standard","hentry","category-okategoriserade","type-arbetsgivarnytt","agreement-d95c3e3a-0da2-de11-b057-02bf9e69ca65","agreement-2b2479db-06a2-de11-b057-02bf9e69ca65","agreement-89175bca-06a2-de11-b057-02bf9e69ca65"],"acf":[],"yoast_head":"<!-- This site is optimized with the Yoast SEO Premium plugin v26.8 (Yoast SEO v26.8) - https:\/\/yoast.com\/product\/yoast-seo-premium-wordpress\/ -->\n<title>Den nya semesterregleringen av semester enligt Public Service avtalet (Unionen, Journalistf\u00f6rbundet och Akademikerf\u00f6rbunden) | Almega<\/title>\n<meta name=\"robots\" content=\"index, follow, max-snippet:-1, max-image-preview:large, max-video-preview:-1\" \/>\n<link rel=\"canonical\" href=\"https:\/\/www.almega.se\/2016\/06\/den-nya-semesterregleringen-av-semester-enligt-public-service-avtalet-unionen-journalistforbundet-och-akademikerforbunden\/\" \/>\n<meta property=\"og:locale\" content=\"sv_SE\" \/>\n<meta property=\"og:type\" content=\"article\" \/>\n<meta property=\"og:title\" content=\"Den nya semesterregleringen av semester enligt Public Service avtalet (Unionen, Journalistf\u00f6rbundet och Akademikerf\u00f6rbunden)\" \/>\n<meta property=\"og:description\" content=\"Nedan kommer en fullst\u00e4ndig kommentar till de nya semesterreglerna i kollektivavtalet.   Mom 2 Semester\u00e5r och intj\u00e4nande\u00e5r  Intj\u00e4nande- och semester\u00e5ret sammanfaller med kalender\u00e5ret. I kollektivavtalet anges att det kan finnas speciella sk\u00e4l f\u00f6r att en medarbetare ett visst \u00e5r inte har kunnat beredas semesterledighet.\" \/>\n<meta property=\"og:url\" content=\"https:\/\/www.almega.se\/2016\/06\/den-nya-semesterregleringen-av-semester-enligt-public-service-avtalet-unionen-journalistforbundet-och-akademikerforbunden\/\" \/>\n<meta property=\"og:site_name\" content=\"Almega\" \/>\n<meta property=\"article:published_time\" content=\"2016-06-15T10:00:00+00:00\" \/>\n<meta property=\"og:image\" content=\"https:\/\/www.almega.se\/app\/uploads\/2020\/12\/almega-share-logo.png\" \/>\n\t<meta property=\"og:image:width\" content=\"1200\" \/>\n\t<meta property=\"og:image:height\" content=\"630\" \/>\n\t<meta property=\"og:image:type\" content=\"image\/png\" \/>\n<meta name=\"author\" content=\"admin\" \/>\n<meta name=\"twitter:card\" content=\"summary_large_image\" \/>\n<meta name=\"twitter:label1\" content=\"Skriven av\" \/>\n\t<meta name=\"twitter:data1\" content=\"admin\" \/>\n\t<meta name=\"twitter:label2\" content=\"Ber\u00e4knad l\u00e4stid\" \/>\n\t<meta name=\"twitter:data2\" content=\"23 minuter\" \/>\n<!-- \/ Yoast SEO Premium plugin. -->","yoast_head_json":{"title":"Den nya semesterregleringen av semester enligt Public Service avtalet (Unionen, Journalistf\u00f6rbundet och Akademikerf\u00f6rbunden) | Almega","robots":{"index":"index","follow":"follow","max-snippet":"max-snippet:-1","max-image-preview":"max-image-preview:large","max-video-preview":"max-video-preview:-1"},"canonical":"https:\/\/www.almega.se\/2016\/06\/den-nya-semesterregleringen-av-semester-enligt-public-service-avtalet-unionen-journalistforbundet-och-akademikerforbunden\/","og_locale":"sv_SE","og_type":"article","og_title":"Den nya semesterregleringen av semester enligt Public Service avtalet (Unionen, Journalistf\u00f6rbundet och Akademikerf\u00f6rbunden)","og_description":"Nedan kommer en fullst\u00e4ndig kommentar till de nya semesterreglerna i kollektivavtalet.   Mom 2 Semester\u00e5r och intj\u00e4nande\u00e5r  Intj\u00e4nande- och semester\u00e5ret sammanfaller med kalender\u00e5ret. I kollektivavtalet anges att det kan finnas speciella sk\u00e4l f\u00f6r att en medarbetare ett visst \u00e5r inte har kunnat beredas semesterledighet.","og_url":"https:\/\/www.almega.se\/2016\/06\/den-nya-semesterregleringen-av-semester-enligt-public-service-avtalet-unionen-journalistforbundet-och-akademikerforbunden\/","og_site_name":"Almega","article_published_time":"2016-06-15T10:00:00+00:00","og_image":[{"width":1200,"height":630,"url":"https:\/\/www.almega.se\/app\/uploads\/2020\/12\/almega-share-logo.png","type":"image\/png"}],"author":"admin","twitter_card":"summary_large_image","twitter_misc":{"Skriven av":"admin","Ber\u00e4knad l\u00e4stid":"23 minuter"},"schema":{"@context":"https:\/\/schema.org","@graph":[{"@type":"NewsArticle","@id":"https:\/\/www.almega.se\/2016\/06\/den-nya-semesterregleringen-av-semester-enligt-public-service-avtalet-unionen-journalistforbundet-och-akademikerforbunden\/#article","isPartOf":{"@id":"https:\/\/www.almega.se\/2016\/06\/den-nya-semesterregleringen-av-semester-enligt-public-service-avtalet-unionen-journalistforbundet-och-akademikerforbunden\/"},"author":{"name":"admin","@id":"https:\/\/www.almega.se\/#\/schema\/person\/9c3674d192fb8b2d1d8b7a3f31c5151d"},"headline":"Den nya semesterregleringen av semester enligt Public Service avtalet (Unionen, Journalist&shy;f\u00f6rbundet och Akademiker&shy;f\u00f6rbunden)","datePublished":"2016-06-15T10:00:00+00:00","mainEntityOfPage":{"@id":"https:\/\/www.almega.se\/2016\/06\/den-nya-semesterregleringen-av-semester-enligt-public-service-avtalet-unionen-journalistforbundet-och-akademikerforbunden\/"},"wordCount":4535,"inLanguage":"sv-SE"},{"@type":"WebPage","@id":"https:\/\/www.almega.se\/2016\/06\/den-nya-semesterregleringen-av-semester-enligt-public-service-avtalet-unionen-journalistforbundet-och-akademikerforbunden\/","url":"https:\/\/www.almega.se\/2016\/06\/den-nya-semesterregleringen-av-semester-enligt-public-service-avtalet-unionen-journalistforbundet-och-akademikerforbunden\/","name":"Den nya semesterregleringen av semester enligt Public Service avtalet (Unionen, Journalistf\u00f6rbundet och Akademikerf\u00f6rbunden) | Almega","isPartOf":{"@id":"https:\/\/www.almega.se\/#website"},"datePublished":"2016-06-15T10:00:00+00:00","author":{"@id":"https:\/\/www.almega.se\/#\/schema\/person\/9c3674d192fb8b2d1d8b7a3f31c5151d"},"breadcrumb":{"@id":"https:\/\/www.almega.se\/2016\/06\/den-nya-semesterregleringen-av-semester-enligt-public-service-avtalet-unionen-journalistforbundet-och-akademikerforbunden\/#breadcrumb"},"inLanguage":"sv-SE","potentialAction":[{"@type":"ReadAction","target":["https:\/\/www.almega.se\/2016\/06\/den-nya-semesterregleringen-av-semester-enligt-public-service-avtalet-unionen-journalistforbundet-och-akademikerforbunden\/"]}]},{"@type":"BreadcrumbList","@id":"https:\/\/www.almega.se\/2016\/06\/den-nya-semesterregleringen-av-semester-enligt-public-service-avtalet-unionen-journalistforbundet-och-akademikerforbunden\/#breadcrumb","itemListElement":[{"@type":"ListItem","position":1,"name":"Home","item":"https:\/\/www.almega.se\/"},{"@type":"ListItem","position":2,"name":"Den nya semesterregleringen av semester enligt Public Service avtalet (Unionen, Journalist&shy;f\u00f6rbundet och Akademiker&shy;f\u00f6rbunden)"}]},{"@type":"WebSite","@id":"https:\/\/www.almega.se\/#website","url":"https:\/\/www.almega.se\/","name":"Almega","description":"","potentialAction":[{"@type":"SearchAction","target":{"@type":"EntryPoint","urlTemplate":"https:\/\/www.almega.se\/?s={search_term_string}"},"query-input":{"@type":"PropertyValueSpecification","valueRequired":true,"valueName":"search_term_string"}}],"inLanguage":"sv-SE"},{"@type":"Person","@id":"https:\/\/www.almega.se\/#\/schema\/person\/9c3674d192fb8b2d1d8b7a3f31c5151d","name":"admin","image":{"@type":"ImageObject","inLanguage":"sv-SE","@id":"https:\/\/www.almega.se\/#\/schema\/person\/image\/","url":"https:\/\/secure.gravatar.com\/avatar\/13aac7e7a7582f599e3ba7706cec051e12eac4ad6c2ffe6f9d24800e63294187?s=96&d=mm&r=g","contentUrl":"https:\/\/secure.gravatar.com\/avatar\/13aac7e7a7582f599e3ba7706cec051e12eac4ad6c2ffe6f9d24800e63294187?s=96&d=mm&r=g","caption":"admin"},"url":"https:\/\/www.almega.se\/person\/admin\/"}]}},"_links":{"self":[{"href":"https:\/\/www.almega.se\/api\/wp\/v2\/posts\/5734","targetHints":{"allow":["GET"]}}],"collection":[{"href":"https:\/\/www.almega.se\/api\/wp\/v2\/posts"}],"about":[{"href":"https:\/\/www.almega.se\/api\/wp\/v2\/types\/post"}],"author":[{"embeddable":true,"href":"https:\/\/www.almega.se\/api\/wp\/v2\/users\/1"}],"replies":[{"embeddable":true,"href":"https:\/\/www.almega.se\/api\/wp\/v2\/comments?post=5734"}],"version-history":[{"count":1,"href":"https:\/\/www.almega.se\/api\/wp\/v2\/posts\/5734\/revisions"}],"predecessor-version":[{"id":58315,"href":"https:\/\/www.almega.se\/api\/wp\/v2\/posts\/5734\/revisions\/58315"}],"wp:attachment":[{"href":"https:\/\/www.almega.se\/api\/wp\/v2\/media?parent=5734"}],"wp:term":[{"taxonomy":"category","embeddable":true,"href":"https:\/\/www.almega.se\/api\/wp\/v2\/categories?post=5734"},{"taxonomy":"post_tag","embeddable":true,"href":"https:\/\/www.almega.se\/api\/wp\/v2\/tags?post=5734"},{"taxonomy":"type","embeddable":true,"href":"https:\/\/www.almega.se\/api\/wp\/v2\/article_type?post=5734"},{"taxonomy":"agreement","embeddable":true,"href":"https:\/\/www.almega.se\/api\/wp\/v2\/agreement?post=5734"}],"curies":[{"name":"wp","href":"https:\/\/api.w.org\/{rel}","templated":true}]}}