{"id":5733,"date":"2016-06-16T08:00:00","date_gmt":"2016-06-16T08:00:00","guid":{"rendered":"http:\/\/almega-bento\/wp\/blog\/2016\/06\/16\/tjansteproduktionen-halls-tillbaka\/"},"modified":"2023-02-14T14:45:14","modified_gmt":"2023-02-14T13:45:14","slug":"tjansteproduktionen-halls-tillbaka","status":"publish","type":"post","link":"https:\/\/www.almega.se\/2016\/06\/tjansteproduktionen-halls-tillbaka\/","title":{"rendered":"Tj\u00e4nsteproduktionen h\u00e5lls tillbaka"},"content":{"rendered":"\n<p>Flaskhalsar och svagare efterfr\u00e5gan \u00e4n v\u00e4ntat d\u00e4mpar tillv\u00e4xten.<\/p>\n\n\n\n<p>Almegas tj\u00e4nsteindikator f\u00f6r \u00e5rets andra kvartal pekar p\u00e5 of\u00f6r\u00e4ndrad produktionstillv\u00e4xt i den privata tj\u00e4nstesektorn. Det inneb\u00e4r ungef\u00e4r samma takt som under f\u00f6rsta kvartalet i \u00e5r d\u00e5 den uppgick till 2,2 procent, enligt SCB:s tj\u00e4nsteproduktionsindex. Tillv\u00e4xttakten har d\u00e4rmed v\u00e4xlat ned efter f\u00f6rra \u00e5rets acceleration, d\u00e5 tj\u00e4nsteproduktionen \u00f6kade med i genomsnitt 3,7 procent j\u00e4mf\u00f6rt med 2014. Efterfr\u00e5gan p\u00e5 tj\u00e4nster har utvecklats n\u00e5got svagare hittills i \u00e5r \u00e4n tj\u00e4nstef\u00f6retagen f\u00f6rv\u00e4ntat. Den svagare tillv\u00e4xten kan ocks\u00e5 f\u00f6rklaras av att personalbrist bromsar tillv\u00e4xten i kunskapsintensiva branscher.<\/p>\n\n\n\n<p>De branscher som bidrog mest till den \u00f6kade produktionen i den privata tj\u00e4nstesektorn under b\u00e5de f\u00f6rra \u00e5ret och \u00e4ven hittills i \u00e5r var olika typer av f\u00f6retagstj\u00e4nster. Efterfr\u00e5gan p\u00e5 f\u00f6retagstj\u00e4nster under f\u00f6rra \u00e5ret drevs fr\u00e4mst fr\u00e5n den privata tj\u00e4nstesektorn i sig, d\u00e4r olika typer av tj\u00e4nstebranscher k\u00f6per in eller investerar i denna typ av tj\u00e4nster, s\u00e5som nya it-system, tekniska l\u00f6sningar, marknadsf\u00f6ring, s\u00e4kerhetssystem, bemanningstj\u00e4nster med mera. Efterfr\u00e5gan p\u00e5 f\u00f6retagstj\u00e4nster fr\u00e5n fr\u00e4mst byggindustrin och offentlig sektor f\u00f6rv\u00e4ntas ta mer fart under f\u00f6rsta halv\u00e5ret i \u00e5r j\u00e4mf\u00f6rt med f\u00f6reg\u00e5ende halv\u00e5r.<\/p>\n\n\n\n<p>Almegas arbetsmarknadsindikator pekar p\u00e5 att syssels\u00e4ttningen inom den privata tj\u00e4nstesektorn kommer att \u00f6ka \u00e4nnu n\u00e5got mer under \u00e5rets andra kvartal j\u00e4mf\u00f6rt med under det f\u00f6rsta kvartalet. Almegas indikator har emellertid pekat p\u00e5 en klart b\u00e4ttre utveckling av syssels\u00e4ttningen \u00e4n den faktiska under det senaste \u00e5ret. Indikatorn speglar att f\u00f6retagen fortfarande har mycket expansiva anst\u00e4llningsplaner, men sedan f\u00f6rra \u00e5ret har de inte kunnat infrias fullt ut, fr\u00e4mst p\u00e5 grund av den \u00f6kade bristen p\u00e5 kompetens som f\u00f6retagen beh\u00f6ver f\u00f6r sin tj\u00e4nsteproduktion. Tj\u00e4nstef\u00f6retagen har hittills i \u00e5r varit f\u00f6r optimistiska om att kunna \u00f6ka personalstyrkan. Det \u00e4r ett f\u00e5tal branscher som st\u00e5r bakom huvuddelen av den \u00f6kade syssels\u00e4ttningen inom den privata tj\u00e4nstesektorn i b\u00f6rjan av \u00e5ret. F\u00f6retagstj\u00e4nsterna f\u00f6rklarar h\u00e4lften av hela \u00f6kningen under f\u00f6rsta kvartalet och v\u00e5rd och omsorgsbranschen f\u00f6r cirka en femtedel.<\/p>\n\n\n\n<p>Almegas prisindikator pekar p\u00e5 en inbromsning av \u00f6kningstakten f\u00f6r tj\u00e4nstepriserna under andra kvartalet i \u00e5r. Indikatorn \u00e4r i indextal of\u00f6r\u00e4ndrad mellan f\u00f6rsta och andra kvartalet. Framf\u00f6rallt \u00e4r det f\u00f6retag inom handeln som har reviderat ned sina prisf\u00f6rv\u00e4ntningar, om \u00e4n fr\u00e5n en h\u00f6g niv\u00e5. De tecken p\u00e5 \u00f6veroptimism bland f\u00f6retagen som belystes i den f\u00f6rra utg\u00e5van av Almegas tj\u00e4nsteindikator \u00e4r nu mindre synliga, men kvarst\u00e5r i viss grad. Det faktiska utfallet av tj\u00e4nstepriserna uppvisar n\u00e4mligen en fortsatt ned\u00e5tg\u00e5ende \u00f6kningstakt, trots att f\u00f6retagen f\u00f6rv\u00e4ntat sig att priserna skulle ha stigit mer \u00e4n utfallet f\u00f6r det f\u00f6rsta kvartalet. \u00d6kningstakten f\u00f6r tj\u00e4nstepriserna har inte varit s\u00e5 svag sedan 2005 som under f\u00f6rsta kvartalet i \u00e5r. Den ljusa bild som m\u00e5las upp av \u00f6kande tj\u00e4nstepriser i KPI \u00e4r vilseledande av flera sk\u00e4l som tas upp i rapporten.<\/p>\n\n\n\n<p><em>\/Lena Hagman, chefekonom<br>Oscar Scheja, ekonom<\/em><br>Almega, 16 juni 2016<\/p>\n","protected":false},"excerpt":{"rendered":"<p>Flaskhalsar och svagare efterfr\u00e5gan \u00e4n v\u00e4ntat d\u00e4mpar tillv\u00e4xten.<\/p>\n","protected":false},"author":1,"featured_media":0,"comment_status":"closed","ping_status":"open","sticky":false,"template":"","format":"standard","meta":{"_acf_changed":false,"footnotes":""},"categories":[581],"tags":[50],"article_type":[56,42],"agreement":[],"class_list":["post-5733","post","type-post","status-publish","format-standard","hentry","category-tjanstesektorns-betydelse","tag-tjanstesektorns-utveckling","type-nyheter","type-rapporter"],"acf":[],"yoast_head":"<!-- This site is optimized with the Yoast SEO Premium plugin v26.8 (Yoast SEO v26.8) - https:\/\/yoast.com\/product\/yoast-seo-premium-wordpress\/ -->\n<title>Tj\u00e4nsteproduktionen h\u00e5lls tillbaka | Almega<\/title>\n<meta name=\"robots\" content=\"index, follow, max-snippet:-1, max-image-preview:large, max-video-preview:-1\" \/>\n<link rel=\"canonical\" href=\"https:\/\/www.almega.se\/2016\/06\/tjansteproduktionen-halls-tillbaka\/\" \/>\n<meta property=\"og:locale\" content=\"sv_SE\" \/>\n<meta property=\"og:type\" content=\"article\" \/>\n<meta property=\"og:title\" content=\"Tj\u00e4nsteproduktionen h\u00e5lls tillbaka\" \/>\n<meta property=\"og:description\" content=\"Flaskhalsar och svagare efterfr\u00e5gan \u00e4n v\u00e4ntat d\u00e4mpar tillv\u00e4xten.\" \/>\n<meta property=\"og:url\" content=\"https:\/\/www.almega.se\/2016\/06\/tjansteproduktionen-halls-tillbaka\/\" \/>\n<meta property=\"og:site_name\" content=\"Almega\" \/>\n<meta property=\"article:published_time\" content=\"2016-06-16T08:00:00+00:00\" \/>\n<meta property=\"article:modified_time\" content=\"2023-02-14T13:45:14+00:00\" \/>\n<meta property=\"og:image\" content=\"https:\/\/www.almega.se\/app\/uploads\/2020\/12\/almega-share-logo.png\" \/>\n\t<meta property=\"og:image:width\" content=\"1200\" \/>\n\t<meta property=\"og:image:height\" content=\"630\" \/>\n\t<meta property=\"og:image:type\" content=\"image\/png\" \/>\n<meta name=\"author\" content=\"admin\" \/>\n<meta name=\"twitter:card\" content=\"summary_large_image\" \/>\n<meta name=\"twitter:label1\" content=\"Skriven av\" \/>\n\t<meta name=\"twitter:data1\" content=\"admin\" \/>\n\t<meta name=\"twitter:label2\" content=\"Ber\u00e4knad l\u00e4stid\" \/>\n\t<meta name=\"twitter:data2\" content=\"3 minuter\" \/>\n<!-- \/ Yoast SEO Premium plugin. -->","yoast_head_json":{"title":"Tj\u00e4nsteproduktionen h\u00e5lls tillbaka | Almega","robots":{"index":"index","follow":"follow","max-snippet":"max-snippet:-1","max-image-preview":"max-image-preview:large","max-video-preview":"max-video-preview:-1"},"canonical":"https:\/\/www.almega.se\/2016\/06\/tjansteproduktionen-halls-tillbaka\/","og_locale":"sv_SE","og_type":"article","og_title":"Tj\u00e4nsteproduktionen h\u00e5lls tillbaka","og_description":"Flaskhalsar och svagare efterfr\u00e5gan \u00e4n v\u00e4ntat d\u00e4mpar tillv\u00e4xten.","og_url":"https:\/\/www.almega.se\/2016\/06\/tjansteproduktionen-halls-tillbaka\/","og_site_name":"Almega","article_published_time":"2016-06-16T08:00:00+00:00","article_modified_time":"2023-02-14T13:45:14+00:00","og_image":[{"width":1200,"height":630,"url":"https:\/\/www.almega.se\/app\/uploads\/2020\/12\/almega-share-logo.png","type":"image\/png"}],"author":"admin","twitter_card":"summary_large_image","twitter_misc":{"Skriven av":"admin","Ber\u00e4knad l\u00e4stid":"3 minuter"},"schema":{"@context":"https:\/\/schema.org","@graph":[{"@type":"NewsArticle","@id":"https:\/\/www.almega.se\/2016\/06\/tjansteproduktionen-halls-tillbaka\/#article","isPartOf":{"@id":"https:\/\/www.almega.se\/2016\/06\/tjansteproduktionen-halls-tillbaka\/"},"author":{"name":"admin","@id":"https:\/\/www.almega.se\/#\/schema\/person\/9c3674d192fb8b2d1d8b7a3f31c5151d"},"headline":"Tj\u00e4nsteproduktionen h\u00e5lls tillbaka","datePublished":"2016-06-16T08:00:00+00:00","dateModified":"2023-02-14T13:45:14+00:00","mainEntityOfPage":{"@id":"https:\/\/www.almega.se\/2016\/06\/tjansteproduktionen-halls-tillbaka\/"},"wordCount":576,"keywords":["Tj\u00e4nstesektorns utveckling"],"articleSection":["Tj\u00e4nstesektorns betydelse"],"inLanguage":"sv-SE"},{"@type":"WebPage","@id":"https:\/\/www.almega.se\/2016\/06\/tjansteproduktionen-halls-tillbaka\/","url":"https:\/\/www.almega.se\/2016\/06\/tjansteproduktionen-halls-tillbaka\/","name":"Tj\u00e4nsteproduktionen h\u00e5lls tillbaka | Almega","isPartOf":{"@id":"https:\/\/www.almega.se\/#website"},"datePublished":"2016-06-16T08:00:00+00:00","dateModified":"2023-02-14T13:45:14+00:00","author":{"@id":"https:\/\/www.almega.se\/#\/schema\/person\/9c3674d192fb8b2d1d8b7a3f31c5151d"},"breadcrumb":{"@id":"https:\/\/www.almega.se\/2016\/06\/tjansteproduktionen-halls-tillbaka\/#breadcrumb"},"inLanguage":"sv-SE","potentialAction":[{"@type":"ReadAction","target":["https:\/\/www.almega.se\/2016\/06\/tjansteproduktionen-halls-tillbaka\/"]}]},{"@type":"BreadcrumbList","@id":"https:\/\/www.almega.se\/2016\/06\/tjansteproduktionen-halls-tillbaka\/#breadcrumb","itemListElement":[{"@type":"ListItem","position":1,"name":"Home","item":"https:\/\/www.almega.se\/"},{"@type":"ListItem","position":2,"name":"Tj\u00e4nsteproduktionen h\u00e5lls tillbaka"}]},{"@type":"WebSite","@id":"https:\/\/www.almega.se\/#website","url":"https:\/\/www.almega.se\/","name":"Almega","description":"","potentialAction":[{"@type":"SearchAction","target":{"@type":"EntryPoint","urlTemplate":"https:\/\/www.almega.se\/?s={search_term_string}"},"query-input":{"@type":"PropertyValueSpecification","valueRequired":true,"valueName":"search_term_string"}}],"inLanguage":"sv-SE"},{"@type":"Person","@id":"https:\/\/www.almega.se\/#\/schema\/person\/9c3674d192fb8b2d1d8b7a3f31c5151d","name":"admin","image":{"@type":"ImageObject","inLanguage":"sv-SE","@id":"https:\/\/www.almega.se\/#\/schema\/person\/image\/","url":"https:\/\/secure.gravatar.com\/avatar\/13aac7e7a7582f599e3ba7706cec051e12eac4ad6c2ffe6f9d24800e63294187?s=96&d=mm&r=g","contentUrl":"https:\/\/secure.gravatar.com\/avatar\/13aac7e7a7582f599e3ba7706cec051e12eac4ad6c2ffe6f9d24800e63294187?s=96&d=mm&r=g","caption":"admin"},"url":"https:\/\/www.almega.se\/person\/admin\/"}]}},"_links":{"self":[{"href":"https:\/\/www.almega.se\/api\/wp\/v2\/posts\/5733","targetHints":{"allow":["GET"]}}],"collection":[{"href":"https:\/\/www.almega.se\/api\/wp\/v2\/posts"}],"about":[{"href":"https:\/\/www.almega.se\/api\/wp\/v2\/types\/post"}],"author":[{"embeddable":true,"href":"https:\/\/www.almega.se\/api\/wp\/v2\/users\/1"}],"replies":[{"embeddable":true,"href":"https:\/\/www.almega.se\/api\/wp\/v2\/comments?post=5733"}],"version-history":[{"count":2,"href":"https:\/\/www.almega.se\/api\/wp\/v2\/posts\/5733\/revisions"}],"predecessor-version":[{"id":59339,"href":"https:\/\/www.almega.se\/api\/wp\/v2\/posts\/5733\/revisions\/59339"}],"wp:attachment":[{"href":"https:\/\/www.almega.se\/api\/wp\/v2\/media?parent=5733"}],"wp:term":[{"taxonomy":"category","embeddable":true,"href":"https:\/\/www.almega.se\/api\/wp\/v2\/categories?post=5733"},{"taxonomy":"post_tag","embeddable":true,"href":"https:\/\/www.almega.se\/api\/wp\/v2\/tags?post=5733"},{"taxonomy":"type","embeddable":true,"href":"https:\/\/www.almega.se\/api\/wp\/v2\/article_type?post=5733"},{"taxonomy":"agreement","embeddable":true,"href":"https:\/\/www.almega.se\/api\/wp\/v2\/agreement?post=5733"}],"curies":[{"name":"wp","href":"https:\/\/api.w.org\/{rel}","templated":true}]}}