{"id":5691,"date":"2016-07-08T15:00:00","date_gmt":"2016-07-08T15:00:00","guid":{"rendered":"http:\/\/almega-bento\/wp\/blog\/2016\/07\/08\/avtal-klara-med-seko-st-och-saco-for-bransch-kommunikation\/"},"modified":"2016-07-08T15:00:00","modified_gmt":"2016-07-08T15:00:00","slug":"avtal-klara-med-seko-st-och-saco-for-bransch-kommunikation","status":"publish","type":"post","link":"https:\/\/www.almega.se\/2016\/07\/avtal-klara-med-seko-st-och-saco-for-bransch-kommunikation\/","title":{"rendered":"Avtal klara med Seko, ST och Saco f\u00f6r bransch Kommunikation"},"content":{"rendered":"\n<p class=\"intro\">Almega Kommunikationsf\u00f6retagen har nu tr\u00e4ffat avtal om l\u00f6ner och allm\u00e4nna anst\u00e4llningsvillkor med motparterna Seko, Fackf\u00f6rbundet ST, Sveriges Ingenj\u00f6-rer, Jusek, SRAT, och Civilekonomerna. Avtalen \u00e4r p\u00e5 tolv m\u00e5nader och g\u00e4ller fr.o.m. 1 augusti 2016 t.o.m. 31 juli 2017. F\u00f6r\u00e4ndringarna i allm\u00e4nna villkorsav-talet \u00e4r likalydande f\u00f6r alla.<\/p>\n<p>Ledarna v&auml;ntas bli klara under n&auml;sta vecka.<\/p>\n<p>L&auml;nkar till f&ouml;rhandlingsprotokoll, allm&auml;nna villkor och l&ouml;neavtal finns p&aring; www.almega.se under &rdquo;arbetsgivarguiden&rdquo; &ndash; &rdquo;Dina kollektivavtal&rdquo;. De nya avtalsuppg&ouml;relserna kommer att l&auml;ggas ut p&aring; hemsidan under veckan. F&ouml;r att f&aring; tillg&aring;ng till &rdquo;Dina kollektivavtalssidan&rdquo; kr&auml;vs att man &auml;r inloggad som medlem.<\/p>\n<h2>L&ouml;neavtalen<\/h2>\n<h2>Seko<br \/>  L&ouml;nerevision<\/h2>\n<p>Om inte de lokala parterna enas om annat ska l&ouml;ne&ouml;versynen ske per den 1 augusti 2016 och omfatta ett lokalt utrymme om 590 kr dock l&auml;gst 2,1 %.<\/p>\n<p>Avtalet inneh&aring;ller inte n&aring;gra individgarantier.<\/p>\n<h3>ST<br \/>  L&ouml;nerevision<\/h3>\n<p>Om inte de lokala parterna enas om annat ska l&ouml;ne&ouml;versynen ske per den 1 augusti 2016 och omfatta ett lokalt utrymme om 2,2 %.<\/p>\n<p>Avtalet inneh&aring;ller inte n&aring;gra individgarantier.<\/p>\n<h3>L&auml;gstl&ouml;ner &ndash; Seko och ST<\/h3>\n<p>Om lokala parter inte enas om annat ska f&ouml;r tillsvidareanst&auml;lld medarbetare (heltid) som fyllt 18 &aring;r l&auml;gsta l&ouml;n per m&aring;nad vara fr.o.m.:<\/p>\n<p>1 augusti 2016<br \/>  Seko<br \/>  17.914 kr<\/p>\n<p>1 augusti 2016<br \/>  ST<br \/>  18.073 kr<\/p>\n<p>Om lokala parter inte enas om annat ska f&ouml;r tillsvidareanst&auml;lld medarbetare (heltid) som fyllt 18 &aring;r<em> och som har ett &aring;rs sammanlagd anst&auml;llningstid under de senaste 24 m&aring;naderna i f&ouml;retaget<\/em> l&auml;gsta l&ouml;n per m&aring;nad vara fr.o.m.:<\/p>\n<p>1 augusti 2016<br \/>  Seko<br \/>  18.859 kr<\/p>\n<p>1 augusti 2016<br \/>  ST<br \/>  19.039 kr<\/p>\n<p><strong>Lokalt f&ouml;rhandlingsutrymme m.m. &ndash; g&auml;ller enbart Sekos medlemmar<\/strong><br \/>  Vid ber&auml;kning av lokalt f&ouml;rhandlingsutrymme avser krontalsbeloppen heltidsanst&auml;lld medarbetare. Deltidsanst&auml;lldas l&ouml;n r&auml;knas i proportion till syssels&auml;ttningsgraden.<\/p>\n<p>Lokalt reglerade ing&aring;ngsl&ouml;ner (tim- respektive m&aring;nadsl&ouml;ner) r&auml;knas upp med h&ouml;gst 230 kr per den 1 augusti 2016. I de fall uppr&auml;kning sker i mindre omfattning ska det lokala l&ouml;neutrymmet justeras p&aring; motsvarande s&auml;tt. Timl&ouml;nerna h&ouml;js i proportion till de lokalt reglerade ing&aring;ngsl&ouml;nerna.<\/p>\n<p><strong>Akademikerf&ouml;rbunden Sveriges Ingenj&ouml;rer, Jusek, SRAT och Civil&shy;ekonomerna<\/strong><br \/>  Akademikerf&ouml;rbunden upptr&auml;der som en part lokalt och centralt. L&ouml;neavtalet med akademikerna &auml;r &auml;ven forts&auml;ttningsvis ett lokalt sifferl&ouml;st l&ouml;ne&shy;&shy;&shy;bildnings&shy;avtal, vilket inneb&auml;r att &ouml;verenskommelse om l&ouml;nerna bygger p&aring; samtal med enskilda medarbetare och tr&auml;ffas p&aring; f&ouml;retaget utifr&aring;n bl a f&ouml;retagets ekonomiska och marknadsm&auml;ssiga f&ouml;ruts&auml;ttningar.<\/p>\n<p>L&ouml;nerevisionsdatum &auml;r den 1 augusti 2016 om inte annat &ouml;verenskommes.<\/p>\n<h2>Allm&auml;nna anst&auml;llningsvillkor<\/h2>\n<p>Allm&auml;nna villkorsavtalet &auml;r likalydande f&ouml;r samtliga fackliga organisationer. F&ouml;ljande &auml;ndringar har gjorts i allm&auml;nna villkorsavtalet:<\/p>\n<p><strong>&sect; 9 mom 3 och &sect; 10 mom 1, Restidsers&auml;ttning och Ers&auml;ttning f&ouml;r Ob, jour och beredskap<\/strong><\/p>\n<p><strong>Restidsers&auml;ttningarna<\/strong> i det centrala avtalet r&auml;knas upp med 2,2 % per den 1 augusti. Det inneb&auml;r nedanst&aring;ende belopp.<\/p>\n<p>Den l&auml;gre restidsers&auml;ttningen i avtalet &auml;ndras till:<br \/>  1 augusti 2016<br \/>  66,34 kr<\/p>\n<p>Den h&ouml;gre restidsers&auml;ttningen i avtalet &auml;ndras till:&nbsp;<br \/>  1 augusti 2016<br \/>  99,36 kr<\/p>\n<p><strong>Ob-ers&auml;ttningarna<\/strong> i det centrala avtalet r&auml;knas upp med 2,2 % per den 1 augusti. Det inneb&auml;r nedanst&aring;ende belopp.<\/p>\n<p>&rdquo;Enkelt&rdquo; Ob &auml;ndras till:<br \/>  1 augusti 2016<br \/>  19,90 kr<\/p>\n<p>&rdquo;Kvalificerat&rdquo; Ob &auml;ndras till:<br \/>  1 augusti 2016<br \/>  44,50 kr<\/p>\n<p>&rdquo;Storhelgs-Ob&rdquo; &auml;ndras till:<br \/>  1 augusti 2016<br \/>  99,76 kr<\/p>\n<h2>&Ouml;vrigt fr&aring;n det centrala f&ouml;rhandlingsprotokollet<\/h2>\n<h3>Anst&auml;llningsformer<\/h3>\n<p>Centrala parterna &auml;r &ouml;verens om att nedanst&aring;ende skrivning inte ers&auml;tter reglerna i LAS eller kollektivavtal.&nbsp;&nbsp;&nbsp;&nbsp;&nbsp;&nbsp;<\/p>\n<p>Centrala parterna kan konstatera att omst&auml;ndigheter som sjukdom och andra former av fr&aring;nvaro, variationer i ordering&aring;ng, &aring;rstider och s&auml;songer m.m. skapar behov av flexibilitet i f&ouml;retagen. B&aring;de lag och kollektivavtal har d&auml;rf&ouml;r ett antal alternativa anst&auml;llningsformer.<\/p>\n<p>Centrala parterna kan ocks&aring; konstatera att det &auml;r l&auml;mpligt att anv&auml;nda den anst&auml;llningsform som &auml;r avsedd f&ouml;r en specifik situation i enlighet med nedanst&aring;ende exempel:&nbsp;<\/p>\n<ul>\n<li>Tillsvidareanst&auml;llning p&aring; hel- eller deltid n&auml;r behovet av arbetskraft &auml;r permanent och planerbart,<\/li>\n<li>Provanst&auml;llning n&auml;r det f&ouml;religger ett pr&ouml;vobehov av en s&auml;rskild individ &auml;ven om behovet av arbetskraft och tj&auml;nsten &auml;r permanent,<\/li>\n<li>Vikariat n&auml;r en ordinarie medarbetare &auml;r tillf&auml;lligt fr&aring;nvarande fr&aring;n sin tj&auml;nst,<\/li>\n<li>Visstidsanst&auml;llning n&auml;r behovet av arbetskraft &auml;r tillf&auml;llig f&ouml;r t ex viss tid eller visst arbete.<\/li>\n<\/ul>\n<h3>Arbetsgrupp r&ouml;rande &sect; 6 Arbetstid mom 1 och 4<\/h3>\n<p>Centrala parterna &auml;r ense om att tills&auml;tta en arbetsgrupp som under avtalsperioden ska arbeta med en &ouml;versyn av momenten 1 och 4, &sect; 6 Arbetstid enligt nedan:<\/p>\n<ul>\n<li>Utifr&aring;n Sekos\/STs yrkande om &auml;ndringar av klockslagen 23.00-05.00 till 22.00-06.00 i mom 1, samt<\/li>\n<li>Ge f&ouml;rslag p&aring; skrivningar i syfte att f&ouml;rtydliga olika avtalsskrivningars inneb&ouml;rder i mom 4, t ex &rdquo;s&aring; noga som omst&auml;ndigheterna medger&rdquo; och &rdquo;&hellip;ska vara tillfredsst&auml;llande med h&auml;nsyn till arbetsf&ouml;rh&aring;llandena&rdquo;.&nbsp;<\/li>\n<\/ul>\n<h3>&rdquo;Tyco-domen&rdquo;<\/h3>\n<p>Med anledning av den s k Tyco-domen, m&aring;l C-266\/14, ska centrala parterna under avtalsperioden utv&auml;rdera eventuella konsekvenser f&ouml;r avtalsomr&aring;det..<\/p>\n<h3>Tidigare f&ouml;rhandlingsprotokoll<\/h3>\n<p>Paragrafer i tidigare f&ouml;rhandlingsprotokoll som centrala parterna inte har kommit &ouml;verens om har upph&ouml;rt att g&auml;lla eller av annat sk&auml;l &auml;r avslutade har fortsatt giltighet.<\/p>\n<\/p>\n","protected":false},"excerpt":{"rendered":"<p>Almega Kommunikationsf\u00f6retagen har nu tr\u00e4ffat avtal om l\u00f6ner och allm\u00e4nna anst\u00e4llningsvillkor med motparterna Seko, Fackf\u00f6rbundet ST, Sveriges Ingenj\u00f6-rer, Jusek, SRAT, och Civilekonomerna. Avtalen \u00e4r p\u00e5 tolv m\u00e5nader och g\u00e4ller fr.o.m. 1 augusti 2016 t.o.m. 31 juli 2017. F\u00f6r\u00e4ndringarna i allm\u00e4nna villkorsav-talet \u00e4r likalydande f\u00f6r alla.<\/p>\n","protected":false},"author":1,"featured_media":0,"comment_status":"closed","ping_status":"open","sticky":false,"template":"","format":"standard","meta":{"_acf_changed":false,"footnotes":""},"categories":[1],"tags":[],"article_type":[313],"agreement":[176],"class_list":["post-5691","post","type-post","status-publish","format-standard","hentry","category-okategoriserade","type-arbetsgivarnytt","agreement-80ce80f7-ff07-de11-b4e1-02bf9e69ca65"],"acf":[],"yoast_head":"<!-- This site is optimized with the Yoast SEO Premium plugin v26.8 (Yoast SEO v26.8) - https:\/\/yoast.com\/product\/yoast-seo-premium-wordpress\/ -->\n<title>Avtal klara med Seko, ST och Saco f\u00f6r bransch Kommunikation | Almega<\/title>\n<meta name=\"robots\" content=\"index, follow, max-snippet:-1, max-image-preview:large, max-video-preview:-1\" \/>\n<link rel=\"canonical\" href=\"https:\/\/www.almega.se\/2016\/07\/avtal-klara-med-seko-st-och-saco-for-bransch-kommunikation\/\" \/>\n<meta property=\"og:locale\" content=\"sv_SE\" \/>\n<meta property=\"og:type\" content=\"article\" \/>\n<meta property=\"og:title\" content=\"Avtal klara med Seko, ST och Saco f\u00f6r bransch Kommunikation\" \/>\n<meta property=\"og:description\" content=\"Almega Kommunikationsf\u00f6retagen har nu tr\u00e4ffat avtal om l\u00f6ner och allm\u00e4nna anst\u00e4llningsvillkor med motparterna Seko, Fackf\u00f6rbundet ST, Sveriges Ingenj\u00f6-rer, Jusek, SRAT, och Civilekonomerna. Avtalen \u00e4r p\u00e5 tolv m\u00e5nader och g\u00e4ller fr.o.m. 1 augusti 2016 t.o.m. 31 juli 2017. F\u00f6r\u00e4ndringarna i allm\u00e4nna villkorsav-talet \u00e4r likalydande f\u00f6r alla.\" \/>\n<meta property=\"og:url\" content=\"https:\/\/www.almega.se\/2016\/07\/avtal-klara-med-seko-st-och-saco-for-bransch-kommunikation\/\" \/>\n<meta property=\"og:site_name\" content=\"Almega\" \/>\n<meta property=\"article:published_time\" content=\"2016-07-08T15:00:00+00:00\" \/>\n<meta property=\"og:image\" content=\"https:\/\/www.almega.se\/app\/uploads\/2020\/12\/almega-share-logo.png\" \/>\n\t<meta property=\"og:image:width\" content=\"1200\" \/>\n\t<meta property=\"og:image:height\" content=\"630\" \/>\n\t<meta property=\"og:image:type\" content=\"image\/png\" \/>\n<meta name=\"author\" content=\"admin\" \/>\n<meta name=\"twitter:card\" content=\"summary_large_image\" \/>\n<meta name=\"twitter:label1\" content=\"Skriven av\" \/>\n\t<meta name=\"twitter:data1\" content=\"admin\" \/>\n\t<meta name=\"twitter:label2\" content=\"Ber\u00e4knad l\u00e4stid\" \/>\n\t<meta name=\"twitter:data2\" content=\"6 minuter\" \/>\n<!-- \/ Yoast SEO Premium plugin. -->","yoast_head_json":{"title":"Avtal klara med Seko, ST och Saco f\u00f6r bransch Kommunikation | Almega","robots":{"index":"index","follow":"follow","max-snippet":"max-snippet:-1","max-image-preview":"max-image-preview:large","max-video-preview":"max-video-preview:-1"},"canonical":"https:\/\/www.almega.se\/2016\/07\/avtal-klara-med-seko-st-och-saco-for-bransch-kommunikation\/","og_locale":"sv_SE","og_type":"article","og_title":"Avtal klara med Seko, ST och Saco f\u00f6r bransch Kommunikation","og_description":"Almega Kommunikationsf\u00f6retagen har nu tr\u00e4ffat avtal om l\u00f6ner och allm\u00e4nna anst\u00e4llningsvillkor med motparterna Seko, Fackf\u00f6rbundet ST, Sveriges Ingenj\u00f6-rer, Jusek, SRAT, och Civilekonomerna. Avtalen \u00e4r p\u00e5 tolv m\u00e5nader och g\u00e4ller fr.o.m. 1 augusti 2016 t.o.m. 31 juli 2017. F\u00f6r\u00e4ndringarna i allm\u00e4nna villkorsav-talet \u00e4r likalydande f\u00f6r alla.","og_url":"https:\/\/www.almega.se\/2016\/07\/avtal-klara-med-seko-st-och-saco-for-bransch-kommunikation\/","og_site_name":"Almega","article_published_time":"2016-07-08T15:00:00+00:00","og_image":[{"width":1200,"height":630,"url":"https:\/\/www.almega.se\/app\/uploads\/2020\/12\/almega-share-logo.png","type":"image\/png"}],"author":"admin","twitter_card":"summary_large_image","twitter_misc":{"Skriven av":"admin","Ber\u00e4knad l\u00e4stid":"6 minuter"},"schema":{"@context":"https:\/\/schema.org","@graph":[{"@type":"NewsArticle","@id":"https:\/\/www.almega.se\/2016\/07\/avtal-klara-med-seko-st-och-saco-for-bransch-kommunikation\/#article","isPartOf":{"@id":"https:\/\/www.almega.se\/2016\/07\/avtal-klara-med-seko-st-och-saco-for-bransch-kommunikation\/"},"author":{"name":"admin","@id":"https:\/\/www.almega.se\/#\/schema\/person\/9c3674d192fb8b2d1d8b7a3f31c5151d"},"headline":"Avtal klara med Seko, ST och Saco f\u00f6r bransch Kommunikation","datePublished":"2016-07-08T15:00:00+00:00","mainEntityOfPage":{"@id":"https:\/\/www.almega.se\/2016\/07\/avtal-klara-med-seko-st-och-saco-for-bransch-kommunikation\/"},"wordCount":1116,"inLanguage":"sv-SE"},{"@type":"WebPage","@id":"https:\/\/www.almega.se\/2016\/07\/avtal-klara-med-seko-st-och-saco-for-bransch-kommunikation\/","url":"https:\/\/www.almega.se\/2016\/07\/avtal-klara-med-seko-st-och-saco-for-bransch-kommunikation\/","name":"Avtal klara med Seko, ST och Saco f\u00f6r bransch Kommunikation | Almega","isPartOf":{"@id":"https:\/\/www.almega.se\/#website"},"datePublished":"2016-07-08T15:00:00+00:00","author":{"@id":"https:\/\/www.almega.se\/#\/schema\/person\/9c3674d192fb8b2d1d8b7a3f31c5151d"},"breadcrumb":{"@id":"https:\/\/www.almega.se\/2016\/07\/avtal-klara-med-seko-st-och-saco-for-bransch-kommunikation\/#breadcrumb"},"inLanguage":"sv-SE","potentialAction":[{"@type":"ReadAction","target":["https:\/\/www.almega.se\/2016\/07\/avtal-klara-med-seko-st-och-saco-for-bransch-kommunikation\/"]}]},{"@type":"BreadcrumbList","@id":"https:\/\/www.almega.se\/2016\/07\/avtal-klara-med-seko-st-och-saco-for-bransch-kommunikation\/#breadcrumb","itemListElement":[{"@type":"ListItem","position":1,"name":"Home","item":"https:\/\/www.almega.se\/"},{"@type":"ListItem","position":2,"name":"Avtal klara med Seko, ST och Saco f\u00f6r bransch Kommunikation"}]},{"@type":"WebSite","@id":"https:\/\/www.almega.se\/#website","url":"https:\/\/www.almega.se\/","name":"Almega","description":"","potentialAction":[{"@type":"SearchAction","target":{"@type":"EntryPoint","urlTemplate":"https:\/\/www.almega.se\/?s={search_term_string}"},"query-input":{"@type":"PropertyValueSpecification","valueRequired":true,"valueName":"search_term_string"}}],"inLanguage":"sv-SE"},{"@type":"Person","@id":"https:\/\/www.almega.se\/#\/schema\/person\/9c3674d192fb8b2d1d8b7a3f31c5151d","name":"admin","image":{"@type":"ImageObject","inLanguage":"sv-SE","@id":"https:\/\/www.almega.se\/#\/schema\/person\/image\/","url":"https:\/\/secure.gravatar.com\/avatar\/13aac7e7a7582f599e3ba7706cec051e12eac4ad6c2ffe6f9d24800e63294187?s=96&d=mm&r=g","contentUrl":"https:\/\/secure.gravatar.com\/avatar\/13aac7e7a7582f599e3ba7706cec051e12eac4ad6c2ffe6f9d24800e63294187?s=96&d=mm&r=g","caption":"admin"},"url":"https:\/\/www.almega.se\/person\/admin\/"}]}},"_links":{"self":[{"href":"https:\/\/www.almega.se\/api\/wp\/v2\/posts\/5691","targetHints":{"allow":["GET"]}}],"collection":[{"href":"https:\/\/www.almega.se\/api\/wp\/v2\/posts"}],"about":[{"href":"https:\/\/www.almega.se\/api\/wp\/v2\/types\/post"}],"author":[{"embeddable":true,"href":"https:\/\/www.almega.se\/api\/wp\/v2\/users\/1"}],"replies":[{"embeddable":true,"href":"https:\/\/www.almega.se\/api\/wp\/v2\/comments?post=5691"}],"version-history":[{"count":1,"href":"https:\/\/www.almega.se\/api\/wp\/v2\/posts\/5691\/revisions"}],"predecessor-version":[{"id":58290,"href":"https:\/\/www.almega.se\/api\/wp\/v2\/posts\/5691\/revisions\/58290"}],"wp:attachment":[{"href":"https:\/\/www.almega.se\/api\/wp\/v2\/media?parent=5691"}],"wp:term":[{"taxonomy":"category","embeddable":true,"href":"https:\/\/www.almega.se\/api\/wp\/v2\/categories?post=5691"},{"taxonomy":"post_tag","embeddable":true,"href":"https:\/\/www.almega.se\/api\/wp\/v2\/tags?post=5691"},{"taxonomy":"type","embeddable":true,"href":"https:\/\/www.almega.se\/api\/wp\/v2\/article_type?post=5691"},{"taxonomy":"agreement","embeddable":true,"href":"https:\/\/www.almega.se\/api\/wp\/v2\/agreement?post=5691"}],"curies":[{"name":"wp","href":"https:\/\/api.w.org\/{rel}","templated":true}]}}