{"id":5672,"date":"2016-09-02T16:00:00","date_gmt":"2016-09-02T16:00:00","guid":{"rendered":"http:\/\/almega-bento\/wp\/blog\/2016\/09\/02\/kommunal-varslar-om-blockad-mot-nyanstallning-samt-inhyrning-av-arbetstagare-inom-kommunals-avtalsomrade-for-personlig-assistans\/"},"modified":"2016-09-02T16:00:00","modified_gmt":"2016-09-02T16:00:00","slug":"kommunal-varslar-om-blockad-mot-nyanstallning-samt-inhyrning-av-arbetstagare-inom-kommunals-avtalsomrade-for-personlig-assistans","status":"publish","type":"post","link":"https:\/\/www.almega.se\/2016\/09\/kommunal-varslar-om-blockad-mot-nyanstallning-samt-inhyrning-av-arbetstagare-inom-kommunals-avtalsomrade-for-personlig-assistans\/","title":{"rendered":"Kommunal varslar om blockad mot ny&shy;anst\u00e4llning samt inhyrning av arbetstagare inom Kommunals avtalsomr\u00e5de f\u00f6r personlig assistans."},"content":{"rendered":"\n<p class=\"intro\">Vi har i v\u00e5ra f\u00f6rhandlingar med Kommunal f\u00e5tt ett varsel om blockad mot nyanst\u00e4llning inom Kommunals avtalsomr\u00e5de f\u00f6r personlig assistans samt blockad mot inhyrning av arbetstagare avseende arbete inom Kommunals avtalsomr\u00e5de f\u00f6r personlig assistans. Denna konflikt \u00e4r varslad att tr\u00e4da i kraft fr\u00e5n den 13 september 2016 klockan 10:00. Bland de f\u00f6retag som tagits ut i konflikt \u00e4r ert f\u00f6retag.<\/p>\n<p>Det lagda varslet kommer att leda till att Kommunals medlemmar inte f&aring;r ta ny anst&auml;llning i ert f&ouml;retag.<\/p>\n<p>Vi vill med detta l&auml;mna lite mer utf&ouml;rlig information om konflikten som s&aring;dan och konflikter i allm&auml;nhet.<\/p>\n<p>Observera att fram till den dag som konflikten bryter ut ska arbetet utf&ouml;ras p&aring; sedvanligt s&auml;tt. Arbetsgivaren ska vidta alla &aring;tg&auml;rder som kan minska effekten av den varslade konflikten.<\/p>\n<p>Om ni p&aring; n&aring;got s&auml;tt skulle uppleva att arbetet hos er p&aring; n&aring;got s&auml;tt st&ouml;rs med anledning av den varslade konflikten innan den dag den ska tr&auml;da i kraft kontakta oss omg&aring;ende.<\/p>\n<p>Vi kommer att f&ouml;rs&ouml;ka l&ouml;sa denna situation s&aring; snabbt som m&ouml;jligt och kommer att &auml;gna v&aring;r kraft &aring;t detta. Detta inneb&auml;r att ber&ouml;rda f&ouml;rhandlare kommer att vara sv&aring;ra att n&aring;. Anv&auml;nd g&auml;rna v&aring;r mail <a href=\"mailto:konflikt@almega.se\">konflikt@almega.se <\/a>f&ouml;r fr&aring;gor om f&ouml;rhandlingsl&auml;get och den varslade konflikten. Ni &auml;r &auml;ven v&auml;lkommen att ringa Almegas konfliktjour:<br \/>  070 &#8211; 606&nbsp;73 11 om ni har fr&aring;gor kring f&ouml;rhandlingarna och konflikten.<\/p>\n<h5>&nbsp;<\/h5>\n<p><strong>Vad &auml;r blockad?<\/strong><\/p>\n<p>Med blockad eller bojkott avses i f&ouml;rsta hand att avst&auml;nga motparten fr&aring;n ekonomiska f&ouml;rbindelser av olika slag.<\/p>\n<p><em>Nynst&auml;llningsblockad<\/em><\/p>\n<p>En arbetstagarorganisation kan tillgripa nyanst&auml;llningsblockad. Det inneb&auml;r att medlemmar i den fackliga organisationen och andra arbetstagare uppmanas att inte ta anst&auml;llning p&aring; arbetsplatsen.<\/p>\n<p>Normalt g&auml;ller att avtal om anst&auml;llning som tr&auml;ffats f&ouml;re varseltidpunkten inte omfattas av blockaden &auml;ven om tilltr&auml;det sker efter blockades ikrafttr&auml;dande.<\/p>\n<p><em>Inhyrningsblockad<\/em><\/p>\n<p>En arbetstagarorganisation kan ocks&aring; tillgripa inhyrningsblockad. Det inneb&auml;r att medlemmar i den fackliga organisationen och andra arbetstagare uppmanas att inte ta uthyrningsuppdrag p&aring; arbetsplatsen.<\/p>\n<p>Normalt g&auml;ller att avtal om inhyrning som tr&auml;ffats f&ouml;re varseltidpunkten inte omfattas av blockaden &auml;ven om tilltr&auml;det sker efter blockades ikrafttr&auml;dande.<\/p>\n<p><strong>Vad h&auml;nder nu?<\/strong><\/p>\n<p>En varslad konflikt&aring;tg&auml;rd f&aring;r inte tr&auml;da ikraft tidigare &auml;n sju arbetsdagar fr&aring;n det att varslet &ouml;verl&auml;mnats. I detta fall tr&auml;der strids&aring;tg&auml;rderna inte ikraft f&ouml;rr&auml;n den 13 september kl. 10:00.<\/p>\n<p>Fram till dess (under varseltiden) g&auml;ller samma villkor och regler som vanligt. Arbetsgivaren har samma m&ouml;jligheter som n&auml;r konflikt inte r&aring;der att leda och f&ouml;rdela arbetet, beordra &ouml;vertid mm. Alla anst&auml;llda, oavsett om de &auml;r medlemmar i Kommunal eller inte, ska arbeta som vanligt och samtliga &auml;r skyldiga att delta i det f&ouml;rebyggande arbete arbetsgivaren vidtar i anledning av konfliktvarslet.<\/p>\n<p><em>Fackligt arbete<\/em><\/p>\n<p>Lagen om facklig f&ouml;rtroendeman g&auml;ller men Kommunals fackliga f&ouml;retr&auml;dare har inte r&auml;tt att f&aring; ledigt med betalning f&ouml;r facklig verksamhet som r&ouml;r f&ouml;rberedelse eller planering av den kommande konflikten. R&auml;tten till obetald ledighet &auml;r den samma som tidigare, vad g&auml;ller omfattning och ledighetens f&ouml;rl&auml;ggning.<\/p>\n<p>Kommunal har inte r&auml;tt att anv&auml;nda arbetsgivarens lokaler f&ouml;r konfliktf&ouml;rberedelse.<\/p>\n<p>Anst&auml;llda har inte r&auml;tt att p&aring; arbetsplatsen och\/eller under arbetstid delta i m&ouml;ten med anledning av konflikten.<\/p>\n<p>Inga anslag fr&aring;n facken om konflikten f&aring;r s&auml;ttas upp p&aring; arbetsplatsen. Alla anslag ska tas ner av arbetsgivaren.<\/p>\n<p><strong>Vilka &aring;tg&auml;rder kan vidtas i anledning av varslet?<\/strong><\/p>\n<p>Arbetsgivarens planering och arbete under varselperioden b&ouml;r inriktas p&aring; att, s&aring; l&aring;ngt som m&ouml;jligt, minska effekterna av den kommande konflikten f&ouml;r det egna f&ouml;retaget, kunder och &ouml;vriga. I f&ouml;rekommande fall &auml;r det givetvis viktigt att planera rekryteringsbehovet.<\/p>\n<p>Nu aktuell strids&aring;tg&auml;rd &auml;r inriktad p&aring; att hindra arbetsgivaren att anst&auml;lla eller hyra in arbetskraft f&ouml;r att tillgodose f&ouml;retagets personalbehov. F&ouml;r ordningens skull b&ouml;r p&aring;pekas att de varslade strids&aring;tg&auml;rderna formellt sett endast binder Kommunals medlemmar men att Kommunal kommer att anse att all anst&auml;llning och inhyrning bryter mot lagt varsel. Detta finns ocks&aring; angivet i Kommunals varsel att det kan leda till ut&ouml;kade konflikt&aring;tg&auml;rder, se nedan.<\/p>\n<p><strong>Vad inneb&auml;r Kommunals varsel?<\/strong><\/p>\n<p>Kommunal f&ouml;rfogar bara &ouml;ver sina egna medlemmar. Det inneb&auml;r att det enbart &auml;r Kommunals medlemmar som omfattas. Arbetsgivaren ska respektera detta.<\/p>\n<p>Om n&aring;gon medlem i Kommunal, av n&aring;gon anledning, meddelar arbetsgivaren att han\/hon inte vill delta ska arbetsgivaren h&auml;nvisa arbetstagaren att ta upp fr&aring;gan med Kommunal. Arbetsgivaren ska f&ouml;ruts&auml;tta att medlemmar i Kommunal deltar i varslad konflikt.<\/p>\n<p>Kommunal har varslat om nyanst&auml;llnings- samt inhyrningsblockad p&aring; samtliga arbetsplatser. Kommunal kommer att h&auml;vda att detta inneb&auml;r att personliga assistenter p&aring; arbetsplatserna (eller assistenter som ska ta nyanst&auml;llning p&aring; arbetsplatsen) oavsett om de anst&auml;llda\/blivande anst&auml;llda &auml;r medlemmar i Kommunal eller ej omfattas. (Undantaget &auml;r medlemmar i andra fackliga organisationer som har g&auml;llande kollektivavtal p&aring; arbetsplatsen. Dessa &auml;r bundna av fredsplikt). Det &auml;r inte en korrekt beskrivning. Det f&aring;r ist&auml;llet ses som Kommunals tolkning av hur arbetsmarknadskonflikter b&ouml;r g&aring; till f&ouml;r att deras &aring;tg&auml;rder ska f&aring; s&aring; stor verkan som m&ouml;jligt.<\/p>\n<p><em>Konfliktbrott<\/em><\/p>\n<p>Kommunal kommer h&auml;vda att alla som inte f&ouml;ljer eller respekterar deras konfliktvarsel g&ouml;r sig skyldig till &rdquo;konfliktbrott&rdquo;. Detsamma g&auml;ller de &aring;tg&auml;rder arbetsgivaren vidtar f&ouml;r att f&ouml;rs&ouml;ka motverka effekterna av konfliktvarslet.<\/p>\n<p>Det &auml;r viktigt att veta att det inte finns n&aring;gra r&auml;ttsliga konsekvenser av &rdquo;konfliktbrott&rdquo;. Den konsekvens som kan drabba f&ouml;retaget &auml;r att Kommunal kan trappa upp konflikten genom att varsla om ytterligare strids&aring;tg&auml;rder, s&aring; som angivits i varslet.<\/p>\n<p>I denna fr&aring;ga brukar tonl&auml;get bli h&ouml;gt och moraliserande. P&aring;tryckningar mot enskilda kan f&ouml;rekomma. D&auml;rf&ouml;r &auml;r det viktigt med saklig information.<\/p>\n<p>Kommunal har ingen r&auml;tt att hindra arbetstagare tilltr&auml;de till arbetsplatsen. S&aring; kallade strejkvakter f&aring;r inte befinna sig i arbetsgivaren lokaler eller mark. En strejkvakt som fysiskt hindar n&aring;gon att komma in p&aring; en arbetsplats beg&aring;r ett brott och kan straffas med b&ouml;ter eller f&auml;ngelse.<\/p>\n<p><strong>Anst&auml;llningsformerna i kollektivavtalet<\/strong><\/p>\n<p>P&aring; &ouml;vriga avtalsomr&aring;den brukar &rdquo;behovsanst&auml;llda&rdquo; eller &rdquo;timanst&auml;llda&rdquo; som de kallas i dagligt tal rent formellt utg&ouml;ra en allm&auml;n visstidsanst&auml;llning med ett till&auml;gg\/ramavtal som tydligg&ouml;r att varje &ouml;verenskommet arbetspass &auml;r en ny anst&auml;llning och att tiden mellan &ouml;verenskomna arbetspass inte r&auml;knas som anst&auml;llningstid. Detta &auml;r viktigt med tanke p&aring; bl.a. tillgodor&auml;knad anst&auml;llningstid som f&aring;r betydelse vid ber&auml;kning av n&auml;r en anst&auml;llning automatiskt konverteras till en tillsvidareanst&auml;llning.<\/p>\n<p>I avtalet f&ouml;r personlig assistans (bransch G) &auml;r anst&auml;llningsformen Timanst&auml;llning en kollektivavtalad anst&auml;llningsform d&auml;r anst&auml;llningen tecknas fr.o.m. &ndash; t.o.m. utan en definiering att varje enskilt pass &auml;r att se som en ny anst&auml;llning. Personliga assistenter med timanst&auml;llningar, som &auml;r ing&aring;ngna i avtal enligt ovan, innan varslet kan d&auml;rf&ouml;r enligt v&aring;r tolkning forts&auml;ttningsvis anlitas efter att konflikten brutit ut om eftersom anst&auml;llningsavtalet ing&aring;tts tidigare. Nya s&aring;dana anst&auml;llningsavtal (fr.o.m &ndash; t.o.m.) b&ouml;r dock inte ing&aring;s efter att konflikten brutit ut.<\/p>\n<\/p>\n","protected":false},"excerpt":{"rendered":"<p>Vi har i v\u00e5ra f\u00f6rhandlingar med Kommunal f\u00e5tt ett varsel om blockad mot nyanst\u00e4llning inom Kommunals avtalsomr\u00e5de f\u00f6r personlig assistans samt blockad mot inhyrning av arbetstagare avseende arbete inom Kommunals avtalsomr\u00e5de f\u00f6r personlig assistans. Denna konflikt \u00e4r varslad att tr\u00e4da i kraft fr\u00e5n den 13 september 2016 klockan 10:00. Bland de f\u00f6retag som tagits ut i konflikt \u00e4r ert f\u00f6retag.<\/p>\n","protected":false},"author":1,"featured_media":0,"comment_status":"closed","ping_status":"open","sticky":false,"template":"","format":"standard","meta":{"_acf_changed":false,"footnotes":""},"categories":[1],"tags":[],"article_type":[313],"agreement":[191],"class_list":["post-5672","post","type-post","status-publish","format-standard","hentry","category-okategoriserade","type-arbetsgivarnytt","agreement-c5cd80f7-ff07-de11-b4e1-02bf9e69ca65"],"acf":[],"yoast_head":"<!-- This site is optimized with the Yoast SEO Premium plugin v26.8 (Yoast SEO v26.8) - https:\/\/yoast.com\/product\/yoast-seo-premium-wordpress\/ -->\n<title>Kommunal varslar om blockad mot nyanst\u00e4llning samt inhyrning av arbetstagare inom Kommunals avtalsomr\u00e5de f\u00f6r personlig assistans. | Almega<\/title>\n<meta name=\"robots\" content=\"index, follow, max-snippet:-1, max-image-preview:large, max-video-preview:-1\" \/>\n<link rel=\"canonical\" href=\"https:\/\/www.almega.se\/2016\/09\/kommunal-varslar-om-blockad-mot-nyanstallning-samt-inhyrning-av-arbetstagare-inom-kommunals-avtalsomrade-for-personlig-assistans\/\" \/>\n<meta property=\"og:locale\" content=\"sv_SE\" \/>\n<meta property=\"og:type\" content=\"article\" \/>\n<meta property=\"og:title\" content=\"Kommunal varslar om blockad mot nyanst\u00e4llning samt inhyrning av arbetstagare inom Kommunals avtalsomr\u00e5de f\u00f6r personlig assistans.\" \/>\n<meta property=\"og:description\" content=\"Vi har i v\u00e5ra f\u00f6rhandlingar med Kommunal f\u00e5tt ett varsel om blockad mot nyanst\u00e4llning inom Kommunals avtalsomr\u00e5de f\u00f6r personlig assistans samt blockad mot inhyrning av arbetstagare avseende arbete inom Kommunals avtalsomr\u00e5de f\u00f6r personlig assistans. Denna konflikt \u00e4r varslad att tr\u00e4da i kraft fr\u00e5n den 13 september 2016 klockan 10:00. Bland de f\u00f6retag som tagits ut i konflikt \u00e4r ert f\u00f6retag.\" \/>\n<meta property=\"og:url\" content=\"https:\/\/www.almega.se\/2016\/09\/kommunal-varslar-om-blockad-mot-nyanstallning-samt-inhyrning-av-arbetstagare-inom-kommunals-avtalsomrade-for-personlig-assistans\/\" \/>\n<meta property=\"og:site_name\" content=\"Almega\" \/>\n<meta property=\"article:published_time\" content=\"2016-09-02T16:00:00+00:00\" \/>\n<meta property=\"og:image\" content=\"https:\/\/www.almega.se\/app\/uploads\/2020\/12\/almega-share-logo.png\" \/>\n\t<meta property=\"og:image:width\" content=\"1200\" \/>\n\t<meta property=\"og:image:height\" content=\"630\" \/>\n\t<meta property=\"og:image:type\" content=\"image\/png\" \/>\n<meta name=\"author\" content=\"admin\" \/>\n<meta name=\"twitter:card\" content=\"summary_large_image\" \/>\n<meta name=\"twitter:label1\" content=\"Skriven av\" \/>\n\t<meta name=\"twitter:data1\" content=\"admin\" \/>\n\t<meta name=\"twitter:label2\" content=\"Ber\u00e4knad l\u00e4stid\" \/>\n\t<meta name=\"twitter:data2\" content=\"8 minuter\" \/>\n<!-- \/ Yoast SEO Premium plugin. -->","yoast_head_json":{"title":"Kommunal varslar om blockad mot nyanst\u00e4llning samt inhyrning av arbetstagare inom Kommunals avtalsomr\u00e5de f\u00f6r personlig assistans. | Almega","robots":{"index":"index","follow":"follow","max-snippet":"max-snippet:-1","max-image-preview":"max-image-preview:large","max-video-preview":"max-video-preview:-1"},"canonical":"https:\/\/www.almega.se\/2016\/09\/kommunal-varslar-om-blockad-mot-nyanstallning-samt-inhyrning-av-arbetstagare-inom-kommunals-avtalsomrade-for-personlig-assistans\/","og_locale":"sv_SE","og_type":"article","og_title":"Kommunal varslar om blockad mot nyanst\u00e4llning samt inhyrning av arbetstagare inom Kommunals avtalsomr\u00e5de f\u00f6r personlig assistans.","og_description":"Vi har i v\u00e5ra f\u00f6rhandlingar med Kommunal f\u00e5tt ett varsel om blockad mot nyanst\u00e4llning inom Kommunals avtalsomr\u00e5de f\u00f6r personlig assistans samt blockad mot inhyrning av arbetstagare avseende arbete inom Kommunals avtalsomr\u00e5de f\u00f6r personlig assistans. Denna konflikt \u00e4r varslad att tr\u00e4da i kraft fr\u00e5n den 13 september 2016 klockan 10:00. Bland de f\u00f6retag som tagits ut i konflikt \u00e4r ert f\u00f6retag.","og_url":"https:\/\/www.almega.se\/2016\/09\/kommunal-varslar-om-blockad-mot-nyanstallning-samt-inhyrning-av-arbetstagare-inom-kommunals-avtalsomrade-for-personlig-assistans\/","og_site_name":"Almega","article_published_time":"2016-09-02T16:00:00+00:00","og_image":[{"width":1200,"height":630,"url":"https:\/\/www.almega.se\/app\/uploads\/2020\/12\/almega-share-logo.png","type":"image\/png"}],"author":"admin","twitter_card":"summary_large_image","twitter_misc":{"Skriven av":"admin","Ber\u00e4knad l\u00e4stid":"8 minuter"},"schema":{"@context":"https:\/\/schema.org","@graph":[{"@type":"NewsArticle","@id":"https:\/\/www.almega.se\/2016\/09\/kommunal-varslar-om-blockad-mot-nyanstallning-samt-inhyrning-av-arbetstagare-inom-kommunals-avtalsomrade-for-personlig-assistans\/#article","isPartOf":{"@id":"https:\/\/www.almega.se\/2016\/09\/kommunal-varslar-om-blockad-mot-nyanstallning-samt-inhyrning-av-arbetstagare-inom-kommunals-avtalsomrade-for-personlig-assistans\/"},"author":{"name":"admin","@id":"https:\/\/www.almega.se\/#\/schema\/person\/9c3674d192fb8b2d1d8b7a3f31c5151d"},"headline":"Kommunal varslar om blockad mot ny&shy;anst\u00e4llning samt inhyrning av arbetstagare inom Kommunals avtalsomr\u00e5de f\u00f6r personlig assistans.","datePublished":"2016-09-02T16:00:00+00:00","mainEntityOfPage":{"@id":"https:\/\/www.almega.se\/2016\/09\/kommunal-varslar-om-blockad-mot-nyanstallning-samt-inhyrning-av-arbetstagare-inom-kommunals-avtalsomrade-for-personlig-assistans\/"},"wordCount":1577,"inLanguage":"sv-SE"},{"@type":"WebPage","@id":"https:\/\/www.almega.se\/2016\/09\/kommunal-varslar-om-blockad-mot-nyanstallning-samt-inhyrning-av-arbetstagare-inom-kommunals-avtalsomrade-for-personlig-assistans\/","url":"https:\/\/www.almega.se\/2016\/09\/kommunal-varslar-om-blockad-mot-nyanstallning-samt-inhyrning-av-arbetstagare-inom-kommunals-avtalsomrade-for-personlig-assistans\/","name":"Kommunal varslar om blockad mot nyanst\u00e4llning samt inhyrning av arbetstagare inom Kommunals avtalsomr\u00e5de f\u00f6r personlig assistans. | Almega","isPartOf":{"@id":"https:\/\/www.almega.se\/#website"},"datePublished":"2016-09-02T16:00:00+00:00","author":{"@id":"https:\/\/www.almega.se\/#\/schema\/person\/9c3674d192fb8b2d1d8b7a3f31c5151d"},"breadcrumb":{"@id":"https:\/\/www.almega.se\/2016\/09\/kommunal-varslar-om-blockad-mot-nyanstallning-samt-inhyrning-av-arbetstagare-inom-kommunals-avtalsomrade-for-personlig-assistans\/#breadcrumb"},"inLanguage":"sv-SE","potentialAction":[{"@type":"ReadAction","target":["https:\/\/www.almega.se\/2016\/09\/kommunal-varslar-om-blockad-mot-nyanstallning-samt-inhyrning-av-arbetstagare-inom-kommunals-avtalsomrade-for-personlig-assistans\/"]}]},{"@type":"BreadcrumbList","@id":"https:\/\/www.almega.se\/2016\/09\/kommunal-varslar-om-blockad-mot-nyanstallning-samt-inhyrning-av-arbetstagare-inom-kommunals-avtalsomrade-for-personlig-assistans\/#breadcrumb","itemListElement":[{"@type":"ListItem","position":1,"name":"Home","item":"https:\/\/www.almega.se\/"},{"@type":"ListItem","position":2,"name":"Kommunal varslar om blockad mot ny&shy;anst\u00e4llning samt inhyrning av arbetstagare inom Kommunals avtalsomr\u00e5de f\u00f6r personlig assistans."}]},{"@type":"WebSite","@id":"https:\/\/www.almega.se\/#website","url":"https:\/\/www.almega.se\/","name":"Almega","description":"","potentialAction":[{"@type":"SearchAction","target":{"@type":"EntryPoint","urlTemplate":"https:\/\/www.almega.se\/?s={search_term_string}"},"query-input":{"@type":"PropertyValueSpecification","valueRequired":true,"valueName":"search_term_string"}}],"inLanguage":"sv-SE"},{"@type":"Person","@id":"https:\/\/www.almega.se\/#\/schema\/person\/9c3674d192fb8b2d1d8b7a3f31c5151d","name":"admin","image":{"@type":"ImageObject","inLanguage":"sv-SE","@id":"https:\/\/www.almega.se\/#\/schema\/person\/image\/","url":"https:\/\/secure.gravatar.com\/avatar\/13aac7e7a7582f599e3ba7706cec051e12eac4ad6c2ffe6f9d24800e63294187?s=96&d=mm&r=g","contentUrl":"https:\/\/secure.gravatar.com\/avatar\/13aac7e7a7582f599e3ba7706cec051e12eac4ad6c2ffe6f9d24800e63294187?s=96&d=mm&r=g","caption":"admin"},"url":"https:\/\/www.almega.se\/person\/admin\/"}]}},"_links":{"self":[{"href":"https:\/\/www.almega.se\/api\/wp\/v2\/posts\/5672","targetHints":{"allow":["GET"]}}],"collection":[{"href":"https:\/\/www.almega.se\/api\/wp\/v2\/posts"}],"about":[{"href":"https:\/\/www.almega.se\/api\/wp\/v2\/types\/post"}],"author":[{"embeddable":true,"href":"https:\/\/www.almega.se\/api\/wp\/v2\/users\/1"}],"replies":[{"embeddable":true,"href":"https:\/\/www.almega.se\/api\/wp\/v2\/comments?post=5672"}],"version-history":[{"count":1,"href":"https:\/\/www.almega.se\/api\/wp\/v2\/posts\/5672\/revisions"}],"predecessor-version":[{"id":58286,"href":"https:\/\/www.almega.se\/api\/wp\/v2\/posts\/5672\/revisions\/58286"}],"wp:attachment":[{"href":"https:\/\/www.almega.se\/api\/wp\/v2\/media?parent=5672"}],"wp:term":[{"taxonomy":"category","embeddable":true,"href":"https:\/\/www.almega.se\/api\/wp\/v2\/categories?post=5672"},{"taxonomy":"post_tag","embeddable":true,"href":"https:\/\/www.almega.se\/api\/wp\/v2\/tags?post=5672"},{"taxonomy":"type","embeddable":true,"href":"https:\/\/www.almega.se\/api\/wp\/v2\/article_type?post=5672"},{"taxonomy":"agreement","embeddable":true,"href":"https:\/\/www.almega.se\/api\/wp\/v2\/agreement?post=5672"}],"curies":[{"name":"wp","href":"https:\/\/api.w.org\/{rel}","templated":true}]}}