{"id":5671,"date":"2016-09-01T15:00:00","date_gmt":"2016-09-01T15:00:00","guid":{"rendered":"http:\/\/almega-bento\/wp\/blog\/2016\/09\/01\/kommunal-varslar-om-konflikt-for-bransch-personlig-assistans-bransch-g-2\/"},"modified":"2016-09-01T15:00:00","modified_gmt":"2016-09-01T15:00:00","slug":"kommunal-varslar-om-konflikt-for-bransch-personlig-assistans-bransch-g-2","status":"publish","type":"post","link":"https:\/\/www.almega.se\/2016\/09\/kommunal-varslar-om-konflikt-for-bransch-personlig-assistans-bransch-g-2\/","title":{"rendered":"Kommunal varslar om konflikt f\u00f6r bransch Personlig assistans (bransch G)."},"content":{"rendered":"\n<p class=\"intro\">Efter en l\u00e4ngre tids intensivt och konstruktivt f\u00f6rhandlande har Kommunal sagt upp avtalet f\u00f6r Personlig assistans med V\u00e5rdf\u00f6retagarna.  <\/p>\n<p>Svenska kommunalarbetarf&ouml;rbundet varslar V&aring;rdf&ouml;retagarna om strids&aring;tg&auml;rder i form av blockad mot nyanst&auml;llning och inhyrning inom avtalsomr&aring;det personlig assistans (bransch G).<\/p>\n<p>Varslet tr&auml;der i kraft den 13 september 2016 kl. 10:00.<\/p>\n<p>Anledningen till varslet &auml;r att parterna inte kunnat enas om l&ouml;ne&ouml;kningar f&ouml;r den kommande avtalsperioden. Med anledning av de l&aring;ga statliga anslagen f&ouml;r personlig assistans har branschen sv&aring;rt att klara av kostnads&ouml;kningar i enlighet med M&auml;rket. F&ouml;r att mildra effekten av l&ouml;ne&ouml;kningar om 2,2 % har V&aring;rdf&ouml;retagarna bl.a. f&ouml;reslagit att l&ouml;ne&ouml;kningarna f&ouml;r avtalsperioden ska senarel&auml;ggas i kombination med ett antal avtalsf&ouml;r&auml;ndringar som Kommunal efterfr&aring;gat, vilket Kommunal inte har kunnat acceptera.<\/p>\n<p>Kommunals strids&aring;tg&auml;rder om blockad mot nyanst&auml;llning och inhyrning &auml;r inriktade p&aring; att hindra arbetsgivaren att anst&auml;lla eller hyra in arbetskraft f&ouml;r att tillgodose f&ouml;retagets personalbehov. F&ouml;r ordningens skull b&ouml;r p&aring;pekas att de varslade strids&aring;tg&auml;rderna formellt sett endast binder Kommunals medlemmar men att Kommunal kommer att anse att all anst&auml;llning och inhyrning bryter mot lagt varsel. I Kommunals varsel finns ocks&aring; angivet att detta kan leda till ut&ouml;kade konflikt&aring;tg&auml;rder.<\/p>\n<p>Medlemsf&ouml;retag p&aring; avtalsomr&aring;det kan ringa Tommy Karlsson som &auml;r v&aring;r konfliktjourperson, denna g&aring;ng p&aring; numret: <strong>070 &ndash; 606 73 11 <\/strong>eller mejla <a href=\"mailto:konflikt@almega.se\">konflikt@almega.se<\/a> Eftersom trycket ibland &auml;r h&ouml;gt ber vi medlemsf&ouml;retagen att i f&ouml;rsta hand s&ouml;ka information om konflikthantering p&aring; <a href=\"cccf467813ed442fbff0313e1f214726\" target=\"_blank\" rel=\"noopener\">www.almega.se<\/a><\/p>\n<p><strong>Mer information<\/strong><br \/>  F&ouml;r mer information, klicka <a href=\"3bfc425ff7a54bda9678bb436f386c7d?EmailedPage=036361f1-a6f5-4ac5-8dc4-08d5a732071a\" target=\"_blank\" rel=\"noopener\">h&auml;r <\/a><\/p>\n<p>&nbsp;<\/p>\n<\/p>\n","protected":false},"excerpt":{"rendered":"<p>Efter en l\u00e4ngre tids intensivt och konstruktivt f\u00f6rhandlande har Kommunal sagt upp avtalet f\u00f6r Personlig assistans med V\u00e5rdf\u00f6retagarna.  <\/p>\n","protected":false},"author":1,"featured_media":0,"comment_status":"closed","ping_status":"open","sticky":false,"template":"","format":"standard","meta":{"_acf_changed":false,"footnotes":""},"categories":[1],"tags":[],"article_type":[313],"agreement":[191],"class_list":["post-5671","post","type-post","status-publish","format-standard","hentry","category-okategoriserade","type-arbetsgivarnytt","agreement-c5cd80f7-ff07-de11-b4e1-02bf9e69ca65"],"acf":[],"yoast_head":"<!-- This site is optimized with the Yoast SEO Premium plugin v26.8 (Yoast SEO v26.8) - https:\/\/yoast.com\/product\/yoast-seo-premium-wordpress\/ -->\n<title>Kommunal varslar om konflikt f\u00f6r bransch Personlig assistans (bransch G). | Almega<\/title>\n<meta name=\"robots\" content=\"index, follow, max-snippet:-1, max-image-preview:large, max-video-preview:-1\" \/>\n<link rel=\"canonical\" href=\"https:\/\/www.almega.se\/2016\/09\/kommunal-varslar-om-konflikt-for-bransch-personlig-assistans-bransch-g-2\/\" \/>\n<meta property=\"og:locale\" content=\"sv_SE\" \/>\n<meta property=\"og:type\" content=\"article\" \/>\n<meta property=\"og:title\" content=\"Kommunal varslar om konflikt f\u00f6r bransch Personlig assistans (bransch G).\" \/>\n<meta property=\"og:description\" content=\"Efter en l\u00e4ngre tids intensivt och konstruktivt f\u00f6rhandlande har Kommunal sagt upp avtalet f\u00f6r Personlig assistans med V\u00e5rdf\u00f6retagarna.\" \/>\n<meta property=\"og:url\" content=\"https:\/\/www.almega.se\/2016\/09\/kommunal-varslar-om-konflikt-for-bransch-personlig-assistans-bransch-g-2\/\" \/>\n<meta property=\"og:site_name\" content=\"Almega\" \/>\n<meta property=\"article:published_time\" content=\"2016-09-01T15:00:00+00:00\" \/>\n<meta property=\"og:image\" content=\"https:\/\/www.almega.se\/app\/uploads\/2020\/12\/almega-share-logo.png\" \/>\n\t<meta property=\"og:image:width\" content=\"1200\" \/>\n\t<meta property=\"og:image:height\" content=\"630\" \/>\n\t<meta property=\"og:image:type\" content=\"image\/png\" \/>\n<meta name=\"author\" content=\"admin\" \/>\n<meta name=\"twitter:card\" content=\"summary_large_image\" \/>\n<meta name=\"twitter:label1\" content=\"Skriven av\" \/>\n\t<meta name=\"twitter:data1\" content=\"admin\" \/>\n\t<meta name=\"twitter:label2\" content=\"Ber\u00e4knad l\u00e4stid\" \/>\n\t<meta name=\"twitter:data2\" content=\"2 minuter\" \/>\n<!-- \/ Yoast SEO Premium plugin. -->","yoast_head_json":{"title":"Kommunal varslar om konflikt f\u00f6r bransch Personlig assistans (bransch G). | Almega","robots":{"index":"index","follow":"follow","max-snippet":"max-snippet:-1","max-image-preview":"max-image-preview:large","max-video-preview":"max-video-preview:-1"},"canonical":"https:\/\/www.almega.se\/2016\/09\/kommunal-varslar-om-konflikt-for-bransch-personlig-assistans-bransch-g-2\/","og_locale":"sv_SE","og_type":"article","og_title":"Kommunal varslar om konflikt f\u00f6r bransch Personlig assistans (bransch G).","og_description":"Efter en l\u00e4ngre tids intensivt och konstruktivt f\u00f6rhandlande har Kommunal sagt upp avtalet f\u00f6r Personlig assistans med V\u00e5rdf\u00f6retagarna.","og_url":"https:\/\/www.almega.se\/2016\/09\/kommunal-varslar-om-konflikt-for-bransch-personlig-assistans-bransch-g-2\/","og_site_name":"Almega","article_published_time":"2016-09-01T15:00:00+00:00","og_image":[{"width":1200,"height":630,"url":"https:\/\/www.almega.se\/app\/uploads\/2020\/12\/almega-share-logo.png","type":"image\/png"}],"author":"admin","twitter_card":"summary_large_image","twitter_misc":{"Skriven av":"admin","Ber\u00e4knad l\u00e4stid":"2 minuter"},"schema":{"@context":"https:\/\/schema.org","@graph":[{"@type":"NewsArticle","@id":"https:\/\/www.almega.se\/2016\/09\/kommunal-varslar-om-konflikt-for-bransch-personlig-assistans-bransch-g-2\/#article","isPartOf":{"@id":"https:\/\/www.almega.se\/2016\/09\/kommunal-varslar-om-konflikt-for-bransch-personlig-assistans-bransch-g-2\/"},"author":{"name":"admin","@id":"https:\/\/www.almega.se\/#\/schema\/person\/9c3674d192fb8b2d1d8b7a3f31c5151d"},"headline":"Kommunal varslar om konflikt f\u00f6r bransch Personlig assistans (bransch G).","datePublished":"2016-09-01T15:00:00+00:00","mainEntityOfPage":{"@id":"https:\/\/www.almega.se\/2016\/09\/kommunal-varslar-om-konflikt-for-bransch-personlig-assistans-bransch-g-2\/"},"wordCount":364,"inLanguage":"sv-SE"},{"@type":"WebPage","@id":"https:\/\/www.almega.se\/2016\/09\/kommunal-varslar-om-konflikt-for-bransch-personlig-assistans-bransch-g-2\/","url":"https:\/\/www.almega.se\/2016\/09\/kommunal-varslar-om-konflikt-for-bransch-personlig-assistans-bransch-g-2\/","name":"Kommunal varslar om konflikt f\u00f6r bransch Personlig assistans (bransch G). | Almega","isPartOf":{"@id":"https:\/\/www.almega.se\/#website"},"datePublished":"2016-09-01T15:00:00+00:00","author":{"@id":"https:\/\/www.almega.se\/#\/schema\/person\/9c3674d192fb8b2d1d8b7a3f31c5151d"},"breadcrumb":{"@id":"https:\/\/www.almega.se\/2016\/09\/kommunal-varslar-om-konflikt-for-bransch-personlig-assistans-bransch-g-2\/#breadcrumb"},"inLanguage":"sv-SE","potentialAction":[{"@type":"ReadAction","target":["https:\/\/www.almega.se\/2016\/09\/kommunal-varslar-om-konflikt-for-bransch-personlig-assistans-bransch-g-2\/"]}]},{"@type":"BreadcrumbList","@id":"https:\/\/www.almega.se\/2016\/09\/kommunal-varslar-om-konflikt-for-bransch-personlig-assistans-bransch-g-2\/#breadcrumb","itemListElement":[{"@type":"ListItem","position":1,"name":"Home","item":"https:\/\/www.almega.se\/"},{"@type":"ListItem","position":2,"name":"Kommunal varslar om konflikt f\u00f6r bransch Personlig assistans (bransch G)."}]},{"@type":"WebSite","@id":"https:\/\/www.almega.se\/#website","url":"https:\/\/www.almega.se\/","name":"Almega","description":"","potentialAction":[{"@type":"SearchAction","target":{"@type":"EntryPoint","urlTemplate":"https:\/\/www.almega.se\/?s={search_term_string}"},"query-input":{"@type":"PropertyValueSpecification","valueRequired":true,"valueName":"search_term_string"}}],"inLanguage":"sv-SE"},{"@type":"Person","@id":"https:\/\/www.almega.se\/#\/schema\/person\/9c3674d192fb8b2d1d8b7a3f31c5151d","name":"admin","image":{"@type":"ImageObject","inLanguage":"sv-SE","@id":"https:\/\/www.almega.se\/#\/schema\/person\/image\/","url":"https:\/\/secure.gravatar.com\/avatar\/13aac7e7a7582f599e3ba7706cec051e12eac4ad6c2ffe6f9d24800e63294187?s=96&d=mm&r=g","contentUrl":"https:\/\/secure.gravatar.com\/avatar\/13aac7e7a7582f599e3ba7706cec051e12eac4ad6c2ffe6f9d24800e63294187?s=96&d=mm&r=g","caption":"admin"},"url":"https:\/\/www.almega.se\/person\/admin\/"}]}},"_links":{"self":[{"href":"https:\/\/www.almega.se\/api\/wp\/v2\/posts\/5671","targetHints":{"allow":["GET"]}}],"collection":[{"href":"https:\/\/www.almega.se\/api\/wp\/v2\/posts"}],"about":[{"href":"https:\/\/www.almega.se\/api\/wp\/v2\/types\/post"}],"author":[{"embeddable":true,"href":"https:\/\/www.almega.se\/api\/wp\/v2\/users\/1"}],"replies":[{"embeddable":true,"href":"https:\/\/www.almega.se\/api\/wp\/v2\/comments?post=5671"}],"version-history":[{"count":1,"href":"https:\/\/www.almega.se\/api\/wp\/v2\/posts\/5671\/revisions"}],"predecessor-version":[{"id":58287,"href":"https:\/\/www.almega.se\/api\/wp\/v2\/posts\/5671\/revisions\/58287"}],"wp:attachment":[{"href":"https:\/\/www.almega.se\/api\/wp\/v2\/media?parent=5671"}],"wp:term":[{"taxonomy":"category","embeddable":true,"href":"https:\/\/www.almega.se\/api\/wp\/v2\/categories?post=5671"},{"taxonomy":"post_tag","embeddable":true,"href":"https:\/\/www.almega.se\/api\/wp\/v2\/tags?post=5671"},{"taxonomy":"type","embeddable":true,"href":"https:\/\/www.almega.se\/api\/wp\/v2\/article_type?post=5671"},{"taxonomy":"agreement","embeddable":true,"href":"https:\/\/www.almega.se\/api\/wp\/v2\/agreement?post=5671"}],"curies":[{"name":"wp","href":"https:\/\/api.w.org\/{rel}","templated":true}]}}