{"id":5663,"date":"2016-09-14T07:30:00","date_gmt":"2016-09-14T07:30:00","guid":{"rendered":"http:\/\/almega-bento\/wp\/blog\/2016\/09\/14\/regeringens-upphandlingsforslag-ar-oforenlig-med-svenska-arbetsmarknadsmodellen\/"},"modified":"2020-04-16T16:34:41","modified_gmt":"2020-04-16T14:34:41","slug":"regeringens-upphandlingsforslag-ar-oforenlig-med-svenska-arbetsmarknadsmodellen","status":"publish","type":"post","link":"https:\/\/www.almega.se\/2016\/09\/regeringens-upphandlingsforslag-ar-oforenlig-med-svenska-arbetsmarknadsmodellen\/","title":{"rendered":"Regeringens upphandlingsf\u00f6rslag \u00e4r of\u00f6renlig med svenska arbetsmarknadsmodellen"},"content":{"rendered":"\n<p class=\"intro\">\u200bAlmega har l\u00e5tit Advokatfirman Lindahl analysera de f\u00f6rslag som regeringen har lagt fram om att inf\u00f6ra arbetsr\u00e4ttsliga krav vid offentliga upphandlingar. Den juridiska rapporten sl\u00e5r fast att f\u00f6rslagen om nya arbetsr\u00e4ttsliga krav vid offentliga upphandlingar \u00e4r of\u00f6renliga med den svenska modellen.<\/p>\n<p>Regeringens f\u00f6rslag \u00e4r en grundst\u00f6t mot den svenska arbetsmarknadsmodellen som inneb\u00e4r att arbetsmarknadens parter kommer \u00f6verens om spelreglerna p\u00e5 arbetsmarknaden. Om regeringens f\u00f6rslag skulle genomf\u00f6ras skulle inflytande\u00a0\u00f6ver de arbetsr\u00e4ttsliga villkoren flyttas fr\u00e5n parterna och kollektivavtalen till offentliga upphandlare i kommuner och landsting. Varje \u00e5r handlar det offentliga upp f\u00f6r 600 \u2013 800 miljarder kronor. Detta enorma system p\u00e5verkar hela marknader och det f\u00f6rs\u00f6ker nu regeringen g\u00f6ra partipolitik av i ett illa genomt\u00e4nkt f\u00f6rslag.<\/p>\n<p>Den juridiska rapporten riktar mycket allvarlig kritik mot regeringens f\u00f6rslag p\u00e5 ett antal avg\u00f6rande punkter. F\u00f6rslaget skulle f\u00f6rs\u00e4mra och f\u00f6rdyra upphandlingar eftersom det strider mot principen om likabehandling. Ut\u00f6ver att det \u00e4r ett dr\u00e5pslag mot svenska arbetsmarknadsmodellen \u00e4r f\u00f6rslaget kr\u00e5ngligt, otydligt, dyrt och utest\u00e4ngande.<\/p>\n<p>Advokatfirman Lindahl skriver i sin rapport att den svenska kollektivavtalsmodellen f\u00f6ruts\u00e4tter att arbetsr\u00e4ttsliga villkor regleras genom kollektivavtal, som har f\u00f6rhandlats fram av arbetsmarknadens parter, i st\u00e4llet f\u00f6r genom minimilagstiftning eller allm\u00e4ngiltigf\u00f6rklarade kollektivavtal. Lagf\u00f6rslagen om s\u00e4rskilda arbetsr\u00e4ttsliga villkor f\u00f6ruts\u00e4tter tv\u00e4rtom att de arbetsr\u00e4ttsliga villkoren fastst\u00e4lls genom en j\u00e4mf\u00f6relse mellan den arbetsr\u00e4ttsliga lagstiftningen och ett visst f\u00f6r den aktuella upphandlingen s\u00e4rskilt utpekat centralt kollektivavtal.<\/p>\n<h2><strong>Fakta<\/strong><\/h2>\n<p>Advokatfirman Lindahl \u00e4r en av Sveriges ledande advokatbyr\u00e5er inom offentlig upphandling och \u00e4r topprankad inom omr\u00e5det av ranking\u00adinstitutet Chambers and Partners. Helena Ros\u00e9n Andersson, som \u00e4r en av f\u00f6rfattarna till rapporten, \u00e4r huvudf\u00f6rfattare och redakt\u00f6r till Wolters Kluwers kommentarer till upphandlingslagarna. Helena Ros\u00e9n Andersson och Lindahls upphandlings- och arbetsr\u00e4ttsspecialister \u00e4r sedan flera \u00e5r aktiva inom den svenska debatten r\u00f6rande arbetsr\u00e4ttsliga villkor i offentliga upphandlingar och har \u00e4ven p\u00e5 det viset intagit en ledande roll i den svenska debatten med syftet att verka f\u00f6r f\u00f6rutsebara och l\u00e4mpliga upphandlingsregler.<\/p>\n<p><strong>Sammanfattning av Lindahls rapport:<\/strong><\/p>\n<ul>\n<li>Reglerna om s\u00e4rskilda arbetsr\u00e4ttsliga villkor \u00e4r of\u00f6renliga med den svenska kollektivavtalsmodellen.<\/li>\n<li>Reglerna om s\u00e4rskilda arbetsr\u00e4ttsliga villkor genomsyras av en bristande f\u00f6rutsebarhet.<\/li>\n<li>Reglerna om s\u00e4rskilda arbetsr\u00e4ttsliga villkor riskerar att leda till olikbehandling av leverant\u00f6rer.<\/li>\n<li>Reglerna om s\u00e4rskilda arbetsr\u00e4ttsliga villkor \u00e4r otydliga och riskerar att leda till till\u00e4mpningssv\u00e5righeter.<\/li>\n<li>Till\u00e4mpningen av reglerna om s\u00e4rskilda arbetsr\u00e4ttsliga villkor riskerar att strida mot de grundl\u00e4ggande upphandlingsr\u00e4ttsliga principerna om likabehandling av leverant\u00f6rer, proportionalitet och transparens samt mot f\u00f6rbudet mot diskriminering av leverant\u00f6rer p\u00e5 grund av nationalitet.<\/li>\n<li>Reglerna om s\u00e4rskilda arbetsr\u00e4ttsliga villkor \u00e4r of\u00f6renliga med n\u00e5gra av syftena med de EU-direktiv som 2017 \u00e5rs upphandlingslagar avser att genomf\u00f6ra, n\u00e4mligen att f\u00f6renkla regelverket och att underl\u00e4tta f\u00f6r sm\u00e5 och medelstora f\u00f6retag att delta i upphandlingar.<\/li>\n<li>Det f\u00f6rh\u00e5llandet att det redan finns ett EU-regelverk f\u00f6r att s\u00e4kra arbetsr\u00e4ttsliga skyldigheter som ska genomf\u00f6ras i svensk r\u00e4tt b\u00f6r beaktas vid bed\u00f6mningen av behovet att d\u00e4rut\u00f6ver inf\u00f6ra svenska regler om s\u00e4rskilda arbetsr\u00e4ttsliga villkor, eftersom de svenska reglerna g\u00e5r l\u00e4ngre \u00e4n vad som kr\u00e4vs enligt EU-r\u00e4tten.<\/li>\n<\/ul>\n\n","protected":false},"excerpt":{"rendered":"<p>\u200bAlmega har l\u00e5tit Advokatfirman Lindahl analysera de f\u00f6rslag som regeringen har lagt fram om att inf\u00f6ra arbetsr\u00e4ttsliga krav vid offentliga upphandlingar. Den juridiska rapporten sl\u00e5r fast att f\u00f6rslagen om nya arbetsr\u00e4ttsliga krav vid offentliga upphandlingar \u00e4r of\u00f6renliga med den svenska modellen.<\/p>\n","protected":false},"author":1,"featured_media":0,"comment_status":"closed","ping_status":"open","sticky":false,"template":"","format":"standard","meta":{"_acf_changed":false,"footnotes":""},"categories":[1],"tags":[],"article_type":[42],"agreement":[],"class_list":["post-5663","post","type-post","status-publish","format-standard","hentry","category-okategoriserade","type-rapporter"],"acf":[],"yoast_head":"<!-- This site is optimized with the Yoast SEO Premium plugin v26.8 (Yoast SEO v26.8) - https:\/\/yoast.com\/product\/yoast-seo-premium-wordpress\/ -->\n<title>Regeringens upphandlingsf\u00f6rslag \u00e4r of\u00f6renlig med svenska arbetsmarknadsmodellen | Almega<\/title>\n<meta name=\"robots\" content=\"index, follow, max-snippet:-1, max-image-preview:large, max-video-preview:-1\" \/>\n<link rel=\"canonical\" href=\"https:\/\/www.almega.se\/2016\/09\/regeringens-upphandlingsforslag-ar-oforenlig-med-svenska-arbetsmarknadsmodellen\/\" \/>\n<meta property=\"og:locale\" content=\"sv_SE\" \/>\n<meta property=\"og:type\" content=\"article\" \/>\n<meta property=\"og:title\" content=\"Regeringens upphandlingsf\u00f6rslag \u00e4r of\u00f6renlig med svenska arbetsmarknadsmodellen\" \/>\n<meta property=\"og:description\" content=\"\u200bAlmega har l\u00e5tit Advokatfirman Lindahl analysera de f\u00f6rslag som regeringen har lagt fram om att inf\u00f6ra arbetsr\u00e4ttsliga krav vid offentliga upphandlingar. Den juridiska rapporten sl\u00e5r fast att f\u00f6rslagen om nya arbetsr\u00e4ttsliga krav vid offentliga upphandlingar \u00e4r of\u00f6renliga med den svenska modellen.\" \/>\n<meta property=\"og:url\" content=\"https:\/\/www.almega.se\/2016\/09\/regeringens-upphandlingsforslag-ar-oforenlig-med-svenska-arbetsmarknadsmodellen\/\" \/>\n<meta property=\"og:site_name\" content=\"Almega\" \/>\n<meta property=\"article:published_time\" content=\"2016-09-14T07:30:00+00:00\" \/>\n<meta property=\"article:modified_time\" content=\"2020-04-16T14:34:41+00:00\" \/>\n<meta property=\"og:image\" content=\"https:\/\/www.almega.se\/app\/uploads\/2020\/12\/almega-share-logo.png\" \/>\n\t<meta property=\"og:image:width\" content=\"1200\" \/>\n\t<meta property=\"og:image:height\" content=\"630\" \/>\n\t<meta property=\"og:image:type\" content=\"image\/png\" \/>\n<meta name=\"author\" content=\"admin\" \/>\n<meta name=\"twitter:card\" content=\"summary_large_image\" \/>\n<meta name=\"twitter:label1\" content=\"Skriven av\" \/>\n\t<meta name=\"twitter:data1\" content=\"admin\" \/>\n\t<meta name=\"twitter:label2\" content=\"Ber\u00e4knad l\u00e4stid\" \/>\n\t<meta name=\"twitter:data2\" content=\"3 minuter\" \/>\n<!-- \/ Yoast SEO Premium plugin. -->","yoast_head_json":{"title":"Regeringens upphandlingsf\u00f6rslag \u00e4r of\u00f6renlig med svenska arbetsmarknadsmodellen | Almega","robots":{"index":"index","follow":"follow","max-snippet":"max-snippet:-1","max-image-preview":"max-image-preview:large","max-video-preview":"max-video-preview:-1"},"canonical":"https:\/\/www.almega.se\/2016\/09\/regeringens-upphandlingsforslag-ar-oforenlig-med-svenska-arbetsmarknadsmodellen\/","og_locale":"sv_SE","og_type":"article","og_title":"Regeringens upphandlingsf\u00f6rslag \u00e4r of\u00f6renlig med svenska arbetsmarknadsmodellen","og_description":"\u200bAlmega har l\u00e5tit Advokatfirman Lindahl analysera de f\u00f6rslag som regeringen har lagt fram om att inf\u00f6ra arbetsr\u00e4ttsliga krav vid offentliga upphandlingar. Den juridiska rapporten sl\u00e5r fast att f\u00f6rslagen om nya arbetsr\u00e4ttsliga krav vid offentliga upphandlingar \u00e4r of\u00f6renliga med den svenska modellen.","og_url":"https:\/\/www.almega.se\/2016\/09\/regeringens-upphandlingsforslag-ar-oforenlig-med-svenska-arbetsmarknadsmodellen\/","og_site_name":"Almega","article_published_time":"2016-09-14T07:30:00+00:00","article_modified_time":"2020-04-16T14:34:41+00:00","og_image":[{"width":1200,"height":630,"url":"https:\/\/www.almega.se\/app\/uploads\/2020\/12\/almega-share-logo.png","type":"image\/png"}],"author":"admin","twitter_card":"summary_large_image","twitter_misc":{"Skriven av":"admin","Ber\u00e4knad l\u00e4stid":"3 minuter"},"schema":{"@context":"https:\/\/schema.org","@graph":[{"@type":"NewsArticle","@id":"https:\/\/www.almega.se\/2016\/09\/regeringens-upphandlingsforslag-ar-oforenlig-med-svenska-arbetsmarknadsmodellen\/#article","isPartOf":{"@id":"https:\/\/www.almega.se\/2016\/09\/regeringens-upphandlingsforslag-ar-oforenlig-med-svenska-arbetsmarknadsmodellen\/"},"author":{"name":"admin","@id":"https:\/\/www.almega.se\/#\/schema\/person\/9c3674d192fb8b2d1d8b7a3f31c5151d"},"headline":"Regeringens upphandlingsf\u00f6rslag \u00e4r of\u00f6renlig med svenska arbetsmarknadsmodellen","datePublished":"2016-09-14T07:30:00+00:00","dateModified":"2020-04-16T14:34:41+00:00","mainEntityOfPage":{"@id":"https:\/\/www.almega.se\/2016\/09\/regeringens-upphandlingsforslag-ar-oforenlig-med-svenska-arbetsmarknadsmodellen\/"},"wordCount":597,"inLanguage":"sv-SE"},{"@type":"WebPage","@id":"https:\/\/www.almega.se\/2016\/09\/regeringens-upphandlingsforslag-ar-oforenlig-med-svenska-arbetsmarknadsmodellen\/","url":"https:\/\/www.almega.se\/2016\/09\/regeringens-upphandlingsforslag-ar-oforenlig-med-svenska-arbetsmarknadsmodellen\/","name":"Regeringens upphandlingsf\u00f6rslag \u00e4r of\u00f6renlig med svenska arbetsmarknadsmodellen | Almega","isPartOf":{"@id":"https:\/\/www.almega.se\/#website"},"datePublished":"2016-09-14T07:30:00+00:00","dateModified":"2020-04-16T14:34:41+00:00","author":{"@id":"https:\/\/www.almega.se\/#\/schema\/person\/9c3674d192fb8b2d1d8b7a3f31c5151d"},"breadcrumb":{"@id":"https:\/\/www.almega.se\/2016\/09\/regeringens-upphandlingsforslag-ar-oforenlig-med-svenska-arbetsmarknadsmodellen\/#breadcrumb"},"inLanguage":"sv-SE","potentialAction":[{"@type":"ReadAction","target":["https:\/\/www.almega.se\/2016\/09\/regeringens-upphandlingsforslag-ar-oforenlig-med-svenska-arbetsmarknadsmodellen\/"]}]},{"@type":"BreadcrumbList","@id":"https:\/\/www.almega.se\/2016\/09\/regeringens-upphandlingsforslag-ar-oforenlig-med-svenska-arbetsmarknadsmodellen\/#breadcrumb","itemListElement":[{"@type":"ListItem","position":1,"name":"Home","item":"https:\/\/www.almega.se\/"},{"@type":"ListItem","position":2,"name":"Regeringens upphandlingsf\u00f6rslag \u00e4r of\u00f6renlig med svenska arbetsmarknadsmodellen"}]},{"@type":"WebSite","@id":"https:\/\/www.almega.se\/#website","url":"https:\/\/www.almega.se\/","name":"Almega","description":"","potentialAction":[{"@type":"SearchAction","target":{"@type":"EntryPoint","urlTemplate":"https:\/\/www.almega.se\/?s={search_term_string}"},"query-input":{"@type":"PropertyValueSpecification","valueRequired":true,"valueName":"search_term_string"}}],"inLanguage":"sv-SE"},{"@type":"Person","@id":"https:\/\/www.almega.se\/#\/schema\/person\/9c3674d192fb8b2d1d8b7a3f31c5151d","name":"admin","image":{"@type":"ImageObject","inLanguage":"sv-SE","@id":"https:\/\/www.almega.se\/#\/schema\/person\/image\/","url":"https:\/\/secure.gravatar.com\/avatar\/13aac7e7a7582f599e3ba7706cec051e12eac4ad6c2ffe6f9d24800e63294187?s=96&d=mm&r=g","contentUrl":"https:\/\/secure.gravatar.com\/avatar\/13aac7e7a7582f599e3ba7706cec051e12eac4ad6c2ffe6f9d24800e63294187?s=96&d=mm&r=g","caption":"admin"},"url":"https:\/\/www.almega.se\/person\/admin\/"}]}},"_links":{"self":[{"href":"https:\/\/www.almega.se\/api\/wp\/v2\/posts\/5663","targetHints":{"allow":["GET"]}}],"collection":[{"href":"https:\/\/www.almega.se\/api\/wp\/v2\/posts"}],"about":[{"href":"https:\/\/www.almega.se\/api\/wp\/v2\/types\/post"}],"author":[{"embeddable":true,"href":"https:\/\/www.almega.se\/api\/wp\/v2\/users\/1"}],"replies":[{"embeddable":true,"href":"https:\/\/www.almega.se\/api\/wp\/v2\/comments?post=5663"}],"version-history":[{"count":0,"href":"https:\/\/www.almega.se\/api\/wp\/v2\/posts\/5663\/revisions"}],"wp:attachment":[{"href":"https:\/\/www.almega.se\/api\/wp\/v2\/media?parent=5663"}],"wp:term":[{"taxonomy":"category","embeddable":true,"href":"https:\/\/www.almega.se\/api\/wp\/v2\/categories?post=5663"},{"taxonomy":"post_tag","embeddable":true,"href":"https:\/\/www.almega.se\/api\/wp\/v2\/tags?post=5663"},{"taxonomy":"type","embeddable":true,"href":"https:\/\/www.almega.se\/api\/wp\/v2\/article_type?post=5663"},{"taxonomy":"agreement","embeddable":true,"href":"https:\/\/www.almega.se\/api\/wp\/v2\/agreement?post=5663"}],"curies":[{"name":"wp","href":"https:\/\/api.w.org\/{rel}","templated":true}]}}