{"id":56340,"date":"2018-11-20T14:38:00","date_gmt":"2018-11-20T13:38:00","guid":{"rendered":"https:\/\/dev.almega.se\/?p=56340"},"modified":"2024-04-03T14:35:51","modified_gmt":"2024-04-03T12:35:51","slug":"jamstallt-arbetsliv","status":"publish","type":"post","link":"https:\/\/www.almega.se\/2018\/11\/jamstallt-arbetsliv\/","title":{"rendered":"J\u00e4mst\u00e4llt arbetsliv"},"content":{"rendered":"<p class=\"intro\">\u00c5r 2019 borde v\u00e4l ett j\u00e4mst\u00e4llt arbetsliv vara en sj\u00e4lvklarhet? H\u00e4r skapas de b\u00e4sta f\u00f6ruts\u00e4ttningarna f\u00f6r tillv\u00e4xt i s\u00e5v\u00e4l n\u00e4ringslivet, som m\u00f6jligheter f\u00f6r den enskilda individen att anv\u00e4nda sin fulla potential, oavsett \u00e5lder, k\u00f6n, etnisk bakgrund och s\u00e5 vidare. En win-win, helt enkelt.<\/p>\n\n<p>Lika r\u00e4ttigheter och m\u00f6jligheter f\u00f6r alla \u2013 nja, riktigt s\u00e5 l\u00e5ngt har vi inte kommit \u00e4nnu. Det kr\u00e4vs b\u00e5de aktiva s\u00e5v\u00e4l som kontinuerliga insatser fr\u00e5n dig som arbetsgivare f\u00f6r att detta ska bli verklighet. S\u00e5 vad ska du som arbetsgivare t\u00e4nka p\u00e5 och hur kan du aktivt arbeta f\u00f6r ett men mer j\u00e4mst\u00e4lld arbetsplats?<\/p>\n\n\n\n<p>Inom ramen f\u00f6r att utveckla framtidens kollektivavtal har Almega tillsammans med Unionen och Akademikerna tagit fram en praktisk v\u00e4gledning f\u00f6r f\u00f6retag. Denna ska hj\u00e4lpa dig som arbetsgivare i ditt proaktiva arbete f\u00f6r en j\u00e4mst\u00e4lld arbetsplats<\/p>\n\n\n\n\n<a class=\"wp-block-button__link wp-element-button\" href=\"\/app\/uploads\/2019\/03\/ett-jamstallt-arbetsliv-e.pdf\">L\u00e4s rapporten Ett j\u00e4mst\u00e4llt arbetsliv<\/a>\n\n","protected":false},"excerpt":{"rendered":"<p>Lika r\u00e4ttigheter och m\u00f6jligheter f\u00f6r alla \u2013 nja, riktigt s\u00e5 l\u00e5ngt har vi inte kommit \u00e4nnu. Det kr\u00e4vs b\u00e5de aktiva s\u00e5v\u00e4l som kontinuerliga insatser fr\u00e5n dig som arbetsgivare f\u00f6r att detta ska bli verklighet. S\u00e5 &hellip;<\/p>\n","protected":false},"author":14531,"featured_media":0,"comment_status":"closed","ping_status":"closed","sticky":false,"template":"","format":"standard","meta":{"_acf_changed":false,"footnotes":""},"categories":[64],"tags":[],"article_type":[42],"agreement":[],"class_list":["post-56340","post","type-post","status-publish","format-standard","hentry","category-arbetsmarknad","type-rapporter"],"acf":[],"yoast_head":"<!-- This site is optimized with the Yoast SEO Premium plugin v26.8 (Yoast SEO v26.8) - https:\/\/yoast.com\/product\/yoast-seo-premium-wordpress\/ -->\n<title>J\u00e4mst\u00e4llt arbetsliv | Almega<\/title>\n<meta name=\"robots\" content=\"index, follow, max-snippet:-1, max-image-preview:large, max-video-preview:-1\" \/>\n<link rel=\"canonical\" href=\"https:\/\/www.almega.se\/2018\/11\/jamstallt-arbetsliv\/\" \/>\n<meta property=\"og:locale\" content=\"sv_SE\" \/>\n<meta property=\"og:type\" content=\"article\" \/>\n<meta property=\"og:title\" content=\"J\u00e4mst\u00e4llt arbetsliv\" \/>\n<meta property=\"og:description\" content=\"Lika r\u00e4ttigheter och m\u00f6jligheter f\u00f6r alla \u2013 nja, riktigt s\u00e5 l\u00e5ngt har vi inte kommit \u00e4nnu. Det kr\u00e4vs b\u00e5de aktiva s\u00e5v\u00e4l som kontinuerliga insatser fr\u00e5n dig som arbetsgivare f\u00f6r att detta ska bli verklighet. S\u00e5 &hellip;\" \/>\n<meta property=\"og:url\" content=\"https:\/\/www.almega.se\/2018\/11\/jamstallt-arbetsliv\/\" \/>\n<meta property=\"og:site_name\" content=\"Almega\" \/>\n<meta property=\"article:published_time\" content=\"2018-11-20T13:38:00+00:00\" \/>\n<meta property=\"article:modified_time\" content=\"2024-04-03T12:35:51+00:00\" \/>\n<meta property=\"og:image\" content=\"https:\/\/www.almega.se\/app\/uploads\/2020\/12\/almega-share-logo.png\" \/>\n\t<meta property=\"og:image:width\" content=\"1200\" \/>\n\t<meta property=\"og:image:height\" content=\"630\" \/>\n\t<meta property=\"og:image:type\" content=\"image\/png\" \/>\n<meta name=\"author\" content=\"Karin Nyg\u00e5rd\" \/>\n<meta name=\"twitter:card\" content=\"summary_large_image\" \/>\n<meta name=\"twitter:label1\" content=\"Skriven av\" \/>\n\t<meta name=\"twitter:data1\" content=\"Karin Nyg\u00e5rd\" \/>\n\t<meta name=\"twitter:label2\" content=\"Ber\u00e4knad l\u00e4stid\" \/>\n\t<meta name=\"twitter:data2\" content=\"1 minut\" \/>\n<!-- \/ Yoast SEO Premium plugin. -->","yoast_head_json":{"title":"J\u00e4mst\u00e4llt arbetsliv | Almega","robots":{"index":"index","follow":"follow","max-snippet":"max-snippet:-1","max-image-preview":"max-image-preview:large","max-video-preview":"max-video-preview:-1"},"canonical":"https:\/\/www.almega.se\/2018\/11\/jamstallt-arbetsliv\/","og_locale":"sv_SE","og_type":"article","og_title":"J\u00e4mst\u00e4llt arbetsliv","og_description":"Lika r\u00e4ttigheter och m\u00f6jligheter f\u00f6r alla \u2013 nja, riktigt s\u00e5 l\u00e5ngt har vi inte kommit \u00e4nnu. Det kr\u00e4vs b\u00e5de aktiva s\u00e5v\u00e4l som kontinuerliga insatser fr\u00e5n dig som arbetsgivare f\u00f6r att detta ska bli verklighet. S\u00e5 &hellip;","og_url":"https:\/\/www.almega.se\/2018\/11\/jamstallt-arbetsliv\/","og_site_name":"Almega","article_published_time":"2018-11-20T13:38:00+00:00","article_modified_time":"2024-04-03T12:35:51+00:00","og_image":[{"width":1200,"height":630,"url":"https:\/\/www.almega.se\/app\/uploads\/2020\/12\/almega-share-logo.png","type":"image\/png"}],"author":"Karin Nyg\u00e5rd","twitter_card":"summary_large_image","twitter_misc":{"Skriven av":"Karin Nyg\u00e5rd","Ber\u00e4knad l\u00e4stid":"1 minut"},"schema":{"@context":"https:\/\/schema.org","@graph":[{"@type":"NewsArticle","@id":"https:\/\/www.almega.se\/2018\/11\/jamstallt-arbetsliv\/#article","isPartOf":{"@id":"https:\/\/www.almega.se\/2018\/11\/jamstallt-arbetsliv\/"},"author":{"name":"Karin Nyg\u00e5rd","@id":"https:\/\/www.almega.se\/#\/schema\/person\/eae58f3a71d6b7aa9f71f3139a740a02"},"headline":"J\u00e4mst\u00e4llt arbetsliv","datePublished":"2018-11-20T13:38:00+00:00","dateModified":"2024-04-03T12:35:51+00:00","mainEntityOfPage":{"@id":"https:\/\/www.almega.se\/2018\/11\/jamstallt-arbetsliv\/"},"wordCount":122,"articleSection":["Arbetsmarknad"],"inLanguage":"sv-SE"},{"@type":"WebPage","@id":"https:\/\/www.almega.se\/2018\/11\/jamstallt-arbetsliv\/","url":"https:\/\/www.almega.se\/2018\/11\/jamstallt-arbetsliv\/","name":"J\u00e4mst\u00e4llt arbetsliv | Almega","isPartOf":{"@id":"https:\/\/www.almega.se\/#website"},"datePublished":"2018-11-20T13:38:00+00:00","dateModified":"2024-04-03T12:35:51+00:00","author":{"@id":"https:\/\/www.almega.se\/#\/schema\/person\/eae58f3a71d6b7aa9f71f3139a740a02"},"breadcrumb":{"@id":"https:\/\/www.almega.se\/2018\/11\/jamstallt-arbetsliv\/#breadcrumb"},"inLanguage":"sv-SE","potentialAction":[{"@type":"ReadAction","target":["https:\/\/www.almega.se\/2018\/11\/jamstallt-arbetsliv\/"]}]},{"@type":"BreadcrumbList","@id":"https:\/\/www.almega.se\/2018\/11\/jamstallt-arbetsliv\/#breadcrumb","itemListElement":[{"@type":"ListItem","position":1,"name":"Home","item":"https:\/\/www.almega.se\/"},{"@type":"ListItem","position":2,"name":"J\u00e4mst\u00e4llt arbetsliv"}]},{"@type":"WebSite","@id":"https:\/\/www.almega.se\/#website","url":"https:\/\/www.almega.se\/","name":"Almega","description":"","potentialAction":[{"@type":"SearchAction","target":{"@type":"EntryPoint","urlTemplate":"https:\/\/www.almega.se\/?s={search_term_string}"},"query-input":{"@type":"PropertyValueSpecification","valueRequired":true,"valueName":"search_term_string"}}],"inLanguage":"sv-SE"},{"@type":"Person","@id":"https:\/\/www.almega.se\/#\/schema\/person\/eae58f3a71d6b7aa9f71f3139a740a02","name":"Karin Nyg\u00e5rd","image":{"@type":"ImageObject","inLanguage":"sv-SE","@id":"https:\/\/www.almega.se\/#\/schema\/person\/image\/","url":"https:\/\/secure.gravatar.com\/avatar\/09e5ec3d12974ae686ad90a0a4bf5404c8a4cfdca18f97124f166ab274023818?s=96&d=mm&r=g","contentUrl":"https:\/\/secure.gravatar.com\/avatar\/09e5ec3d12974ae686ad90a0a4bf5404c8a4cfdca18f97124f166ab274023818?s=96&d=mm&r=g","caption":"Karin Nyg\u00e5rd"},"description":"Produkt\u00e4gare Almega.se, samordnar webbutveckling och utveckling av Arbetsgivarguiden.se","url":"https:\/\/www.almega.se\/person\/karinnygard\/"}]}},"_links":{"self":[{"href":"https:\/\/www.almega.se\/api\/wp\/v2\/posts\/56340","targetHints":{"allow":["GET"]}}],"collection":[{"href":"https:\/\/www.almega.se\/api\/wp\/v2\/posts"}],"about":[{"href":"https:\/\/www.almega.se\/api\/wp\/v2\/types\/post"}],"author":[{"embeddable":true,"href":"https:\/\/www.almega.se\/api\/wp\/v2\/users\/14531"}],"replies":[{"embeddable":true,"href":"https:\/\/www.almega.se\/api\/wp\/v2\/comments?post=56340"}],"version-history":[{"count":2,"href":"https:\/\/www.almega.se\/api\/wp\/v2\/posts\/56340\/revisions"}],"predecessor-version":[{"id":56344,"href":"https:\/\/www.almega.se\/api\/wp\/v2\/posts\/56340\/revisions\/56344"}],"wp:attachment":[{"href":"https:\/\/www.almega.se\/api\/wp\/v2\/media?parent=56340"}],"wp:term":[{"taxonomy":"category","embeddable":true,"href":"https:\/\/www.almega.se\/api\/wp\/v2\/categories?post=56340"},{"taxonomy":"post_tag","embeddable":true,"href":"https:\/\/www.almega.se\/api\/wp\/v2\/tags?post=56340"},{"taxonomy":"type","embeddable":true,"href":"https:\/\/www.almega.se\/api\/wp\/v2\/article_type?post=56340"},{"taxonomy":"agreement","embeddable":true,"href":"https:\/\/www.almega.se\/api\/wp\/v2\/agreement?post=56340"}],"curies":[{"name":"wp","href":"https:\/\/api.w.org\/{rel}","templated":true}]}}