{"id":55748,"date":"2023-01-27T10:12:47","date_gmt":"2023-01-27T09:12:47","guid":{"rendered":"https:\/\/dev.almega.se\/?p=55748"},"modified":"2024-04-03T14:36:07","modified_gmt":"2024-04-03T12:36:07","slug":"eu-finansierad-utbildning-for-almegas-medlemsforetag-2","status":"publish","type":"post","link":"https:\/\/www.almega.se\/2023\/01\/eu-finansierad-utbildning-for-almegas-medlemsforetag-2\/","title":{"rendered":"EU-finansierad utbildning f\u00f6r Almegas medlems\u00adf\u00f6retag"},"content":{"rendered":"<p class=\"intro\">Kompetensutveckling beh\u00f6vs alltid. Samtidigt \u00e4r de extrakostnader som en utbildning inneb\u00e4r kanske inte f\u00f6rsvarbara i dagsl\u00e4get. Nu kan du som medlem i Almega inom Stockholms l\u00e4n h\u00f6ja kompetensen och f\u00e5 det finansierat av Europeiska Socialfonden.<\/p>\n\n<p>\u2013 Vi \u00e4r givetvis glada \u00f6ver att kunna erbjuda v\u00e5ra mindre medlemsf\u00f6retag i Stockholms l\u00e4n en ytterst f\u00f6rm\u00e5nlig m\u00f6jlighet att v\u00e4ssa kompetensen. Det uppkommer hela tiden nya och \u00f6kande krav p\u00e5 yrkeskunskaper, inte minst genom digitaliseringen, s\u00e4ger David W\u00e4stberg, arbetsgivarpolitisk expert p\u00e5 Almegas och medlem i projektets styrgrupp.<\/p>\n\n\n<a class='Share__link Share__link--url copy-text' href='#' rel='nofollow' data-text='skraddarsydda-utbildningar' title='Dela url' data-confirmation='L\u00e4nken kopierades till urklipp'><svg class='icon icon--link'  width='18' height='18' viewBox='0 0 18 18' fill='none' xmlns='http:\/\/www.w3.org\/2000\/svg'>\n            <path d='M10.4142 0.514721L6.87868 4.05025L8.29289 5.46447L11.1213 2.63604L15.364 6.87868L12.5355 9.70711L13.9497 11.1213L17.4853 7.58579C17.8763 7.19476 17.8763 6.5626 17.4853 6.17158L11.8284 0.514721C11.4374 0.123691 10.8052 0.123691 10.4142 0.514721Z' fill='black'\/>\n            <path d='M9.7071 12.5355L6.87868 15.364L2.63604 11.1213L5.46446 8.2929L4.05025 6.87868L0.514716 10.4142C0.123686 10.8052 0.123686 11.4374 0.514716 11.8284L6.17157 17.4853C6.5626 17.8763 7.19475 17.8763 7.58578 17.4853L11.1213 13.9497L9.7071 12.5355Z' fill='black'\/>\n            <path d='M6.17157 11.8284C6.5626 12.2195 7.19475 12.2195 7.58578 11.8284L11.8284 7.58579C12.2195 7.19476 12.2195 6.56261 11.8284 6.17158C11.4374 5.78055 10.8052 5.78055 10.4142 6.17158L6.17157 10.4142C5.78054 10.8052 5.78054 11.4374 6.17157 11.8284Z' fill='black'\/>\n            <\/svg> <\/a>\n<h2 class=\"wp-block-heading\">Skr\u00e4ddarsydda utbildningar<\/h2>\n\n\n\n<p>De utbildningar som ing\u00e5r i projektet kommer att ges av handplockade och h\u00f6gkvalitativa utbildningsleverant\u00f6rer och ut\u00f6ver digitalisering erbjuds \u00e4ven utbildningar inom ledarskap och aff\u00e4rskunskap. Innan kursstart g\u00f6rs \u00e4ven en gedigen behovsanalys.<\/p>\n\n\n\n<p>\u2013 F\u00f6r att utbildningarna inom projektet ska tr\u00e4ffa r\u00e4tt \u00e4r utbudet helt anpassat efter m\u00e5lgruppens behov. D\u00e4refter identifieras de enskilda f\u00f6retagens specifika behov genom enk\u00e4ter och workshops. En bra utbildning m\u00e5ste vara relevant och inte ett tidsf\u00f6rdriv, s\u00e4ger David W\u00e4stberg.<\/p>\n\n\n<a class='Share__link Share__link--url copy-text' href='#' rel='nofollow' data-text='finansiering-fran-eu' title='Dela url' data-confirmation='L\u00e4nken kopierades till urklipp'><svg class='icon icon--link'  width='18' height='18' viewBox='0 0 18 18' fill='none' xmlns='http:\/\/www.w3.org\/2000\/svg'>\n            <path d='M10.4142 0.514721L6.87868 4.05025L8.29289 5.46447L11.1213 2.63604L15.364 6.87868L12.5355 9.70711L13.9497 11.1213L17.4853 7.58579C17.8763 7.19476 17.8763 6.5626 17.4853 6.17158L11.8284 0.514721C11.4374 0.123691 10.8052 0.123691 10.4142 0.514721Z' fill='black'\/>\n            <path d='M9.7071 12.5355L6.87868 15.364L2.63604 11.1213L5.46446 8.2929L4.05025 6.87868L0.514716 10.4142C0.123686 10.8052 0.123686 11.4374 0.514716 11.8284L6.17157 17.4853C6.5626 17.8763 7.19475 17.8763 7.58578 17.4853L11.1213 13.9497L9.7071 12.5355Z' fill='black'\/>\n            <path d='M6.17157 11.8284C6.5626 12.2195 7.19475 12.2195 7.58578 11.8284L11.8284 7.58579C12.2195 7.19476 12.2195 6.56261 11.8284 6.17158C11.4374 5.78055 10.8052 5.78055 10.4142 6.17158L6.17157 10.4142C5.78054 10.8052 5.78054 11.4374 6.17157 11.8284Z' fill='black'\/>\n            <\/svg> <\/a>\n<h2 class=\"wp-block-heading\">Finansiering fr\u00e5n EU<\/h2>\n\n\n\n<p>Projektet finansieras av Europeiska Socialfonden, ESF, och \u00e4r \u00f6ppet f\u00f6r alla f\u00f6retag i Stockholms l\u00e4n med f\u00e4rre \u00e4n 50 anst\u00e4llda. En f\u00f6ruts\u00e4ttning \u00e4r att f\u00f6retaget inte mottagit statsst\u00f6d \u00f6verstigande 2,25 miljoner kronor (200 000 euro) under de senaste tre \u00e5ren.<\/p>\n\n\n\n<p>\u2013 F\u00f6r de f\u00f6retag som uppfyller kriterierna finns allts\u00e5 m\u00f6jligheten till kompetensutveckling av en eller samtliga medarbetare. Varje utbildning har ett ungef\u00e4rligt marknadsv\u00e4rde p\u00e5 20 000 kronor per deltagare, men f\u00f6retaget betalar bara f\u00f6r konferenspaket och en administrativ avgift, s\u00e4ger David W\u00e4stberg.<\/p>\n\n\n<a class='Share__link Share__link--url copy-text' href='#' rel='nofollow' data-text='partsgemensamt-med-unionen' title='Dela url' data-confirmation='L\u00e4nken kopierades till urklipp'><svg class='icon icon--link'  width='18' height='18' viewBox='0 0 18 18' fill='none' xmlns='http:\/\/www.w3.org\/2000\/svg'>\n            <path d='M10.4142 0.514721L6.87868 4.05025L8.29289 5.46447L11.1213 2.63604L15.364 6.87868L12.5355 9.70711L13.9497 11.1213L17.4853 7.58579C17.8763 7.19476 17.8763 6.5626 17.4853 6.17158L11.8284 0.514721C11.4374 0.123691 10.8052 0.123691 10.4142 0.514721Z' fill='black'\/>\n            <path d='M9.7071 12.5355L6.87868 15.364L2.63604 11.1213L5.46446 8.2929L4.05025 6.87868L0.514716 10.4142C0.123686 10.8052 0.123686 11.4374 0.514716 11.8284L6.17157 17.4853C6.5626 17.8763 7.19475 17.8763 7.58578 17.4853L11.1213 13.9497L9.7071 12.5355Z' fill='black'\/>\n            <path d='M6.17157 11.8284C6.5626 12.2195 7.19475 12.2195 7.58578 11.8284L11.8284 7.58579C12.2195 7.19476 12.2195 6.56261 11.8284 6.17158C11.4374 5.78055 10.8052 5.78055 10.4142 6.17158L6.17157 10.4142C5.78054 10.8052 5.78054 11.4374 6.17157 11.8284Z' fill='black'\/>\n            <\/svg> <\/a>\n<h2 class=\"wp-block-heading\">Partsgemensamt med Unionen<\/h2>\n\n\n\n<p>Almega \u00e4r projekt\u00e4gare men \u00e4ven fackf\u00f6rbundet Unionen \u00e4r med i projektet som samverkande part.<\/p>\n\n\n\n<p>\u2013 Kompetensutveckling \u00e4r minst lika viktig f\u00f6r de enskilda medarbetarna som f\u00f6r arbetsgivarna. Med tanke p\u00e5 att kunskaper v\u00e4rderas h\u00f6gt p\u00e5 arbetsmarknaden tror vi att projektet kommer st\u00e4rka m\u00e5nga arbetstagares position, s\u00e4ger Ann-Katrin Dolium, Unionens f\u00f6retr\u00e4dare i projektets styrgrupp.<\/p>\n\n\n<a class='Share__link Share__link--url copy-text' href='#' rel='nofollow' data-text='\u201dforst-till-kvarn\u201d' title='Dela url' data-confirmation='L\u00e4nken kopierades till urklipp'><svg class='icon icon--link'  width='18' height='18' viewBox='0 0 18 18' fill='none' xmlns='http:\/\/www.w3.org\/2000\/svg'>\n            <path d='M10.4142 0.514721L6.87868 4.05025L8.29289 5.46447L11.1213 2.63604L15.364 6.87868L12.5355 9.70711L13.9497 11.1213L17.4853 7.58579C17.8763 7.19476 17.8763 6.5626 17.4853 6.17158L11.8284 0.514721C11.4374 0.123691 10.8052 0.123691 10.4142 0.514721Z' fill='black'\/>\n            <path d='M9.7071 12.5355L6.87868 15.364L2.63604 11.1213L5.46446 8.2929L4.05025 6.87868L0.514716 10.4142C0.123686 10.8052 0.123686 11.4374 0.514716 11.8284L6.17157 17.4853C6.5626 17.8763 7.19475 17.8763 7.58578 17.4853L11.1213 13.9497L9.7071 12.5355Z' fill='black'\/>\n            <path d='M6.17157 11.8284C6.5626 12.2195 7.19475 12.2195 7.58578 11.8284L11.8284 7.58579C12.2195 7.19476 12.2195 6.56261 11.8284 6.17158C11.4374 5.78055 10.8052 5.78055 10.4142 6.17158L6.17157 10.4142C5.78054 10.8052 5.78054 11.4374 6.17157 11.8284Z' fill='black'\/>\n            <\/svg> <\/a>\n<h2 class=\"wp-block-heading\">\u201dF\u00f6rst till kvarn\u201d<\/h2>\n\n\n\n<p>Antalet utbildningsplatser i projektet \u00e4r begr\u00e4nsat till 1 200 platser och utbildningarna ber\u00e4knas p\u00e5g\u00e5 till juni 2025.<\/p>\n\n\n\n<p>\u2013 Att l\u00e4gga pengar p\u00e5 kompetensutveckling har kanske inte h\u00f6gsta prioritet hos f\u00f6retagen i dag, speciellt inte mindre f\u00f6retag. F\u00f6r dessa \u00e4r projektet perfekt. P\u00e5 minussidan \u00e4r egentligen bara deltagarbegr\u00e4nsningen. Den inneb\u00e4r ocks\u00e5 att det \u00e4r \u2019f\u00f6rst till kvarn\u2019 som g\u00e4ller, s\u00e4ger David W\u00e4stberg.<\/p>\n\n\n\n<p><\/p>\n\n\n\n\n\n      <ul class=\"Iconlist\">\n                            <li class=\"Iconlist__listitem\">\n            \n              <svg class='icon icon--paper'  width=\"48\" height=\"48\" viewBox=\"0 0 48 48\" fill=\"none\" xmlns=\"http:\/\/www.w3.org\/2000\/svg\">\n<path d=\"M38 8H6V46H38V8Z\" class=\"line\" stroke=\"black\" stroke-width=\"3\" stroke-miterlimit=\"10\" stroke-linecap=\"square\"\/>\n<path d=\"M10 2H44V42\" class=\"line\" stroke=\"black\" stroke-width=\"3\" stroke-miterlimit=\"10\" stroke-linecap=\"square\"\/>\n<path d=\"M14 18H30\" class=\"line\" stroke=\"black\" stroke-width=\"3\" stroke-miterlimit=\"10\" stroke-linecap=\"square\"\/>\n<path d=\"M14 26H30\" class=\"line\" stroke=\"black\" stroke-width=\"3\" stroke-miterlimit=\"10\" stroke-linecap=\"square\"\/>\n<path d=\"M14 34H22\" class=\"line\" stroke=\"black\" stroke-width=\"3\" stroke-miterlimit=\"10\" stroke-linecap=\"square\"\/>\n<\/svg>\n\n              \n            \n              <p><a href=\"https:\/\/fa3.foretagsakademin.se\/\" rel=\"noopener\" target=\"_blank\">Mer information och anm\u00e4lan <\/a><\/p>\n\n            \n          <\/li>\n            <\/ul>\n  \n\n\n","protected":false},"excerpt":{"rendered":"<p>\u2013 Vi \u00e4r givetvis glada \u00f6ver att kunna erbjuda v\u00e5ra mindre medlemsf\u00f6retag i Stockholms l\u00e4n en ytterst f\u00f6rm\u00e5nlig m\u00f6jlighet att v\u00e4ssa kompetensen. Det uppkommer hela tiden nya och \u00f6kande krav p\u00e5 yrkeskunskaper, inte minst genom &hellip;<\/p>\n","protected":false},"author":6058,"featured_media":55767,"comment_status":"closed","ping_status":"closed","sticky":false,"template":"","format":"standard","meta":{"_acf_changed":false,"footnotes":""},"categories":[79],"tags":[],"article_type":[55,56],"agreement":[],"class_list":["post-55748","post","type-post","status-publish","format-standard","has-post-thumbnail","hentry","category-eu-och-internationellt","type-artiklar","type-nyheter"],"acf":[],"yoast_head":"<!-- This site is optimized with the Yoast SEO Premium plugin v26.8 (Yoast SEO v26.8) - https:\/\/yoast.com\/product\/yoast-seo-premium-wordpress\/ -->\n<title>EU-finansierad utbildning f\u00f6r Almegas medlems\u00adf\u00f6retag | Almega<\/title>\n<meta name=\"robots\" content=\"index, follow, max-snippet:-1, max-image-preview:large, max-video-preview:-1\" \/>\n<link rel=\"canonical\" href=\"https:\/\/www.almega.se\/2023\/01\/eu-finansierad-utbildning-for-almegas-medlemsforetag-2\/\" \/>\n<meta property=\"og:locale\" content=\"sv_SE\" \/>\n<meta property=\"og:type\" content=\"article\" \/>\n<meta property=\"og:title\" content=\"EU-finansierad utbildning f\u00f6r Almegas medlems\u00adf\u00f6retag\" \/>\n<meta property=\"og:description\" content=\"\u2013 Vi \u00e4r givetvis glada \u00f6ver att kunna erbjuda v\u00e5ra mindre medlemsf\u00f6retag i Stockholms l\u00e4n en ytterst f\u00f6rm\u00e5nlig m\u00f6jlighet att v\u00e4ssa kompetensen. Det uppkommer hela tiden nya och \u00f6kande krav p\u00e5 yrkeskunskaper, inte minst genom &hellip;\" \/>\n<meta property=\"og:url\" content=\"https:\/\/www.almega.se\/2023\/01\/eu-finansierad-utbildning-for-almegas-medlemsforetag-2\/\" \/>\n<meta property=\"og:site_name\" content=\"Almega\" \/>\n<meta property=\"article:published_time\" content=\"2023-01-27T09:12:47+00:00\" \/>\n<meta property=\"article:modified_time\" content=\"2024-04-03T12:36:07+00:00\" \/>\n<meta property=\"og:image\" content=\"https:\/\/www.almega.se\/app\/uploads\/2023\/01\/David-Wkopia-scaled.jpg\" \/>\n\t<meta property=\"og:image:width\" content=\"2560\" \/>\n\t<meta property=\"og:image:height\" content=\"2248\" \/>\n\t<meta property=\"og:image:type\" content=\"image\/jpeg\" \/>\n<meta name=\"author\" content=\"Shashika Sellgren\" \/>\n<meta name=\"twitter:card\" content=\"summary_large_image\" \/>\n<meta name=\"twitter:label1\" content=\"Skriven av\" \/>\n\t<meta name=\"twitter:data1\" content=\"Shashika Sellgren\" \/>\n\t<meta name=\"twitter:label2\" content=\"Ber\u00e4knad l\u00e4stid\" \/>\n\t<meta name=\"twitter:data2\" content=\"2 minuter\" \/>\n<!-- \/ Yoast SEO Premium plugin. -->","yoast_head_json":{"title":"EU-finansierad utbildning f\u00f6r Almegas medlems\u00adf\u00f6retag | Almega","robots":{"index":"index","follow":"follow","max-snippet":"max-snippet:-1","max-image-preview":"max-image-preview:large","max-video-preview":"max-video-preview:-1"},"canonical":"https:\/\/www.almega.se\/2023\/01\/eu-finansierad-utbildning-for-almegas-medlemsforetag-2\/","og_locale":"sv_SE","og_type":"article","og_title":"EU-finansierad utbildning f\u00f6r Almegas medlems\u00adf\u00f6retag","og_description":"\u2013 Vi \u00e4r givetvis glada \u00f6ver att kunna erbjuda v\u00e5ra mindre medlemsf\u00f6retag i Stockholms l\u00e4n en ytterst f\u00f6rm\u00e5nlig m\u00f6jlighet att v\u00e4ssa kompetensen. Det uppkommer hela tiden nya och \u00f6kande krav p\u00e5 yrkeskunskaper, inte minst genom &hellip;","og_url":"https:\/\/www.almega.se\/2023\/01\/eu-finansierad-utbildning-for-almegas-medlemsforetag-2\/","og_site_name":"Almega","article_published_time":"2023-01-27T09:12:47+00:00","article_modified_time":"2024-04-03T12:36:07+00:00","og_image":[{"width":2560,"height":2248,"url":"https:\/\/www.almega.se\/app\/uploads\/2023\/01\/David-Wkopia-scaled.jpg","type":"image\/jpeg"}],"author":"Shashika Sellgren","twitter_card":"summary_large_image","twitter_misc":{"Skriven av":"Shashika Sellgren","Ber\u00e4knad l\u00e4stid":"2 minuter"},"schema":{"@context":"https:\/\/schema.org","@graph":[{"@type":"NewsArticle","@id":"https:\/\/www.almega.se\/2023\/01\/eu-finansierad-utbildning-for-almegas-medlemsforetag-2\/#article","isPartOf":{"@id":"https:\/\/www.almega.se\/2023\/01\/eu-finansierad-utbildning-for-almegas-medlemsforetag-2\/"},"author":{"name":"Shashika Sellgren","@id":"https:\/\/www.almega.se\/#\/schema\/person\/38c6b37b81c530c93246c3d1993d5662"},"headline":"EU-finansierad utbildning f\u00f6r Almegas medlems\u00adf\u00f6retag","datePublished":"2023-01-27T09:12:47+00:00","dateModified":"2024-04-03T12:36:07+00:00","mainEntityOfPage":{"@id":"https:\/\/www.almega.se\/2023\/01\/eu-finansierad-utbildning-for-almegas-medlemsforetag-2\/"},"wordCount":392,"image":{"@id":"https:\/\/www.almega.se\/2023\/01\/eu-finansierad-utbildning-for-almegas-medlemsforetag-2\/#primaryimage"},"thumbnailUrl":"https:\/\/www.almega.se\/app\/uploads\/2023\/01\/David-Wkopia-scaled.jpg","articleSection":["EU och internationellt"],"inLanguage":"sv-SE"},{"@type":"WebPage","@id":"https:\/\/www.almega.se\/2023\/01\/eu-finansierad-utbildning-for-almegas-medlemsforetag-2\/","url":"https:\/\/www.almega.se\/2023\/01\/eu-finansierad-utbildning-for-almegas-medlemsforetag-2\/","name":"EU-finansierad utbildning f\u00f6r Almegas medlems\u00adf\u00f6retag | Almega","isPartOf":{"@id":"https:\/\/www.almega.se\/#website"},"primaryImageOfPage":{"@id":"https:\/\/www.almega.se\/2023\/01\/eu-finansierad-utbildning-for-almegas-medlemsforetag-2\/#primaryimage"},"image":{"@id":"https:\/\/www.almega.se\/2023\/01\/eu-finansierad-utbildning-for-almegas-medlemsforetag-2\/#primaryimage"},"thumbnailUrl":"https:\/\/www.almega.se\/app\/uploads\/2023\/01\/David-Wkopia-scaled.jpg","datePublished":"2023-01-27T09:12:47+00:00","dateModified":"2024-04-03T12:36:07+00:00","author":{"@id":"https:\/\/www.almega.se\/#\/schema\/person\/38c6b37b81c530c93246c3d1993d5662"},"breadcrumb":{"@id":"https:\/\/www.almega.se\/2023\/01\/eu-finansierad-utbildning-for-almegas-medlemsforetag-2\/#breadcrumb"},"inLanguage":"sv-SE","potentialAction":[{"@type":"ReadAction","target":["https:\/\/www.almega.se\/2023\/01\/eu-finansierad-utbildning-for-almegas-medlemsforetag-2\/"]}]},{"@type":"ImageObject","inLanguage":"sv-SE","@id":"https:\/\/www.almega.se\/2023\/01\/eu-finansierad-utbildning-for-almegas-medlemsforetag-2\/#primaryimage","url":"https:\/\/www.almega.se\/app\/uploads\/2023\/01\/David-Wkopia-scaled.jpg","contentUrl":"https:\/\/www.almega.se\/app\/uploads\/2023\/01\/David-Wkopia-scaled.jpg","width":2560,"height":2248},{"@type":"BreadcrumbList","@id":"https:\/\/www.almega.se\/2023\/01\/eu-finansierad-utbildning-for-almegas-medlemsforetag-2\/#breadcrumb","itemListElement":[{"@type":"ListItem","position":1,"name":"Home","item":"https:\/\/www.almega.se\/"},{"@type":"ListItem","position":2,"name":"EU-finansierad utbildning f\u00f6r Almegas medlems\u00adf\u00f6retag"}]},{"@type":"WebSite","@id":"https:\/\/www.almega.se\/#website","url":"https:\/\/www.almega.se\/","name":"Almega","description":"","potentialAction":[{"@type":"SearchAction","target":{"@type":"EntryPoint","urlTemplate":"https:\/\/www.almega.se\/?s={search_term_string}"},"query-input":{"@type":"PropertyValueSpecification","valueRequired":true,"valueName":"search_term_string"}}],"inLanguage":"sv-SE"},{"@type":"Person","@id":"https:\/\/www.almega.se\/#\/schema\/person\/38c6b37b81c530c93246c3d1993d5662","name":"Shashika Sellgren","image":{"@type":"ImageObject","inLanguage":"sv-SE","@id":"https:\/\/www.almega.se\/#\/schema\/person\/image\/","url":"https:\/\/secure.gravatar.com\/avatar\/b225c479880df9eb82d1501dd105dd8040f27c8563f3d4bf5dd62ce0a1630abd?s=96&d=mm&r=g","contentUrl":"https:\/\/secure.gravatar.com\/avatar\/b225c479880df9eb82d1501dd105dd8040f27c8563f3d4bf5dd62ce0a1630abd?s=96&d=mm&r=g","caption":"Shashika Sellgren"},"url":"https:\/\/www.almega.se\/person\/shashikasellgren\/"}]}},"_links":{"self":[{"href":"https:\/\/www.almega.se\/api\/wp\/v2\/posts\/55748","targetHints":{"allow":["GET"]}}],"collection":[{"href":"https:\/\/www.almega.se\/api\/wp\/v2\/posts"}],"about":[{"href":"https:\/\/www.almega.se\/api\/wp\/v2\/types\/post"}],"author":[{"embeddable":true,"href":"https:\/\/www.almega.se\/api\/wp\/v2\/users\/6058"}],"replies":[{"embeddable":true,"href":"https:\/\/www.almega.se\/api\/wp\/v2\/comments?post=55748"}],"version-history":[{"count":71,"href":"https:\/\/www.almega.se\/api\/wp\/v2\/posts\/55748\/revisions"}],"predecessor-version":[{"id":56423,"href":"https:\/\/www.almega.se\/api\/wp\/v2\/posts\/55748\/revisions\/56423"}],"wp:featuredmedia":[{"embeddable":true,"href":"https:\/\/www.almega.se\/api\/wp\/v2\/media\/55767"}],"wp:attachment":[{"href":"https:\/\/www.almega.se\/api\/wp\/v2\/media?parent=55748"}],"wp:term":[{"taxonomy":"category","embeddable":true,"href":"https:\/\/www.almega.se\/api\/wp\/v2\/categories?post=55748"},{"taxonomy":"post_tag","embeddable":true,"href":"https:\/\/www.almega.se\/api\/wp\/v2\/tags?post=55748"},{"taxonomy":"type","embeddable":true,"href":"https:\/\/www.almega.se\/api\/wp\/v2\/article_type?post=55748"},{"taxonomy":"agreement","embeddable":true,"href":"https:\/\/www.almega.se\/api\/wp\/v2\/agreement?post=55748"}],"curies":[{"name":"wp","href":"https:\/\/api.w.org\/{rel}","templated":true}]}}