{"id":5554,"date":"2016-11-17T07:00:00","date_gmt":"2016-11-17T07:00:00","guid":{"rendered":"http:\/\/almega-bento\/wp\/blog\/2016\/11\/17\/krympande-produktivitet-i-sveriges-ekonomi\/"},"modified":"2016-11-17T07:00:00","modified_gmt":"2016-11-17T07:00:00","slug":"krympande-produktivitet-i-sveriges-ekonomi","status":"publish","type":"post","link":"https:\/\/www.almega.se\/2016\/11\/krympande-produktivitet-i-sveriges-ekonomi\/","title":{"rendered":"Krympande produktivitet i Sveriges ekonomi"},"content":{"rendered":"\n<p>Bristen p\u00e5 personal har n\u00e5tt toppniv\u00e5er under loppet av 2016. Det \u00e4r en av anledningarna till varf\u00f6r tillv\u00e4xten i tj\u00e4nstesektorn h\u00e5lls tillbaka.<\/p>\n\n\n<a class='Share__link Share__link--url copy-text' href='#' rel='nofollow' data-text='lena-hagman-ar-almegas-chefekonom.-hor-henne-kommentera&nbsp;konjunkturprognosen:' title='Dela url' data-confirmation='L\u00e4nken kopierades till urklipp'><svg class='icon icon--link'  width='18' height='18' viewBox='0 0 18 18' fill='none' xmlns='http:\/\/www.w3.org\/2000\/svg'>\n            <path d='M10.4142 0.514721L6.87868 4.05025L8.29289 5.46447L11.1213 2.63604L15.364 6.87868L12.5355 9.70711L13.9497 11.1213L17.4853 7.58579C17.8763 7.19476 17.8763 6.5626 17.4853 6.17158L11.8284 0.514721C11.4374 0.123691 10.8052 0.123691 10.4142 0.514721Z' fill='black'\/>\n            <path d='M9.7071 12.5355L6.87868 15.364L2.63604 11.1213L5.46446 8.2929L4.05025 6.87868L0.514716 10.4142C0.123686 10.8052 0.123686 11.4374 0.514716 11.8284L6.17157 17.4853C6.5626 17.8763 7.19475 17.8763 7.58578 17.4853L11.1213 13.9497L9.7071 12.5355Z' fill='black'\/>\n            <path d='M6.17157 11.8284C6.5626 12.2195 7.19475 12.2195 7.58578 11.8284L11.8284 7.58579C12.2195 7.19476 12.2195 6.56261 11.8284 6.17158C11.4374 5.78055 10.8052 5.78055 10.4142 6.17158L6.17157 10.4142C5.78054 10.8052 5.78054 11.4374 6.17157 11.8284Z' fill='black'\/>\n            <\/svg> <\/a>\n<h2 class=\"wp-block-heading\">Lena Hagman \u00e4r Almegas chefekonom. H\u00f6r henne kommentera&nbsp;konjunkturprognosen:<\/h2>\n\n\n\n<iframe style=\"left: 0px; top: 0px; width: 100%; height: 100%; position: absolute;\" src=\"https:\/\/almega1.23video.com\/v.ihtml\/player.html?token=933c0b0f9f33aa5f40e426ba9bef2180&amp;source=embed&amp;photo%5fid=14845852\" frameborder=\"0\" scrolling=\"no\" allowfullscreen=\"allowfullscreen\"><\/iframe>\n\n\n\n<p>Bakom inbromsningen ligger dels en historiskt svag v\u00e4rldshandel, som inte enbart beror p\u00e5 svag efterfr\u00e5gan utan \u00e4ven p\u00e5 en strukturell f\u00f6r\u00e4ndring. Under de senaste \u00e5ren har n\u00e4mligen utvecklingen mot \u00f6kad v\u00e4rldshandel med insatsvaror stannat upp medan produktionen ist\u00e4llet i h\u00f6gre grad lokaliserats till stora marknader. Almega utg\u00e5r nu fr\u00e5n en betydligt svagare exportmarknadstillv\u00e4xt f\u00f6r 2016-2017 \u00e4n tidigare, och bed\u00f6mer h\u00e4rmed att Sveriges export kommer v\u00e4xa i en ungef\u00e4r lika l\u00e5ngsam takt under perioden.<\/p>\n\n\n\n<p>Bakom inbromsningen av Sveriges BNP-tillv\u00e4xt ligger dessutom alltmer anstr\u00e4ngda produktionsresurser, fr\u00e4mst brist p\u00e5 personal. Almega r\u00e4knar med att antalet sysselsatta kommer \u00f6ka i allt l\u00e4gre takt, och att arbetsl\u00f6sheten kommer ned som l\u00e4gst till 6,8 procent n\u00e4sta \u00e5r. Under loppet av 2016 har bristen p\u00e5 personal inom den privata tj\u00e4nstesektorn n\u00e5tt tidigare noterade toppniv\u00e5er under h\u00f6gkonjunktur, vilket h\u00e5ller tillbaka f\u00f6retagens m\u00f6jligheter att \u00f6ka produktionen. Efterfr\u00e5gan p\u00e5 en l\u00e5ng rad tj\u00e4nster har fortsatt att \u00f6ka, men f\u00f6retag har tvingats tacka nej till uppdrag p\u00e5 grund av resursbrist. D\u00e5 f\u00f6retagen inte lyckats rekrytera i \u00f6nskad omfattning har arbetstiden per sysselsatt \u00f6kat under \u00e5ret. I l\u00e4ngden \u00e4r det inte en l\u00f6sning p\u00e5 personalbristen.<\/p>\n\n\n\n<p>Anna-Karin Hatt, vd almega, <a href=\"http:\/\/hattitjanst.se\/2016\/11\/17\/krympande-produktivitet-i-sveriges-ekonomi-tillvaxtbranscher-i-tjanstesektorn-halls-tillbaka\/\" target=\"_blank\" rel=\"noopener\">skriver i sin blogg <\/a>om konjunkturprognosen och&nbsp;matchningsproblemen p\u00e5 arbetsmarknaden.&nbsp;<\/p>\n\n\n<a class='Share__link Share__link--url copy-text' href='#' rel='nofollow' data-text='&nbsp;' title='Dela url' data-confirmation='L\u00e4nken kopierades till urklipp'><svg class='icon icon--link'  width='18' height='18' viewBox='0 0 18 18' fill='none' xmlns='http:\/\/www.w3.org\/2000\/svg'>\n            <path d='M10.4142 0.514721L6.87868 4.05025L8.29289 5.46447L11.1213 2.63604L15.364 6.87868L12.5355 9.70711L13.9497 11.1213L17.4853 7.58579C17.8763 7.19476 17.8763 6.5626 17.4853 6.17158L11.8284 0.514721C11.4374 0.123691 10.8052 0.123691 10.4142 0.514721Z' fill='black'\/>\n            <path d='M9.7071 12.5355L6.87868 15.364L2.63604 11.1213L5.46446 8.2929L4.05025 6.87868L0.514716 10.4142C0.123686 10.8052 0.123686 11.4374 0.514716 11.8284L6.17157 17.4853C6.5626 17.8763 7.19475 17.8763 7.58578 17.4853L11.1213 13.9497L9.7071 12.5355Z' fill='black'\/>\n            <path d='M6.17157 11.8284C6.5626 12.2195 7.19475 12.2195 7.58578 11.8284L11.8284 7.58579C12.2195 7.19476 12.2195 6.56261 11.8284 6.17158C11.4374 5.78055 10.8052 5.78055 10.4142 6.17158L6.17157 10.4142C5.78054 10.8052 5.78054 11.4374 6.17157 11.8284Z' fill='black'\/>\n            <\/svg> <\/a>\n<h2 class=\"wp-block-heading\">&nbsp;<\/h2>\n","protected":false},"excerpt":{"rendered":"<p>Bristen p\u00e5 personal har n\u00e5tt toppniv\u00e5er under loppet av 2016. Det \u00e4r en av anledningarna till varf\u00f6r tillv\u00e4xten i tj\u00e4nstesektorn h\u00e5lls tillbaka.<\/p>\n","protected":false},"author":1,"featured_media":0,"comment_status":"closed","ping_status":"open","sticky":false,"template":"","format":"standard","meta":{"_acf_changed":false,"footnotes":""},"categories":[1],"tags":[],"article_type":[56,42],"agreement":[],"class_list":["post-5554","post","type-post","status-publish","format-standard","hentry","category-okategoriserade","type-nyheter","type-rapporter"],"acf":[],"yoast_head":"<!-- This site is optimized with the Yoast SEO Premium plugin v26.8 (Yoast SEO v26.8) - https:\/\/yoast.com\/product\/yoast-seo-premium-wordpress\/ -->\n<title>Krympande produktivitet i Sveriges ekonomi | Almega<\/title>\n<meta name=\"robots\" content=\"index, follow, max-snippet:-1, max-image-preview:large, max-video-preview:-1\" \/>\n<link rel=\"canonical\" href=\"https:\/\/www.almega.se\/2016\/11\/krympande-produktivitet-i-sveriges-ekonomi\/\" \/>\n<meta property=\"og:locale\" content=\"sv_SE\" \/>\n<meta property=\"og:type\" content=\"article\" \/>\n<meta property=\"og:title\" content=\"Krympande produktivitet i Sveriges ekonomi\" \/>\n<meta property=\"og:description\" content=\"Bristen p\u00e5 personal har n\u00e5tt toppniv\u00e5er under loppet av 2016. Det \u00e4r en av anledningarna till varf\u00f6r tillv\u00e4xten i tj\u00e4nstesektorn h\u00e5lls tillbaka.\" \/>\n<meta property=\"og:url\" content=\"https:\/\/www.almega.se\/2016\/11\/krympande-produktivitet-i-sveriges-ekonomi\/\" \/>\n<meta property=\"og:site_name\" content=\"Almega\" \/>\n<meta property=\"article:published_time\" content=\"2016-11-17T07:00:00+00:00\" \/>\n<meta property=\"og:image\" content=\"https:\/\/www.almega.se\/app\/uploads\/imported\/36139a1c-665f-44f5-a31a-666b3e7ac051.png\" \/>\n\t<meta property=\"og:image:width\" content=\"581\" \/>\n\t<meta property=\"og:image:height\" content=\"331\" \/>\n\t<meta property=\"og:image:type\" content=\"image\/png\" \/>\n<meta name=\"author\" content=\"admin\" \/>\n<meta name=\"twitter:card\" content=\"summary_large_image\" \/>\n<meta name=\"twitter:label1\" content=\"Skriven av\" \/>\n\t<meta name=\"twitter:data1\" content=\"admin\" \/>\n\t<meta name=\"twitter:label2\" content=\"Ber\u00e4knad l\u00e4stid\" \/>\n\t<meta name=\"twitter:data2\" content=\"2 minuter\" \/>\n<!-- \/ Yoast SEO Premium plugin. -->","yoast_head_json":{"title":"Krympande produktivitet i Sveriges ekonomi | Almega","robots":{"index":"index","follow":"follow","max-snippet":"max-snippet:-1","max-image-preview":"max-image-preview:large","max-video-preview":"max-video-preview:-1"},"canonical":"https:\/\/www.almega.se\/2016\/11\/krympande-produktivitet-i-sveriges-ekonomi\/","og_locale":"sv_SE","og_type":"article","og_title":"Krympande produktivitet i Sveriges ekonomi","og_description":"Bristen p\u00e5 personal har n\u00e5tt toppniv\u00e5er under loppet av 2016. Det \u00e4r en av anledningarna till varf\u00f6r tillv\u00e4xten i tj\u00e4nstesektorn h\u00e5lls tillbaka.","og_url":"https:\/\/www.almega.se\/2016\/11\/krympande-produktivitet-i-sveriges-ekonomi\/","og_site_name":"Almega","article_published_time":"2016-11-17T07:00:00+00:00","og_image":[{"width":581,"height":331,"url":"https:\/\/www.almega.se\/app\/uploads\/imported\/36139a1c-665f-44f5-a31a-666b3e7ac051.png","type":"image\/png"}],"author":"admin","twitter_card":"summary_large_image","twitter_misc":{"Skriven av":"admin","Ber\u00e4knad l\u00e4stid":"2 minuter"},"schema":{"@context":"https:\/\/schema.org","@graph":[{"@type":"NewsArticle","@id":"https:\/\/www.almega.se\/2016\/11\/krympande-produktivitet-i-sveriges-ekonomi\/#article","isPartOf":{"@id":"https:\/\/www.almega.se\/2016\/11\/krympande-produktivitet-i-sveriges-ekonomi\/"},"author":{"name":"admin","@id":"https:\/\/www.almega.se\/#\/schema\/person\/9c3674d192fb8b2d1d8b7a3f31c5151d"},"headline":"Krympande produktivitet i Sveriges ekonomi","datePublished":"2016-11-17T07:00:00+00:00","mainEntityOfPage":{"@id":"https:\/\/www.almega.se\/2016\/11\/krympande-produktivitet-i-sveriges-ekonomi\/"},"wordCount":280,"inLanguage":"sv-SE"},{"@type":"WebPage","@id":"https:\/\/www.almega.se\/2016\/11\/krympande-produktivitet-i-sveriges-ekonomi\/","url":"https:\/\/www.almega.se\/2016\/11\/krympande-produktivitet-i-sveriges-ekonomi\/","name":"Krympande produktivitet i Sveriges ekonomi | Almega","isPartOf":{"@id":"https:\/\/www.almega.se\/#website"},"datePublished":"2016-11-17T07:00:00+00:00","author":{"@id":"https:\/\/www.almega.se\/#\/schema\/person\/9c3674d192fb8b2d1d8b7a3f31c5151d"},"breadcrumb":{"@id":"https:\/\/www.almega.se\/2016\/11\/krympande-produktivitet-i-sveriges-ekonomi\/#breadcrumb"},"inLanguage":"sv-SE","potentialAction":[{"@type":"ReadAction","target":["https:\/\/www.almega.se\/2016\/11\/krympande-produktivitet-i-sveriges-ekonomi\/"]}]},{"@type":"BreadcrumbList","@id":"https:\/\/www.almega.se\/2016\/11\/krympande-produktivitet-i-sveriges-ekonomi\/#breadcrumb","itemListElement":[{"@type":"ListItem","position":1,"name":"Home","item":"https:\/\/www.almega.se\/"},{"@type":"ListItem","position":2,"name":"Krympande produktivitet i Sveriges ekonomi"}]},{"@type":"WebSite","@id":"https:\/\/www.almega.se\/#website","url":"https:\/\/www.almega.se\/","name":"Almega","description":"","potentialAction":[{"@type":"SearchAction","target":{"@type":"EntryPoint","urlTemplate":"https:\/\/www.almega.se\/?s={search_term_string}"},"query-input":{"@type":"PropertyValueSpecification","valueRequired":true,"valueName":"search_term_string"}}],"inLanguage":"sv-SE"},{"@type":"Person","@id":"https:\/\/www.almega.se\/#\/schema\/person\/9c3674d192fb8b2d1d8b7a3f31c5151d","name":"admin","image":{"@type":"ImageObject","inLanguage":"sv-SE","@id":"https:\/\/www.almega.se\/#\/schema\/person\/image\/","url":"https:\/\/secure.gravatar.com\/avatar\/13aac7e7a7582f599e3ba7706cec051e12eac4ad6c2ffe6f9d24800e63294187?s=96&d=mm&r=g","contentUrl":"https:\/\/secure.gravatar.com\/avatar\/13aac7e7a7582f599e3ba7706cec051e12eac4ad6c2ffe6f9d24800e63294187?s=96&d=mm&r=g","caption":"admin"},"url":"https:\/\/www.almega.se\/person\/admin\/"}]}},"_links":{"self":[{"href":"https:\/\/www.almega.se\/api\/wp\/v2\/posts\/5554","targetHints":{"allow":["GET"]}}],"collection":[{"href":"https:\/\/www.almega.se\/api\/wp\/v2\/posts"}],"about":[{"href":"https:\/\/www.almega.se\/api\/wp\/v2\/types\/post"}],"author":[{"embeddable":true,"href":"https:\/\/www.almega.se\/api\/wp\/v2\/users\/1"}],"replies":[{"embeddable":true,"href":"https:\/\/www.almega.se\/api\/wp\/v2\/comments?post=5554"}],"version-history":[{"count":2,"href":"https:\/\/www.almega.se\/api\/wp\/v2\/posts\/5554\/revisions"}],"predecessor-version":[{"id":59320,"href":"https:\/\/www.almega.se\/api\/wp\/v2\/posts\/5554\/revisions\/59320"}],"wp:attachment":[{"href":"https:\/\/www.almega.se\/api\/wp\/v2\/media?parent=5554"}],"wp:term":[{"taxonomy":"category","embeddable":true,"href":"https:\/\/www.almega.se\/api\/wp\/v2\/categories?post=5554"},{"taxonomy":"post_tag","embeddable":true,"href":"https:\/\/www.almega.se\/api\/wp\/v2\/tags?post=5554"},{"taxonomy":"type","embeddable":true,"href":"https:\/\/www.almega.se\/api\/wp\/v2\/article_type?post=5554"},{"taxonomy":"agreement","embeddable":true,"href":"https:\/\/www.almega.se\/api\/wp\/v2\/agreement?post=5554"}],"curies":[{"name":"wp","href":"https:\/\/api.w.org\/{rel}","templated":true}]}}