{"id":5538,"date":"2016-12-08T16:00:00","date_gmt":"2016-12-08T16:00:00","guid":{"rendered":"http:\/\/almega-bento\/wp\/blog\/2016\/12\/08\/medling-fortsatter-i-konflikten-pa-avtalet-for-bransch-aldreomsorg-f-samt-avtalet-for-bransch-vard-och-behandlingsverksamhet-samt-omsorgsverksamhet-e\/"},"modified":"2016-12-08T16:00:00","modified_gmt":"2016-12-08T16:00:00","slug":"medling-fortsatter-i-konflikten-pa-avtalet-for-bransch-aldreomsorg-f-samt-avtalet-for-bransch-vard-och-behandlingsverksamhet-samt-omsorgsverksamhet-e","status":"publish","type":"post","link":"https:\/\/www.almega.se\/2016\/12\/medling-fortsatter-i-konflikten-pa-avtalet-for-bransch-aldreomsorg-f-samt-avtalet-for-bransch-vard-och-behandlingsverksamhet-samt-omsorgsverksamhet-e\/","title":{"rendered":"Medling forts\u00e4tter i konflikten p\u00e5 avtalet f\u00f6r bransch \u00c4ldreomsorg (F) samt avtalet f\u00f6r bransch V\u00e5rd och behandlings&shy;verksamhet samt omsorgs&shy;verksamhet (E)"},"content":{"rendered":"\n<p class=\"intro\">V\u00e5rdf\u00f6retagarna respektive Kommunal forts\u00e4tter att tr\u00e4ffa de utsedda medlarna Claes Str\u00e5ht och Christina Nyg\u00e5rdh varje dag, \u00e4ven under helgen.<\/p>\n<h3>Vad inneb&auml;r nyanst&auml;llnings- respektive inhyrningsblockaden gentemot samtliga medlemsf&ouml;retag i V&aring;rdf&ouml;retagarna?<\/h3>\n<p>Vi f&aring;r fler och fler fr&aring;gor om nyanst&auml;llnings- respektive inhyrningsblockaden som omfattar samtliga medlemsf&ouml;retag.<\/p>\n<p>En nyanst&auml;llningsblockad inneb&auml;r att medlemmar i Kommunal och andra arbetstagare uppmanas att inte ta anst&auml;llning p&aring; arbetsplatsen. Normalt g&auml;ller att avtal om anst&auml;llning som tr&auml;ffats f&ouml;re varseltidpunkten (den 13 december kl 12) inte omfattas av blockaden &auml;ven om tilltr&auml;det sker efter blockades ikrafttr&auml;dande.<\/p>\n<p>En inhyrningsblockad inneb&auml;r att medlemmar i Kommunal och andra arbetstagare uppmanas att inte ta uthyrningsuppdrag p&aring; arbetsplatsen. Normalt g&auml;ller att avtal om inhyrning som tr&auml;ffats f&ouml;re varseltidpunkten inte omfattas av blockaden &auml;ven om tilltr&auml;det sker efter blockades ikrafttr&auml;dande.<\/p>\n<p>Arbetsgivarens planering och arbete under varselperioden b&ouml;r inriktas p&aring; att, s&aring; l&aring;ngt som m&ouml;jligt, minska effekterna av den kommande blockaden f&ouml;r det egna f&ouml;retaget, kunder och &ouml;vriga. I f&ouml;rekommande fall &auml;r det givetvis viktigt att planera rekryteringsbehovet.<\/p>\n<h3>Vad g&auml;ller f&ouml;r oorganiserade arbetstagares st&auml;llning?<\/h3>\n<p>F&ouml;r ordningens skull b&ouml;r p&aring;pekas att de varslade strids&aring;tg&auml;rderna formellt sett endast binder Kommunals medlemmar men att Kommunal kommer att anse att all anst&auml;llning och inhyrning bryter mot lagt varsel. Detta finns ocks&aring; angivet i Kommunals varsel att det kan leda till ut&ouml;kade konflikt&aring;tg&auml;rder.<\/p>\n<h3>Konfliktsbrott<\/h3>\n<p>Kommunal kommer h&auml;vda att de som inte f&ouml;ljer eller respekterar deras konfliktvarsel g&ouml;r sig skyldig till konfliktbrott. Detsamma g&auml;ller de &aring;tg&auml;rder arbetsgivaren vidtar f&ouml;r att f&ouml;rs&ouml;ka motverka effekterna av konfliktvarslet. Det &auml;r viktigt att k&auml;nna till att inte finns n&aring;gra r&auml;ttsliga konsekvenser av konfliktbrott. Den konsekvens som kan drabba f&ouml;retaget &auml;r att Kommunal kan trappa upp konflikten genom att varsla om ytterligare strids&aring;tg&auml;rder, s&aring; som angivits i varslet.<\/p>\n<h3>Dispensans&ouml;kningar ska g&aring; via Almega<\/h3>\n<p>Fr&aring;n och med den 7 december kommer Kommunal enligt uppgift att behandla dispensans&ouml;kningar elektroniskt via sin hemsida.<\/p>\n<p>I och med att Kommunal f&ouml;rfogar &ouml;ver dispensans&ouml;kningarna och best&auml;mmer formerna f&ouml;r dem &auml;r vi skyldiga att f&ouml;lja dessa.<\/p>\n<p>Men vi vill att alla dispensans&ouml;kningar f&ouml;rst hanteras av med Almega.<\/p>\n<p>Medlemsf&ouml;retag som vill ans&ouml;ka om dispens skickar in kontaktuppgifter samt uppgifter som Kommunal efterfr&aring;gar i dispensans&ouml;kan till dispenser@almega.se s&aring; kontaktar vi er f&ouml;r en hantering.<\/p>\n<h3>Konfliktsjourperson<\/h3>\n<p>Medlemsf&ouml;retag p&aring; avtalsomr&aring;det som har fr&aring;gor ang&aring;ende konflikten kan ringa Tommy Karlsson som &auml;r v&aring;r konfliktjourperson p&aring; telefon 070-606 73 11 eller via e-post konflikt@almega.se .<\/p>\n<p>Eftersom trycket ibland &auml;r h&ouml;gt ber vi medlemsf&ouml;retagen i f&ouml;rsta hand s&ouml;ka information om konflikthantering p&aring; www.almega.se.<\/p>\n<\/p>\n","protected":false},"excerpt":{"rendered":"<p>V\u00e5rdf\u00f6retagarna respektive Kommunal forts\u00e4tter att tr\u00e4ffa de utsedda medlarna Claes Str\u00e5ht och Christina Nyg\u00e5rdh varje dag, \u00e4ven under helgen.<\/p>\n","protected":false},"author":1,"featured_media":0,"comment_status":"closed","ping_status":"open","sticky":false,"template":"","format":"standard","meta":{"_acf_changed":false,"footnotes":""},"categories":[1],"tags":[],"article_type":[313],"agreement":[238,243,244],"class_list":["post-5538","post","type-post","status-publish","format-standard","hentry","category-okategoriserade","type-arbetsgivarnytt","agreement-bfcd80f7-ff07-de11-b4e1-02bf9e69ca65","agreement-1ac6e1f5-3f44-e211-be83-005056b20fd8","agreement-70ee1081-3f44-e211-be83-005056b20fd8"],"acf":[],"yoast_head":"<!-- This site is optimized with the Yoast SEO Premium plugin v26.8 (Yoast SEO v26.8) - https:\/\/yoast.com\/product\/yoast-seo-premium-wordpress\/ -->\n<title>Medling forts\u00e4tter i konflikten p\u00e5 avtalet f\u00f6r bransch \u00c4ldreomsorg (F) samt avtalet f\u00f6r bransch V\u00e5rd och behandlingsverksamhet samt omsorgsverksamhet (E) | Almega<\/title>\n<meta name=\"robots\" content=\"index, follow, max-snippet:-1, max-image-preview:large, max-video-preview:-1\" \/>\n<link rel=\"canonical\" href=\"https:\/\/www.almega.se\/2016\/12\/medling-fortsatter-i-konflikten-pa-avtalet-for-bransch-aldreomsorg-f-samt-avtalet-for-bransch-vard-och-behandlingsverksamhet-samt-omsorgsverksamhet-e\/\" \/>\n<meta property=\"og:locale\" content=\"sv_SE\" \/>\n<meta property=\"og:type\" content=\"article\" \/>\n<meta property=\"og:title\" content=\"Medling forts\u00e4tter i konflikten p\u00e5 avtalet f\u00f6r bransch \u00c4ldreomsorg (F) samt avtalet f\u00f6r bransch V\u00e5rd och behandlingsverksamhet samt omsorgsverksamhet (E)\" \/>\n<meta property=\"og:description\" content=\"V\u00e5rdf\u00f6retagarna respektive Kommunal forts\u00e4tter att tr\u00e4ffa de utsedda medlarna Claes Str\u00e5ht och Christina Nyg\u00e5rdh varje dag, \u00e4ven under helgen.\" \/>\n<meta property=\"og:url\" content=\"https:\/\/www.almega.se\/2016\/12\/medling-fortsatter-i-konflikten-pa-avtalet-for-bransch-aldreomsorg-f-samt-avtalet-for-bransch-vard-och-behandlingsverksamhet-samt-omsorgsverksamhet-e\/\" \/>\n<meta property=\"og:site_name\" content=\"Almega\" \/>\n<meta property=\"article:published_time\" content=\"2016-12-08T16:00:00+00:00\" \/>\n<meta property=\"og:image\" content=\"https:\/\/www.almega.se\/app\/uploads\/2020\/12\/almega-share-logo.png\" \/>\n\t<meta property=\"og:image:width\" content=\"1200\" \/>\n\t<meta property=\"og:image:height\" content=\"630\" \/>\n\t<meta property=\"og:image:type\" content=\"image\/png\" \/>\n<meta name=\"author\" content=\"admin\" \/>\n<meta name=\"twitter:card\" content=\"summary_large_image\" \/>\n<meta name=\"twitter:label1\" content=\"Skriven av\" \/>\n\t<meta name=\"twitter:data1\" content=\"admin\" \/>\n\t<meta name=\"twitter:label2\" content=\"Ber\u00e4knad l\u00e4stid\" \/>\n\t<meta name=\"twitter:data2\" content=\"3 minuter\" \/>\n<!-- \/ Yoast SEO Premium plugin. -->","yoast_head_json":{"title":"Medling forts\u00e4tter i konflikten p\u00e5 avtalet f\u00f6r bransch \u00c4ldreomsorg (F) samt avtalet f\u00f6r bransch V\u00e5rd och behandlingsverksamhet samt omsorgsverksamhet (E) | Almega","robots":{"index":"index","follow":"follow","max-snippet":"max-snippet:-1","max-image-preview":"max-image-preview:large","max-video-preview":"max-video-preview:-1"},"canonical":"https:\/\/www.almega.se\/2016\/12\/medling-fortsatter-i-konflikten-pa-avtalet-for-bransch-aldreomsorg-f-samt-avtalet-for-bransch-vard-och-behandlingsverksamhet-samt-omsorgsverksamhet-e\/","og_locale":"sv_SE","og_type":"article","og_title":"Medling forts\u00e4tter i konflikten p\u00e5 avtalet f\u00f6r bransch \u00c4ldreomsorg (F) samt avtalet f\u00f6r bransch V\u00e5rd och behandlingsverksamhet samt omsorgsverksamhet (E)","og_description":"V\u00e5rdf\u00f6retagarna respektive Kommunal forts\u00e4tter att tr\u00e4ffa de utsedda medlarna Claes Str\u00e5ht och Christina Nyg\u00e5rdh varje dag, \u00e4ven under helgen.","og_url":"https:\/\/www.almega.se\/2016\/12\/medling-fortsatter-i-konflikten-pa-avtalet-for-bransch-aldreomsorg-f-samt-avtalet-for-bransch-vard-och-behandlingsverksamhet-samt-omsorgsverksamhet-e\/","og_site_name":"Almega","article_published_time":"2016-12-08T16:00:00+00:00","og_image":[{"width":1200,"height":630,"url":"https:\/\/www.almega.se\/app\/uploads\/2020\/12\/almega-share-logo.png","type":"image\/png"}],"author":"admin","twitter_card":"summary_large_image","twitter_misc":{"Skriven av":"admin","Ber\u00e4knad l\u00e4stid":"3 minuter"},"schema":{"@context":"https:\/\/schema.org","@graph":[{"@type":"NewsArticle","@id":"https:\/\/www.almega.se\/2016\/12\/medling-fortsatter-i-konflikten-pa-avtalet-for-bransch-aldreomsorg-f-samt-avtalet-for-bransch-vard-och-behandlingsverksamhet-samt-omsorgsverksamhet-e\/#article","isPartOf":{"@id":"https:\/\/www.almega.se\/2016\/12\/medling-fortsatter-i-konflikten-pa-avtalet-for-bransch-aldreomsorg-f-samt-avtalet-for-bransch-vard-och-behandlingsverksamhet-samt-omsorgsverksamhet-e\/"},"author":{"name":"admin","@id":"https:\/\/www.almega.se\/#\/schema\/person\/9c3674d192fb8b2d1d8b7a3f31c5151d"},"headline":"Medling forts\u00e4tter i konflikten p\u00e5 avtalet f\u00f6r bransch \u00c4ldreomsorg (F) samt avtalet f\u00f6r bransch V\u00e5rd och behandlings&shy;verksamhet samt omsorgs&shy;verksamhet (E)","datePublished":"2016-12-08T16:00:00+00:00","mainEntityOfPage":{"@id":"https:\/\/www.almega.se\/2016\/12\/medling-fortsatter-i-konflikten-pa-avtalet-for-bransch-aldreomsorg-f-samt-avtalet-for-bransch-vard-och-behandlingsverksamhet-samt-omsorgsverksamhet-e\/"},"wordCount":613,"inLanguage":"sv-SE"},{"@type":"WebPage","@id":"https:\/\/www.almega.se\/2016\/12\/medling-fortsatter-i-konflikten-pa-avtalet-for-bransch-aldreomsorg-f-samt-avtalet-for-bransch-vard-och-behandlingsverksamhet-samt-omsorgsverksamhet-e\/","url":"https:\/\/www.almega.se\/2016\/12\/medling-fortsatter-i-konflikten-pa-avtalet-for-bransch-aldreomsorg-f-samt-avtalet-for-bransch-vard-och-behandlingsverksamhet-samt-omsorgsverksamhet-e\/","name":"Medling forts\u00e4tter i konflikten p\u00e5 avtalet f\u00f6r bransch \u00c4ldreomsorg (F) samt avtalet f\u00f6r bransch V\u00e5rd och behandlingsverksamhet samt omsorgsverksamhet (E) | Almega","isPartOf":{"@id":"https:\/\/www.almega.se\/#website"},"datePublished":"2016-12-08T16:00:00+00:00","author":{"@id":"https:\/\/www.almega.se\/#\/schema\/person\/9c3674d192fb8b2d1d8b7a3f31c5151d"},"breadcrumb":{"@id":"https:\/\/www.almega.se\/2016\/12\/medling-fortsatter-i-konflikten-pa-avtalet-for-bransch-aldreomsorg-f-samt-avtalet-for-bransch-vard-och-behandlingsverksamhet-samt-omsorgsverksamhet-e\/#breadcrumb"},"inLanguage":"sv-SE","potentialAction":[{"@type":"ReadAction","target":["https:\/\/www.almega.se\/2016\/12\/medling-fortsatter-i-konflikten-pa-avtalet-for-bransch-aldreomsorg-f-samt-avtalet-for-bransch-vard-och-behandlingsverksamhet-samt-omsorgsverksamhet-e\/"]}]},{"@type":"BreadcrumbList","@id":"https:\/\/www.almega.se\/2016\/12\/medling-fortsatter-i-konflikten-pa-avtalet-for-bransch-aldreomsorg-f-samt-avtalet-for-bransch-vard-och-behandlingsverksamhet-samt-omsorgsverksamhet-e\/#breadcrumb","itemListElement":[{"@type":"ListItem","position":1,"name":"Home","item":"https:\/\/www.almega.se\/"},{"@type":"ListItem","position":2,"name":"Medling forts\u00e4tter i konflikten p\u00e5 avtalet f\u00f6r bransch \u00c4ldreomsorg (F) samt avtalet f\u00f6r bransch V\u00e5rd och behandlings&shy;verksamhet samt omsorgs&shy;verksamhet (E)"}]},{"@type":"WebSite","@id":"https:\/\/www.almega.se\/#website","url":"https:\/\/www.almega.se\/","name":"Almega","description":"","potentialAction":[{"@type":"SearchAction","target":{"@type":"EntryPoint","urlTemplate":"https:\/\/www.almega.se\/?s={search_term_string}"},"query-input":{"@type":"PropertyValueSpecification","valueRequired":true,"valueName":"search_term_string"}}],"inLanguage":"sv-SE"},{"@type":"Person","@id":"https:\/\/www.almega.se\/#\/schema\/person\/9c3674d192fb8b2d1d8b7a3f31c5151d","name":"admin","image":{"@type":"ImageObject","inLanguage":"sv-SE","@id":"https:\/\/www.almega.se\/#\/schema\/person\/image\/","url":"https:\/\/secure.gravatar.com\/avatar\/13aac7e7a7582f599e3ba7706cec051e12eac4ad6c2ffe6f9d24800e63294187?s=96&d=mm&r=g","contentUrl":"https:\/\/secure.gravatar.com\/avatar\/13aac7e7a7582f599e3ba7706cec051e12eac4ad6c2ffe6f9d24800e63294187?s=96&d=mm&r=g","caption":"admin"},"url":"https:\/\/www.almega.se\/person\/admin\/"}]}},"_links":{"self":[{"href":"https:\/\/www.almega.se\/api\/wp\/v2\/posts\/5538","targetHints":{"allow":["GET"]}}],"collection":[{"href":"https:\/\/www.almega.se\/api\/wp\/v2\/posts"}],"about":[{"href":"https:\/\/www.almega.se\/api\/wp\/v2\/types\/post"}],"author":[{"embeddable":true,"href":"https:\/\/www.almega.se\/api\/wp\/v2\/users\/1"}],"replies":[{"embeddable":true,"href":"https:\/\/www.almega.se\/api\/wp\/v2\/comments?post=5538"}],"version-history":[{"count":1,"href":"https:\/\/www.almega.se\/api\/wp\/v2\/posts\/5538\/revisions"}],"predecessor-version":[{"id":58250,"href":"https:\/\/www.almega.se\/api\/wp\/v2\/posts\/5538\/revisions\/58250"}],"wp:attachment":[{"href":"https:\/\/www.almega.se\/api\/wp\/v2\/media?parent=5538"}],"wp:term":[{"taxonomy":"category","embeddable":true,"href":"https:\/\/www.almega.se\/api\/wp\/v2\/categories?post=5538"},{"taxonomy":"post_tag","embeddable":true,"href":"https:\/\/www.almega.se\/api\/wp\/v2\/tags?post=5538"},{"taxonomy":"type","embeddable":true,"href":"https:\/\/www.almega.se\/api\/wp\/v2\/article_type?post=5538"},{"taxonomy":"agreement","embeddable":true,"href":"https:\/\/www.almega.se\/api\/wp\/v2\/agreement?post=5538"}],"curies":[{"name":"wp","href":"https:\/\/api.w.org\/{rel}","templated":true}]}}