{"id":55296,"date":"2023-01-23T15:41:49","date_gmt":"2023-01-23T14:41:49","guid":{"rendered":"https:\/\/dev.almega.se\/?p=55296"},"modified":"2023-01-23T16:28:55","modified_gmt":"2023-01-23T15:28:55","slug":"nya-perspektiv-pa-kompetensutveckling","status":"publish","type":"post","link":"https:\/\/www.almega.se\/2023\/01\/nya-perspektiv-pa-kompetensutveckling\/","title":{"rendered":"Nya perspektiv p\u00e5 kompetens&shy;utveckling"},"content":{"rendered":"<p class=\"intro\">Hur kan tj\u00e4nstef\u00f6retag bli b\u00e4ttre p\u00e5 kompetensutveckling? I en ny broschyr, En riktigt bra kompetensutveckling, g\u00e5r Almega tillsammans med fyra fackf\u00f6rbund p\u00e5 djupet i fr\u00e5gan och presenterar en rad nya perspektiv p\u00e5 inl\u00e4rning och utveckling.<\/p>\n\n\n\n<p>Traditionellt har kompetensutveckling fr\u00e4mst handlat om individuellt l\u00e4rande och personlig utveckling. Men enligt forskningen handlar det snarare om det kollektiva l\u00e4randet, d\u00e4r gruppen l\u00e4r av varandra och tillsammans bidrar till utvecklingen.<\/p>\n\n\n\n<p>\u2013 Kompetens \u00e4r kopplad till dina arbetsuppgifter i det aktuella sammanhanget eftersom handlingsf\u00f6rm\u00e5gan beror p\u00e5 uppdraget i f\u00f6rh\u00e5llande till just den specifika situationen, s\u00e4ger Kajsa Eldin, f\u00f6rhandlingschef p\u00e5 Almega.<\/p>\n\n\n\n<p>L\u00f6sningen p\u00e5 kompetensutveckling har ofta varit att g\u00e5 en kurs och komma tillbaka med en kursp\u00e4rm. Men enligt Kajsa Eldin b\u00f6r fokus i st\u00e4llet ligga p\u00e5 vardagsl\u00e4randet:<\/p>\n\n\n\n<p>\u2013 L\u00e4randet \u00e4r n\u00e5got som sker hela tiden p\u00e5 arbetsplatsen, inom och mellan olika grupper, \u00e4ven mellan f\u00f6retag, kunder och leverant\u00f6rer. En nyckel \u00e4r att aktivt dela med sig av l\u00e4randet, h\u00f6gt som l\u00e5gt, helst p\u00e5 ett strukturerat s\u00e4tt, och v\u00e4rdera det vardagliga l\u00e4randet och se kompetensutveckling som en aff\u00e4rskritisk fr\u00e5ga.<\/p>\n\n\n\n\n\n      <a href=\"https:\/\/www.almega.se\/app\/uploads\/2023\/01\/en-riktigt-bra-kompetensutveckling-2212.pdf\" target=\"_blank\" class=\"Button is-text Button--download\">\n      \n        Ladda ner broschyren &#8221;En riktigt bra kompetensutveckling&#8221; \n      \n      \n                <svg class='icon icon--download'  width=\"16\" height=\"16\" viewBox=\"0 0 16 16\" fill=\"none\" xmlns=\"http:\/\/www.w3.org\/2000\/svg\">\n<path d=\"M8 -2.18557e-07L8 10M8 10L13 5M8 10L3 5\" stroke=\"black\" stroke-width=\"2\" stroke-miterlimit=\"10\"\/>\n<path d=\"M15 11.5V15H1V11.5\" stroke=\"black\" stroke-width=\"2\" stroke-miterlimit=\"10\"\/>\n<\/svg>\n\n        \n    <\/a>\n  \n\n\n\n\n<a class='Share__link Share__link--url copy-text' href='#' rel='nofollow' data-text='kompetensutvecklingen-maste-utga-fran-den-egna-verksamheten' title='Dela url' data-confirmation='L\u00e4nken kopierades till urklipp'><svg class='icon icon--link'  width='18' height='18' viewBox='0 0 18 18' fill='none' xmlns='http:\/\/www.w3.org\/2000\/svg'>\n            <path d='M10.4142 0.514721L6.87868 4.05025L8.29289 5.46447L11.1213 2.63604L15.364 6.87868L12.5355 9.70711L13.9497 11.1213L17.4853 7.58579C17.8763 7.19476 17.8763 6.5626 17.4853 6.17158L11.8284 0.514721C11.4374 0.123691 10.8052 0.123691 10.4142 0.514721Z' fill='black'\/>\n            <path d='M9.7071 12.5355L6.87868 15.364L2.63604 11.1213L5.46446 8.2929L4.05025 6.87868L0.514716 10.4142C0.123686 10.8052 0.123686 11.4374 0.514716 11.8284L6.17157 17.4853C6.5626 17.8763 7.19475 17.8763 7.58578 17.4853L11.1213 13.9497L9.7071 12.5355Z' fill='black'\/>\n            <path d='M6.17157 11.8284C6.5626 12.2195 7.19475 12.2195 7.58578 11.8284L11.8284 7.58579C12.2195 7.19476 12.2195 6.56261 11.8284 6.17158C11.4374 5.78055 10.8052 5.78055 10.4142 6.17158L6.17157 10.4142C5.78054 10.8052 5.78054 11.4374 6.17157 11.8284Z' fill='black'\/>\n            <\/svg> <\/a>\n<h2 class=\"wp-block-heading\">Kompetensutvecklingen m\u00e5ste utg\u00e5 fr\u00e5n den egna verksamheten<\/h2>\n\n\n\n<p>Kajsa Eldin har \u00e4ven varit delaktig i den arbetsgrupp, best\u00e5ende av representanter fr\u00e5n Almega, Akavia, Journalistf\u00f6rbundet, Sveriges Ingenj\u00f6rer samt Unionen, som sett \u00f6ver nya s\u00e4tt att arbeta med kompetensutveckling. Projektet \u00e4r en del av parternas gemensamma arbete inom ramen f\u00f6r Framtidens Kollektivavtal, som bland annat har resulterat i broschyren En riktigt bra kompetensutveckling.<\/p>\n\n\n\n<p>\u2013 Det \u00e4r en partsgemensam produkt som \u00e4r t\u00e4nkt att ge inspiration och guida tj\u00e4nstef\u00f6retag genom att lyfta fram nya perspektiv kring inl\u00e4rning och utveckling, s\u00e4ger Kajsa Eldin.<\/p>\n\n\n\n<p>I arbetet har de \u00e4ven haft hj\u00e4lp av ett antal tongivande forskare p\u00e5 omr\u00e5det.<\/p>\n\n\n\n<p>\u00ad\u2013 Vi ins\u00e5g att vi beh\u00f6vde st\u00f6d och underlag kring synen p\u00e5 kompetensutveckling idag och forskarna gav oss en bra grund att st\u00e5 p\u00e5. Sammantaget kan jag kan s\u00e4ga att v\u00e5r bild av hur man p\u00e5 b\u00e4sta s\u00e4tt arbetar med kompetensutveckling till viss del har reviderats, s\u00e4ger Kajsa Eldin.<\/p>\n\n\n\n<p>En viktig del i arbetet \u00e4r att f\u00f6retaget beh\u00f6ver se \u00f6ver vad som beh\u00f6vs f\u00f6r att b\u00e4st utveckla f\u00f6retagets specifika verksamhet, och en annan del \u00e4r att inspirera medarbetarna till att vilja utvecklas p\u00e5 b\u00e4sta s\u00e4tt f\u00f6r verksamheten.<\/p>\n\n\n\n<p>\u00ad\u2013 Kompetensutveckling m\u00e5ste utg\u00e5 fr\u00e5n den egna verksamheten, hur situationen ser ut f\u00f6r just det f\u00f6retaget och den arbetsgruppen. Som arbetsgivare kan man inte heller tvinga n\u00e5gon att kompetensutveckla sig \u2013 drivkraften m\u00e5ste finnas hos medarbetaren, s\u00e4ger Kajsa Eldin.<\/p>\n\n\n\n\n\n<blockquote class=\"wp-block-quote is-layout-flow wp-block-quote-is-layout-flow\">\n<p class=\"has-secondary-background-color has-background has-excerpt-font-size\">&#8221;V\u00e5ga experimentera och t\u00e4nk att ca 80% \u00e4r good enough. V\u00e4nta inte tills det \u00e4r perfekt, f\u00f6r d\u00e5 tar det f\u00f6r l\u00e5ng tid. Det handlar om att konstant str\u00e4va efter att utveckla och f\u00f6rb\u00e4ttra&#8221;&nbsp;<em>\u2013Randstad&nbsp;<\/em><\/p>\n<\/blockquote>\n\n\n\n\n<a class='Share__link Share__link--url copy-text' href='#' rel='nofollow' data-text='starkare-tillsammans' title='Dela url' data-confirmation='L\u00e4nken kopierades till urklipp'><svg class='icon icon--link'  width='18' height='18' viewBox='0 0 18 18' fill='none' xmlns='http:\/\/www.w3.org\/2000\/svg'>\n            <path d='M10.4142 0.514721L6.87868 4.05025L8.29289 5.46447L11.1213 2.63604L15.364 6.87868L12.5355 9.70711L13.9497 11.1213L17.4853 7.58579C17.8763 7.19476 17.8763 6.5626 17.4853 6.17158L11.8284 0.514721C11.4374 0.123691 10.8052 0.123691 10.4142 0.514721Z' fill='black'\/>\n            <path d='M9.7071 12.5355L6.87868 15.364L2.63604 11.1213L5.46446 8.2929L4.05025 6.87868L0.514716 10.4142C0.123686 10.8052 0.123686 11.4374 0.514716 11.8284L6.17157 17.4853C6.5626 17.8763 7.19475 17.8763 7.58578 17.4853L11.1213 13.9497L9.7071 12.5355Z' fill='black'\/>\n            <path d='M6.17157 11.8284C6.5626 12.2195 7.19475 12.2195 7.58578 11.8284L11.8284 7.58579C12.2195 7.19476 12.2195 6.56261 11.8284 6.17158C11.4374 5.78055 10.8052 5.78055 10.4142 6.17158L6.17157 10.4142C5.78054 10.8052 5.78054 11.4374 6.17157 11.8284Z' fill='black'\/>\n            <\/svg> <\/a>\n<h2 class=\"wp-block-heading\">Starkare tillsammans<\/h2>\n\n\n\n<p>N\u00e4r man t\u00e4nker arbetsgivare och fack \u00e4r det l\u00e4tt h\u00e4nt att tankarna f\u00f6rs till avtalsr\u00f6relser och skilda perspektiv. Men vad som \u00e4r mindre k\u00e4nt \u00e4r det samarbete som kontinuerligt sker mellan parterna, d\u00e4r de utifr\u00e5n en gemensam agenda och i gemensamma projekt tillsammans arbetar f\u00f6r att utveckla arbetsmarknaden, \u00e4ven arbetsgivarpolitiskt.<\/p>\n\n\n\n<p>\u2013 Processen inom projektet En riktigt bra kompetensutveckling var konstruktiv, l\u00e4rorik och ocks\u00e5 j\u00e4ttekul! N\u00e4r vi jobbar mot ett gemensamt m\u00e5l \u2013 att utveckla medarbetare och d\u00e4rmed f\u00f6retagen \u2013 blir det v\u00e4ldigt tydligt att vi \u00e4r starkare tillsammans, s\u00e4ger Kajsa Eldin.<\/p>\n\n\n","protected":false},"excerpt":{"rendered":"<p>Traditionellt har kompetensutveckling fr\u00e4mst handlat om individuellt l\u00e4rande och personlig utveckling. Men enligt forskningen handlar det snarare om det kollektiva l\u00e4randet, d\u00e4r gruppen l\u00e4r av varandra och tillsammans bidrar till utvecklingen. \u2013 Kompetens \u00e4r kopplad &hellip;<\/p>\n","protected":false},"author":6058,"featured_media":55306,"comment_status":"closed","ping_status":"closed","sticky":false,"template":"","format":"standard","meta":{"_acf_changed":false,"footnotes":""},"categories":[451],"tags":[],"article_type":[],"agreement":[],"class_list":["post-55296","post","type-post","status-publish","format-standard","has-post-thumbnail","hentry","category-arbetsgivarfragor"],"acf":[],"yoast_head":"<!-- This site is optimized with the Yoast SEO Premium plugin v26.8 (Yoast SEO v26.8) - https:\/\/yoast.com\/product\/yoast-seo-premium-wordpress\/ -->\n<title>Nya perspektiv p\u00e5 kompetensutveckling | Almega<\/title>\n<meta name=\"robots\" content=\"index, follow, max-snippet:-1, max-image-preview:large, max-video-preview:-1\" \/>\n<link rel=\"canonical\" href=\"https:\/\/www.almega.se\/2023\/01\/nya-perspektiv-pa-kompetensutveckling\/\" \/>\n<meta property=\"og:locale\" content=\"sv_SE\" \/>\n<meta property=\"og:type\" content=\"article\" \/>\n<meta property=\"og:title\" content=\"Nya perspektiv p\u00e5 kompetensutveckling\" \/>\n<meta property=\"og:description\" content=\"Traditionellt har kompetensutveckling fr\u00e4mst handlat om individuellt l\u00e4rande och personlig utveckling. Men enligt forskningen handlar det snarare om det kollektiva l\u00e4randet, d\u00e4r gruppen l\u00e4r av varandra och tillsammans bidrar till utvecklingen. \u2013 Kompetens \u00e4r kopplad &hellip;\" \/>\n<meta property=\"og:url\" content=\"https:\/\/www.almega.se\/2023\/01\/nya-perspektiv-pa-kompetensutveckling\/\" \/>\n<meta property=\"og:site_name\" content=\"Almega\" \/>\n<meta property=\"article:published_time\" content=\"2023-01-23T14:41:49+00:00\" \/>\n<meta property=\"article:modified_time\" content=\"2023-01-23T15:28:55+00:00\" \/>\n<meta property=\"og:image\" content=\"https:\/\/www.almega.se\/app\/uploads\/2023\/01\/Eldin_Kajsa_3954-scaled.jpg\" \/>\n\t<meta property=\"og:image:width\" content=\"2560\" \/>\n\t<meta property=\"og:image:height\" content=\"1707\" \/>\n\t<meta property=\"og:image:type\" content=\"image\/jpeg\" \/>\n<meta name=\"author\" content=\"Shashika Sellgren\" \/>\n<meta name=\"twitter:card\" content=\"summary_large_image\" \/>\n<meta name=\"twitter:label1\" content=\"Skriven av\" \/>\n\t<meta name=\"twitter:data1\" content=\"Shashika Sellgren\" \/>\n\t<meta name=\"twitter:label2\" content=\"Ber\u00e4knad l\u00e4stid\" \/>\n\t<meta name=\"twitter:data2\" content=\"3 minuter\" \/>\n<!-- \/ Yoast SEO Premium plugin. -->","yoast_head_json":{"title":"Nya perspektiv p\u00e5 kompetensutveckling | Almega","robots":{"index":"index","follow":"follow","max-snippet":"max-snippet:-1","max-image-preview":"max-image-preview:large","max-video-preview":"max-video-preview:-1"},"canonical":"https:\/\/www.almega.se\/2023\/01\/nya-perspektiv-pa-kompetensutveckling\/","og_locale":"sv_SE","og_type":"article","og_title":"Nya perspektiv p\u00e5 kompetensutveckling","og_description":"Traditionellt har kompetensutveckling fr\u00e4mst handlat om individuellt l\u00e4rande och personlig utveckling. Men enligt forskningen handlar det snarare om det kollektiva l\u00e4randet, d\u00e4r gruppen l\u00e4r av varandra och tillsammans bidrar till utvecklingen. \u2013 Kompetens \u00e4r kopplad &hellip;","og_url":"https:\/\/www.almega.se\/2023\/01\/nya-perspektiv-pa-kompetensutveckling\/","og_site_name":"Almega","article_published_time":"2023-01-23T14:41:49+00:00","article_modified_time":"2023-01-23T15:28:55+00:00","og_image":[{"width":2560,"height":1707,"url":"https:\/\/www.almega.se\/app\/uploads\/2023\/01\/Eldin_Kajsa_3954-scaled.jpg","type":"image\/jpeg"}],"author":"Shashika Sellgren","twitter_card":"summary_large_image","twitter_misc":{"Skriven av":"Shashika Sellgren","Ber\u00e4knad l\u00e4stid":"3 minuter"},"schema":{"@context":"https:\/\/schema.org","@graph":[{"@type":"NewsArticle","@id":"https:\/\/www.almega.se\/2023\/01\/nya-perspektiv-pa-kompetensutveckling\/#article","isPartOf":{"@id":"https:\/\/www.almega.se\/2023\/01\/nya-perspektiv-pa-kompetensutveckling\/"},"author":{"name":"Shashika Sellgren","@id":"https:\/\/www.almega.se\/#\/schema\/person\/38c6b37b81c530c93246c3d1993d5662"},"headline":"Nya perspektiv p\u00e5 kompetens&shy;utveckling","datePublished":"2023-01-23T14:41:49+00:00","dateModified":"2023-01-23T15:28:55+00:00","mainEntityOfPage":{"@id":"https:\/\/www.almega.se\/2023\/01\/nya-perspektiv-pa-kompetensutveckling\/"},"wordCount":584,"image":{"@id":"https:\/\/www.almega.se\/2023\/01\/nya-perspektiv-pa-kompetensutveckling\/#primaryimage"},"thumbnailUrl":"https:\/\/www.almega.se\/app\/uploads\/2023\/01\/Eldin_Kajsa_3954-scaled.jpg","articleSection":["Arbetsgivarfr\u00e5gor"],"inLanguage":"sv-SE"},{"@type":"WebPage","@id":"https:\/\/www.almega.se\/2023\/01\/nya-perspektiv-pa-kompetensutveckling\/","url":"https:\/\/www.almega.se\/2023\/01\/nya-perspektiv-pa-kompetensutveckling\/","name":"Nya perspektiv p\u00e5 kompetensutveckling | Almega","isPartOf":{"@id":"https:\/\/www.almega.se\/#website"},"primaryImageOfPage":{"@id":"https:\/\/www.almega.se\/2023\/01\/nya-perspektiv-pa-kompetensutveckling\/#primaryimage"},"image":{"@id":"https:\/\/www.almega.se\/2023\/01\/nya-perspektiv-pa-kompetensutveckling\/#primaryimage"},"thumbnailUrl":"https:\/\/www.almega.se\/app\/uploads\/2023\/01\/Eldin_Kajsa_3954-scaled.jpg","datePublished":"2023-01-23T14:41:49+00:00","dateModified":"2023-01-23T15:28:55+00:00","author":{"@id":"https:\/\/www.almega.se\/#\/schema\/person\/38c6b37b81c530c93246c3d1993d5662"},"breadcrumb":{"@id":"https:\/\/www.almega.se\/2023\/01\/nya-perspektiv-pa-kompetensutveckling\/#breadcrumb"},"inLanguage":"sv-SE","potentialAction":[{"@type":"ReadAction","target":["https:\/\/www.almega.se\/2023\/01\/nya-perspektiv-pa-kompetensutveckling\/"]}]},{"@type":"ImageObject","inLanguage":"sv-SE","@id":"https:\/\/www.almega.se\/2023\/01\/nya-perspektiv-pa-kompetensutveckling\/#primaryimage","url":"https:\/\/www.almega.se\/app\/uploads\/2023\/01\/Eldin_Kajsa_3954-scaled.jpg","contentUrl":"https:\/\/www.almega.se\/app\/uploads\/2023\/01\/Eldin_Kajsa_3954-scaled.jpg","width":2560,"height":1707},{"@type":"BreadcrumbList","@id":"https:\/\/www.almega.se\/2023\/01\/nya-perspektiv-pa-kompetensutveckling\/#breadcrumb","itemListElement":[{"@type":"ListItem","position":1,"name":"Home","item":"https:\/\/www.almega.se\/"},{"@type":"ListItem","position":2,"name":"Nya perspektiv p\u00e5 kompetens&shy;utveckling"}]},{"@type":"WebSite","@id":"https:\/\/www.almega.se\/#website","url":"https:\/\/www.almega.se\/","name":"Almega","description":"","potentialAction":[{"@type":"SearchAction","target":{"@type":"EntryPoint","urlTemplate":"https:\/\/www.almega.se\/?s={search_term_string}"},"query-input":{"@type":"PropertyValueSpecification","valueRequired":true,"valueName":"search_term_string"}}],"inLanguage":"sv-SE"},{"@type":"Person","@id":"https:\/\/www.almega.se\/#\/schema\/person\/38c6b37b81c530c93246c3d1993d5662","name":"Shashika Sellgren","image":{"@type":"ImageObject","inLanguage":"sv-SE","@id":"https:\/\/www.almega.se\/#\/schema\/person\/image\/","url":"https:\/\/secure.gravatar.com\/avatar\/b225c479880df9eb82d1501dd105dd8040f27c8563f3d4bf5dd62ce0a1630abd?s=96&d=mm&r=g","contentUrl":"https:\/\/secure.gravatar.com\/avatar\/b225c479880df9eb82d1501dd105dd8040f27c8563f3d4bf5dd62ce0a1630abd?s=96&d=mm&r=g","caption":"Shashika Sellgren"},"url":"https:\/\/www.almega.se\/person\/shashikasellgren\/"}]}},"_links":{"self":[{"href":"https:\/\/www.almega.se\/api\/wp\/v2\/posts\/55296","targetHints":{"allow":["GET"]}}],"collection":[{"href":"https:\/\/www.almega.se\/api\/wp\/v2\/posts"}],"about":[{"href":"https:\/\/www.almega.se\/api\/wp\/v2\/types\/post"}],"author":[{"embeddable":true,"href":"https:\/\/www.almega.se\/api\/wp\/v2\/users\/6058"}],"replies":[{"embeddable":true,"href":"https:\/\/www.almega.se\/api\/wp\/v2\/comments?post=55296"}],"version-history":[{"count":48,"href":"https:\/\/www.almega.se\/api\/wp\/v2\/posts\/55296\/revisions"}],"predecessor-version":[{"id":55381,"href":"https:\/\/www.almega.se\/api\/wp\/v2\/posts\/55296\/revisions\/55381"}],"wp:featuredmedia":[{"embeddable":true,"href":"https:\/\/www.almega.se\/api\/wp\/v2\/media\/55306"}],"wp:attachment":[{"href":"https:\/\/www.almega.se\/api\/wp\/v2\/media?parent=55296"}],"wp:term":[{"taxonomy":"category","embeddable":true,"href":"https:\/\/www.almega.se\/api\/wp\/v2\/categories?post=55296"},{"taxonomy":"post_tag","embeddable":true,"href":"https:\/\/www.almega.se\/api\/wp\/v2\/tags?post=55296"},{"taxonomy":"type","embeddable":true,"href":"https:\/\/www.almega.se\/api\/wp\/v2\/article_type?post=55296"},{"taxonomy":"agreement","embeddable":true,"href":"https:\/\/www.almega.se\/api\/wp\/v2\/agreement?post=55296"}],"curies":[{"name":"wp","href":"https:\/\/api.w.org\/{rel}","templated":true}]}}