{"id":54873,"date":"2023-01-10T11:29:56","date_gmt":"2023-01-10T10:29:56","guid":{"rendered":"https:\/\/dev.almega.se\/?p=54873"},"modified":"2023-01-17T11:35:05","modified_gmt":"2023-01-17T10:35:05","slug":"darfor-stammer-almega-fackforbundet-byggnads","status":"publish","type":"post","link":"https:\/\/www.almega.se\/2023\/01\/darfor-stammer-almega-fackforbundet-byggnads\/","title":{"rendered":"D\u00e4rf\u00f6r st\u00e4mmer Almega fack\u00adf\u00f6rbundet Byggnads"},"content":{"rendered":"<p class=\"intro\">Almega st\u00e4mmer Byggnads i Arbetsdomstolen. Anledningen \u00e4r fackf\u00f6rbundets krav p\u00e5 att \u00e4ven st\u00e4dare och sanerare i anslutning till byggarbetsplatser ska omfattas av byggavtalet. \u201dDet g\u00e5r ju inte att betala en pensionspremie p\u00e5 f\u00f6rmiddagen och en annan p\u00e5 eftermiddagen,\u201d s\u00e4ger Marcus Lindstr\u00f6m, f\u00f6rhandlingschef p\u00e5 Almega Servicef\u00f6retagen.<\/p>\n\n<p>\u2013 Det \u00e4r ovanligt att Almega st\u00e4mmer ett fackf\u00f6rbund, men i detta fall var det n\u00f6dv\u00e4ndigt, s\u00e4ger Marcus Lindstr\u00f6m, f\u00f6rhandlingschef p\u00e5 Almega Servicef\u00f6retagen.<\/p>\n\n\n\n<p>Fr\u00e5gan handlar om vilka regler som ska g\u00e4lla n\u00e4r st\u00e4dare och sanerare p\u00e5 entreprenadf\u00f6retag utf\u00f6r st\u00e4d- och saneringsarbeten p\u00e5 byggarbetsplatser. Ber\u00f6rda medlemsf\u00f6retag i Almega har kollektivavtal med Fastighetsanst\u00e4lldas F\u00f6rbund, men har ut\u00f6ver detta ofta tecknat s\u00e5 kallat h\u00e4ngavtal med Byggnads. Byggnads kr\u00e4ver med st\u00f6d av detta att f\u00f6retagen ska f\u00f6lja byggavtalet under de timmar som arbetstagarna utf\u00f6r arbete inom en byggarbetsplats.<\/p>\n\n\n\n<p>\u2013 Det \u00e4r i praktiken om\u00f6jligt att till\u00e4mpa tv\u00e5 olika kollektivavtal samtidigt p\u00e5 samma arbetstagare. V\u00e5ra medlemmar \u00e4r entreprenadf\u00f6retag som utf\u00f6r arbete \u00e5t m\u00e5nga olika kunder i varierande branscher. Byggnads kr\u00e4ver att avtalen ska v\u00e4xla timme f\u00f6r timme. Men det g\u00e5r ju inte att betala en pensionspremie p\u00e5 f\u00f6rmiddagen och en annan p\u00e5 eftermiddagen, eller ha timl\u00f6n p\u00e5 f\u00f6rmiddagen och m\u00e5nadsl\u00f6n efter lunch, s\u00e4ger Marcus Lindstr\u00f6m.<\/p>\n\n\n\n<p>Almegas st\u00e5ndpunkt \u00e4r att huvudsaklighetsprincipen g\u00e4ller. Denna inneb\u00e4r att de arbetstagare som huvudsakligen arbetar p\u00e5 st\u00e4davtalets omr\u00e5de i sin helhet ska omfattas av st\u00e4davtalet, och p\u00e5 motsvarande s\u00e4tt ska de som huvudsakligen arbetar p\u00e5 byggavtalets omr\u00e5de omfattas av byggavtalet.<\/p>\n\n\n\n<p>\u2013 Dessutom har vi olika uppfattning om vilka arbeten som faller under byggavtalets omr\u00e5de. Almega anser att det arbete som endast underst\u00f6djer byggproduktionen, exempelvis st\u00e4dning av manskapsbodar och liknande, aldrig kan falla under byggavtalet, s\u00e4ger Marcus Lindstr\u00f6m.<\/p>\n\n\n\n<p>Under de senaste \u00e5ren har Byggnads drivit ett stort antal tvister gentemot Almegas medlemsf\u00f6retag. Som p\u00e5tryckningsmedel har de bland annat hotat att avf\u00f6ra medlemsf\u00f6retagen fr\u00e5n de s\u00e5 kallade underentrepren\u00f6rslistorna, vilka i praktiken \u00e4r en f\u00f6ruts\u00e4ttning f\u00f6r att kunna utf\u00f6ra jobb \u00e5t byggf\u00f6retag. Det \u00e4r f\u00f6r ett av de f\u00f6retag som blivit borttaget fr\u00e5n underentrepren\u00f6rslistan som Almega nu valt att l\u00e4mna in st\u00e4mningsans\u00f6kan.<\/p>\n\n\n\n<p>\u2013 Enligt den svenska arbetsmarknadsmodellen l\u00f6ser vi juridiska tvister genom f\u00f6rhandlingar och i yttersta fall genom ett domstolsbeslut. I st\u00e4llet f\u00f6r att reda ut kollektivavtalsfr\u00e5gan hindrar Byggnads v\u00e5ra medlemsf\u00f6retag fr\u00e5n att utf\u00f6ra arbete genom att avf\u00f6ra dem fr\u00e5n underentrepren\u00f6rslistorna. Detta \u00e4r n\u00e4rmast att likna vid en otill\u00e5ten strids\u00e5tg\u00e4rd, s\u00e4ger Marcus Lindstr\u00f6m:<\/p>\n\n\n\n<p>\u2013 I och med st\u00e4mningen hoppas vi att en g\u00e5ng f\u00f6r alla f\u00e5 klarlagt vad som g\u00e4ller och d\u00e4rmed undvika framtida tvister. Fr\u00e5gan \u00e4r inte r\u00e4ttsligt pr\u00f6vad och m\u00e5let kommer att f\u00e5 betydelse \u00e4ven f\u00f6r andra entreprenadbranscher.<\/p>\n","protected":false},"excerpt":{"rendered":"<p>\u2013 Det \u00e4r ovanligt att Almega st\u00e4mmer ett fackf\u00f6rbund, men i detta fall var det n\u00f6dv\u00e4ndigt, s\u00e4ger Marcus Lindstr\u00f6m, f\u00f6rhandlingschef p\u00e5 Almega Servicef\u00f6retagen. Fr\u00e5gan handlar om vilka regler som ska g\u00e4lla n\u00e4r st\u00e4dare och sanerare &hellip;<\/p>\n","protected":false},"author":14826,"featured_media":54874,"comment_status":"closed","ping_status":"closed","sticky":false,"template":"","format":"standard","meta":{"_acf_changed":false,"footnotes":""},"categories":[603,451],"tags":[76],"article_type":[56],"agreement":[],"class_list":["post-54873","post","type-post","status-publish","format-standard","has-post-thumbnail","hentry","category-almega","category-arbetsgivarfragor","tag-kollektivavtal","type-nyheter"],"acf":[],"yoast_head":"<!-- This site is optimized with the Yoast SEO Premium plugin v26.8 (Yoast SEO v26.8) - https:\/\/yoast.com\/product\/yoast-seo-premium-wordpress\/ -->\n<title>D\u00e4rf\u00f6r st\u00e4mmer Almega fack\u00adf\u00f6rbundet Byggnads<\/title>\n<meta name=\"description\" content=\"Almega st\u00e4mmer Byggnads. Anledningen \u00e4r kravet p\u00e5 att \u00e4ven st\u00e4dare och sanerare i anslutning till byggarbetsplatser ska omfattas av byggavtalet.\" \/>\n<meta name=\"robots\" content=\"index, follow, max-snippet:-1, max-image-preview:large, max-video-preview:-1\" \/>\n<link rel=\"canonical\" href=\"https:\/\/www.almega.se\/2023\/01\/darfor-stammer-almega-fackforbundet-byggnads\/\" \/>\n<meta property=\"og:locale\" content=\"sv_SE\" \/>\n<meta property=\"og:type\" content=\"article\" \/>\n<meta property=\"og:title\" content=\"D\u00e4rf\u00f6r st\u00e4mmer Almega fack\u00adf\u00f6rbundet Byggnads\" \/>\n<meta property=\"og:description\" content=\"Almega st\u00e4mmer Byggnads. Anledningen \u00e4r kravet p\u00e5 att \u00e4ven st\u00e4dare och sanerare i anslutning till byggarbetsplatser ska omfattas av byggavtalet.\" \/>\n<meta property=\"og:url\" content=\"https:\/\/www.almega.se\/2023\/01\/darfor-stammer-almega-fackforbundet-byggnads\/\" \/>\n<meta property=\"og:site_name\" content=\"Almega\" \/>\n<meta property=\"article:published_time\" content=\"2023-01-10T10:29:56+00:00\" \/>\n<meta property=\"article:modified_time\" content=\"2023-01-17T10:35:05+00:00\" \/>\n<meta property=\"og:image\" content=\"https:\/\/www.almega.se\/app\/uploads\/2023\/01\/bf4e5fcc-34bc-47ed-b613-e85f293aa186-1536x1024-1.jpg\" \/>\n\t<meta property=\"og:image:width\" content=\"1536\" \/>\n\t<meta property=\"og:image:height\" content=\"1024\" \/>\n\t<meta property=\"og:image:type\" content=\"image\/jpeg\" \/>\n<meta name=\"author\" content=\"moat\" \/>\n<meta name=\"twitter:card\" content=\"summary_large_image\" \/>\n<meta name=\"twitter:label1\" content=\"Skriven av\" \/>\n\t<meta name=\"twitter:data1\" content=\"moat\" \/>\n\t<meta name=\"twitter:label2\" content=\"Ber\u00e4knad l\u00e4stid\" \/>\n\t<meta name=\"twitter:data2\" content=\"2 minuter\" \/>\n<!-- \/ Yoast SEO Premium plugin. -->","yoast_head_json":{"title":"D\u00e4rf\u00f6r st\u00e4mmer Almega fack\u00adf\u00f6rbundet Byggnads","description":"Almega st\u00e4mmer Byggnads. Anledningen \u00e4r kravet p\u00e5 att \u00e4ven st\u00e4dare och sanerare i anslutning till byggarbetsplatser ska omfattas av byggavtalet.","robots":{"index":"index","follow":"follow","max-snippet":"max-snippet:-1","max-image-preview":"max-image-preview:large","max-video-preview":"max-video-preview:-1"},"canonical":"https:\/\/www.almega.se\/2023\/01\/darfor-stammer-almega-fackforbundet-byggnads\/","og_locale":"sv_SE","og_type":"article","og_title":"D\u00e4rf\u00f6r st\u00e4mmer Almega fack\u00adf\u00f6rbundet Byggnads","og_description":"Almega st\u00e4mmer Byggnads. Anledningen \u00e4r kravet p\u00e5 att \u00e4ven st\u00e4dare och sanerare i anslutning till byggarbetsplatser ska omfattas av byggavtalet.","og_url":"https:\/\/www.almega.se\/2023\/01\/darfor-stammer-almega-fackforbundet-byggnads\/","og_site_name":"Almega","article_published_time":"2023-01-10T10:29:56+00:00","article_modified_time":"2023-01-17T10:35:05+00:00","og_image":[{"width":1536,"height":1024,"url":"https:\/\/www.almega.se\/app\/uploads\/2023\/01\/bf4e5fcc-34bc-47ed-b613-e85f293aa186-1536x1024-1.jpg","type":"image\/jpeg"}],"author":"moat","twitter_card":"summary_large_image","twitter_misc":{"Skriven av":"moat","Ber\u00e4knad l\u00e4stid":"2 minuter"},"schema":{"@context":"https:\/\/schema.org","@graph":[{"@type":"NewsArticle","@id":"https:\/\/www.almega.se\/2023\/01\/darfor-stammer-almega-fackforbundet-byggnads\/#article","isPartOf":{"@id":"https:\/\/www.almega.se\/2023\/01\/darfor-stammer-almega-fackforbundet-byggnads\/"},"author":{"name":"moat","@id":"https:\/\/www.almega.se\/#\/schema\/person\/9e4d7d0abff166be96ada576ca284a77"},"headline":"D\u00e4rf\u00f6r st\u00e4mmer Almega fack\u00adf\u00f6rbundet Byggnads","datePublished":"2023-01-10T10:29:56+00:00","dateModified":"2023-01-17T10:35:05+00:00","mainEntityOfPage":{"@id":"https:\/\/www.almega.se\/2023\/01\/darfor-stammer-almega-fackforbundet-byggnads\/"},"wordCount":483,"image":{"@id":"https:\/\/www.almega.se\/2023\/01\/darfor-stammer-almega-fackforbundet-byggnads\/#primaryimage"},"thumbnailUrl":"https:\/\/www.almega.se\/app\/uploads\/2023\/01\/bf4e5fcc-34bc-47ed-b613-e85f293aa186-1536x1024-1.jpg","keywords":["Kollektivavtal"],"articleSection":["Almega","Arbetsgivarfr\u00e5gor"],"inLanguage":"sv-SE"},{"@type":"WebPage","@id":"https:\/\/www.almega.se\/2023\/01\/darfor-stammer-almega-fackforbundet-byggnads\/","url":"https:\/\/www.almega.se\/2023\/01\/darfor-stammer-almega-fackforbundet-byggnads\/","name":"D\u00e4rf\u00f6r st\u00e4mmer Almega fack\u00adf\u00f6rbundet Byggnads","isPartOf":{"@id":"https:\/\/www.almega.se\/#website"},"primaryImageOfPage":{"@id":"https:\/\/www.almega.se\/2023\/01\/darfor-stammer-almega-fackforbundet-byggnads\/#primaryimage"},"image":{"@id":"https:\/\/www.almega.se\/2023\/01\/darfor-stammer-almega-fackforbundet-byggnads\/#primaryimage"},"thumbnailUrl":"https:\/\/www.almega.se\/app\/uploads\/2023\/01\/bf4e5fcc-34bc-47ed-b613-e85f293aa186-1536x1024-1.jpg","datePublished":"2023-01-10T10:29:56+00:00","dateModified":"2023-01-17T10:35:05+00:00","author":{"@id":"https:\/\/www.almega.se\/#\/schema\/person\/9e4d7d0abff166be96ada576ca284a77"},"description":"Almega st\u00e4mmer Byggnads. Anledningen \u00e4r kravet p\u00e5 att \u00e4ven st\u00e4dare och sanerare i anslutning till byggarbetsplatser ska omfattas av byggavtalet.","breadcrumb":{"@id":"https:\/\/www.almega.se\/2023\/01\/darfor-stammer-almega-fackforbundet-byggnads\/#breadcrumb"},"inLanguage":"sv-SE","potentialAction":[{"@type":"ReadAction","target":["https:\/\/www.almega.se\/2023\/01\/darfor-stammer-almega-fackforbundet-byggnads\/"]}]},{"@type":"ImageObject","inLanguage":"sv-SE","@id":"https:\/\/www.almega.se\/2023\/01\/darfor-stammer-almega-fackforbundet-byggnads\/#primaryimage","url":"https:\/\/www.almega.se\/app\/uploads\/2023\/01\/bf4e5fcc-34bc-47ed-b613-e85f293aa186-1536x1024-1.jpg","contentUrl":"https:\/\/www.almega.se\/app\/uploads\/2023\/01\/bf4e5fcc-34bc-47ed-b613-e85f293aa186-1536x1024-1.jpg","width":1536,"height":1024,"caption":"Marcus Lindstr\u00f6m Almega"},{"@type":"BreadcrumbList","@id":"https:\/\/www.almega.se\/2023\/01\/darfor-stammer-almega-fackforbundet-byggnads\/#breadcrumb","itemListElement":[{"@type":"ListItem","position":1,"name":"Home","item":"https:\/\/www.almega.se\/"},{"@type":"ListItem","position":2,"name":"D\u00e4rf\u00f6r st\u00e4mmer Almega fack\u00adf\u00f6rbundet Byggnads"}]},{"@type":"WebSite","@id":"https:\/\/www.almega.se\/#website","url":"https:\/\/www.almega.se\/","name":"Almega","description":"","potentialAction":[{"@type":"SearchAction","target":{"@type":"EntryPoint","urlTemplate":"https:\/\/www.almega.se\/?s={search_term_string}"},"query-input":{"@type":"PropertyValueSpecification","valueRequired":true,"valueName":"search_term_string"}}],"inLanguage":"sv-SE"},{"@type":"Person","@id":"https:\/\/www.almega.se\/#\/schema\/person\/9e4d7d0abff166be96ada576ca284a77","name":"moat","image":{"@type":"ImageObject","inLanguage":"sv-SE","@id":"https:\/\/www.almega.se\/#\/schema\/person\/image\/","url":"https:\/\/secure.gravatar.com\/avatar\/f3aefbf102103714d31ca14074d72cc66619d4b100e6e99b475677d83097fad7?s=96&d=mm&r=g","contentUrl":"https:\/\/secure.gravatar.com\/avatar\/f3aefbf102103714d31ca14074d72cc66619d4b100e6e99b475677d83097fad7?s=96&d=mm&r=g","caption":"moat"},"url":"https:\/\/www.almega.se\/person\/moat\/"}]}},"_links":{"self":[{"href":"https:\/\/www.almega.se\/api\/wp\/v2\/posts\/54873","targetHints":{"allow":["GET"]}}],"collection":[{"href":"https:\/\/www.almega.se\/api\/wp\/v2\/posts"}],"about":[{"href":"https:\/\/www.almega.se\/api\/wp\/v2\/types\/post"}],"author":[{"embeddable":true,"href":"https:\/\/www.almega.se\/api\/wp\/v2\/users\/14826"}],"replies":[{"embeddable":true,"href":"https:\/\/www.almega.se\/api\/wp\/v2\/comments?post=54873"}],"version-history":[{"count":2,"href":"https:\/\/www.almega.se\/api\/wp\/v2\/posts\/54873\/revisions"}],"predecessor-version":[{"id":54876,"href":"https:\/\/www.almega.se\/api\/wp\/v2\/posts\/54873\/revisions\/54876"}],"wp:featuredmedia":[{"embeddable":true,"href":"https:\/\/www.almega.se\/api\/wp\/v2\/media\/54874"}],"wp:attachment":[{"href":"https:\/\/www.almega.se\/api\/wp\/v2\/media?parent=54873"}],"wp:term":[{"taxonomy":"category","embeddable":true,"href":"https:\/\/www.almega.se\/api\/wp\/v2\/categories?post=54873"},{"taxonomy":"post_tag","embeddable":true,"href":"https:\/\/www.almega.se\/api\/wp\/v2\/tags?post=54873"},{"taxonomy":"type","embeddable":true,"href":"https:\/\/www.almega.se\/api\/wp\/v2\/article_type?post=54873"},{"taxonomy":"agreement","embeddable":true,"href":"https:\/\/www.almega.se\/api\/wp\/v2\/agreement?post=54873"}],"curies":[{"name":"wp","href":"https:\/\/api.w.org\/{rel}","templated":true}]}}