{"id":54868,"date":"2023-01-10T11:20:19","date_gmt":"2023-01-10T10:20:19","guid":{"rendered":"https:\/\/dev.almega.se\/?p=54868"},"modified":"2023-01-26T14:53:06","modified_gmt":"2023-01-26T13:53:06","slug":"valkommet-elstod-riskerar-sla-fel","status":"publish","type":"post","link":"https:\/\/www.almega.se\/2023\/01\/valkommet-elstod-riskerar-sla-fel\/","title":{"rendered":"V\u00e4lkommet elst\u00f6d riskerar sl\u00e5 fel"},"content":{"rendered":"<p class=\"intro\">Svenska Kraftn\u00e4t har l\u00e4mnat ett f\u00f6rslag p\u00e5 ett nytt elst\u00f6d till f\u00f6retagare. Pengarna g\u00e5r till f\u00f6retagare i s\u00f6dra Sverige och g\u00e4ller f\u00f6r perioden oktober 2021 till september 2022.<\/p>\n\n  \n          <article class=\"Blurb Blurb-- Blurb--vertical no-thumbnail\">\n  <a href=\"\">\n        \n      \n        \n                                \n    \n          \n\n                  \n        <h2 class=\"Blurb__title\">\n          \n        <\/h2>\n                  \n            \n          \n                \n                                \n              <svg class='icon icon--arrow-tip'  width=\"11\" height=\"16\" viewBox=\"0 0 11 16\" fill=\"none\" xmlns=\"http:\/\/www.w3.org\/2000\/svg\">\n<path d=\"M0.858398 15L9.2304 7.99664L0.967732 1.00001\" stroke=\"black\" stroke-width=\"2\" stroke-miterlimit=\"10\"\/>\n<\/svg>\n\n              \n                  \n      \n    \n  <\/a>\n<\/article>\n      \n\n\n\n\n<p>Om f\u00f6rslaget tr\u00e4der i kraft kommer f\u00f6retagare i elomr\u00e5de 4 att kompenseras med 79 \u00f6re per kWh och de i elomr\u00e5de 3 f\u00e5r 50 \u00f6re per kWh. D\u00e4remot \u00e4r det fortfarande oklart n\u00e4r pengarna kommer.<\/p>\n\n\n\n<p>Almegas N\u00e4ringspolitiska chef Fredrik \u00d6stbom \u00e4r positiv till att det kommer ett elst\u00f6d, men konstaterar ocks\u00e5 att f\u00f6rslaget \u00e4r utformat p\u00e5 ett s\u00e4tt som kan orsaka problem.<\/p>\n\n\n\n<p>\u2013 M\u00e5nga hyresavtal \u00e4r utformade s\u00e5 att det \u00e4r fastighets\u00e4garen som st\u00e5r p\u00e5 elabonnemanget och d\u00e4rmed \u00e4r det fastighets\u00e4garen som f\u00e5r st\u00f6det. Fastighets\u00e4garna rekommenderar visserligen sina medlemmar att f\u00f6ra eventuellt st\u00f6d vidare till hyresg\u00e4sterna, men det finns inte n\u00e5got s\u00e5dant krav i de f\u00f6reslagna reglerna, vilket kan orsaka problem.<\/p>\n\n\n\n<p>St\u00f6dbeloppet till enskilda mottagare kan enligt EU:s statsst\u00f6dsregler inte \u00f6verstiga tv\u00e5 miljoner euro.<\/p>\n\n\n\n<p>\u2013 Det \u00e4r f\u00f6rst\u00e5s mycket pengar, men eftersom taket g\u00e4ller p\u00e5 koncernniv\u00e5 riskerar stora fastighets\u00e4gare att sl\u00e5 i det. \u00c4ven om en hyresv\u00e4rd skulle vilja f\u00f6ra \u00f6ver kompensationen till hyresg\u00e4sterna \u00e4r det inte s\u00e4kert att de f\u00e5r tillr\u00e4ckligt med st\u00f6d f\u00f6r att kunna g\u00f6ra det. Som n\u00e4ringsidkare m\u00e5ste du s\u00e5ledes ha en v\u00e4lvilligt inst\u00e4lld hyresv\u00e4rd och en hyresv\u00e4rd som inte \u00e4r alltf\u00f6r stor f\u00f6r att du ska f\u00e5 del av elst\u00f6det.<\/p>\n\n\n\n<p>Svenska Kraftn\u00e4ts f\u00f6rslag ska nu pr\u00f6vas av Energimarknadsinspektionen.<\/p>\n","protected":false},"excerpt":{"rendered":"<p>Om f\u00f6rslaget tr\u00e4der i kraft kommer f\u00f6retagare i elomr\u00e5de 4 att kompenseras med 79 \u00f6re per kWh och de i elomr\u00e5de 3 f\u00e5r 50 \u00f6re per kWh. D\u00e4remot \u00e4r det fortfarande oklart n\u00e4r pengarna kommer. &hellip;<\/p>\n","protected":false},"author":14826,"featured_media":54869,"comment_status":"closed","ping_status":"closed","sticky":false,"template":"","format":"standard","meta":{"_acf_changed":false,"footnotes":""},"categories":[451],"tags":[],"article_type":[55,56],"agreement":[],"class_list":["post-54868","post","type-post","status-publish","format-standard","has-post-thumbnail","hentry","category-arbetsgivarfragor","type-artiklar","type-nyheter"],"acf":[],"yoast_head":"<!-- This site is optimized with the Yoast SEO Premium plugin v26.8 (Yoast SEO v26.8) - https:\/\/yoast.com\/product\/yoast-seo-premium-wordpress\/ -->\n<title>V\u00e4lkommet elst\u00f6d riskerar sl\u00e5 fel<\/title>\n<meta name=\"description\" content=\"Svenska Kraftn\u00e4t har l\u00e4mnat ett f\u00f6rslag p\u00e5 nytt elst\u00f6d till f\u00f6retagare. Pengarna g\u00e5r till s\u00f6dra Sverige och g\u00e4ller oktober 2021 till september 2022.\" \/>\n<meta name=\"robots\" content=\"index, follow, max-snippet:-1, max-image-preview:large, max-video-preview:-1\" \/>\n<link rel=\"canonical\" href=\"https:\/\/www.almega.se\/2023\/01\/valkommet-elstod-riskerar-sla-fel\/\" \/>\n<meta property=\"og:locale\" content=\"sv_SE\" \/>\n<meta property=\"og:type\" content=\"article\" \/>\n<meta property=\"og:title\" content=\"V\u00e4lkommet elst\u00f6d riskerar sl\u00e5 fel\" \/>\n<meta property=\"og:description\" content=\"Svenska Kraftn\u00e4t har l\u00e4mnat ett f\u00f6rslag p\u00e5 nytt elst\u00f6d till f\u00f6retagare. Pengarna g\u00e5r till s\u00f6dra Sverige och g\u00e4ller oktober 2021 till september 2022.\" \/>\n<meta property=\"og:url\" content=\"https:\/\/www.almega.se\/2023\/01\/valkommet-elstod-riskerar-sla-fel\/\" \/>\n<meta property=\"og:site_name\" content=\"Almega\" \/>\n<meta property=\"article:published_time\" content=\"2023-01-10T10:20:19+00:00\" \/>\n<meta property=\"article:modified_time\" content=\"2023-01-26T13:53:06+00:00\" \/>\n<meta property=\"og:image\" content=\"https:\/\/www.almega.se\/app\/uploads\/2023\/01\/8976-2048x1365-1.jpg\" \/>\n\t<meta property=\"og:image:width\" content=\"2048\" \/>\n\t<meta property=\"og:image:height\" content=\"1365\" \/>\n\t<meta property=\"og:image:type\" content=\"image\/jpeg\" \/>\n<meta name=\"author\" content=\"moat\" \/>\n<meta name=\"twitter:card\" content=\"summary_large_image\" \/>\n<meta name=\"twitter:label1\" content=\"Skriven av\" \/>\n\t<meta name=\"twitter:data1\" content=\"moat\" \/>\n\t<meta name=\"twitter:label2\" content=\"Ber\u00e4knad l\u00e4stid\" \/>\n\t<meta name=\"twitter:data2\" content=\"2 minuter\" \/>\n<!-- \/ Yoast SEO Premium plugin. -->","yoast_head_json":{"title":"V\u00e4lkommet elst\u00f6d riskerar sl\u00e5 fel","description":"Svenska Kraftn\u00e4t har l\u00e4mnat ett f\u00f6rslag p\u00e5 nytt elst\u00f6d till f\u00f6retagare. Pengarna g\u00e5r till s\u00f6dra Sverige och g\u00e4ller oktober 2021 till september 2022.","robots":{"index":"index","follow":"follow","max-snippet":"max-snippet:-1","max-image-preview":"max-image-preview:large","max-video-preview":"max-video-preview:-1"},"canonical":"https:\/\/www.almega.se\/2023\/01\/valkommet-elstod-riskerar-sla-fel\/","og_locale":"sv_SE","og_type":"article","og_title":"V\u00e4lkommet elst\u00f6d riskerar sl\u00e5 fel","og_description":"Svenska Kraftn\u00e4t har l\u00e4mnat ett f\u00f6rslag p\u00e5 nytt elst\u00f6d till f\u00f6retagare. Pengarna g\u00e5r till s\u00f6dra Sverige och g\u00e4ller oktober 2021 till september 2022.","og_url":"https:\/\/www.almega.se\/2023\/01\/valkommet-elstod-riskerar-sla-fel\/","og_site_name":"Almega","article_published_time":"2023-01-10T10:20:19+00:00","article_modified_time":"2023-01-26T13:53:06+00:00","og_image":[{"width":2048,"height":1365,"url":"https:\/\/www.almega.se\/app\/uploads\/2023\/01\/8976-2048x1365-1.jpg","type":"image\/jpeg"}],"author":"moat","twitter_card":"summary_large_image","twitter_misc":{"Skriven av":"moat","Ber\u00e4knad l\u00e4stid":"2 minuter"},"schema":{"@context":"https:\/\/schema.org","@graph":[{"@type":"NewsArticle","@id":"https:\/\/www.almega.se\/2023\/01\/valkommet-elstod-riskerar-sla-fel\/#article","isPartOf":{"@id":"https:\/\/www.almega.se\/2023\/01\/valkommet-elstod-riskerar-sla-fel\/"},"author":{"name":"moat","@id":"https:\/\/www.almega.se\/#\/schema\/person\/9e4d7d0abff166be96ada576ca284a77"},"headline":"V\u00e4lkommet elst\u00f6d riskerar sl\u00e5 fel","datePublished":"2023-01-10T10:20:19+00:00","dateModified":"2023-01-26T13:53:06+00:00","mainEntityOfPage":{"@id":"https:\/\/www.almega.se\/2023\/01\/valkommet-elstod-riskerar-sla-fel\/"},"wordCount":259,"image":{"@id":"https:\/\/www.almega.se\/2023\/01\/valkommet-elstod-riskerar-sla-fel\/#primaryimage"},"thumbnailUrl":"https:\/\/www.almega.se\/app\/uploads\/2023\/01\/8976-2048x1365-1.jpg","articleSection":["Arbetsgivarfr\u00e5gor"],"inLanguage":"sv-SE"},{"@type":"WebPage","@id":"https:\/\/www.almega.se\/2023\/01\/valkommet-elstod-riskerar-sla-fel\/","url":"https:\/\/www.almega.se\/2023\/01\/valkommet-elstod-riskerar-sla-fel\/","name":"V\u00e4lkommet elst\u00f6d riskerar sl\u00e5 fel","isPartOf":{"@id":"https:\/\/www.almega.se\/#website"},"primaryImageOfPage":{"@id":"https:\/\/www.almega.se\/2023\/01\/valkommet-elstod-riskerar-sla-fel\/#primaryimage"},"image":{"@id":"https:\/\/www.almega.se\/2023\/01\/valkommet-elstod-riskerar-sla-fel\/#primaryimage"},"thumbnailUrl":"https:\/\/www.almega.se\/app\/uploads\/2023\/01\/8976-2048x1365-1.jpg","datePublished":"2023-01-10T10:20:19+00:00","dateModified":"2023-01-26T13:53:06+00:00","author":{"@id":"https:\/\/www.almega.se\/#\/schema\/person\/9e4d7d0abff166be96ada576ca284a77"},"description":"Svenska Kraftn\u00e4t har l\u00e4mnat ett f\u00f6rslag p\u00e5 nytt elst\u00f6d till f\u00f6retagare. Pengarna g\u00e5r till s\u00f6dra Sverige och g\u00e4ller oktober 2021 till september 2022.","breadcrumb":{"@id":"https:\/\/www.almega.se\/2023\/01\/valkommet-elstod-riskerar-sla-fel\/#breadcrumb"},"inLanguage":"sv-SE","potentialAction":[{"@type":"ReadAction","target":["https:\/\/www.almega.se\/2023\/01\/valkommet-elstod-riskerar-sla-fel\/"]}]},{"@type":"ImageObject","inLanguage":"sv-SE","@id":"https:\/\/www.almega.se\/2023\/01\/valkommet-elstod-riskerar-sla-fel\/#primaryimage","url":"https:\/\/www.almega.se\/app\/uploads\/2023\/01\/8976-2048x1365-1.jpg","contentUrl":"https:\/\/www.almega.se\/app\/uploads\/2023\/01\/8976-2048x1365-1.jpg","width":2048,"height":1365,"caption":"fredrik \u00f6stbom almega"},{"@type":"BreadcrumbList","@id":"https:\/\/www.almega.se\/2023\/01\/valkommet-elstod-riskerar-sla-fel\/#breadcrumb","itemListElement":[{"@type":"ListItem","position":1,"name":"Home","item":"https:\/\/www.almega.se\/"},{"@type":"ListItem","position":2,"name":"V\u00e4lkommet elst\u00f6d riskerar sl\u00e5 fel"}]},{"@type":"WebSite","@id":"https:\/\/www.almega.se\/#website","url":"https:\/\/www.almega.se\/","name":"Almega","description":"","potentialAction":[{"@type":"SearchAction","target":{"@type":"EntryPoint","urlTemplate":"https:\/\/www.almega.se\/?s={search_term_string}"},"query-input":{"@type":"PropertyValueSpecification","valueRequired":true,"valueName":"search_term_string"}}],"inLanguage":"sv-SE"},{"@type":"Person","@id":"https:\/\/www.almega.se\/#\/schema\/person\/9e4d7d0abff166be96ada576ca284a77","name":"moat","image":{"@type":"ImageObject","inLanguage":"sv-SE","@id":"https:\/\/www.almega.se\/#\/schema\/person\/image\/","url":"https:\/\/secure.gravatar.com\/avatar\/f3aefbf102103714d31ca14074d72cc66619d4b100e6e99b475677d83097fad7?s=96&d=mm&r=g","contentUrl":"https:\/\/secure.gravatar.com\/avatar\/f3aefbf102103714d31ca14074d72cc66619d4b100e6e99b475677d83097fad7?s=96&d=mm&r=g","caption":"moat"},"url":"https:\/\/www.almega.se\/person\/moat\/"}]}},"_links":{"self":[{"href":"https:\/\/www.almega.se\/api\/wp\/v2\/posts\/54868","targetHints":{"allow":["GET"]}}],"collection":[{"href":"https:\/\/www.almega.se\/api\/wp\/v2\/posts"}],"about":[{"href":"https:\/\/www.almega.se\/api\/wp\/v2\/types\/post"}],"author":[{"embeddable":true,"href":"https:\/\/www.almega.se\/api\/wp\/v2\/users\/14826"}],"replies":[{"embeddable":true,"href":"https:\/\/www.almega.se\/api\/wp\/v2\/comments?post=54868"}],"version-history":[{"count":13,"href":"https:\/\/www.almega.se\/api\/wp\/v2\/posts\/54868\/revisions"}],"predecessor-version":[{"id":55723,"href":"https:\/\/www.almega.se\/api\/wp\/v2\/posts\/54868\/revisions\/55723"}],"wp:featuredmedia":[{"embeddable":true,"href":"https:\/\/www.almega.se\/api\/wp\/v2\/media\/54869"}],"wp:attachment":[{"href":"https:\/\/www.almega.se\/api\/wp\/v2\/media?parent=54868"}],"wp:term":[{"taxonomy":"category","embeddable":true,"href":"https:\/\/www.almega.se\/api\/wp\/v2\/categories?post=54868"},{"taxonomy":"post_tag","embeddable":true,"href":"https:\/\/www.almega.se\/api\/wp\/v2\/tags?post=54868"},{"taxonomy":"type","embeddable":true,"href":"https:\/\/www.almega.se\/api\/wp\/v2\/article_type?post=54868"},{"taxonomy":"agreement","embeddable":true,"href":"https:\/\/www.almega.se\/api\/wp\/v2\/agreement?post=54868"}],"curies":[{"name":"wp","href":"https:\/\/api.w.org\/{rel}","templated":true}]}}