{"id":54862,"date":"2022-12-29T11:13:04","date_gmt":"2022-12-29T10:13:04","guid":{"rendered":"https:\/\/dev.almega.se\/?p=54862"},"modified":"2023-06-08T15:26:29","modified_gmt":"2023-06-08T13:26:29","slug":"bra-med-forslag-som-starker-foretagens-likviditet","status":"publish","type":"post","link":"https:\/\/www.almega.se\/2022\/12\/bra-med-forslag-som-starker-foretagens-likviditet\/","title":{"rendered":"Bra med f\u00f6rslag som st\u00e4rker f\u00f6retagens likviditet"},"content":{"rendered":"<p class=\"intro\">Regeringen vill f\u00f6rl\u00e4nga m\u00f6jligheten f\u00f6r f\u00f6retag att ans\u00f6ka om skatteanst\u00e5nd, det vill s\u00e4ga m\u00f6jligheten att skjuta upp inbetalningen av skatter.<\/p>\n\n<p>F\u00f6rslaget \u00e4r ett s\u00e4tt att kompensera f\u00f6r h\u00f6ga elpriser och h\u00f6g inflation. Tanken \u00e4r att landets f\u00f6retagare d\u00e4rigenom ska f\u00e5 det lite l\u00e4ttare att ta sig igenom den tuffa ekonomiska situation de nu st\u00e5r inf\u00f6r.<\/p>\n\n\n\n<p>Antalet m\u00e5nader ett f\u00f6retag kan s\u00f6ka om anst\u00e5nd \u00f6kar nu fr\u00e5n nio till tolv m\u00e5nader. Den bortre tidsgr\u00e4nsen flyttas fr\u00e5n 12 februari till 12 september 2023.<\/p>\n\n\n\n<p>\u2013 Vi v\u00e4lkomnar regeringens besked att skatteanst\u00e5nden f\u00f6rl\u00e4ngs. \u00c5tg\u00e4rder som st\u00e4rker f\u00f6retagens likviditet just nu \u00e4r bra. Samtidigt ska man vara medveten om att detta \u00e4r tillf\u00e4lliga l\u00e5n till f\u00f6retag \u2013 och alla l\u00e5n ska betalas tillbaka, s\u00e4ger Fredrik \u00d6stbom, chef f\u00f6r n\u00e4ringspolitik och opinionsbildning p\u00e5 Almega.<\/p>\n\n\n\n<p>\u2013 Det f\u00f6retagen framf\u00f6r allt \u00e4r intresserade av \u00e4r att f\u00e5 besked om elprisst\u00f6det och d\u00e4r m\u00e5ste regeringen \u00e5terkomma omg\u00e5ende, s\u00e5 att f\u00f6retagen f\u00e5r b\u00e4ttre planeringsf\u00f6ruts\u00e4ttningar, avslutar Fredrik \u00d6stbom.<\/p>\n","protected":false},"excerpt":{"rendered":"<p>F\u00f6rslaget \u00e4r ett s\u00e4tt att kompensera f\u00f6r h\u00f6ga elpriser och h\u00f6g inflation. Tanken \u00e4r att landets f\u00f6retagare d\u00e4rigenom ska f\u00e5 det lite l\u00e4ttare att ta sig igenom den tuffa ekonomiska situation de nu st\u00e5r inf\u00f6r. &hellip;<\/p>\n","protected":false},"author":14826,"featured_media":54863,"comment_status":"closed","ping_status":"closed","sticky":false,"template":"","format":"standard","meta":{"_acf_changed":false,"footnotes":""},"categories":[57],"tags":[],"article_type":[55,56],"agreement":[],"class_list":["post-54862","post","type-post","status-publish","format-standard","has-post-thumbnail","hentry","category-skatter","type-artiklar","type-nyheter"],"acf":[],"yoast_head":"<!-- This site is optimized with the Yoast SEO Premium plugin v26.8 (Yoast SEO v26.8) - https:\/\/yoast.com\/product\/yoast-seo-premium-wordpress\/ -->\n<title>Bra med f\u00f6rslag som st\u00e4rker f\u00f6retagens likviditet<\/title>\n<meta name=\"description\" content=\"Regeringen vill f\u00f6rl\u00e4nga m\u00f6jligheten f\u00f6r f\u00f6retag att ans\u00f6ka om skatteanst\u00e5nd, dvs m\u00f6jligheten att skjuta upp inbetalningen av skatter.\" \/>\n<meta name=\"robots\" content=\"index, follow, max-snippet:-1, max-image-preview:large, max-video-preview:-1\" \/>\n<link rel=\"canonical\" href=\"https:\/\/www.almega.se\/2022\/12\/bra-med-forslag-som-starker-foretagens-likviditet\/\" \/>\n<meta property=\"og:locale\" content=\"sv_SE\" \/>\n<meta property=\"og:type\" content=\"article\" \/>\n<meta property=\"og:title\" content=\"Bra med f\u00f6rslag som st\u00e4rker f\u00f6retagens likviditet\" \/>\n<meta property=\"og:description\" content=\"Regeringen vill f\u00f6rl\u00e4nga m\u00f6jligheten f\u00f6r f\u00f6retag att ans\u00f6ka om skatteanst\u00e5nd, dvs m\u00f6jligheten att skjuta upp inbetalningen av skatter.\" \/>\n<meta property=\"og:url\" content=\"https:\/\/www.almega.se\/2022\/12\/bra-med-forslag-som-starker-foretagens-likviditet\/\" \/>\n<meta property=\"og:site_name\" content=\"Almega\" \/>\n<meta property=\"article:published_time\" content=\"2022-12-29T10:13:04+00:00\" \/>\n<meta property=\"article:modified_time\" content=\"2023-06-08T13:26:29+00:00\" \/>\n<meta property=\"og:image\" content=\"https:\/\/www.almega.se\/app\/uploads\/2023\/01\/fredrik-ostbom-1180x778-1.png\" \/>\n\t<meta property=\"og:image:width\" content=\"1180\" \/>\n\t<meta property=\"og:image:height\" content=\"778\" \/>\n\t<meta property=\"og:image:type\" content=\"image\/png\" \/>\n<meta name=\"author\" content=\"moat\" \/>\n<meta name=\"twitter:card\" content=\"summary_large_image\" \/>\n<meta name=\"twitter:label1\" content=\"Skriven av\" \/>\n\t<meta name=\"twitter:data1\" content=\"moat\" \/>\n\t<meta name=\"twitter:label2\" content=\"Ber\u00e4knad l\u00e4stid\" \/>\n\t<meta name=\"twitter:data2\" content=\"1 minut\" \/>\n<!-- \/ Yoast SEO Premium plugin. -->","yoast_head_json":{"title":"Bra med f\u00f6rslag som st\u00e4rker f\u00f6retagens likviditet","description":"Regeringen vill f\u00f6rl\u00e4nga m\u00f6jligheten f\u00f6r f\u00f6retag att ans\u00f6ka om skatteanst\u00e5nd, dvs m\u00f6jligheten att skjuta upp inbetalningen av skatter.","robots":{"index":"index","follow":"follow","max-snippet":"max-snippet:-1","max-image-preview":"max-image-preview:large","max-video-preview":"max-video-preview:-1"},"canonical":"https:\/\/www.almega.se\/2022\/12\/bra-med-forslag-som-starker-foretagens-likviditet\/","og_locale":"sv_SE","og_type":"article","og_title":"Bra med f\u00f6rslag som st\u00e4rker f\u00f6retagens likviditet","og_description":"Regeringen vill f\u00f6rl\u00e4nga m\u00f6jligheten f\u00f6r f\u00f6retag att ans\u00f6ka om skatteanst\u00e5nd, dvs m\u00f6jligheten att skjuta upp inbetalningen av skatter.","og_url":"https:\/\/www.almega.se\/2022\/12\/bra-med-forslag-som-starker-foretagens-likviditet\/","og_site_name":"Almega","article_published_time":"2022-12-29T10:13:04+00:00","article_modified_time":"2023-06-08T13:26:29+00:00","og_image":[{"width":1180,"height":778,"url":"https:\/\/www.almega.se\/app\/uploads\/2023\/01\/fredrik-ostbom-1180x778-1.png","type":"image\/png"}],"author":"moat","twitter_card":"summary_large_image","twitter_misc":{"Skriven av":"moat","Ber\u00e4knad l\u00e4stid":"1 minut"},"schema":{"@context":"https:\/\/schema.org","@graph":[{"@type":"NewsArticle","@id":"https:\/\/www.almega.se\/2022\/12\/bra-med-forslag-som-starker-foretagens-likviditet\/#article","isPartOf":{"@id":"https:\/\/www.almega.se\/2022\/12\/bra-med-forslag-som-starker-foretagens-likviditet\/"},"author":{"name":"moat","@id":"https:\/\/www.almega.se\/#\/schema\/person\/9e4d7d0abff166be96ada576ca284a77"},"headline":"Bra med f\u00f6rslag som st\u00e4rker f\u00f6retagens likviditet","datePublished":"2022-12-29T10:13:04+00:00","dateModified":"2023-06-08T13:26:29+00:00","mainEntityOfPage":{"@id":"https:\/\/www.almega.se\/2022\/12\/bra-med-forslag-som-starker-foretagens-likviditet\/"},"wordCount":184,"image":{"@id":"https:\/\/www.almega.se\/2022\/12\/bra-med-forslag-som-starker-foretagens-likviditet\/#primaryimage"},"thumbnailUrl":"https:\/\/www.almega.se\/app\/uploads\/2023\/01\/fredrik-ostbom-1180x778-1.png","articleSection":["Skatter"],"inLanguage":"sv-SE"},{"@type":"WebPage","@id":"https:\/\/www.almega.se\/2022\/12\/bra-med-forslag-som-starker-foretagens-likviditet\/","url":"https:\/\/www.almega.se\/2022\/12\/bra-med-forslag-som-starker-foretagens-likviditet\/","name":"Bra med f\u00f6rslag som st\u00e4rker f\u00f6retagens likviditet","isPartOf":{"@id":"https:\/\/www.almega.se\/#website"},"primaryImageOfPage":{"@id":"https:\/\/www.almega.se\/2022\/12\/bra-med-forslag-som-starker-foretagens-likviditet\/#primaryimage"},"image":{"@id":"https:\/\/www.almega.se\/2022\/12\/bra-med-forslag-som-starker-foretagens-likviditet\/#primaryimage"},"thumbnailUrl":"https:\/\/www.almega.se\/app\/uploads\/2023\/01\/fredrik-ostbom-1180x778-1.png","datePublished":"2022-12-29T10:13:04+00:00","dateModified":"2023-06-08T13:26:29+00:00","author":{"@id":"https:\/\/www.almega.se\/#\/schema\/person\/9e4d7d0abff166be96ada576ca284a77"},"description":"Regeringen vill f\u00f6rl\u00e4nga m\u00f6jligheten f\u00f6r f\u00f6retag att ans\u00f6ka om skatteanst\u00e5nd, dvs m\u00f6jligheten att skjuta upp inbetalningen av skatter.","breadcrumb":{"@id":"https:\/\/www.almega.se\/2022\/12\/bra-med-forslag-som-starker-foretagens-likviditet\/#breadcrumb"},"inLanguage":"sv-SE","potentialAction":[{"@type":"ReadAction","target":["https:\/\/www.almega.se\/2022\/12\/bra-med-forslag-som-starker-foretagens-likviditet\/"]}]},{"@type":"ImageObject","inLanguage":"sv-SE","@id":"https:\/\/www.almega.se\/2022\/12\/bra-med-forslag-som-starker-foretagens-likviditet\/#primaryimage","url":"https:\/\/www.almega.se\/app\/uploads\/2023\/01\/fredrik-ostbom-1180x778-1.png","contentUrl":"https:\/\/www.almega.se\/app\/uploads\/2023\/01\/fredrik-ostbom-1180x778-1.png","width":1180,"height":778,"caption":"Fredrik \u00d6stbom Almega"},{"@type":"BreadcrumbList","@id":"https:\/\/www.almega.se\/2022\/12\/bra-med-forslag-som-starker-foretagens-likviditet\/#breadcrumb","itemListElement":[{"@type":"ListItem","position":1,"name":"Home","item":"https:\/\/www.almega.se\/"},{"@type":"ListItem","position":2,"name":"Bra med f\u00f6rslag som st\u00e4rker f\u00f6retagens likviditet"}]},{"@type":"WebSite","@id":"https:\/\/www.almega.se\/#website","url":"https:\/\/www.almega.se\/","name":"Almega","description":"","potentialAction":[{"@type":"SearchAction","target":{"@type":"EntryPoint","urlTemplate":"https:\/\/www.almega.se\/?s={search_term_string}"},"query-input":{"@type":"PropertyValueSpecification","valueRequired":true,"valueName":"search_term_string"}}],"inLanguage":"sv-SE"},{"@type":"Person","@id":"https:\/\/www.almega.se\/#\/schema\/person\/9e4d7d0abff166be96ada576ca284a77","name":"moat","image":{"@type":"ImageObject","inLanguage":"sv-SE","@id":"https:\/\/www.almega.se\/#\/schema\/person\/image\/","url":"https:\/\/secure.gravatar.com\/avatar\/f3aefbf102103714d31ca14074d72cc66619d4b100e6e99b475677d83097fad7?s=96&d=mm&r=g","contentUrl":"https:\/\/secure.gravatar.com\/avatar\/f3aefbf102103714d31ca14074d72cc66619d4b100e6e99b475677d83097fad7?s=96&d=mm&r=g","caption":"moat"},"url":"https:\/\/www.almega.se\/person\/moat\/"}]}},"_links":{"self":[{"href":"https:\/\/www.almega.se\/api\/wp\/v2\/posts\/54862","targetHints":{"allow":["GET"]}}],"collection":[{"href":"https:\/\/www.almega.se\/api\/wp\/v2\/posts"}],"about":[{"href":"https:\/\/www.almega.se\/api\/wp\/v2\/types\/post"}],"author":[{"embeddable":true,"href":"https:\/\/www.almega.se\/api\/wp\/v2\/users\/14826"}],"replies":[{"embeddable":true,"href":"https:\/\/www.almega.se\/api\/wp\/v2\/comments?post=54862"}],"version-history":[{"count":5,"href":"https:\/\/www.almega.se\/api\/wp\/v2\/posts\/54862\/revisions"}],"predecessor-version":[{"id":64308,"href":"https:\/\/www.almega.se\/api\/wp\/v2\/posts\/54862\/revisions\/64308"}],"wp:featuredmedia":[{"embeddable":true,"href":"https:\/\/www.almega.se\/api\/wp\/v2\/media\/54863"}],"wp:attachment":[{"href":"https:\/\/www.almega.se\/api\/wp\/v2\/media?parent=54862"}],"wp:term":[{"taxonomy":"category","embeddable":true,"href":"https:\/\/www.almega.se\/api\/wp\/v2\/categories?post=54862"},{"taxonomy":"post_tag","embeddable":true,"href":"https:\/\/www.almega.se\/api\/wp\/v2\/tags?post=54862"},{"taxonomy":"type","embeddable":true,"href":"https:\/\/www.almega.se\/api\/wp\/v2\/article_type?post=54862"},{"taxonomy":"agreement","embeddable":true,"href":"https:\/\/www.almega.se\/api\/wp\/v2\/agreement?post=54862"}],"curies":[{"name":"wp","href":"https:\/\/api.w.org\/{rel}","templated":true}]}}