{"id":5456,"date":"2017-03-13T12:00:00","date_gmt":"2017-03-13T12:00:00","guid":{"rendered":"http:\/\/almega-bento\/wp\/blog\/2017\/03\/13\/bemanningsforetagens-kollektivavtalsforhandlingar-i-avtal-17\/"},"modified":"2017-03-13T12:00:00","modified_gmt":"2017-03-13T12:00:00","slug":"bemanningsforetagens-kollektivavtalsforhandlingar-i-avtal-17","status":"publish","type":"post","link":"https:\/\/www.almega.se\/2017\/03\/bemanningsforetagens-kollektivavtalsforhandlingar-i-avtal-17\/","title":{"rendered":"Bemannings&shy;f\u00f6retagens kollektivavtalsf\u00f6rhandlingar i Avtal 17"},"content":{"rendered":"\n<h3>F\u00f6rhandlingarna inleds avseende avtal som l\u00f6per ut 30 april<\/h3>\n<p>Bemanningsf\u00f6retagens kollektivavtal med Akademikerf\u00f6rbunden, LO-f\u00f6rbunden och Unionen om l\u00f6ner och allm\u00e4nna anst\u00e4llningsvillkor omf\u00f6rhandlas under v\u00e5ren. F\u00f6rhandlingarna har inletts genom att parterna har v\u00e4xlat yrkanden men f\u00f6rhandlingarnas tyngdpunkt ligger i april m\u00e5nad. M\u00e5let \u00e4r att kollektivavtalsf\u00f6rhandlingarna \u00e4r klara innan avtalen l\u00f6per ut den 30 april. Ibland har parterna blivit klara i tid men ibland har sv\u00e5ra fr\u00e5gor kr\u00e4vt l\u00e4ngre tids bearbetning.<\/p>\n<p>Det \u00e4r viktigt att komma ih\u00e5g att kollektivavtalen forts\u00e4tter att g\u00e4lla med de idag g\u00e4llande reglerna \u00e4ven om f\u00f6rhandlingarna skulle dra ut p\u00e5 tiden. Kollektivavtalen ska d\u00e4rf\u00f6r till\u00e4mpas som vanligt \u00e4ven efter utg\u00e5ngen av avtalsperioden fram till att information om nytt avtal kommer. Det finns dock avtalsf\u00f6r\u00e4ndringar som Bemanningsf\u00f6retagen avtalat om i Flexpensions\u00f6verenskommelsen <a href=\"25eb3273068746ebb14189362b79d55f\">(se s\u00e4rskilt Arbetsgivarnytt av den 22 februari 2017)<\/a> och som vi redan nu vet tr\u00e4der i kraft i tj\u00e4nstemannaavtalet med Unionen och Akademikerf\u00f6rbunden fr\u00e5n och med den 1 maj 2017. Ett s\u00e4rskilt Arbetsgivarnytt om de reglerna, anst\u00e4llningsformer och beredskapsregler f\u00f6r tj\u00e4nstem\u00e4n, kommer att skickas ut under mars m\u00e5nad.<\/p>\n<h3>Information n\u00e4r ett kollektivavtal \u00e4r tecknat<\/h3>\n<p>Under p\u00e5g\u00e5ende f\u00f6rhandlingar kan information i normalfallet inte l\u00e4mnas om parternas diskussioner. N\u00e4r det finns information som kan l\u00e4mnas eller n\u00e4r ett kollektivavtal \u00e4r tecknat s\u00e5 skickas information snabbt till medlemsf\u00f6retagen i form av Arbetsgivarnytt.<\/p>\n<h3>R\u00e5dgivning under v\u00e5ren<\/h3>\n<p>Under v\u00e5ren och framf\u00f6rallt under april m\u00e5nad kommer det att vara sv\u00e5rare att komma i kontakt med f\u00f6rhandlare d\u00e5 m\u00e5nga deltar i avtalsf\u00f6rhandlingarna. Nedan listas samtliga Bemanningsf\u00f6retagens kontaktpersoner som har detaljkunskap om bemanningsavtalen.<\/p>\n<p>Bekanta dig ocks\u00e5 g\u00e4rna med inneh\u00e5ll p\u00e5 Arbetsgivarguiden som du n\u00e5r via almega.se eller <a href=\"817ec03bcd2647739115859e90920436\" target=\"_blank\" rel=\"noopener noreferrer\">bemanningsforetagen.se<\/a>. De centrala delarna av kollektivavtalen, t ex de om anst\u00e4llningsformerna, \u00e4r kommenterade och avsnitten om de kollektivavtalsspecifika l\u00f6nesystemen inneh\u00e5ller \u00e4ven r\u00e4kneexempel.<\/p>\n<p>Gl\u00f6m inte heller Almegajouren f\u00f6r allm\u00e4nna arbetsr\u00e4ttsliga fr\u00e5gor som inte avser tolkning av bemanningsavtalen:<br \/>\nTelefonnummer: 08-762 69 90<\/p>\n<p>https:\/\/www.almega.se\/kontakt\/jouren\/<\/p>\n<p>&nbsp;<\/p>\n","protected":false},"excerpt":{"rendered":"<p>F\u00f6rhandlingarna inleds avseende avtal som l\u00f6per ut 30 april Bemanningsf\u00f6retagens kollektivavtal med Akademikerf\u00f6rbunden, LO-f\u00f6rbunden och Unionen om l\u00f6ner och allm\u00e4nna anst\u00e4llningsvillkor omf\u00f6rhandlas under v\u00e5ren. F\u00f6rhandlingarna har inletts genom att parterna har v\u00e4xlat yrkanden men f\u00f6rhandlingarnas &hellip;<\/p>\n","protected":false},"author":1,"featured_media":0,"comment_status":"closed","ping_status":"open","sticky":false,"template":"","format":"standard","meta":{"_acf_changed":false,"footnotes":""},"categories":[1],"tags":[],"article_type":[313],"agreement":[109,114,110,111,112,113,115,116,117,118,119,120,121,122,123,124,125,127,126,108,128],"class_list":["post-5456","post","type-post","status-publish","format-standard","hentry","category-okategoriserade","type-arbetsgivarnytt","agreement-9cce80f7-ff07-de11-b4e1-02bf9e69ca65","agreement-a8ce80f7-ff07-de11-b4e1-02bf9e69ca65","agreement-a2ce80f7-ff07-de11-b4e1-02bf9e69ca65","agreement-a1ce80f7-ff07-de11-b4e1-02bf9e69ca65","agreement-9dce80f7-ff07-de11-b4e1-02bf9e69ca65","agreement-a3ce80f7-ff07-de11-b4e1-02bf9e69ca65","agreement-9ece80f7-ff07-de11-b4e1-02bf9e69ca65","agreement-a4ce80f7-ff07-de11-b4e1-02bf9e69ca65","agreement-20c6e08e-fe12-de11-b4e1-02bf9e69ca65","agreement-a7ce80f7-ff07-de11-b4e1-02bf9e69ca65","agreement-a5ce80f7-ff07-de11-b4e1-02bf9e69ca65","agreement-a6ce80f7-ff07-de11-b4e1-02bf9e69ca65","agreement-a0ce80f7-ff07-de11-b4e1-02bf9e69ca65","agreement-9fce80f7-ff07-de11-b4e1-02bf9e69ca65","agreement-aace80f7-ff07-de11-b4e1-02bf9e69ca65","agreement-a9ce80f7-ff07-de11-b4e1-02bf9e69ca65","agreement-705d8229-a064-de11-bdb9-02bf9e69ca65","agreement-875fe194-42a2-e411-95d0-005056b20fd6","agreement-2767ab55-42a2-e411-95d0-005056b20fd6","agreement-acce80f7-ff07-de11-b4e1-02bf9e69ca65","agreement-abce80f7-ff07-de11-b4e1-02bf9e69ca65"],"acf":[],"yoast_head":"<!-- This site is optimized with the Yoast SEO Premium plugin v26.8 (Yoast SEO v26.8) - https:\/\/yoast.com\/product\/yoast-seo-premium-wordpress\/ -->\n<title>Bemanningsf\u00f6retagens kollektivavtalsf\u00f6rhandlingar i Avtal 17 | Almega<\/title>\n<meta name=\"robots\" content=\"index, follow, max-snippet:-1, max-image-preview:large, max-video-preview:-1\" \/>\n<link rel=\"canonical\" href=\"https:\/\/www.almega.se\/2017\/03\/bemanningsforetagens-kollektivavtalsforhandlingar-i-avtal-17\/\" \/>\n<meta property=\"og:locale\" content=\"sv_SE\" \/>\n<meta property=\"og:type\" content=\"article\" \/>\n<meta property=\"og:title\" content=\"Bemanningsf\u00f6retagens kollektivavtalsf\u00f6rhandlingar i Avtal 17\" \/>\n<meta property=\"og:description\" content=\"F\u00f6rhandlingarna inleds avseende avtal som l\u00f6per ut 30 april Bemanningsf\u00f6retagens kollektivavtal med Akademikerf\u00f6rbunden, LO-f\u00f6rbunden och Unionen om l\u00f6ner och allm\u00e4nna anst\u00e4llningsvillkor omf\u00f6rhandlas under v\u00e5ren. F\u00f6rhandlingarna har inletts genom att parterna har v\u00e4xlat yrkanden men f\u00f6rhandlingarnas &hellip;\" \/>\n<meta property=\"og:url\" content=\"https:\/\/www.almega.se\/2017\/03\/bemanningsforetagens-kollektivavtalsforhandlingar-i-avtal-17\/\" \/>\n<meta property=\"og:site_name\" content=\"Almega\" \/>\n<meta property=\"article:published_time\" content=\"2017-03-13T12:00:00+00:00\" \/>\n<meta property=\"og:image\" content=\"https:\/\/www.almega.se\/app\/uploads\/2020\/12\/almega-share-logo.png\" \/>\n\t<meta property=\"og:image:width\" content=\"1200\" \/>\n\t<meta property=\"og:image:height\" content=\"630\" \/>\n\t<meta property=\"og:image:type\" content=\"image\/png\" \/>\n<meta name=\"author\" content=\"admin\" \/>\n<meta name=\"twitter:card\" content=\"summary_large_image\" \/>\n<meta name=\"twitter:label1\" content=\"Skriven av\" \/>\n\t<meta name=\"twitter:data1\" content=\"admin\" \/>\n\t<meta name=\"twitter:label2\" content=\"Ber\u00e4knad l\u00e4stid\" \/>\n\t<meta name=\"twitter:data2\" content=\"2 minuter\" \/>\n<!-- \/ Yoast SEO Premium plugin. -->","yoast_head_json":{"title":"Bemanningsf\u00f6retagens kollektivavtalsf\u00f6rhandlingar i Avtal 17 | Almega","robots":{"index":"index","follow":"follow","max-snippet":"max-snippet:-1","max-image-preview":"max-image-preview:large","max-video-preview":"max-video-preview:-1"},"canonical":"https:\/\/www.almega.se\/2017\/03\/bemanningsforetagens-kollektivavtalsforhandlingar-i-avtal-17\/","og_locale":"sv_SE","og_type":"article","og_title":"Bemanningsf\u00f6retagens kollektivavtalsf\u00f6rhandlingar i Avtal 17","og_description":"F\u00f6rhandlingarna inleds avseende avtal som l\u00f6per ut 30 april Bemanningsf\u00f6retagens kollektivavtal med Akademikerf\u00f6rbunden, LO-f\u00f6rbunden och Unionen om l\u00f6ner och allm\u00e4nna anst\u00e4llningsvillkor omf\u00f6rhandlas under v\u00e5ren. F\u00f6rhandlingarna har inletts genom att parterna har v\u00e4xlat yrkanden men f\u00f6rhandlingarnas &hellip;","og_url":"https:\/\/www.almega.se\/2017\/03\/bemanningsforetagens-kollektivavtalsforhandlingar-i-avtal-17\/","og_site_name":"Almega","article_published_time":"2017-03-13T12:00:00+00:00","og_image":[{"width":1200,"height":630,"url":"https:\/\/www.almega.se\/app\/uploads\/2020\/12\/almega-share-logo.png","type":"image\/png"}],"author":"admin","twitter_card":"summary_large_image","twitter_misc":{"Skriven av":"admin","Ber\u00e4knad l\u00e4stid":"2 minuter"},"schema":{"@context":"https:\/\/schema.org","@graph":[{"@type":"NewsArticle","@id":"https:\/\/www.almega.se\/2017\/03\/bemanningsforetagens-kollektivavtalsforhandlingar-i-avtal-17\/#article","isPartOf":{"@id":"https:\/\/www.almega.se\/2017\/03\/bemanningsforetagens-kollektivavtalsforhandlingar-i-avtal-17\/"},"author":{"name":"admin","@id":"https:\/\/www.almega.se\/#\/schema\/person\/9c3674d192fb8b2d1d8b7a3f31c5151d"},"headline":"Bemannings&shy;f\u00f6retagens kollektivavtalsf\u00f6rhandlingar i Avtal 17","datePublished":"2017-03-13T12:00:00+00:00","mainEntityOfPage":{"@id":"https:\/\/www.almega.se\/2017\/03\/bemanningsforetagens-kollektivavtalsforhandlingar-i-avtal-17\/"},"wordCount":384,"inLanguage":"sv-SE"},{"@type":"WebPage","@id":"https:\/\/www.almega.se\/2017\/03\/bemanningsforetagens-kollektivavtalsforhandlingar-i-avtal-17\/","url":"https:\/\/www.almega.se\/2017\/03\/bemanningsforetagens-kollektivavtalsforhandlingar-i-avtal-17\/","name":"Bemanningsf\u00f6retagens kollektivavtalsf\u00f6rhandlingar i Avtal 17 | Almega","isPartOf":{"@id":"https:\/\/www.almega.se\/#website"},"datePublished":"2017-03-13T12:00:00+00:00","author":{"@id":"https:\/\/www.almega.se\/#\/schema\/person\/9c3674d192fb8b2d1d8b7a3f31c5151d"},"breadcrumb":{"@id":"https:\/\/www.almega.se\/2017\/03\/bemanningsforetagens-kollektivavtalsforhandlingar-i-avtal-17\/#breadcrumb"},"inLanguage":"sv-SE","potentialAction":[{"@type":"ReadAction","target":["https:\/\/www.almega.se\/2017\/03\/bemanningsforetagens-kollektivavtalsforhandlingar-i-avtal-17\/"]}]},{"@type":"BreadcrumbList","@id":"https:\/\/www.almega.se\/2017\/03\/bemanningsforetagens-kollektivavtalsforhandlingar-i-avtal-17\/#breadcrumb","itemListElement":[{"@type":"ListItem","position":1,"name":"Home","item":"https:\/\/www.almega.se\/"},{"@type":"ListItem","position":2,"name":"Bemannings&shy;f\u00f6retagens kollektivavtalsf\u00f6rhandlingar i Avtal 17"}]},{"@type":"WebSite","@id":"https:\/\/www.almega.se\/#website","url":"https:\/\/www.almega.se\/","name":"Almega","description":"","potentialAction":[{"@type":"SearchAction","target":{"@type":"EntryPoint","urlTemplate":"https:\/\/www.almega.se\/?s={search_term_string}"},"query-input":{"@type":"PropertyValueSpecification","valueRequired":true,"valueName":"search_term_string"}}],"inLanguage":"sv-SE"},{"@type":"Person","@id":"https:\/\/www.almega.se\/#\/schema\/person\/9c3674d192fb8b2d1d8b7a3f31c5151d","name":"admin","image":{"@type":"ImageObject","inLanguage":"sv-SE","@id":"https:\/\/www.almega.se\/#\/schema\/person\/image\/","url":"https:\/\/secure.gravatar.com\/avatar\/13aac7e7a7582f599e3ba7706cec051e12eac4ad6c2ffe6f9d24800e63294187?s=96&d=mm&r=g","contentUrl":"https:\/\/secure.gravatar.com\/avatar\/13aac7e7a7582f599e3ba7706cec051e12eac4ad6c2ffe6f9d24800e63294187?s=96&d=mm&r=g","caption":"admin"},"url":"https:\/\/www.almega.se\/person\/admin\/"}]}},"_links":{"self":[{"href":"https:\/\/www.almega.se\/api\/wp\/v2\/posts\/5456","targetHints":{"allow":["GET"]}}],"collection":[{"href":"https:\/\/www.almega.se\/api\/wp\/v2\/posts"}],"about":[{"href":"https:\/\/www.almega.se\/api\/wp\/v2\/types\/post"}],"author":[{"embeddable":true,"href":"https:\/\/www.almega.se\/api\/wp\/v2\/users\/1"}],"replies":[{"embeddable":true,"href":"https:\/\/www.almega.se\/api\/wp\/v2\/comments?post=5456"}],"version-history":[{"count":1,"href":"https:\/\/www.almega.se\/api\/wp\/v2\/posts\/5456\/revisions"}],"predecessor-version":[{"id":58214,"href":"https:\/\/www.almega.se\/api\/wp\/v2\/posts\/5456\/revisions\/58214"}],"wp:attachment":[{"href":"https:\/\/www.almega.se\/api\/wp\/v2\/media?parent=5456"}],"wp:term":[{"taxonomy":"category","embeddable":true,"href":"https:\/\/www.almega.se\/api\/wp\/v2\/categories?post=5456"},{"taxonomy":"post_tag","embeddable":true,"href":"https:\/\/www.almega.se\/api\/wp\/v2\/tags?post=5456"},{"taxonomy":"type","embeddable":true,"href":"https:\/\/www.almega.se\/api\/wp\/v2\/article_type?post=5456"},{"taxonomy":"agreement","embeddable":true,"href":"https:\/\/www.almega.se\/api\/wp\/v2\/agreement?post=5456"}],"curies":[{"name":"wp","href":"https:\/\/api.w.org\/{rel}","templated":true}]}}