{"id":5430,"date":"2017-04-04T09:00:00","date_gmt":"2017-04-04T09:00:00","guid":{"rendered":"http:\/\/almega-bento\/wp\/blog\/2017\/04\/04\/flexpension-telekom\/"},"modified":"2017-04-04T09:00:00","modified_gmt":"2017-04-04T09:00:00","slug":"flexpension-telekom","status":"publish","type":"post","link":"https:\/\/www.almega.se\/2017\/04\/flexpension-telekom\/","title":{"rendered":"Flex&shy;pension &#8211; Telekom"},"content":{"rendered":"\n<p class=\"intro\">\u00d6verenskommelse om \u00e4ndringar i anst\u00e4llningsvillkor i avtal Telekom med Unionen, Sveriges Ingenj\u00f6rer, Jusek, Civilekonomerna, Ledarna och Seko<\/p>\n<p>Observera! &Aring;rets l&ouml;ne&ouml;kningsutrymme &auml;r &auml;nnu inte fastst&auml;llt. L&ouml;ne&ouml;kningsutrymmet f&ouml;rhandlas f&ouml;rst i samband med 2017 &aring;rs ordinarie avtalsf&ouml;rhandling. Detta AG-nytt avser en s&auml;rskild &ouml;verenskommelse som tr&auml;ffats innan 2017 &aring;rs avtalsf&ouml;rhandling.<\/p>\n<p>  <strong>&Ouml;verenskommelse om Flexpension i Tj&auml;nstef&ouml;retag och andra avtals&auml;ndringar<\/strong><br \/>  Under v&aring;ren 2016 varslade Unionen och Sveriges Ingenj&ouml;rer om strejk p&aring; flera avtalsomr&aring;den i Almegas f&ouml;rbund f&ouml;r att f&aring; flexpension eftersom s&aring;dana &ouml;verenskommelser tr&auml;ffats p&aring; andra delar av den privata arbetsmarknaden. Konflikten br&ouml;t aldrig ut f&ouml;r att Arbetsdomstolen interimistiskt f&ouml;rklarade att en strejk var otill&aring;ten. Avtal sl&ouml;ts 2016 utan flexpension. Tvistefr&aring;gan kvarstod dock. Under h&ouml;sten och vintern har parterna f&ouml;rhandlat fram denna &ouml;verenskommelse f&ouml;r att l&ouml;sa fr&aring;gan.<\/p>\n<p>  Parterna inom avtalsomr&aring;det har den 22 februari 2017 tr&auml;ffat &ouml;verenskommelse om Flexpension i Tj&auml;nstef&ouml;retag. Samtidigt har parterna kommit &ouml;verens om en rad andra avtals&auml;ndringar som tr&auml;der i kraft den 1 november 2017, se nedan. Detta har gjorts i en s&auml;rskild avtalsf&ouml;rhandling, innan 2017 &aring;rs ordinarie avtalsf&ouml;rhandlingar har startat, d&auml;r f&ouml;rbunden inom Almega gemensamt f&ouml;rhandlat med Unionen och Sveriges Ingenj&ouml;rer. D&auml;rmed &auml;r en l&aring;ngvarig konfliktfr&aring;ga om flexpension undanr&ouml;jd mellan parterna. F&ouml;r utf&ouml;rlig information om flexpension.<\/p>\n<p>  <strong>&Ouml;verenskommelsen och tidpunkter d&aring; avtals&auml;ndringarna b&ouml;rjar g&auml;lla<\/strong><\/p>\n<p>  <strong>Fr&aring;n och med 22 februari 2017 g&auml;ller<\/strong><br \/>  1. Gemensamt projekt f&ouml;r att utveckla framtidens kollektivavtal<br \/>  2. V&auml;gen fram&aring;t, Steg f&ouml;r steg, En partsgemensam v&auml;gledning f&ouml;r turordning vid arbetsbrist<\/p>\n<p>  <strong>Fr&aring;n och med den 1 november 2017 g&auml;ller dessutom<\/strong><br \/>  3. Avs&auml;ttning till Flexpension i Tj&auml;nstef&ouml;retag<br \/>  4. &Ouml;verenskommelse om m&ouml;jlighet till deltid i pensioneringssyfte<br \/>  5. Avr&auml;kning av semesterers&auml;ttning vid uttag av semester vid sammanfallande intj&auml;nande- och uttags&aring;r (g&auml;ller redan p&aring; detta avtalsomr&aring;de)<br \/>  6. F&ouml;r&auml;ndrade regler om anst&auml;llningsformer<br \/>  7. F&ouml;r&auml;ndrade regler om beredskap<br \/>  8. Ny f&ouml;rhandlingsordning vid r&auml;ttstvister<\/p>\n<p>  Flertalet f&ouml;r&auml;ndringar tr&auml;der i kraft den 1 november 2017. Utf&ouml;rlig information om de &auml;ndringar som tr&auml;der i kraft den 1 november kommer att skickas ut under h&ouml;sten 2017.<\/p>\n<p>  F&ouml;r dig som arbetsgivare inneb&auml;r &ouml;verenskommelsen i f&ouml;rsta skedet att du beh&ouml;ver ta st&auml;llning till om det i ditt f&ouml;retag ska vara m&ouml;jligt att avst&aring; fr&aring;n Flexpension i Tj&auml;nstef&ouml;retag.<\/p>\n<p>  <a href=\"\/app\/uploads\/imported\/overenskommelse-Flexpensioner-2017-02-22-Telekom-alla-parter-har-skrivit-pa.pdf\" title=\"\u00d6verenskommelse Flexpensioner 2017-02-22 Telekom alla parter har skrivit p\u00e5.pdf\">&Ouml;verenskommelsen<\/a>.<\/p>\n<p>  <strong>Kontakta g&auml;rna avtalsansvariga f&ouml;r ytterligare information.<\/strong><\/p>\n<\/p>\n","protected":false},"excerpt":{"rendered":"<p>\u00d6verenskommelse om \u00e4ndringar i anst\u00e4llningsvillkor i avtal Telekom med Unionen, Sveriges Ingenj\u00f6rer, Jusek, Civilekonomerna, Ledarna och Seko<\/p>\n","protected":false},"author":1,"featured_media":0,"comment_status":"closed","ping_status":"open","sticky":false,"template":"","format":"standard","meta":{"_acf_changed":false,"footnotes":""},"categories":[1],"tags":[],"article_type":[313],"agreement":[218],"class_list":["post-5430","post","type-post","status-publish","format-standard","hentry","category-okategoriserade","type-arbetsgivarnytt","agreement-99ce80f7-ff07-de11-b4e1-02bf9e69ca65"],"acf":[],"yoast_head":"<!-- This site is optimized with the Yoast SEO Premium plugin v26.8 (Yoast SEO v26.8) - https:\/\/yoast.com\/product\/yoast-seo-premium-wordpress\/ -->\n<title>Flexpension - Telekom | Almega<\/title>\n<meta name=\"robots\" content=\"index, follow, max-snippet:-1, max-image-preview:large, max-video-preview:-1\" \/>\n<link rel=\"canonical\" href=\"https:\/\/www.almega.se\/2017\/04\/flexpension-telekom\/\" \/>\n<meta property=\"og:locale\" content=\"sv_SE\" \/>\n<meta property=\"og:type\" content=\"article\" \/>\n<meta property=\"og:title\" content=\"Flexpension - Telekom\" \/>\n<meta property=\"og:description\" content=\"\u00d6verenskommelse om \u00e4ndringar i anst\u00e4llningsvillkor i avtal Telekom med Unionen, Sveriges Ingenj\u00f6rer, Jusek, Civilekonomerna, Ledarna och Seko\" \/>\n<meta property=\"og:url\" content=\"https:\/\/www.almega.se\/2017\/04\/flexpension-telekom\/\" \/>\n<meta property=\"og:site_name\" content=\"Almega\" \/>\n<meta property=\"article:published_time\" content=\"2017-04-04T09:00:00+00:00\" \/>\n<meta property=\"og:image\" content=\"https:\/\/www.almega.se\/app\/uploads\/2020\/12\/almega-share-logo.png\" \/>\n\t<meta property=\"og:image:width\" content=\"1200\" \/>\n\t<meta property=\"og:image:height\" content=\"630\" \/>\n\t<meta property=\"og:image:type\" content=\"image\/png\" \/>\n<meta name=\"author\" content=\"admin\" \/>\n<meta name=\"twitter:card\" content=\"summary_large_image\" \/>\n<meta name=\"twitter:label1\" content=\"Skriven av\" \/>\n\t<meta name=\"twitter:data1\" content=\"admin\" \/>\n\t<meta name=\"twitter:label2\" content=\"Ber\u00e4knad l\u00e4stid\" \/>\n\t<meta name=\"twitter:data2\" content=\"3 minuter\" \/>\n<!-- \/ Yoast SEO Premium plugin. -->","yoast_head_json":{"title":"Flexpension - Telekom | Almega","robots":{"index":"index","follow":"follow","max-snippet":"max-snippet:-1","max-image-preview":"max-image-preview:large","max-video-preview":"max-video-preview:-1"},"canonical":"https:\/\/www.almega.se\/2017\/04\/flexpension-telekom\/","og_locale":"sv_SE","og_type":"article","og_title":"Flexpension - Telekom","og_description":"\u00d6verenskommelse om \u00e4ndringar i anst\u00e4llningsvillkor i avtal Telekom med Unionen, Sveriges Ingenj\u00f6rer, Jusek, Civilekonomerna, Ledarna och Seko","og_url":"https:\/\/www.almega.se\/2017\/04\/flexpension-telekom\/","og_site_name":"Almega","article_published_time":"2017-04-04T09:00:00+00:00","og_image":[{"width":1200,"height":630,"url":"https:\/\/www.almega.se\/app\/uploads\/2020\/12\/almega-share-logo.png","type":"image\/png"}],"author":"admin","twitter_card":"summary_large_image","twitter_misc":{"Skriven av":"admin","Ber\u00e4knad l\u00e4stid":"3 minuter"},"schema":{"@context":"https:\/\/schema.org","@graph":[{"@type":"NewsArticle","@id":"https:\/\/www.almega.se\/2017\/04\/flexpension-telekom\/#article","isPartOf":{"@id":"https:\/\/www.almega.se\/2017\/04\/flexpension-telekom\/"},"author":{"name":"admin","@id":"https:\/\/www.almega.se\/#\/schema\/person\/9c3674d192fb8b2d1d8b7a3f31c5151d"},"headline":"Flex&shy;pension &#8211; Telekom","datePublished":"2017-04-04T09:00:00+00:00","mainEntityOfPage":{"@id":"https:\/\/www.almega.se\/2017\/04\/flexpension-telekom\/"},"wordCount":552,"inLanguage":"sv-SE"},{"@type":"WebPage","@id":"https:\/\/www.almega.se\/2017\/04\/flexpension-telekom\/","url":"https:\/\/www.almega.se\/2017\/04\/flexpension-telekom\/","name":"Flexpension - Telekom | Almega","isPartOf":{"@id":"https:\/\/www.almega.se\/#website"},"datePublished":"2017-04-04T09:00:00+00:00","author":{"@id":"https:\/\/www.almega.se\/#\/schema\/person\/9c3674d192fb8b2d1d8b7a3f31c5151d"},"breadcrumb":{"@id":"https:\/\/www.almega.se\/2017\/04\/flexpension-telekom\/#breadcrumb"},"inLanguage":"sv-SE","potentialAction":[{"@type":"ReadAction","target":["https:\/\/www.almega.se\/2017\/04\/flexpension-telekom\/"]}]},{"@type":"BreadcrumbList","@id":"https:\/\/www.almega.se\/2017\/04\/flexpension-telekom\/#breadcrumb","itemListElement":[{"@type":"ListItem","position":1,"name":"Home","item":"https:\/\/www.almega.se\/"},{"@type":"ListItem","position":2,"name":"Flex&shy;pension &#8211; Telekom"}]},{"@type":"WebSite","@id":"https:\/\/www.almega.se\/#website","url":"https:\/\/www.almega.se\/","name":"Almega","description":"","potentialAction":[{"@type":"SearchAction","target":{"@type":"EntryPoint","urlTemplate":"https:\/\/www.almega.se\/?s={search_term_string}"},"query-input":{"@type":"PropertyValueSpecification","valueRequired":true,"valueName":"search_term_string"}}],"inLanguage":"sv-SE"},{"@type":"Person","@id":"https:\/\/www.almega.se\/#\/schema\/person\/9c3674d192fb8b2d1d8b7a3f31c5151d","name":"admin","image":{"@type":"ImageObject","inLanguage":"sv-SE","@id":"https:\/\/www.almega.se\/#\/schema\/person\/image\/","url":"https:\/\/secure.gravatar.com\/avatar\/13aac7e7a7582f599e3ba7706cec051e12eac4ad6c2ffe6f9d24800e63294187?s=96&d=mm&r=g","contentUrl":"https:\/\/secure.gravatar.com\/avatar\/13aac7e7a7582f599e3ba7706cec051e12eac4ad6c2ffe6f9d24800e63294187?s=96&d=mm&r=g","caption":"admin"},"url":"https:\/\/www.almega.se\/person\/admin\/"}]}},"_links":{"self":[{"href":"https:\/\/www.almega.se\/api\/wp\/v2\/posts\/5430","targetHints":{"allow":["GET"]}}],"collection":[{"href":"https:\/\/www.almega.se\/api\/wp\/v2\/posts"}],"about":[{"href":"https:\/\/www.almega.se\/api\/wp\/v2\/types\/post"}],"author":[{"embeddable":true,"href":"https:\/\/www.almega.se\/api\/wp\/v2\/users\/1"}],"replies":[{"embeddable":true,"href":"https:\/\/www.almega.se\/api\/wp\/v2\/comments?post=5430"}],"version-history":[{"count":1,"href":"https:\/\/www.almega.se\/api\/wp\/v2\/posts\/5430\/revisions"}],"predecessor-version":[{"id":58204,"href":"https:\/\/www.almega.se\/api\/wp\/v2\/posts\/5430\/revisions\/58204"}],"wp:attachment":[{"href":"https:\/\/www.almega.se\/api\/wp\/v2\/media?parent=5430"}],"wp:term":[{"taxonomy":"category","embeddable":true,"href":"https:\/\/www.almega.se\/api\/wp\/v2\/categories?post=5430"},{"taxonomy":"post_tag","embeddable":true,"href":"https:\/\/www.almega.se\/api\/wp\/v2\/tags?post=5430"},{"taxonomy":"type","embeddable":true,"href":"https:\/\/www.almega.se\/api\/wp\/v2\/article_type?post=5430"},{"taxonomy":"agreement","embeddable":true,"href":"https:\/\/www.almega.se\/api\/wp\/v2\/agreement?post=5430"}],"curies":[{"name":"wp","href":"https:\/\/api.w.org\/{rel}","templated":true}]}}